{"id":9948,"date":"2026-03-12T00:01:00","date_gmt":"2026-03-11T23:01:00","guid":{"rendered":"https:\/\/bookhouse.cz\/?p=9948"},"modified":"2026-03-25T17:15:39","modified_gmt":"2026-03-25T16:15:39","slug":"oda-na-zivot-gisele-pelicot","status":"publish","type":"post","link":"https:\/\/bookhouse.cz\/index.php\/2026\/03\/12\/oda-na-zivot-gisele-pelicot\/","title":{"rendered":"\u00d3da na \u017eivot | Gis\u00e9le Pelicot"},"content":{"rendered":"\n<div style=\"height:45px\" aria-hidden=\"true\" class=\"wp-block-spacer\"><\/div>\n\n\n\n<p class=\"has-medium-font-size\"><strong>\u00d3da na \u017eivot nen\u00ed p\u0159\u00edb\u011bhem ob\u011bti. Je memo\u00e1rem \u017eeny, kter\u00e1 se odm\u00edtla vzd\u00e1t.<\/strong><\/p>\n\n\n\n<div style=\"height:45px\" aria-hidden=\"true\" class=\"wp-block-spacer\"><\/div>\n\n\n<div class=\"wp-block-image\">\n<figure class=\"aligncenter size-full is-resized\"><img loading=\"lazy\" decoding=\"async\" width=\"675\" height=\"522\" src=\"https:\/\/bookhouse.cz\/wp-content\/uploads\/2026\/03\/Snimek-obrazovky-2026-03-25-161846.png\" alt=\"\u00d3da na \u017eivot\" class=\"wp-image-10041\" style=\"width:719px;height:auto\" srcset=\"https:\/\/bookhouse.cz\/wp-content\/uploads\/2026\/03\/Snimek-obrazovky-2026-03-25-161846.png 675w, https:\/\/bookhouse.cz\/wp-content\/uploads\/2026\/03\/Snimek-obrazovky-2026-03-25-161846-300x232.png 300w\" sizes=\"(max-width: 675px) 100vw, 675px\" \/><\/figure><\/div>\n\n\n<div style=\"height:45px\" aria-hidden=\"true\" class=\"wp-block-spacer\"><\/div>\n\n\n\n<p class=\"has-medium-font-size\">Kdy\u017e byla osma\u0161edes\u00e1tilet\u00e1 Gis\u00e9le Pelicot p\u0159edvol\u00e1na na policii, netu\u0161ila, \u017ee jej\u00ed dosavadn\u00ed \u017eivot pr\u00e1v\u011b kon\u010d\u00ed. Man\u017eela, s n\u00edm\u017e str\u00e1vila pades\u00e1t let, p\u0159istihla ostraha supermarketu p\u0159i nat\u00e1\u010den\u00ed z\u00e1b\u011br\u016f pod sukn\u011bmi \u017een. N\u00e1sledn\u00e9 vy\u0161et\u0159ov\u00e1n\u00ed odhalilo zdrcuj\u00edc\u00ed skute\u010dnost \u2013 Dominique Pelicot sv\u00e9 \u017een\u011b dev\u011bt let tajn\u011b pod\u00e1val omamn\u00e9 l\u00e1tky, v bezv\u011bdom\u00ed ji zn\u00e1sil\u0148oval a do jejich domova zval des\u00edtky ciz\u00edch mu\u017e\u016f, aby ji zneu\u017e\u00edvali tak\u00e9. V\u0161e si pe\u010dliv\u011b dokumentoval.<br><br>O \u010dty\u0159i roky pozd\u011bji stanul s dal\u0161\u00edmi pades\u00e1ti mu\u017ei p\u0159ed soudem. A Gis\u00e9le u\u010dinila krok, kter\u00fd zm\u011bnil jej\u00ed osud, francouzskou legislativu i pohled sv\u011btov\u00e9 ve\u0159ejnosti na sexu\u00e1ln\u00ed n\u00e1sil\u00ed.<\/p>\n\n\n\n<p class=\"has-medium-font-size\"><strong><em>\u201e<\/em>To oni mus\u00ed zahanben\u011b sklonit hlavu, ne j\u00e1,<em>\u201c<\/em>&nbsp;prohl\u00e1sila a otev\u0159ela soudn\u00ed jedn\u00e1n\u00ed ve\u0159ejnosti.<\/strong><\/p>\n\n\n\n<p class=\"has-medium-font-size\">Gis\u00e9le Pelicot se stala hlasem i tv\u00e1\u0159\u00ed milion\u016f ob\u011bt\u00ed sexu\u00e1ln\u00edho zneu\u017e\u00edv\u00e1n\u00ed a dom\u00e1c\u00edho n\u00e1sil\u00ed. Jej\u00ed slova oblet\u011bla sv\u011bt. Jej\u00ed odvaha inspirovala.<br><br>Nyn\u00ed vypr\u00e1v\u00ed sv\u016fj p\u0159\u00edb\u011bh vlastn\u00edmi slovy.\u00a0<br><br>Vrac\u00ed se k d\u011btstv\u00ed, kari\u00e9\u0159e, mate\u0159stv\u00ed i man\u017eelstv\u00ed. P\u0159in\u00e1\u0161\u00ed siln\u00e9 poselstv\u00ed o zotaven\u00ed. P\u0159ipom\u00edn\u00e1, \u017ee ob\u011bti nemaj\u00ed \u017e\u00e1dn\u00fd d\u016fvod k hanb\u011b. \u017de i po nep\u0159edstaviteln\u00e9 zrad\u011b lze j\u00edt d\u00e1l \u2013 a znovu nal\u00e9zt radost ze \u017eivota i l\u00e1sku.<\/p>\n\n\n\n<p class=\"has-medium-font-size\"><strong>\u201eSt\u00e1le v\u011b\u0159\u00edm v lidi. Kdysi to byla m\u00e1 nejv\u011bt\u0161\u00ed slabost. Dnes je to zdroj m\u00e9 s\u00edly.\u201c<\/strong><\/p>\n\n\n\n<div style=\"height:45px\" aria-hidden=\"true\" class=\"wp-block-spacer\"><\/div>\n\n\n\n<h2 class=\"wp-block-heading\">V knize mimo jin\u00e9 zjist\u00edte<\/h2>\n\n\n\n<div style=\"height:21px\" aria-hidden=\"true\" class=\"wp-block-spacer\"><\/div>\n\n\n\n<p class=\"has-medium-font-size\">Pro\u010d se Gis\u00e9le rozhodla prolomit ml\u010den\u00ed a vystoupit z anonymity.<\/p>\n\n\n\n<p class=\"has-medium-font-size\">Jak krut\u00e9 d\u011btstv\u00ed Dominiqua Pelicota formovalo jeho osobnost \u2013 a pro\u010d to nen\u00ed omluva.<\/p>\n\n\n\n<p class=\"has-medium-font-size\">Pro\u010d je tak t\u011b\u017ek\u00e9 rozpoznat psychick\u00e9 a sexu\u00e1ln\u00ed n\u00e1sil\u00ed, i kdy\u017e se odehr\u00e1v\u00e1 p\u0159\u00edmo p\u0159ed o\u010dima bl\u00edzk\u00fdch.<\/p>\n\n\n\n<p class=\"has-medium-font-size\">Jak jej\u00ed p\u0159\u00edpad prom\u011bnil ve\u0159ejnou debatu o zn\u00e1siln\u011bn\u00ed, konsentu a zneu\u017eit\u00ed moci.<\/p>\n\n\n\n<p class=\"has-medium-font-size\">Co ob\u011bti skute\u010dn\u011b pot\u0159ebuj\u00ed \u2013 a pro\u010d je ticho zbran\u00ed pachatel\u016f.<\/p>\n\n\n\n<p class=\"has-medium-font-size\">Jak dok\u00e1zala odvaha jedn\u00e9 \u017eeny d\u00e1t hlas tis\u00edc\u016fm dal\u0161\u00edch.<\/p>\n\n\n\n<p class=\"has-medium-font-size\"><strong>V\u011b\u0159\u00edme, \u017ee zm\u011bna za\u010d\u00edn\u00e1 pojmenov\u00e1n\u00edm probl\u00e9mu; a mus\u00ed pokra\u010dovat konkr\u00e9tn\u00ed pomoc\u00ed&#8230;<\/strong><\/p>\n\n\n\n<div style=\"height:45px\" aria-hidden=\"true\" class=\"wp-block-spacer\"><\/div>\n\n\n<div class=\"wp-block-image\">\n<figure class=\"aligncenter size-large\"><img loading=\"lazy\" decoding=\"async\" width=\"591\" height=\"1024\" src=\"https:\/\/bookhouse.cz\/wp-content\/uploads\/2026\/03\/Snimek-obrazovky-2026-03-25-161846-2-591x1024.png\" alt=\"\u00d3da na \u017eivot\" class=\"wp-image-10042\" srcset=\"https:\/\/bookhouse.cz\/wp-content\/uploads\/2026\/03\/Snimek-obrazovky-2026-03-25-161846-2-591x1024.png 591w, https:\/\/bookhouse.cz\/wp-content\/uploads\/2026\/03\/Snimek-obrazovky-2026-03-25-161846-2-173x300.png 173w, https:\/\/bookhouse.cz\/wp-content\/uploads\/2026\/03\/Snimek-obrazovky-2026-03-25-161846-2.png 721w\" sizes=\"(max-width: 591px) 100vw, 591px\" \/><\/figure><\/div>\n\n\n<div style=\"height:45px\" aria-hidden=\"true\" class=\"wp-block-spacer\"><\/div>\n\n\n\n<h2 class=\"wp-block-heading\" id=\"block-d5099aaf-fc1f-4aea-9eb1-4e097e5ca5da\">N\u00e1zev knihy: \u00d3da na \u017eivot<\/h2>\n\n\n\n<div style=\"height:45px\" aria-hidden=\"true\" class=\"wp-block-spacer\"><\/div>\n\n\n\n<p class=\"has-medium-font-size\" id=\"block-f563f394-4ca1-47f0-b136-5ffe5b4f4d1c\"><strong>Autor:<\/strong>&nbsp;Gis\u00e9le Pelicot<\/p>\n\n\n\n<p class=\"has-medium-font-size\" id=\"block-30e75497-0af9-41c7-9cd2-0d7e7f286ca8\"><strong>Po\u010det stran \/ vazba:<\/strong>&nbsp;248 \/ Pevn\u00e1 vazba s p\u0159ebalem<\/p>\n\n\n\n<p class=\"has-medium-font-size\" id=\"block-6061cabd-fa38-4434-b0be-477ed69294ec\"><strong>Doporu\u010den\u00e1<\/strong>&nbsp;<strong>cena:<\/strong>&nbsp;399 K\u010d<\/p>\n\n\n\n<p class=\"has-medium-font-size\" id=\"block-bf00762f-3f26-4bb9-9a78-6955ce7d639d\"><strong>Vydalo<\/strong>:&nbsp;Nakladatelstv\u00ed Jan Melvil Publishing<\/p>\n\n\n\n<p class=\"has-medium-font-size\"><strong>V\u00edce informac\u00ed na:&nbsp;<\/strong><a href=\"http:\/\/www.melvil.cz\/\"><strong>www.melvil.cz<\/strong><\/a><\/p>\n\n\n\n<div style=\"height:45px\" aria-hidden=\"true\" class=\"wp-block-spacer\"><\/div>\n\n\n\n<p class=\"has-medium-font-size\" id=\"block-78735c9f-8b0d-4f1e-a3f4-81a23eadb822\"><strong>Zdroj foto:<\/strong>&nbsp;Jan Melvil Publishing<\/p>\n\n\n\n<div style=\"height:150px\" aria-hidden=\"true\" class=\"wp-block-spacer\"><\/div>\n","protected":false},"excerpt":{"rendered":"<p>\u00d3da na \u017eivot nen\u00ed p\u0159\u00edb\u011bhem ob\u011bti. Je memo\u00e1rem \u017eeny, kter\u00e1 se odm\u00edtla vzd\u00e1t. Kdy\u017e byla osma\u0161edes\u00e1tilet\u00e1 Gis\u00e9le Pelicot p\u0159edvol\u00e1na na policii, netu\u0161ila, \u017ee jej\u00ed dosavadn\u00ed \u017eivot pr\u00e1v\u011b kon\u010d\u00ed. Man\u017eela, s n\u00edm\u017e str\u00e1vila pades\u00e1t let,&#46;&#46;&#46;<\/p>\n","protected":false},"author":8,"featured_media":10041,"comment_status":"closed","ping_status":"closed","sticky":false,"template":"","format":"standard","meta":{"_monsterinsights_skip_tracking":false,"_monsterinsights_sitenote_active":false,"_monsterinsights_sitenote_note":"","_monsterinsights_sitenote_category":0,"footnotes":""},"categories":[35,3,33],"tags":[],"yoast_head":"<!-- This site is optimized with the Yoast SEO plugin v21.5 - https:\/\/yoast.com\/wordpress\/plugins\/seo\/ -->\n<title>\u00d3da na \u017eivot | Gis\u00e9le Pelicot - BOOKHOUSE.cz<\/title>\n<meta name=\"description\" content=\"\u00d3da na \u017eivot nen\u00ed p\u0159\u00edb\u011bhem ob\u011bti. Je memo\u00e1rem \u017eeny, kter\u00e1 se odm\u00edtla vzd\u00e1t. Kdy\u017e byla osma\u0161edes\u00e1tilet\u00e1 Gis\u00e9le Pelicot p\u0159edvol\u00e1na na policii..\" \/>\n<meta name=\"robots\" content=\"index, follow, max-snippet:-1, max-image-preview:large, max-video-preview:-1\" \/>\n<link rel=\"canonical\" href=\"https:\/\/bookhouse.cz\/index.php\/2026\/03\/12\/oda-na-zivot-gisele-pelicot\/\" \/>\n<meta property=\"og:locale\" content=\"cs_CZ\" \/>\n<meta property=\"og:type\" content=\"article\" \/>\n<meta property=\"og:title\" content=\"\u00d3da na \u017eivot | Gis\u00e9le Pelicot - BOOKHOUSE.cz\" \/>\n<meta property=\"og:description\" content=\"\u00d3da na \u017eivot nen\u00ed p\u0159\u00edb\u011bhem ob\u011bti. Je memo\u00e1rem \u017eeny, kter\u00e1 se odm\u00edtla vzd\u00e1t. Kdy\u017e byla osma\u0161edes\u00e1tilet\u00e1 Gis\u00e9le Pelicot p\u0159edvol\u00e1na na policii..\" \/>\n<meta property=\"og:url\" content=\"https:\/\/bookhouse.cz\/index.php\/2026\/03\/12\/oda-na-zivot-gisele-pelicot\/\" \/>\n<meta property=\"og:site_name\" content=\"BOOKHOUSE.cz\" \/>\n<meta property=\"article:publisher\" content=\"https:\/\/www.facebook.com\/bookhousecz\" \/>\n<meta property=\"article:published_time\" content=\"2026-03-11T23:01:00+00:00\" \/>\n<meta property=\"article:modified_time\" content=\"2026-03-25T16:15:39+00:00\" \/>\n<meta property=\"og:image\" content=\"https:\/\/bookhouse.cz\/wp-content\/uploads\/2026\/03\/Snimek-obrazovky-2026-03-25-161846.png\" \/>\n\t<meta property=\"og:image:width\" content=\"675\" \/>\n\t<meta property=\"og:image:height\" content=\"522\" \/>\n\t<meta property=\"og:image:type\" content=\"image\/png\" \/>\n<meta name=\"author\" content=\"Martina Pechov\u00e1\" \/>\n<meta name=\"twitter:card\" content=\"summary_large_image\" \/>\n<meta name=\"twitter:label1\" content=\"Napsal(a)\" \/>\n\t<meta name=\"twitter:data1\" content=\"Martina Pechov\u00e1\" \/>\n\t<meta name=\"twitter:label2\" content=\"Odhadovan\u00e1 doba \u010dten\u00ed\" \/>\n\t<meta name=\"twitter:data2\" content=\"3 minuty\" \/>\n<script type=\"application\/ld+json\" class=\"yoast-schema-graph\">{\"@context\":\"https:\/\/schema.org\",\"@graph\":[{\"@type\":\"Article\",\"@id\":\"https:\/\/bookhouse.cz\/index.php\/2026\/03\/12\/oda-na-zivot-gisele-pelicot\/#article\",\"isPartOf\":{\"@id\":\"https:\/\/bookhouse.cz\/index.php\/2026\/03\/12\/oda-na-zivot-gisele-pelicot\/\"},\"author\":{\"name\":\"Martina Pechov\u00e1\",\"@id\":\"https:\/\/bookhouse.cz\/#\/schema\/person\/f34350c4206dd14422181c0fbd0922a3\"},\"headline\":\"\u00d3da na \u017eivot | Gis\u00e9le Pelicot\",\"datePublished\":\"2026-03-11T23:01:00+00:00\",\"dateModified\":\"2026-03-25T16:15:39+00:00\",\"mainEntityOfPage\":{\"@id\":\"https:\/\/bookhouse.cz\/index.php\/2026\/03\/12\/oda-na-zivot-gisele-pelicot\/\"},\"wordCount\":467,\"publisher\":{\"@id\":\"https:\/\/bookhouse.cz\/#organization\"},\"articleSection\":[\"BIOGRAFIE A MEMO\u00c1RY\",\"NEWS\",\"P\u0158\u00cdB\u011aHY\"],\"inLanguage\":\"cs\"},{\"@type\":\"WebPage\",\"@id\":\"https:\/\/bookhouse.cz\/index.php\/2026\/03\/12\/oda-na-zivot-gisele-pelicot\/\",\"url\":\"https:\/\/bookhouse.cz\/index.php\/2026\/03\/12\/oda-na-zivot-gisele-pelicot\/\",\"name\":\"\u00d3da na \u017eivot | Gis\u00e9le Pelicot - BOOKHOUSE.cz\",\"isPartOf\":{\"@id\":\"https:\/\/bookhouse.cz\/#website\"},\"datePublished\":\"2026-03-11T23:01:00+00:00\",\"dateModified\":\"2026-03-25T16:15:39+00:00\",\"description\":\"\u00d3da na \u017eivot nen\u00ed p\u0159\u00edb\u011bhem ob\u011bti. Je memo\u00e1rem \u017eeny, kter\u00e1 se odm\u00edtla vzd\u00e1t. Kdy\u017e byla osma\u0161edes\u00e1tilet\u00e1 Gis\u00e9le Pelicot p\u0159edvol\u00e1na na policii..\",\"breadcrumb\":{\"@id\":\"https:\/\/bookhouse.cz\/index.php\/2026\/03\/12\/oda-na-zivot-gisele-pelicot\/#breadcrumb\"},\"inLanguage\":\"cs\",\"potentialAction\":[{\"@type\":\"ReadAction\",\"target\":[\"https:\/\/bookhouse.cz\/index.php\/2026\/03\/12\/oda-na-zivot-gisele-pelicot\/\"]}]},{\"@type\":\"BreadcrumbList\",\"@id\":\"https:\/\/bookhouse.cz\/index.php\/2026\/03\/12\/oda-na-zivot-gisele-pelicot\/#breadcrumb\",\"itemListElement\":[{\"@type\":\"ListItem\",\"position\":1,\"name\":\"Dom\u016f\",\"item\":\"https:\/\/bookhouse.cz\/\"},{\"@type\":\"ListItem\",\"position\":2,\"name\":\"\u00d3da na \u017eivot | Gis\u00e9le Pelicot\"}]},{\"@type\":\"WebSite\",\"@id\":\"https:\/\/bookhouse.cz\/#website\",\"url\":\"https:\/\/bookhouse.cz\/\",\"name\":\"BOOKHOUSE.cz\",\"description\":\"Port\u00e1l o kni\u017en\u00edch novink\u00e1ch.\",\"publisher\":{\"@id\":\"https:\/\/bookhouse.cz\/#organization\"},\"potentialAction\":[{\"@type\":\"SearchAction\",\"target\":{\"@type\":\"EntryPoint\",\"urlTemplate\":\"https:\/\/bookhouse.cz\/?s={search_term_string}\"},\"query-input\":\"required name=search_term_string\"}],\"inLanguage\":\"cs\"},{\"@type\":\"Organization\",\"@id\":\"https:\/\/bookhouse.cz\/#organization\",\"name\":\"BOOKHOUSE.cz\",\"url\":\"https:\/\/bookhouse.cz\/\",\"logo\":{\"@type\":\"ImageObject\",\"inLanguage\":\"cs\",\"@id\":\"https:\/\/bookhouse.cz\/#\/schema\/logo\/image\/\",\"url\":\"https:\/\/bookhouse.cz\/wp-content\/uploads\/2024\/12\/cropped-Logo_BookHouse.jpg\",\"contentUrl\":\"https:\/\/bookhouse.cz\/wp-content\/uploads\/2024\/12\/cropped-Logo_BookHouse.jpg\",\"width\":938,\"height\":513,\"caption\":\"BOOKHOUSE.cz\"},\"image\":{\"@id\":\"https:\/\/bookhouse.cz\/#\/schema\/logo\/image\/\"},\"sameAs\":[\"https:\/\/www.facebook.com\/bookhousecz\",\"https:\/\/www.instagram.com\/bookhousecz\"]},{\"@type\":\"Person\",\"@id\":\"https:\/\/bookhouse.cz\/#\/schema\/person\/f34350c4206dd14422181c0fbd0922a3\",\"name\":\"Martina Pechov\u00e1\",\"image\":{\"@type\":\"ImageObject\",\"inLanguage\":\"cs\",\"@id\":\"https:\/\/bookhouse.cz\/#\/schema\/person\/image\/\",\"url\":\"https:\/\/secure.gravatar.com\/avatar\/d3ad7f43789eed68b221d01c6d7ac4e5?s=96&d=mm&r=g\",\"contentUrl\":\"https:\/\/secure.gravatar.com\/avatar\/d3ad7f43789eed68b221d01c6d7ac4e5?s=96&d=mm&r=g\",\"caption\":\"Martina Pechov\u00e1\"},\"sameAs\":[\"http:\/\/BOOKHOUSE.cz\"],\"url\":\"https:\/\/bookhouse.cz\/index.php\/author\/marpech\/\"}]}<\/script>\n<!-- \/ Yoast SEO plugin. -->","yoast_head_json":{"title":"\u00d3da na \u017eivot | Gis\u00e9le Pelicot - BOOKHOUSE.cz","description":"\u00d3da na \u017eivot nen\u00ed p\u0159\u00edb\u011bhem ob\u011bti. Je memo\u00e1rem \u017eeny, kter\u00e1 se odm\u00edtla vzd\u00e1t. Kdy\u017e byla osma\u0161edes\u00e1tilet\u00e1 Gis\u00e9le Pelicot p\u0159edvol\u00e1na na policii..","robots":{"index":"index","follow":"follow","max-snippet":"max-snippet:-1","max-image-preview":"max-image-preview:large","max-video-preview":"max-video-preview:-1"},"canonical":"https:\/\/bookhouse.cz\/index.php\/2026\/03\/12\/oda-na-zivot-gisele-pelicot\/","og_locale":"cs_CZ","og_type":"article","og_title":"\u00d3da na \u017eivot | Gis\u00e9le Pelicot - BOOKHOUSE.cz","og_description":"\u00d3da na \u017eivot nen\u00ed p\u0159\u00edb\u011bhem ob\u011bti. Je memo\u00e1rem \u017eeny, kter\u00e1 se odm\u00edtla vzd\u00e1t. Kdy\u017e byla osma\u0161edes\u00e1tilet\u00e1 Gis\u00e9le Pelicot p\u0159edvol\u00e1na na policii..","og_url":"https:\/\/bookhouse.cz\/index.php\/2026\/03\/12\/oda-na-zivot-gisele-pelicot\/","og_site_name":"BOOKHOUSE.cz","article_publisher":"https:\/\/www.facebook.com\/bookhousecz","article_published_time":"2026-03-11T23:01:00+00:00","article_modified_time":"2026-03-25T16:15:39+00:00","og_image":[{"width":675,"height":522,"url":"https:\/\/bookhouse.cz\/wp-content\/uploads\/2026\/03\/Snimek-obrazovky-2026-03-25-161846.png","type":"image\/png"}],"author":"Martina Pechov\u00e1","twitter_card":"summary_large_image","twitter_misc":{"Napsal(a)":"Martina Pechov\u00e1","Odhadovan\u00e1 doba \u010dten\u00ed":"3 minuty"},"schema":{"@context":"https:\/\/schema.org","@graph":[{"@type":"Article","@id":"https:\/\/bookhouse.cz\/index.php\/2026\/03\/12\/oda-na-zivot-gisele-pelicot\/#article","isPartOf":{"@id":"https:\/\/bookhouse.cz\/index.php\/2026\/03\/12\/oda-na-zivot-gisele-pelicot\/"},"author":{"name":"Martina Pechov\u00e1","@id":"https:\/\/bookhouse.cz\/#\/schema\/person\/f34350c4206dd14422181c0fbd0922a3"},"headline":"\u00d3da na \u017eivot | Gis\u00e9le Pelicot","datePublished":"2026-03-11T23:01:00+00:00","dateModified":"2026-03-25T16:15:39+00:00","mainEntityOfPage":{"@id":"https:\/\/bookhouse.cz\/index.php\/2026\/03\/12\/oda-na-zivot-gisele-pelicot\/"},"wordCount":467,"publisher":{"@id":"https:\/\/bookhouse.cz\/#organization"},"articleSection":["BIOGRAFIE A MEMO\u00c1RY","NEWS","P\u0158\u00cdB\u011aHY"],"inLanguage":"cs"},{"@type":"WebPage","@id":"https:\/\/bookhouse.cz\/index.php\/2026\/03\/12\/oda-na-zivot-gisele-pelicot\/","url":"https:\/\/bookhouse.cz\/index.php\/2026\/03\/12\/oda-na-zivot-gisele-pelicot\/","name":"\u00d3da na \u017eivot | Gis\u00e9le Pelicot - BOOKHOUSE.cz","isPartOf":{"@id":"https:\/\/bookhouse.cz\/#website"},"datePublished":"2026-03-11T23:01:00+00:00","dateModified":"2026-03-25T16:15:39+00:00","description":"\u00d3da na \u017eivot nen\u00ed p\u0159\u00edb\u011bhem ob\u011bti. Je memo\u00e1rem \u017eeny, kter\u00e1 se odm\u00edtla vzd\u00e1t. Kdy\u017e byla osma\u0161edes\u00e1tilet\u00e1 Gis\u00e9le Pelicot p\u0159edvol\u00e1na na policii..","breadcrumb":{"@id":"https:\/\/bookhouse.cz\/index.php\/2026\/03\/12\/oda-na-zivot-gisele-pelicot\/#breadcrumb"},"inLanguage":"cs","potentialAction":[{"@type":"ReadAction","target":["https:\/\/bookhouse.cz\/index.php\/2026\/03\/12\/oda-na-zivot-gisele-pelicot\/"]}]},{"@type":"BreadcrumbList","@id":"https:\/\/bookhouse.cz\/index.php\/2026\/03\/12\/oda-na-zivot-gisele-pelicot\/#breadcrumb","itemListElement":[{"@type":"ListItem","position":1,"name":"Dom\u016f","item":"https:\/\/bookhouse.cz\/"},{"@type":"ListItem","position":2,"name":"\u00d3da na \u017eivot | Gis\u00e9le Pelicot"}]},{"@type":"WebSite","@id":"https:\/\/bookhouse.cz\/#website","url":"https:\/\/bookhouse.cz\/","name":"BOOKHOUSE.cz","description":"Port\u00e1l o kni\u017en\u00edch novink\u00e1ch.","publisher":{"@id":"https:\/\/bookhouse.cz\/#organization"},"potentialAction":[{"@type":"SearchAction","target":{"@type":"EntryPoint","urlTemplate":"https:\/\/bookhouse.cz\/?s={search_term_string}"},"query-input":"required name=search_term_string"}],"inLanguage":"cs"},{"@type":"Organization","@id":"https:\/\/bookhouse.cz\/#organization","name":"BOOKHOUSE.cz","url":"https:\/\/bookhouse.cz\/","logo":{"@type":"ImageObject","inLanguage":"cs","@id":"https:\/\/bookhouse.cz\/#\/schema\/logo\/image\/","url":"https:\/\/bookhouse.cz\/wp-content\/uploads\/2024\/12\/cropped-Logo_BookHouse.jpg","contentUrl":"https:\/\/bookhouse.cz\/wp-content\/uploads\/2024\/12\/cropped-Logo_BookHouse.jpg","width":938,"height":513,"caption":"BOOKHOUSE.cz"},"image":{"@id":"https:\/\/bookhouse.cz\/#\/schema\/logo\/image\/"},"sameAs":["https:\/\/www.facebook.com\/bookhousecz","https:\/\/www.instagram.com\/bookhousecz"]},{"@type":"Person","@id":"https:\/\/bookhouse.cz\/#\/schema\/person\/f34350c4206dd14422181c0fbd0922a3","name":"Martina Pechov\u00e1","image":{"@type":"ImageObject","inLanguage":"cs","@id":"https:\/\/bookhouse.cz\/#\/schema\/person\/image\/","url":"https:\/\/secure.gravatar.com\/avatar\/d3ad7f43789eed68b221d01c6d7ac4e5?s=96&d=mm&r=g","contentUrl":"https:\/\/secure.gravatar.com\/avatar\/d3ad7f43789eed68b221d01c6d7ac4e5?s=96&d=mm&r=g","caption":"Martina Pechov\u00e1"},"sameAs":["http:\/\/BOOKHOUSE.cz"],"url":"https:\/\/bookhouse.cz\/index.php\/author\/marpech\/"}]}},"_links":{"self":[{"href":"https:\/\/bookhouse.cz\/index.php\/wp-json\/wp\/v2\/posts\/9948"}],"collection":[{"href":"https:\/\/bookhouse.cz\/index.php\/wp-json\/wp\/v2\/posts"}],"about":[{"href":"https:\/\/bookhouse.cz\/index.php\/wp-json\/wp\/v2\/types\/post"}],"author":[{"embeddable":true,"href":"https:\/\/bookhouse.cz\/index.php\/wp-json\/wp\/v2\/users\/8"}],"replies":[{"embeddable":true,"href":"https:\/\/bookhouse.cz\/index.php\/wp-json\/wp\/v2\/comments?post=9948"}],"version-history":[{"count":5,"href":"https:\/\/bookhouse.cz\/index.php\/wp-json\/wp\/v2\/posts\/9948\/revisions"}],"predecessor-version":[{"id":10045,"href":"https:\/\/bookhouse.cz\/index.php\/wp-json\/wp\/v2\/posts\/9948\/revisions\/10045"}],"wp:featuredmedia":[{"embeddable":true,"href":"https:\/\/bookhouse.cz\/index.php\/wp-json\/wp\/v2\/media\/10041"}],"wp:attachment":[{"href":"https:\/\/bookhouse.cz\/index.php\/wp-json\/wp\/v2\/media?parent=9948"}],"wp:term":[{"taxonomy":"category","embeddable":true,"href":"https:\/\/bookhouse.cz\/index.php\/wp-json\/wp\/v2\/categories?post=9948"},{"taxonomy":"post_tag","embeddable":true,"href":"https:\/\/bookhouse.cz\/index.php\/wp-json\/wp\/v2\/tags?post=9948"}],"curies":[{"name":"wp","href":"https:\/\/api.w.org\/{rel}","templated":true}]}}