{"id":9716,"date":"2026-01-08T00:01:00","date_gmt":"2026-01-07T23:01:00","guid":{"rendered":"https:\/\/bookhouse.cz\/?p=9716"},"modified":"2025-12-17T16:16:19","modified_gmt":"2025-12-17T15:16:19","slug":"vseho-do-casu-hakan-nesser","status":"publish","type":"post","link":"https:\/\/bookhouse.cz\/index.php\/2026\/01\/08\/vseho-do-casu-hakan-nesser\/","title":{"rendered":"V\u0161eho do \u010dasu | Hakan Nesser"},"content":{"rendered":"\n<div style=\"height:45px\" aria-hidden=\"true\" class=\"wp-block-spacer\"><\/div>\n\n\n\n<p class=\"has-medium-font-size\"><strong>Emeritn\u00ed komisa\u0159 Asunander, kter\u00fd nyn\u00ed \u017eije v domov\u011b pro seniory na Gotlandu, se ne\u010dekan\u011b pou\u0161t\u00ed do vy\u0161et\u0159ov\u00e1n\u00ed d\u00e1vn\u00e9ho nevy\u0159e\u0161en\u00e9ho p\u0159\u00edpadu podivn\u00e9ho zmizen\u00ed jist\u00e9 Marlene Horwathov\u00e9.<\/strong><\/p>\n\n\n\n<div style=\"height:45px\" aria-hidden=\"true\" class=\"wp-block-spacer\"><\/div>\n\n\n<div class=\"wp-block-image\">\n<figure class=\"aligncenter size-full\"><img loading=\"lazy\" decoding=\"async\" width=\"744\" height=\"519\" src=\"https:\/\/bookhouse.cz\/wp-content\/uploads\/2025\/12\/Vseho_do_casu.jpg\" alt=\"V\u0161eho do \u010dasu\" class=\"wp-image-9717\" srcset=\"https:\/\/bookhouse.cz\/wp-content\/uploads\/2025\/12\/Vseho_do_casu.jpg 744w, https:\/\/bookhouse.cz\/wp-content\/uploads\/2025\/12\/Vseho_do_casu-300x209.jpg 300w\" sizes=\"(max-width: 744px) 100vw, 744px\" \/><\/figure><\/div>\n\n\n<div style=\"height:45px\" aria-hidden=\"true\" class=\"wp-block-spacer\"><\/div>\n\n\n\n<p class=\"has-medium-font-size\">O pomoc po\u017e\u00e1d\u00e1 sv\u00e9 b\u00fdval\u00e9 kolegy, Barbarottiho a Backmanovou, kte\u0159\u00ed brzy zjist\u00ed, \u017ee rozmotat po tak dlouh\u00e9 dob\u011b toto klubko z\u00e1had, v n\u011bm\u017e figuruj\u00ed nejen \u010dlenov\u00e9 \u0161iroce rozv\u011btven\u00e9 rodiny Horwathov\u00fdch, ale i tajn\u00e9 \u0161ifry a \u017eidovsk\u00e9 zlato ukraden\u00e9 nacisty za druh\u00e9 sv\u011btov\u00e9 v\u00e1lky, je v\u00fdzva t\u00e9m\u011b\u0159 nadlidsk\u00e1. Na\u0161t\u011bst\u00ed se mohou op\u0159\u00edt o sv\u00e9 letit\u00e9 zku\u0161enosti u policie a o sv\u00e9 schopn\u00e9 kolegy\u2026<\/p>\n\n\n\n<div style=\"height:45px\" aria-hidden=\"true\" class=\"wp-block-spacer\"><\/div>\n\n\n<div class=\"wp-block-image\">\n<figure class=\"aligncenter size-large\"><img loading=\"lazy\" decoding=\"async\" width=\"609\" height=\"1024\" src=\"https:\/\/bookhouse.cz\/wp-content\/uploads\/2025\/12\/Vseho_do_casu-2-609x1024.jpg\" alt=\"V\u0161eho do \u010dasu\" class=\"wp-image-9718\" srcset=\"https:\/\/bookhouse.cz\/wp-content\/uploads\/2025\/12\/Vseho_do_casu-2-609x1024.jpg 609w, https:\/\/bookhouse.cz\/wp-content\/uploads\/2025\/12\/Vseho_do_casu-2-179x300.jpg 179w, https:\/\/bookhouse.cz\/wp-content\/uploads\/2025\/12\/Vseho_do_casu-2.jpg 744w\" sizes=\"(max-width: 609px) 100vw, 609px\" \/><\/figure><\/div>\n\n\n<div style=\"height:45px\" aria-hidden=\"true\" class=\"wp-block-spacer\"><\/div>\n\n\n\n<h2 class=\"wp-block-heading\" id=\"block-d5099aaf-fc1f-4aea-9eb1-4e097e5ca5da\">N\u00e1zev knihy: V\u0161eho do \u010dasu<\/h2>\n\n\n\n<div style=\"height:45px\" aria-hidden=\"true\" class=\"wp-block-spacer\"><\/div>\n\n\n\n<p class=\"has-medium-font-size\" id=\"block-f563f394-4ca1-47f0-b136-5ffe5b4f4d1c\"><strong>Autor:<\/strong>\u00a0Hakan Nesser<\/p>\n\n\n\n<p class=\"has-medium-font-size\" id=\"block-30e75497-0af9-41c7-9cd2-0d7e7f286ca8\"><strong>Po\u010det stran \/ vazba:<\/strong>\u00a0376 stran \/ V\u00e1zan\u00e1 vazba<\/p>\n\n\n\n<p class=\"has-medium-font-size\" id=\"block-6061cabd-fa38-4434-b0be-477ed69294ec\"><strong>Doporu\u010den\u00e1<\/strong>\u00a0<strong>cena:<\/strong>\u00a0399 K\u010d<\/p>\n\n\n\n<p class=\"has-medium-font-size\" id=\"block-bf00762f-3f26-4bb9-9a78-6955ce7d639d\"><strong>Vydalo<\/strong>:&nbsp;Nakladatelstv\u00ed Moba<\/p>\n\n\n\n<p class=\"has-medium-font-size\"><strong>V\u00edce informac\u00ed na:&nbsp;<\/strong><a href=\"http:\/\/www.mobaknihy.cz\/\"><strong>www.mobaknihy.cz<\/strong><\/a><\/p>\n\n\n\n<div style=\"height:45px\" aria-hidden=\"true\" class=\"wp-block-spacer\"><\/div>\n\n\n\n<p class=\"has-medium-font-size\" id=\"block-78735c9f-8b0d-4f1e-a3f4-81a23eadb822\"><strong>Zdroj foto:<\/strong>&nbsp;Moba<\/p>\n\n\n\n<div style=\"height:150px\" aria-hidden=\"true\" class=\"wp-block-spacer\"><\/div>\n","protected":false},"excerpt":{"rendered":"<p>Emeritn\u00ed komisa\u0159 Asunander, kter\u00fd nyn\u00ed \u017eije v domov\u011b pro seniory na Gotlandu, se ne\u010dekan\u011b pou\u0161t\u00ed do vy\u0161et\u0159ov\u00e1n\u00ed d\u00e1vn\u00e9ho nevy\u0159e\u0161en\u00e9ho p\u0159\u00edpadu podivn\u00e9ho zmizen\u00ed jist\u00e9 Marlene Horwathov\u00e9. O pomoc po\u017e\u00e1d\u00e1 sv\u00e9 b\u00fdval\u00e9 kolegy, Barbarottiho a Backmanovou,&#46;&#46;&#46;<\/p>\n","protected":false},"author":8,"featured_media":9717,"comment_status":"closed","ping_status":"closed","sticky":false,"template":"","format":"standard","meta":{"_monsterinsights_skip_tracking":false,"_monsterinsights_sitenote_active":false,"_monsterinsights_sitenote_note":"","_monsterinsights_sitenote_category":0,"footnotes":""},"categories":[42,26,3,21],"tags":[],"yoast_head":"<!-- This site is optimized with the Yoast SEO plugin v21.5 - https:\/\/yoast.com\/wordpress\/plugins\/seo\/ -->\n<title>V\u0161eho do \u010dasu | Hakan Nesser - BOOKHOUSE.cz<\/title>\n<meta name=\"description\" content=\"Emeritn\u00ed komisa\u0159 Asunander, kter\u00fd nyn\u00ed \u017eije v domov\u011b pro seniory na Gotlandu, se ne\u010dekan\u011b pou\u0161t\u00ed do vy\u0161et\u0159ov\u00e1n\u00ed d\u00e1vn\u00e9ho nevy\u0159e\u0161en\u00e9ho p\u0159\u00edpadu.\" \/>\n<meta name=\"robots\" content=\"index, follow, max-snippet:-1, max-image-preview:large, max-video-preview:-1\" \/>\n<link rel=\"canonical\" href=\"https:\/\/bookhouse.cz\/index.php\/2026\/01\/08\/vseho-do-casu-hakan-nesser\/\" \/>\n<meta property=\"og:locale\" content=\"cs_CZ\" \/>\n<meta property=\"og:type\" content=\"article\" \/>\n<meta property=\"og:title\" content=\"V\u0161eho do \u010dasu | Hakan Nesser - BOOKHOUSE.cz\" \/>\n<meta property=\"og:description\" content=\"Emeritn\u00ed komisa\u0159 Asunander, kter\u00fd nyn\u00ed \u017eije v domov\u011b pro seniory na Gotlandu, se ne\u010dekan\u011b pou\u0161t\u00ed do vy\u0161et\u0159ov\u00e1n\u00ed d\u00e1vn\u00e9ho nevy\u0159e\u0161en\u00e9ho p\u0159\u00edpadu.\" \/>\n<meta property=\"og:url\" content=\"https:\/\/bookhouse.cz\/index.php\/2026\/01\/08\/vseho-do-casu-hakan-nesser\/\" \/>\n<meta property=\"og:site_name\" content=\"BOOKHOUSE.cz\" \/>\n<meta property=\"article:publisher\" content=\"https:\/\/www.facebook.com\/bookhousecz\" \/>\n<meta property=\"article:published_time\" content=\"2026-01-07T23:01:00+00:00\" \/>\n<meta property=\"article:modified_time\" content=\"2025-12-17T15:16:19+00:00\" \/>\n<meta property=\"og:image\" content=\"https:\/\/bookhouse.cz\/wp-content\/uploads\/2025\/12\/Vseho_do_casu.jpg\" \/>\n\t<meta property=\"og:image:width\" content=\"744\" \/>\n\t<meta property=\"og:image:height\" content=\"519\" \/>\n\t<meta property=\"og:image:type\" content=\"image\/jpeg\" \/>\n<meta name=\"author\" content=\"Martina Pechov\u00e1\" \/>\n<meta name=\"twitter:card\" content=\"summary_large_image\" \/>\n<meta name=\"twitter:label1\" content=\"Napsal(a)\" \/>\n\t<meta name=\"twitter:data1\" content=\"Martina Pechov\u00e1\" \/>\n\t<meta name=\"twitter:label2\" content=\"Odhadovan\u00e1 doba \u010dten\u00ed\" \/>\n\t<meta name=\"twitter:data2\" content=\"2 minuty\" \/>\n<script type=\"application\/ld+json\" class=\"yoast-schema-graph\">{\"@context\":\"https:\/\/schema.org\",\"@graph\":[{\"@type\":\"Article\",\"@id\":\"https:\/\/bookhouse.cz\/index.php\/2026\/01\/08\/vseho-do-casu-hakan-nesser\/#article\",\"isPartOf\":{\"@id\":\"https:\/\/bookhouse.cz\/index.php\/2026\/01\/08\/vseho-do-casu-hakan-nesser\/\"},\"author\":{\"name\":\"Martina Pechov\u00e1\",\"@id\":\"https:\/\/bookhouse.cz\/#\/schema\/person\/f34350c4206dd14422181c0fbd0922a3\"},\"headline\":\"V\u0161eho do \u010dasu | Hakan Nesser\",\"datePublished\":\"2026-01-07T23:01:00+00:00\",\"dateModified\":\"2025-12-17T15:16:19+00:00\",\"mainEntityOfPage\":{\"@id\":\"https:\/\/bookhouse.cz\/index.php\/2026\/01\/08\/vseho-do-casu-hakan-nesser\/\"},\"wordCount\":157,\"publisher\":{\"@id\":\"https:\/\/bookhouse.cz\/#organization\"},\"articleSection\":[\"DETEKTIVKY\",\"KRIMIN\u00c1LKY\",\"NEWS\",\"THRILLERY\"],\"inLanguage\":\"cs\"},{\"@type\":\"WebPage\",\"@id\":\"https:\/\/bookhouse.cz\/index.php\/2026\/01\/08\/vseho-do-casu-hakan-nesser\/\",\"url\":\"https:\/\/bookhouse.cz\/index.php\/2026\/01\/08\/vseho-do-casu-hakan-nesser\/\",\"name\":\"V\u0161eho do \u010dasu | Hakan Nesser - BOOKHOUSE.cz\",\"isPartOf\":{\"@id\":\"https:\/\/bookhouse.cz\/#website\"},\"datePublished\":\"2026-01-07T23:01:00+00:00\",\"dateModified\":\"2025-12-17T15:16:19+00:00\",\"description\":\"Emeritn\u00ed komisa\u0159 Asunander, kter\u00fd nyn\u00ed \u017eije v domov\u011b pro seniory na Gotlandu, se ne\u010dekan\u011b pou\u0161t\u00ed do vy\u0161et\u0159ov\u00e1n\u00ed d\u00e1vn\u00e9ho nevy\u0159e\u0161en\u00e9ho p\u0159\u00edpadu.\",\"breadcrumb\":{\"@id\":\"https:\/\/bookhouse.cz\/index.php\/2026\/01\/08\/vseho-do-casu-hakan-nesser\/#breadcrumb\"},\"inLanguage\":\"cs\",\"potentialAction\":[{\"@type\":\"ReadAction\",\"target\":[\"https:\/\/bookhouse.cz\/index.php\/2026\/01\/08\/vseho-do-casu-hakan-nesser\/\"]}]},{\"@type\":\"BreadcrumbList\",\"@id\":\"https:\/\/bookhouse.cz\/index.php\/2026\/01\/08\/vseho-do-casu-hakan-nesser\/#breadcrumb\",\"itemListElement\":[{\"@type\":\"ListItem\",\"position\":1,\"name\":\"Dom\u016f\",\"item\":\"https:\/\/bookhouse.cz\/\"},{\"@type\":\"ListItem\",\"position\":2,\"name\":\"V\u0161eho do \u010dasu | Hakan Nesser\"}]},{\"@type\":\"WebSite\",\"@id\":\"https:\/\/bookhouse.cz\/#website\",\"url\":\"https:\/\/bookhouse.cz\/\",\"name\":\"BOOKHOUSE.cz\",\"description\":\"Port\u00e1l o kni\u017en\u00edch novink\u00e1ch.\",\"publisher\":{\"@id\":\"https:\/\/bookhouse.cz\/#organization\"},\"potentialAction\":[{\"@type\":\"SearchAction\",\"target\":{\"@type\":\"EntryPoint\",\"urlTemplate\":\"https:\/\/bookhouse.cz\/?s={search_term_string}\"},\"query-input\":\"required name=search_term_string\"}],\"inLanguage\":\"cs\"},{\"@type\":\"Organization\",\"@id\":\"https:\/\/bookhouse.cz\/#organization\",\"name\":\"BOOKHOUSE.cz\",\"url\":\"https:\/\/bookhouse.cz\/\",\"logo\":{\"@type\":\"ImageObject\",\"inLanguage\":\"cs\",\"@id\":\"https:\/\/bookhouse.cz\/#\/schema\/logo\/image\/\",\"url\":\"https:\/\/bookhouse.cz\/wp-content\/uploads\/2024\/12\/cropped-Logo_BookHouse.jpg\",\"contentUrl\":\"https:\/\/bookhouse.cz\/wp-content\/uploads\/2024\/12\/cropped-Logo_BookHouse.jpg\",\"width\":938,\"height\":513,\"caption\":\"BOOKHOUSE.cz\"},\"image\":{\"@id\":\"https:\/\/bookhouse.cz\/#\/schema\/logo\/image\/\"},\"sameAs\":[\"https:\/\/www.facebook.com\/bookhousecz\",\"https:\/\/www.instagram.com\/bookhousecz\"]},{\"@type\":\"Person\",\"@id\":\"https:\/\/bookhouse.cz\/#\/schema\/person\/f34350c4206dd14422181c0fbd0922a3\",\"name\":\"Martina Pechov\u00e1\",\"image\":{\"@type\":\"ImageObject\",\"inLanguage\":\"cs\",\"@id\":\"https:\/\/bookhouse.cz\/#\/schema\/person\/image\/\",\"url\":\"https:\/\/secure.gravatar.com\/avatar\/d3ad7f43789eed68b221d01c6d7ac4e5?s=96&d=mm&r=g\",\"contentUrl\":\"https:\/\/secure.gravatar.com\/avatar\/d3ad7f43789eed68b221d01c6d7ac4e5?s=96&d=mm&r=g\",\"caption\":\"Martina Pechov\u00e1\"},\"sameAs\":[\"http:\/\/BOOKHOUSE.cz\"],\"url\":\"https:\/\/bookhouse.cz\/index.php\/author\/marpech\/\"}]}<\/script>\n<!-- \/ Yoast SEO plugin. -->","yoast_head_json":{"title":"V\u0161eho do \u010dasu | Hakan Nesser - BOOKHOUSE.cz","description":"Emeritn\u00ed komisa\u0159 Asunander, kter\u00fd nyn\u00ed \u017eije v domov\u011b pro seniory na Gotlandu, se ne\u010dekan\u011b pou\u0161t\u00ed do vy\u0161et\u0159ov\u00e1n\u00ed d\u00e1vn\u00e9ho nevy\u0159e\u0161en\u00e9ho p\u0159\u00edpadu.","robots":{"index":"index","follow":"follow","max-snippet":"max-snippet:-1","max-image-preview":"max-image-preview:large","max-video-preview":"max-video-preview:-1"},"canonical":"https:\/\/bookhouse.cz\/index.php\/2026\/01\/08\/vseho-do-casu-hakan-nesser\/","og_locale":"cs_CZ","og_type":"article","og_title":"V\u0161eho do \u010dasu | Hakan Nesser - BOOKHOUSE.cz","og_description":"Emeritn\u00ed komisa\u0159 Asunander, kter\u00fd nyn\u00ed \u017eije v domov\u011b pro seniory na Gotlandu, se ne\u010dekan\u011b pou\u0161t\u00ed do vy\u0161et\u0159ov\u00e1n\u00ed d\u00e1vn\u00e9ho nevy\u0159e\u0161en\u00e9ho p\u0159\u00edpadu.","og_url":"https:\/\/bookhouse.cz\/index.php\/2026\/01\/08\/vseho-do-casu-hakan-nesser\/","og_site_name":"BOOKHOUSE.cz","article_publisher":"https:\/\/www.facebook.com\/bookhousecz","article_published_time":"2026-01-07T23:01:00+00:00","article_modified_time":"2025-12-17T15:16:19+00:00","og_image":[{"width":744,"height":519,"url":"https:\/\/bookhouse.cz\/wp-content\/uploads\/2025\/12\/Vseho_do_casu.jpg","type":"image\/jpeg"}],"author":"Martina Pechov\u00e1","twitter_card":"summary_large_image","twitter_misc":{"Napsal(a)":"Martina Pechov\u00e1","Odhadovan\u00e1 doba \u010dten\u00ed":"2 minuty"},"schema":{"@context":"https:\/\/schema.org","@graph":[{"@type":"Article","@id":"https:\/\/bookhouse.cz\/index.php\/2026\/01\/08\/vseho-do-casu-hakan-nesser\/#article","isPartOf":{"@id":"https:\/\/bookhouse.cz\/index.php\/2026\/01\/08\/vseho-do-casu-hakan-nesser\/"},"author":{"name":"Martina Pechov\u00e1","@id":"https:\/\/bookhouse.cz\/#\/schema\/person\/f34350c4206dd14422181c0fbd0922a3"},"headline":"V\u0161eho do \u010dasu | Hakan Nesser","datePublished":"2026-01-07T23:01:00+00:00","dateModified":"2025-12-17T15:16:19+00:00","mainEntityOfPage":{"@id":"https:\/\/bookhouse.cz\/index.php\/2026\/01\/08\/vseho-do-casu-hakan-nesser\/"},"wordCount":157,"publisher":{"@id":"https:\/\/bookhouse.cz\/#organization"},"articleSection":["DETEKTIVKY","KRIMIN\u00c1LKY","NEWS","THRILLERY"],"inLanguage":"cs"},{"@type":"WebPage","@id":"https:\/\/bookhouse.cz\/index.php\/2026\/01\/08\/vseho-do-casu-hakan-nesser\/","url":"https:\/\/bookhouse.cz\/index.php\/2026\/01\/08\/vseho-do-casu-hakan-nesser\/","name":"V\u0161eho do \u010dasu | Hakan Nesser - BOOKHOUSE.cz","isPartOf":{"@id":"https:\/\/bookhouse.cz\/#website"},"datePublished":"2026-01-07T23:01:00+00:00","dateModified":"2025-12-17T15:16:19+00:00","description":"Emeritn\u00ed komisa\u0159 Asunander, kter\u00fd nyn\u00ed \u017eije v domov\u011b pro seniory na Gotlandu, se ne\u010dekan\u011b pou\u0161t\u00ed do vy\u0161et\u0159ov\u00e1n\u00ed d\u00e1vn\u00e9ho nevy\u0159e\u0161en\u00e9ho p\u0159\u00edpadu.","breadcrumb":{"@id":"https:\/\/bookhouse.cz\/index.php\/2026\/01\/08\/vseho-do-casu-hakan-nesser\/#breadcrumb"},"inLanguage":"cs","potentialAction":[{"@type":"ReadAction","target":["https:\/\/bookhouse.cz\/index.php\/2026\/01\/08\/vseho-do-casu-hakan-nesser\/"]}]},{"@type":"BreadcrumbList","@id":"https:\/\/bookhouse.cz\/index.php\/2026\/01\/08\/vseho-do-casu-hakan-nesser\/#breadcrumb","itemListElement":[{"@type":"ListItem","position":1,"name":"Dom\u016f","item":"https:\/\/bookhouse.cz\/"},{"@type":"ListItem","position":2,"name":"V\u0161eho do \u010dasu | Hakan Nesser"}]},{"@type":"WebSite","@id":"https:\/\/bookhouse.cz\/#website","url":"https:\/\/bookhouse.cz\/","name":"BOOKHOUSE.cz","description":"Port\u00e1l o kni\u017en\u00edch novink\u00e1ch.","publisher":{"@id":"https:\/\/bookhouse.cz\/#organization"},"potentialAction":[{"@type":"SearchAction","target":{"@type":"EntryPoint","urlTemplate":"https:\/\/bookhouse.cz\/?s={search_term_string}"},"query-input":"required name=search_term_string"}],"inLanguage":"cs"},{"@type":"Organization","@id":"https:\/\/bookhouse.cz\/#organization","name":"BOOKHOUSE.cz","url":"https:\/\/bookhouse.cz\/","logo":{"@type":"ImageObject","inLanguage":"cs","@id":"https:\/\/bookhouse.cz\/#\/schema\/logo\/image\/","url":"https:\/\/bookhouse.cz\/wp-content\/uploads\/2024\/12\/cropped-Logo_BookHouse.jpg","contentUrl":"https:\/\/bookhouse.cz\/wp-content\/uploads\/2024\/12\/cropped-Logo_BookHouse.jpg","width":938,"height":513,"caption":"BOOKHOUSE.cz"},"image":{"@id":"https:\/\/bookhouse.cz\/#\/schema\/logo\/image\/"},"sameAs":["https:\/\/www.facebook.com\/bookhousecz","https:\/\/www.instagram.com\/bookhousecz"]},{"@type":"Person","@id":"https:\/\/bookhouse.cz\/#\/schema\/person\/f34350c4206dd14422181c0fbd0922a3","name":"Martina Pechov\u00e1","image":{"@type":"ImageObject","inLanguage":"cs","@id":"https:\/\/bookhouse.cz\/#\/schema\/person\/image\/","url":"https:\/\/secure.gravatar.com\/avatar\/d3ad7f43789eed68b221d01c6d7ac4e5?s=96&d=mm&r=g","contentUrl":"https:\/\/secure.gravatar.com\/avatar\/d3ad7f43789eed68b221d01c6d7ac4e5?s=96&d=mm&r=g","caption":"Martina Pechov\u00e1"},"sameAs":["http:\/\/BOOKHOUSE.cz"],"url":"https:\/\/bookhouse.cz\/index.php\/author\/marpech\/"}]}},"_links":{"self":[{"href":"https:\/\/bookhouse.cz\/index.php\/wp-json\/wp\/v2\/posts\/9716"}],"collection":[{"href":"https:\/\/bookhouse.cz\/index.php\/wp-json\/wp\/v2\/posts"}],"about":[{"href":"https:\/\/bookhouse.cz\/index.php\/wp-json\/wp\/v2\/types\/post"}],"author":[{"embeddable":true,"href":"https:\/\/bookhouse.cz\/index.php\/wp-json\/wp\/v2\/users\/8"}],"replies":[{"embeddable":true,"href":"https:\/\/bookhouse.cz\/index.php\/wp-json\/wp\/v2\/comments?post=9716"}],"version-history":[{"count":1,"href":"https:\/\/bookhouse.cz\/index.php\/wp-json\/wp\/v2\/posts\/9716\/revisions"}],"predecessor-version":[{"id":9719,"href":"https:\/\/bookhouse.cz\/index.php\/wp-json\/wp\/v2\/posts\/9716\/revisions\/9719"}],"wp:featuredmedia":[{"embeddable":true,"href":"https:\/\/bookhouse.cz\/index.php\/wp-json\/wp\/v2\/media\/9717"}],"wp:attachment":[{"href":"https:\/\/bookhouse.cz\/index.php\/wp-json\/wp\/v2\/media?parent=9716"}],"wp:term":[{"taxonomy":"category","embeddable":true,"href":"https:\/\/bookhouse.cz\/index.php\/wp-json\/wp\/v2\/categories?post=9716"},{"taxonomy":"post_tag","embeddable":true,"href":"https:\/\/bookhouse.cz\/index.php\/wp-json\/wp\/v2\/tags?post=9716"}],"curies":[{"name":"wp","href":"https:\/\/api.w.org\/{rel}","templated":true}]}}