{"id":9691,"date":"2026-01-27T00:01:00","date_gmt":"2026-01-26T23:01:00","guid":{"rendered":"https:\/\/bookhouse.cz\/?p=9691"},"modified":"2025-12-31T14:47:00","modified_gmt":"2025-12-31T13:47:00","slug":"utajene-aktivity-nacistu-jan-antonin-novak","status":"publish","type":"post","link":"https:\/\/bookhouse.cz\/index.php\/2026\/01\/27\/utajene-aktivity-nacistu-jan-antonin-novak\/","title":{"rendered":"Utajen\u00e9 aktivity nacist\u016f| Jan Anton\u00edn Nov\u00e1k"},"content":{"rendered":"\n<div style=\"height:45px\" aria-hidden=\"true\" class=\"wp-block-spacer\"><\/div>\n\n\n\n<p class=\"has-medium-font-size\"><strong>O tom, co prov\u00e1d\u011bli nacist\u00e9 b\u011bhem druh\u00e9 sv\u011btov\u00e9 v\u00e1lky na \u00fazem\u00ed \u010cesk\u00e9 republiky, koluj\u00ed ty nejdivo\u010dej\u0161\u00ed legendy.<\/strong><\/p>\n\n\n\n<div style=\"height:45px\" aria-hidden=\"true\" class=\"wp-block-spacer\"><\/div>\n\n\n<div class=\"wp-block-image\">\n<figure class=\"aligncenter size-full is-resized\"><img loading=\"lazy\" decoding=\"async\" width=\"503\" height=\"342\" src=\"https:\/\/bookhouse.cz\/wp-content\/uploads\/2025\/12\/p9788076955981-utajene-aktivity-nacistu_-1_-1_377028-3.jpg\" alt=\"Utajen\u00e9 aktivity nacist\u016f\" class=\"wp-image-9694\" style=\"width:764px;height:auto\" srcset=\"https:\/\/bookhouse.cz\/wp-content\/uploads\/2025\/12\/p9788076955981-utajene-aktivity-nacistu_-1_-1_377028-3.jpg 503w, https:\/\/bookhouse.cz\/wp-content\/uploads\/2025\/12\/p9788076955981-utajene-aktivity-nacistu_-1_-1_377028-3-300x204.jpg 300w\" sizes=\"(max-width: 503px) 100vw, 503px\" \/><\/figure><\/div>\n\n\n<div style=\"height:45px\" aria-hidden=\"true\" class=\"wp-block-spacer\"><\/div>\n\n\n\n<p class=\"has-medium-font-size\">Vyv\u00edjeli snad v\u00a0podzemn\u00edch tov\u00e1rn\u00e1ch l\u00e9taj\u00edc\u00ed tal\u00ed\u0159e a atomov\u00e9 pumy? Provozovali n\u011bkde v\u00fdcvikov\u00e9 t\u00e1bory pro tajn\u00e9 mise a stav\u011bli tady p\u0159\u00edsn\u011b st\u0159e\u017een\u00e9 radarov\u00e9 a odposlechov\u00e9 stanice? Nap\u00ednav\u00e9 sv\u011bdectv\u00ed o temn\u00e9 kapitole na\u0161ich d\u011bjin.<\/p>\n\n\n\n<div style=\"height:45px\" aria-hidden=\"true\" class=\"wp-block-spacer\"><\/div>\n\n\n<div class=\"wp-block-image\">\n<figure class=\"aligncenter size-full\"><img loading=\"lazy\" decoding=\"async\" width=\"503\" height=\"800\" src=\"https:\/\/bookhouse.cz\/wp-content\/uploads\/2025\/12\/p9788076955981-utajene-aktivity-nacistu_-1_-1_377028-2.jpg\" alt=\"Utajen\u00e9 aktivity nacist\u016f\" class=\"wp-image-9695\" srcset=\"https:\/\/bookhouse.cz\/wp-content\/uploads\/2025\/12\/p9788076955981-utajene-aktivity-nacistu_-1_-1_377028-2.jpg 503w, https:\/\/bookhouse.cz\/wp-content\/uploads\/2025\/12\/p9788076955981-utajene-aktivity-nacistu_-1_-1_377028-2-189x300.jpg 189w\" sizes=\"(max-width: 503px) 100vw, 503px\" \/><\/figure><\/div>\n\n\n<div style=\"height:45px\" aria-hidden=\"true\" class=\"wp-block-spacer\"><\/div>\n\n\n\n<h2 class=\"wp-block-heading\" id=\"block-d5099aaf-fc1f-4aea-9eb1-4e097e5ca5da\">N\u00e1zev knihy: Utajen\u00e9 aktivity nacist\u016f<\/h2>\n\n\n\n<div style=\"height:45px\" aria-hidden=\"true\" class=\"wp-block-spacer\"><\/div>\n\n\n\n<p class=\"has-medium-font-size\" id=\"block-f563f394-4ca1-47f0-b136-5ffe5b4f4d1c\"><strong>Autor:<\/strong>\u00a0Jan Anton\u00edn Nov\u00e1k<\/p>\n\n\n\n<p class=\"has-medium-font-size\" id=\"block-30e75497-0af9-41c7-9cd2-0d7e7f286ca8\"><strong>Po\u010det stran \/ vazba:<\/strong>\u00a0352 stran \/ Pevn\u00e1 vazba<\/p>\n\n\n\n<p class=\"has-medium-font-size\" id=\"block-6061cabd-fa38-4434-b0be-477ed69294ec\"><strong>Doporu\u010den\u00e1<\/strong>&nbsp;<strong>cena:<\/strong>&nbsp;339 K\u010d<\/p>\n\n\n\n<p class=\"has-medium-font-size\" id=\"block-bf00762f-3f26-4bb9-9a78-6955ce7d639d\"><strong>Vydalo<\/strong>:&nbsp;Nakladatelstv\u00ed Alpress<\/p>\n\n\n\n<p class=\"has-medium-font-size\"><strong>V\u00edce informac\u00ed na:<a href=\"http:\/\/www.alpress\/\">&nbsp;www.alpress.cz<\/a><\/strong><\/p>\n\n\n\n<div style=\"height:45px\" aria-hidden=\"true\" class=\"wp-block-spacer\"><\/div>\n\n\n\n<p class=\"has-medium-font-size\"><strong>Zdroj foto:&nbsp;<\/strong>Alpress<\/p>\n\n\n\n<div style=\"height:150px\" aria-hidden=\"true\" class=\"wp-block-spacer\"><\/div>\n","protected":false},"excerpt":{"rendered":"<p>O tom, co prov\u00e1d\u011bli nacist\u00e9 b\u011bhem druh\u00e9 sv\u011btov\u00e9 v\u00e1lky na \u00fazem\u00ed \u010cesk\u00e9 republiky, koluj\u00ed ty nejdivo\u010dej\u0161\u00ed legendy. Vyv\u00edjeli snad v\u00a0podzemn\u00edch tov\u00e1rn\u00e1ch l\u00e9taj\u00edc\u00ed tal\u00ed\u0159e a atomov\u00e9 pumy? Provozovali n\u011bkde v\u00fdcvikov\u00e9 t\u00e1bory pro tajn\u00e9 mise a&#46;&#46;&#46;<\/p>\n","protected":false},"author":8,"featured_media":9694,"comment_status":"closed","ping_status":"closed","sticky":false,"template":"","format":"standard","meta":{"_monsterinsights_skip_tracking":false,"_monsterinsights_sitenote_active":false,"_monsterinsights_sitenote_note":"","_monsterinsights_sitenote_category":0,"footnotes":""},"categories":[22,3],"tags":[],"yoast_head":"<!-- This site is optimized with the Yoast SEO plugin v21.5 - https:\/\/yoast.com\/wordpress\/plugins\/seo\/ -->\n<title>Utajen\u00e9 aktivity nacist\u016f| Jan Anton\u00edn Nov\u00e1k - BOOKHOUSE.cz<\/title>\n<meta name=\"description\" content=\"O tom, co prov\u00e1d\u011bli nacist\u00e9 b\u011bhem druh\u00e9 sv\u011btov\u00e9 v\u00e1lky na \u00fazem\u00ed \u010cesk\u00e9 republiky, koluj\u00ed ty nejdivo\u010dej\u0161\u00ed legendy.\" \/>\n<meta name=\"robots\" content=\"index, follow, max-snippet:-1, max-image-preview:large, max-video-preview:-1\" \/>\n<link rel=\"canonical\" href=\"https:\/\/bookhouse.cz\/index.php\/2026\/01\/27\/utajene-aktivity-nacistu-jan-antonin-novak\/\" \/>\n<meta property=\"og:locale\" content=\"cs_CZ\" \/>\n<meta property=\"og:type\" content=\"article\" \/>\n<meta property=\"og:title\" content=\"Utajen\u00e9 aktivity nacist\u016f| Jan Anton\u00edn Nov\u00e1k - BOOKHOUSE.cz\" \/>\n<meta property=\"og:description\" content=\"O tom, co prov\u00e1d\u011bli nacist\u00e9 b\u011bhem druh\u00e9 sv\u011btov\u00e9 v\u00e1lky na \u00fazem\u00ed \u010cesk\u00e9 republiky, koluj\u00ed ty nejdivo\u010dej\u0161\u00ed legendy.\" \/>\n<meta property=\"og:url\" content=\"https:\/\/bookhouse.cz\/index.php\/2026\/01\/27\/utajene-aktivity-nacistu-jan-antonin-novak\/\" \/>\n<meta property=\"og:site_name\" content=\"BOOKHOUSE.cz\" \/>\n<meta property=\"article:publisher\" content=\"https:\/\/www.facebook.com\/bookhousecz\" \/>\n<meta property=\"article:published_time\" content=\"2026-01-26T23:01:00+00:00\" \/>\n<meta property=\"article:modified_time\" content=\"2025-12-31T13:47:00+00:00\" \/>\n<meta property=\"og:image\" content=\"https:\/\/bookhouse.cz\/wp-content\/uploads\/2025\/12\/p9788076955981-utajene-aktivity-nacistu_-1_-1_377028-3.jpg\" \/>\n\t<meta property=\"og:image:width\" content=\"503\" \/>\n\t<meta property=\"og:image:height\" content=\"342\" \/>\n\t<meta property=\"og:image:type\" content=\"image\/jpeg\" \/>\n<meta name=\"author\" content=\"Martina Pechov\u00e1\" \/>\n<meta name=\"twitter:card\" content=\"summary_large_image\" \/>\n<meta name=\"twitter:label1\" content=\"Napsal(a)\" \/>\n\t<meta name=\"twitter:data1\" content=\"Martina Pechov\u00e1\" \/>\n\t<meta name=\"twitter:label2\" content=\"Odhadovan\u00e1 doba \u010dten\u00ed\" \/>\n\t<meta name=\"twitter:data2\" content=\"1 minuta\" \/>\n<script type=\"application\/ld+json\" class=\"yoast-schema-graph\">{\"@context\":\"https:\/\/schema.org\",\"@graph\":[{\"@type\":\"Article\",\"@id\":\"https:\/\/bookhouse.cz\/index.php\/2026\/01\/27\/utajene-aktivity-nacistu-jan-antonin-novak\/#article\",\"isPartOf\":{\"@id\":\"https:\/\/bookhouse.cz\/index.php\/2026\/01\/27\/utajene-aktivity-nacistu-jan-antonin-novak\/\"},\"author\":{\"name\":\"Martina Pechov\u00e1\",\"@id\":\"https:\/\/bookhouse.cz\/#\/schema\/person\/f34350c4206dd14422181c0fbd0922a3\"},\"headline\":\"Utajen\u00e9 aktivity nacist\u016f| Jan Anton\u00edn Nov\u00e1k\",\"datePublished\":\"2026-01-26T23:01:00+00:00\",\"dateModified\":\"2025-12-31T13:47:00+00:00\",\"mainEntityOfPage\":{\"@id\":\"https:\/\/bookhouse.cz\/index.php\/2026\/01\/27\/utajene-aktivity-nacistu-jan-antonin-novak\/\"},\"wordCount\":123,\"publisher\":{\"@id\":\"https:\/\/bookhouse.cz\/#organization\"},\"articleSection\":[\"HISTORIE\",\"NEWS\"],\"inLanguage\":\"cs\"},{\"@type\":\"WebPage\",\"@id\":\"https:\/\/bookhouse.cz\/index.php\/2026\/01\/27\/utajene-aktivity-nacistu-jan-antonin-novak\/\",\"url\":\"https:\/\/bookhouse.cz\/index.php\/2026\/01\/27\/utajene-aktivity-nacistu-jan-antonin-novak\/\",\"name\":\"Utajen\u00e9 aktivity nacist\u016f| Jan Anton\u00edn Nov\u00e1k - BOOKHOUSE.cz\",\"isPartOf\":{\"@id\":\"https:\/\/bookhouse.cz\/#website\"},\"datePublished\":\"2026-01-26T23:01:00+00:00\",\"dateModified\":\"2025-12-31T13:47:00+00:00\",\"description\":\"O tom, co prov\u00e1d\u011bli nacist\u00e9 b\u011bhem druh\u00e9 sv\u011btov\u00e9 v\u00e1lky na \u00fazem\u00ed \u010cesk\u00e9 republiky, koluj\u00ed ty nejdivo\u010dej\u0161\u00ed legendy.\",\"breadcrumb\":{\"@id\":\"https:\/\/bookhouse.cz\/index.php\/2026\/01\/27\/utajene-aktivity-nacistu-jan-antonin-novak\/#breadcrumb\"},\"inLanguage\":\"cs\",\"potentialAction\":[{\"@type\":\"ReadAction\",\"target\":[\"https:\/\/bookhouse.cz\/index.php\/2026\/01\/27\/utajene-aktivity-nacistu-jan-antonin-novak\/\"]}]},{\"@type\":\"BreadcrumbList\",\"@id\":\"https:\/\/bookhouse.cz\/index.php\/2026\/01\/27\/utajene-aktivity-nacistu-jan-antonin-novak\/#breadcrumb\",\"itemListElement\":[{\"@type\":\"ListItem\",\"position\":1,\"name\":\"Dom\u016f\",\"item\":\"https:\/\/bookhouse.cz\/\"},{\"@type\":\"ListItem\",\"position\":2,\"name\":\"Utajen\u00e9 aktivity nacist\u016f| Jan Anton\u00edn Nov\u00e1k\"}]},{\"@type\":\"WebSite\",\"@id\":\"https:\/\/bookhouse.cz\/#website\",\"url\":\"https:\/\/bookhouse.cz\/\",\"name\":\"BOOKHOUSE.cz\",\"description\":\"Port\u00e1l o kni\u017en\u00edch novink\u00e1ch.\",\"publisher\":{\"@id\":\"https:\/\/bookhouse.cz\/#organization\"},\"potentialAction\":[{\"@type\":\"SearchAction\",\"target\":{\"@type\":\"EntryPoint\",\"urlTemplate\":\"https:\/\/bookhouse.cz\/?s={search_term_string}\"},\"query-input\":\"required name=search_term_string\"}],\"inLanguage\":\"cs\"},{\"@type\":\"Organization\",\"@id\":\"https:\/\/bookhouse.cz\/#organization\",\"name\":\"BOOKHOUSE.cz\",\"url\":\"https:\/\/bookhouse.cz\/\",\"logo\":{\"@type\":\"ImageObject\",\"inLanguage\":\"cs\",\"@id\":\"https:\/\/bookhouse.cz\/#\/schema\/logo\/image\/\",\"url\":\"https:\/\/bookhouse.cz\/wp-content\/uploads\/2024\/12\/cropped-Logo_BookHouse.jpg\",\"contentUrl\":\"https:\/\/bookhouse.cz\/wp-content\/uploads\/2024\/12\/cropped-Logo_BookHouse.jpg\",\"width\":938,\"height\":513,\"caption\":\"BOOKHOUSE.cz\"},\"image\":{\"@id\":\"https:\/\/bookhouse.cz\/#\/schema\/logo\/image\/\"},\"sameAs\":[\"https:\/\/www.facebook.com\/bookhousecz\",\"https:\/\/www.instagram.com\/bookhousecz\"]},{\"@type\":\"Person\",\"@id\":\"https:\/\/bookhouse.cz\/#\/schema\/person\/f34350c4206dd14422181c0fbd0922a3\",\"name\":\"Martina Pechov\u00e1\",\"image\":{\"@type\":\"ImageObject\",\"inLanguage\":\"cs\",\"@id\":\"https:\/\/bookhouse.cz\/#\/schema\/person\/image\/\",\"url\":\"https:\/\/secure.gravatar.com\/avatar\/d3ad7f43789eed68b221d01c6d7ac4e5?s=96&d=mm&r=g\",\"contentUrl\":\"https:\/\/secure.gravatar.com\/avatar\/d3ad7f43789eed68b221d01c6d7ac4e5?s=96&d=mm&r=g\",\"caption\":\"Martina Pechov\u00e1\"},\"sameAs\":[\"http:\/\/BOOKHOUSE.cz\"],\"url\":\"https:\/\/bookhouse.cz\/index.php\/author\/marpech\/\"}]}<\/script>\n<!-- \/ Yoast SEO plugin. -->","yoast_head_json":{"title":"Utajen\u00e9 aktivity nacist\u016f| Jan Anton\u00edn Nov\u00e1k - BOOKHOUSE.cz","description":"O tom, co prov\u00e1d\u011bli nacist\u00e9 b\u011bhem druh\u00e9 sv\u011btov\u00e9 v\u00e1lky na \u00fazem\u00ed \u010cesk\u00e9 republiky, koluj\u00ed ty nejdivo\u010dej\u0161\u00ed legendy.","robots":{"index":"index","follow":"follow","max-snippet":"max-snippet:-1","max-image-preview":"max-image-preview:large","max-video-preview":"max-video-preview:-1"},"canonical":"https:\/\/bookhouse.cz\/index.php\/2026\/01\/27\/utajene-aktivity-nacistu-jan-antonin-novak\/","og_locale":"cs_CZ","og_type":"article","og_title":"Utajen\u00e9 aktivity nacist\u016f| Jan Anton\u00edn Nov\u00e1k - BOOKHOUSE.cz","og_description":"O tom, co prov\u00e1d\u011bli nacist\u00e9 b\u011bhem druh\u00e9 sv\u011btov\u00e9 v\u00e1lky na \u00fazem\u00ed \u010cesk\u00e9 republiky, koluj\u00ed ty nejdivo\u010dej\u0161\u00ed legendy.","og_url":"https:\/\/bookhouse.cz\/index.php\/2026\/01\/27\/utajene-aktivity-nacistu-jan-antonin-novak\/","og_site_name":"BOOKHOUSE.cz","article_publisher":"https:\/\/www.facebook.com\/bookhousecz","article_published_time":"2026-01-26T23:01:00+00:00","article_modified_time":"2025-12-31T13:47:00+00:00","og_image":[{"width":503,"height":342,"url":"https:\/\/bookhouse.cz\/wp-content\/uploads\/2025\/12\/p9788076955981-utajene-aktivity-nacistu_-1_-1_377028-3.jpg","type":"image\/jpeg"}],"author":"Martina Pechov\u00e1","twitter_card":"summary_large_image","twitter_misc":{"Napsal(a)":"Martina Pechov\u00e1","Odhadovan\u00e1 doba \u010dten\u00ed":"1 minuta"},"schema":{"@context":"https:\/\/schema.org","@graph":[{"@type":"Article","@id":"https:\/\/bookhouse.cz\/index.php\/2026\/01\/27\/utajene-aktivity-nacistu-jan-antonin-novak\/#article","isPartOf":{"@id":"https:\/\/bookhouse.cz\/index.php\/2026\/01\/27\/utajene-aktivity-nacistu-jan-antonin-novak\/"},"author":{"name":"Martina Pechov\u00e1","@id":"https:\/\/bookhouse.cz\/#\/schema\/person\/f34350c4206dd14422181c0fbd0922a3"},"headline":"Utajen\u00e9 aktivity nacist\u016f| Jan Anton\u00edn Nov\u00e1k","datePublished":"2026-01-26T23:01:00+00:00","dateModified":"2025-12-31T13:47:00+00:00","mainEntityOfPage":{"@id":"https:\/\/bookhouse.cz\/index.php\/2026\/01\/27\/utajene-aktivity-nacistu-jan-antonin-novak\/"},"wordCount":123,"publisher":{"@id":"https:\/\/bookhouse.cz\/#organization"},"articleSection":["HISTORIE","NEWS"],"inLanguage":"cs"},{"@type":"WebPage","@id":"https:\/\/bookhouse.cz\/index.php\/2026\/01\/27\/utajene-aktivity-nacistu-jan-antonin-novak\/","url":"https:\/\/bookhouse.cz\/index.php\/2026\/01\/27\/utajene-aktivity-nacistu-jan-antonin-novak\/","name":"Utajen\u00e9 aktivity nacist\u016f| Jan Anton\u00edn Nov\u00e1k - BOOKHOUSE.cz","isPartOf":{"@id":"https:\/\/bookhouse.cz\/#website"},"datePublished":"2026-01-26T23:01:00+00:00","dateModified":"2025-12-31T13:47:00+00:00","description":"O tom, co prov\u00e1d\u011bli nacist\u00e9 b\u011bhem druh\u00e9 sv\u011btov\u00e9 v\u00e1lky na \u00fazem\u00ed \u010cesk\u00e9 republiky, koluj\u00ed ty nejdivo\u010dej\u0161\u00ed legendy.","breadcrumb":{"@id":"https:\/\/bookhouse.cz\/index.php\/2026\/01\/27\/utajene-aktivity-nacistu-jan-antonin-novak\/#breadcrumb"},"inLanguage":"cs","potentialAction":[{"@type":"ReadAction","target":["https:\/\/bookhouse.cz\/index.php\/2026\/01\/27\/utajene-aktivity-nacistu-jan-antonin-novak\/"]}]},{"@type":"BreadcrumbList","@id":"https:\/\/bookhouse.cz\/index.php\/2026\/01\/27\/utajene-aktivity-nacistu-jan-antonin-novak\/#breadcrumb","itemListElement":[{"@type":"ListItem","position":1,"name":"Dom\u016f","item":"https:\/\/bookhouse.cz\/"},{"@type":"ListItem","position":2,"name":"Utajen\u00e9 aktivity nacist\u016f| Jan Anton\u00edn Nov\u00e1k"}]},{"@type":"WebSite","@id":"https:\/\/bookhouse.cz\/#website","url":"https:\/\/bookhouse.cz\/","name":"BOOKHOUSE.cz","description":"Port\u00e1l o kni\u017en\u00edch novink\u00e1ch.","publisher":{"@id":"https:\/\/bookhouse.cz\/#organization"},"potentialAction":[{"@type":"SearchAction","target":{"@type":"EntryPoint","urlTemplate":"https:\/\/bookhouse.cz\/?s={search_term_string}"},"query-input":"required name=search_term_string"}],"inLanguage":"cs"},{"@type":"Organization","@id":"https:\/\/bookhouse.cz\/#organization","name":"BOOKHOUSE.cz","url":"https:\/\/bookhouse.cz\/","logo":{"@type":"ImageObject","inLanguage":"cs","@id":"https:\/\/bookhouse.cz\/#\/schema\/logo\/image\/","url":"https:\/\/bookhouse.cz\/wp-content\/uploads\/2024\/12\/cropped-Logo_BookHouse.jpg","contentUrl":"https:\/\/bookhouse.cz\/wp-content\/uploads\/2024\/12\/cropped-Logo_BookHouse.jpg","width":938,"height":513,"caption":"BOOKHOUSE.cz"},"image":{"@id":"https:\/\/bookhouse.cz\/#\/schema\/logo\/image\/"},"sameAs":["https:\/\/www.facebook.com\/bookhousecz","https:\/\/www.instagram.com\/bookhousecz"]},{"@type":"Person","@id":"https:\/\/bookhouse.cz\/#\/schema\/person\/f34350c4206dd14422181c0fbd0922a3","name":"Martina Pechov\u00e1","image":{"@type":"ImageObject","inLanguage":"cs","@id":"https:\/\/bookhouse.cz\/#\/schema\/person\/image\/","url":"https:\/\/secure.gravatar.com\/avatar\/d3ad7f43789eed68b221d01c6d7ac4e5?s=96&d=mm&r=g","contentUrl":"https:\/\/secure.gravatar.com\/avatar\/d3ad7f43789eed68b221d01c6d7ac4e5?s=96&d=mm&r=g","caption":"Martina Pechov\u00e1"},"sameAs":["http:\/\/BOOKHOUSE.cz"],"url":"https:\/\/bookhouse.cz\/index.php\/author\/marpech\/"}]}},"_links":{"self":[{"href":"https:\/\/bookhouse.cz\/index.php\/wp-json\/wp\/v2\/posts\/9691"}],"collection":[{"href":"https:\/\/bookhouse.cz\/index.php\/wp-json\/wp\/v2\/posts"}],"about":[{"href":"https:\/\/bookhouse.cz\/index.php\/wp-json\/wp\/v2\/types\/post"}],"author":[{"embeddable":true,"href":"https:\/\/bookhouse.cz\/index.php\/wp-json\/wp\/v2\/users\/8"}],"replies":[{"embeddable":true,"href":"https:\/\/bookhouse.cz\/index.php\/wp-json\/wp\/v2\/comments?post=9691"}],"version-history":[{"count":1,"href":"https:\/\/bookhouse.cz\/index.php\/wp-json\/wp\/v2\/posts\/9691\/revisions"}],"predecessor-version":[{"id":9696,"href":"https:\/\/bookhouse.cz\/index.php\/wp-json\/wp\/v2\/posts\/9691\/revisions\/9696"}],"wp:featuredmedia":[{"embeddable":true,"href":"https:\/\/bookhouse.cz\/index.php\/wp-json\/wp\/v2\/media\/9694"}],"wp:attachment":[{"href":"https:\/\/bookhouse.cz\/index.php\/wp-json\/wp\/v2\/media?parent=9691"}],"wp:term":[{"taxonomy":"category","embeddable":true,"href":"https:\/\/bookhouse.cz\/index.php\/wp-json\/wp\/v2\/categories?post=9691"},{"taxonomy":"post_tag","embeddable":true,"href":"https:\/\/bookhouse.cz\/index.php\/wp-json\/wp\/v2\/tags?post=9691"}],"curies":[{"name":"wp","href":"https:\/\/api.w.org\/{rel}","templated":true}]}}