{"id":9556,"date":"2025-12-03T00:01:00","date_gmt":"2025-12-02T23:01:00","guid":{"rendered":"https:\/\/bookhouse.cz\/?p=9556"},"modified":"2025-11-09T15:29:40","modified_gmt":"2025-11-09T14:29:40","slug":"stella-a-strazci-zavoje-katerina-sardicka-dan-kratky","status":"publish","type":"post","link":"https:\/\/bookhouse.cz\/index.php\/2025\/12\/03\/stella-a-strazci-zavoje-katerina-sardicka-dan-kratky\/","title":{"rendered":"Stella a str\u00e1\u017eci z\u00e1voje | Kate\u0159ina \u0160ardick\u00e1,\u00a0Dan Kr\u00e1tk\u00fd"},"content":{"rendered":"\n<div style=\"height:45px\" aria-hidden=\"true\" class=\"wp-block-spacer\"><\/div>\n\n\n\n<p class=\"has-medium-font-size\"><strong>Fantastick\u00e9 komiksov\u00e9 dobrodru\u017estv\u00ed ze skryt\u00e9 Prahy.<\/strong><\/p>\n\n\n\n<div style=\"height:45px\" aria-hidden=\"true\" class=\"wp-block-spacer\"><\/div>\n\n\n<div class=\"wp-block-image\">\n<figure class=\"aligncenter size-full\"><img loading=\"lazy\" decoding=\"async\" width=\"870\" height=\"517\" src=\"https:\/\/bookhouse.cz\/wp-content\/uploads\/2025\/11\/A10110F0005837_Stella-a-strazci-zavoje-2d.jpg\" alt=\"Stella a str\u00e1\u017eci z\u00e1voje\" class=\"wp-image-9560\" srcset=\"https:\/\/bookhouse.cz\/wp-content\/uploads\/2025\/11\/A10110F0005837_Stella-a-strazci-zavoje-2d.jpg 870w, https:\/\/bookhouse.cz\/wp-content\/uploads\/2025\/11\/A10110F0005837_Stella-a-strazci-zavoje-2d-300x178.jpg 300w, https:\/\/bookhouse.cz\/wp-content\/uploads\/2025\/11\/A10110F0005837_Stella-a-strazci-zavoje-2d-768x456.jpg 768w\" sizes=\"(max-width: 870px) 100vw, 870px\" \/><\/figure><\/div>\n\n\n<div style=\"height:45px\" aria-hidden=\"true\" class=\"wp-block-spacer\"><\/div>\n\n\n\n<p class=\"has-medium-font-size\">Stella se pr\u00e1v\u011b p\u0159est\u011bhovala do Prahy a je z toho p\u011bkn\u011b otr\u00e1ven\u00e1. \u0160kola nic moc, m\u011bsto je jedna velk\u00e1 nuda \u2013 star\u00e9 domy, opr\u00fdskan\u00e9 fas\u00e1dy a v\u0161ude sochy. Jen\u017ee pak na p\u016fd\u011b najde n\u011bco, co j\u00ed otev\u0159e o\u010di\u2026 a vstup do jin\u00e9ho sv\u011bta.<\/p>\n\n\n\n<p class=\"has-medium-font-size\">Za oby\u010dejn\u00fdmi fas\u00e1dami je neoby\u010dejn\u011b \u017eivo. Sochy mluv\u00ed, chrli\u010di chrochtaj\u00ed sm\u00edchy a svalnat\u00ed atlanti si st\u011b\u017euj\u00ed na bolav\u00e1 z\u00e1da. Praha toti\u017e ukr\u00fdv\u00e1 druhou, tajnou vrstvu \u2013 sv\u011bt za z\u00e1vojem, kde se pr\u00e1v\u011b schyluje k velk\u00e9 v\u00e1lce mezi kamenn\u00fdmi a kovov\u00fdmi sochami. A jen Stella, nerd Hynek a roztomile drz\u00fd chrli\u010d Severka maj\u00ed \u0161anci zabr\u00e1nit katastrof\u011b.<\/p>\n\n\n\n<p class=\"has-medium-font-size\">P\u0159ipravte se na fantastickou j\u00edzdu Prahou!<\/p>\n\n\n\n<div style=\"height:45px\" aria-hidden=\"true\" class=\"wp-block-spacer\"><\/div>\n\n\n<div class=\"wp-block-image\">\n<figure class=\"aligncenter size-large\"><img loading=\"lazy\" decoding=\"async\" width=\"713\" height=\"1024\" src=\"https:\/\/bookhouse.cz\/wp-content\/uploads\/2025\/11\/A10110F0005837_Stella-a-strazci-zavoje-2d-2-713x1024.jpg\" alt=\"Stella a str\u00e1\u017eci z\u00e1voje\" class=\"wp-image-9559\" srcset=\"https:\/\/bookhouse.cz\/wp-content\/uploads\/2025\/11\/A10110F0005837_Stella-a-strazci-zavoje-2d-2-713x1024.jpg 713w, https:\/\/bookhouse.cz\/wp-content\/uploads\/2025\/11\/A10110F0005837_Stella-a-strazci-zavoje-2d-2-209x300.jpg 209w, https:\/\/bookhouse.cz\/wp-content\/uploads\/2025\/11\/A10110F0005837_Stella-a-strazci-zavoje-2d-2-768x1103.jpg 768w, https:\/\/bookhouse.cz\/wp-content\/uploads\/2025\/11\/A10110F0005837_Stella-a-strazci-zavoje-2d-2.jpg 870w\" sizes=\"(max-width: 713px) 100vw, 713px\" \/><\/figure><\/div>\n\n\n<div style=\"height:45px\" aria-hidden=\"true\" class=\"wp-block-spacer\"><\/div>\n\n\n\n<h2 class=\"wp-block-heading\" id=\"block-d5099aaf-fc1f-4aea-9eb1-4e097e5ca5da\">N\u00e1zev knihy: Stella a str\u00e1\u017eci z\u00e1voje<\/h2>\n\n\n\n<div style=\"height:45px\" aria-hidden=\"true\" class=\"wp-block-spacer\"><\/div>\n\n\n\n<p class=\"has-medium-font-size\" id=\"block-f563f394-4ca1-47f0-b136-5ffe5b4f4d1c\"><strong>Autor:<\/strong>\u00a0Kate\u0159ina \u0160ardick\u00e1,\u00a0Dan Kr\u00e1tk\u00fd<\/p>\n\n\n\n<p class=\"has-medium-font-size\" id=\"block-30e75497-0af9-41c7-9cd2-0d7e7f286ca8\"><strong>Po\u010det stran \/ vazba:<\/strong>\u00a0112 stran \/ Bro\u017eovan\u00e1 vazba lepen\u00e1<\/p>\n\n\n\n<p class=\"has-medium-font-size\" id=\"block-6061cabd-fa38-4434-b0be-477ed69294ec\"><strong>Doporu\u010den\u00e1<\/strong>\u00a0<strong>cena:<\/strong>\u00a0349 K\u010d<\/p>\n\n\n\n<p class=\"has-medium-font-size\" id=\"block-bf00762f-3f26-4bb9-9a78-6955ce7d639d\"><strong>Vydalo<\/strong>:&nbsp;Nakladatelstv\u00ed Albatros<\/p>\n\n\n\n<p class=\"has-medium-font-size\"><strong>V\u00edce informac\u00ed na:&nbsp;<\/strong><a href=\"http:\/\/www.albatrosmedia.cz\/\"><strong>www.albatrosmedia.cz<\/strong><\/a><\/p>\n\n\n\n<div style=\"height:45px\" aria-hidden=\"true\" class=\"wp-block-spacer\"><\/div>\n\n\n\n<p class=\"has-medium-font-size\" id=\"block-78735c9f-8b0d-4f1e-a3f4-81a23eadb822\"><strong>Zdroj foto:<\/strong>&nbsp;Albatros<\/p>\n\n\n\n<div style=\"height:150px\" aria-hidden=\"true\" class=\"wp-block-spacer\"><\/div>\n","protected":false},"excerpt":{"rendered":"<p>Fantastick\u00e9 komiksov\u00e9 dobrodru\u017estv\u00ed ze skryt\u00e9 Prahy. Stella se pr\u00e1v\u011b p\u0159est\u011bhovala do Prahy a je z toho p\u011bkn\u011b otr\u00e1ven\u00e1. \u0160kola nic moc, m\u011bsto je jedna velk\u00e1 nuda \u2013 star\u00e9 domy, opr\u00fdskan\u00e9 fas\u00e1dy a v\u0161ude sochy.&#46;&#46;&#46;<\/p>\n","protected":false},"author":8,"featured_media":9560,"comment_status":"closed","ping_status":"closed","sticky":false,"template":"","format":"standard","meta":{"_monsterinsights_skip_tracking":false,"_monsterinsights_sitenote_active":false,"_monsterinsights_sitenote_note":"","_monsterinsights_sitenote_category":0,"footnotes":""},"categories":[7,28,18,3],"tags":[],"yoast_head":"<!-- This site is optimized with the Yoast SEO plugin v21.5 - https:\/\/yoast.com\/wordpress\/plugins\/seo\/ -->\n<title>Stella a str\u00e1\u017eci z\u00e1voje | Kate\u0159ina \u0160ardick\u00e1,\u00a0Dan Kr\u00e1tk\u00fd - BOOKHOUSE.cz<\/title>\n<meta name=\"description\" content=\"Fantastick\u00e9 komiksov\u00e9 dobrodru\u017estv\u00ed ze skryt\u00e9 Prahy. Stella se pr\u00e1v\u011b p\u0159est\u011bhovala do Prahy a je z toho p\u011bkn\u011b otr\u00e1ven\u00e1.\" \/>\n<meta name=\"robots\" content=\"index, follow, max-snippet:-1, max-image-preview:large, max-video-preview:-1\" \/>\n<link rel=\"canonical\" href=\"https:\/\/bookhouse.cz\/index.php\/2025\/12\/03\/stella-a-strazci-zavoje-katerina-sardicka-dan-kratky\/\" \/>\n<meta property=\"og:locale\" content=\"cs_CZ\" \/>\n<meta property=\"og:type\" content=\"article\" \/>\n<meta property=\"og:title\" content=\"Stella a str\u00e1\u017eci z\u00e1voje | Kate\u0159ina \u0160ardick\u00e1,\u00a0Dan Kr\u00e1tk\u00fd - BOOKHOUSE.cz\" \/>\n<meta property=\"og:description\" content=\"Fantastick\u00e9 komiksov\u00e9 dobrodru\u017estv\u00ed ze skryt\u00e9 Prahy. Stella se pr\u00e1v\u011b p\u0159est\u011bhovala do Prahy a je z toho p\u011bkn\u011b otr\u00e1ven\u00e1.\" \/>\n<meta property=\"og:url\" content=\"https:\/\/bookhouse.cz\/index.php\/2025\/12\/03\/stella-a-strazci-zavoje-katerina-sardicka-dan-kratky\/\" \/>\n<meta property=\"og:site_name\" content=\"BOOKHOUSE.cz\" \/>\n<meta property=\"article:publisher\" content=\"https:\/\/www.facebook.com\/bookhousecz\" \/>\n<meta property=\"article:published_time\" content=\"2025-12-02T23:01:00+00:00\" \/>\n<meta property=\"article:modified_time\" content=\"2025-11-09T14:29:40+00:00\" \/>\n<meta property=\"og:image\" content=\"https:\/\/bookhouse.cz\/wp-content\/uploads\/2025\/11\/A10110F0005837_Stella-a-strazci-zavoje-2d.jpg\" \/>\n\t<meta property=\"og:image:width\" content=\"870\" \/>\n\t<meta property=\"og:image:height\" content=\"517\" \/>\n\t<meta property=\"og:image:type\" content=\"image\/jpeg\" \/>\n<meta name=\"author\" content=\"Martina Pechov\u00e1\" \/>\n<meta name=\"twitter:card\" content=\"summary_large_image\" \/>\n<meta name=\"twitter:label1\" content=\"Napsal(a)\" \/>\n\t<meta name=\"twitter:data1\" content=\"Martina Pechov\u00e1\" \/>\n\t<meta name=\"twitter:label2\" content=\"Odhadovan\u00e1 doba \u010dten\u00ed\" \/>\n\t<meta name=\"twitter:data2\" content=\"2 minuty\" \/>\n<script type=\"application\/ld+json\" class=\"yoast-schema-graph\">{\"@context\":\"https:\/\/schema.org\",\"@graph\":[{\"@type\":\"Article\",\"@id\":\"https:\/\/bookhouse.cz\/index.php\/2025\/12\/03\/stella-a-strazci-zavoje-katerina-sardicka-dan-kratky\/#article\",\"isPartOf\":{\"@id\":\"https:\/\/bookhouse.cz\/index.php\/2025\/12\/03\/stella-a-strazci-zavoje-katerina-sardicka-dan-kratky\/\"},\"author\":{\"name\":\"Martina Pechov\u00e1\",\"@id\":\"https:\/\/bookhouse.cz\/#\/schema\/person\/f34350c4206dd14422181c0fbd0922a3\"},\"headline\":\"Stella a str\u00e1\u017eci z\u00e1voje | Kate\u0159ina \u0160ardick\u00e1,\u00a0Dan Kr\u00e1tk\u00fd\",\"datePublished\":\"2025-12-02T23:01:00+00:00\",\"dateModified\":\"2025-11-09T14:29:40+00:00\",\"mainEntityOfPage\":{\"@id\":\"https:\/\/bookhouse.cz\/index.php\/2025\/12\/03\/stella-a-strazci-zavoje-katerina-sardicka-dan-kratky\/\"},\"wordCount\":200,\"publisher\":{\"@id\":\"https:\/\/bookhouse.cz\/#organization\"},\"articleSection\":[\"D\u011aTI a ML\u00c1DE\u017d\",\"FANTASY\",\"KOMIKSY\",\"NEWS\"],\"inLanguage\":\"cs\"},{\"@type\":\"WebPage\",\"@id\":\"https:\/\/bookhouse.cz\/index.php\/2025\/12\/03\/stella-a-strazci-zavoje-katerina-sardicka-dan-kratky\/\",\"url\":\"https:\/\/bookhouse.cz\/index.php\/2025\/12\/03\/stella-a-strazci-zavoje-katerina-sardicka-dan-kratky\/\",\"name\":\"Stella a str\u00e1\u017eci z\u00e1voje | Kate\u0159ina \u0160ardick\u00e1,\u00a0Dan Kr\u00e1tk\u00fd - BOOKHOUSE.cz\",\"isPartOf\":{\"@id\":\"https:\/\/bookhouse.cz\/#website\"},\"datePublished\":\"2025-12-02T23:01:00+00:00\",\"dateModified\":\"2025-11-09T14:29:40+00:00\",\"description\":\"Fantastick\u00e9 komiksov\u00e9 dobrodru\u017estv\u00ed ze skryt\u00e9 Prahy. Stella se pr\u00e1v\u011b p\u0159est\u011bhovala do Prahy a je z toho p\u011bkn\u011b otr\u00e1ven\u00e1.\",\"breadcrumb\":{\"@id\":\"https:\/\/bookhouse.cz\/index.php\/2025\/12\/03\/stella-a-strazci-zavoje-katerina-sardicka-dan-kratky\/#breadcrumb\"},\"inLanguage\":\"cs\",\"potentialAction\":[{\"@type\":\"ReadAction\",\"target\":[\"https:\/\/bookhouse.cz\/index.php\/2025\/12\/03\/stella-a-strazci-zavoje-katerina-sardicka-dan-kratky\/\"]}]},{\"@type\":\"BreadcrumbList\",\"@id\":\"https:\/\/bookhouse.cz\/index.php\/2025\/12\/03\/stella-a-strazci-zavoje-katerina-sardicka-dan-kratky\/#breadcrumb\",\"itemListElement\":[{\"@type\":\"ListItem\",\"position\":1,\"name\":\"Dom\u016f\",\"item\":\"https:\/\/bookhouse.cz\/\"},{\"@type\":\"ListItem\",\"position\":2,\"name\":\"Stella a str\u00e1\u017eci z\u00e1voje | Kate\u0159ina \u0160ardick\u00e1,\u00a0Dan Kr\u00e1tk\u00fd\"}]},{\"@type\":\"WebSite\",\"@id\":\"https:\/\/bookhouse.cz\/#website\",\"url\":\"https:\/\/bookhouse.cz\/\",\"name\":\"BOOKHOUSE.cz\",\"description\":\"Port\u00e1l o kni\u017en\u00edch novink\u00e1ch.\",\"publisher\":{\"@id\":\"https:\/\/bookhouse.cz\/#organization\"},\"potentialAction\":[{\"@type\":\"SearchAction\",\"target\":{\"@type\":\"EntryPoint\",\"urlTemplate\":\"https:\/\/bookhouse.cz\/?s={search_term_string}\"},\"query-input\":\"required name=search_term_string\"}],\"inLanguage\":\"cs\"},{\"@type\":\"Organization\",\"@id\":\"https:\/\/bookhouse.cz\/#organization\",\"name\":\"BOOKHOUSE.cz\",\"url\":\"https:\/\/bookhouse.cz\/\",\"logo\":{\"@type\":\"ImageObject\",\"inLanguage\":\"cs\",\"@id\":\"https:\/\/bookhouse.cz\/#\/schema\/logo\/image\/\",\"url\":\"https:\/\/bookhouse.cz\/wp-content\/uploads\/2024\/12\/cropped-Logo_BookHouse.jpg\",\"contentUrl\":\"https:\/\/bookhouse.cz\/wp-content\/uploads\/2024\/12\/cropped-Logo_BookHouse.jpg\",\"width\":938,\"height\":513,\"caption\":\"BOOKHOUSE.cz\"},\"image\":{\"@id\":\"https:\/\/bookhouse.cz\/#\/schema\/logo\/image\/\"},\"sameAs\":[\"https:\/\/www.facebook.com\/bookhousecz\",\"https:\/\/www.instagram.com\/bookhousecz\"]},{\"@type\":\"Person\",\"@id\":\"https:\/\/bookhouse.cz\/#\/schema\/person\/f34350c4206dd14422181c0fbd0922a3\",\"name\":\"Martina Pechov\u00e1\",\"image\":{\"@type\":\"ImageObject\",\"inLanguage\":\"cs\",\"@id\":\"https:\/\/bookhouse.cz\/#\/schema\/person\/image\/\",\"url\":\"https:\/\/secure.gravatar.com\/avatar\/d3ad7f43789eed68b221d01c6d7ac4e5?s=96&d=mm&r=g\",\"contentUrl\":\"https:\/\/secure.gravatar.com\/avatar\/d3ad7f43789eed68b221d01c6d7ac4e5?s=96&d=mm&r=g\",\"caption\":\"Martina Pechov\u00e1\"},\"sameAs\":[\"http:\/\/BOOKHOUSE.cz\"],\"url\":\"https:\/\/bookhouse.cz\/index.php\/author\/marpech\/\"}]}<\/script>\n<!-- \/ Yoast SEO plugin. -->","yoast_head_json":{"title":"Stella a str\u00e1\u017eci z\u00e1voje | Kate\u0159ina \u0160ardick\u00e1,\u00a0Dan Kr\u00e1tk\u00fd - BOOKHOUSE.cz","description":"Fantastick\u00e9 komiksov\u00e9 dobrodru\u017estv\u00ed ze skryt\u00e9 Prahy. Stella se pr\u00e1v\u011b p\u0159est\u011bhovala do Prahy a je z toho p\u011bkn\u011b otr\u00e1ven\u00e1.","robots":{"index":"index","follow":"follow","max-snippet":"max-snippet:-1","max-image-preview":"max-image-preview:large","max-video-preview":"max-video-preview:-1"},"canonical":"https:\/\/bookhouse.cz\/index.php\/2025\/12\/03\/stella-a-strazci-zavoje-katerina-sardicka-dan-kratky\/","og_locale":"cs_CZ","og_type":"article","og_title":"Stella a str\u00e1\u017eci z\u00e1voje | Kate\u0159ina \u0160ardick\u00e1,\u00a0Dan Kr\u00e1tk\u00fd - BOOKHOUSE.cz","og_description":"Fantastick\u00e9 komiksov\u00e9 dobrodru\u017estv\u00ed ze skryt\u00e9 Prahy. Stella se pr\u00e1v\u011b p\u0159est\u011bhovala do Prahy a je z toho p\u011bkn\u011b otr\u00e1ven\u00e1.","og_url":"https:\/\/bookhouse.cz\/index.php\/2025\/12\/03\/stella-a-strazci-zavoje-katerina-sardicka-dan-kratky\/","og_site_name":"BOOKHOUSE.cz","article_publisher":"https:\/\/www.facebook.com\/bookhousecz","article_published_time":"2025-12-02T23:01:00+00:00","article_modified_time":"2025-11-09T14:29:40+00:00","og_image":[{"width":870,"height":517,"url":"https:\/\/bookhouse.cz\/wp-content\/uploads\/2025\/11\/A10110F0005837_Stella-a-strazci-zavoje-2d.jpg","type":"image\/jpeg"}],"author":"Martina Pechov\u00e1","twitter_card":"summary_large_image","twitter_misc":{"Napsal(a)":"Martina Pechov\u00e1","Odhadovan\u00e1 doba \u010dten\u00ed":"2 minuty"},"schema":{"@context":"https:\/\/schema.org","@graph":[{"@type":"Article","@id":"https:\/\/bookhouse.cz\/index.php\/2025\/12\/03\/stella-a-strazci-zavoje-katerina-sardicka-dan-kratky\/#article","isPartOf":{"@id":"https:\/\/bookhouse.cz\/index.php\/2025\/12\/03\/stella-a-strazci-zavoje-katerina-sardicka-dan-kratky\/"},"author":{"name":"Martina Pechov\u00e1","@id":"https:\/\/bookhouse.cz\/#\/schema\/person\/f34350c4206dd14422181c0fbd0922a3"},"headline":"Stella a str\u00e1\u017eci z\u00e1voje | Kate\u0159ina \u0160ardick\u00e1,\u00a0Dan Kr\u00e1tk\u00fd","datePublished":"2025-12-02T23:01:00+00:00","dateModified":"2025-11-09T14:29:40+00:00","mainEntityOfPage":{"@id":"https:\/\/bookhouse.cz\/index.php\/2025\/12\/03\/stella-a-strazci-zavoje-katerina-sardicka-dan-kratky\/"},"wordCount":200,"publisher":{"@id":"https:\/\/bookhouse.cz\/#organization"},"articleSection":["D\u011aTI a ML\u00c1DE\u017d","FANTASY","KOMIKSY","NEWS"],"inLanguage":"cs"},{"@type":"WebPage","@id":"https:\/\/bookhouse.cz\/index.php\/2025\/12\/03\/stella-a-strazci-zavoje-katerina-sardicka-dan-kratky\/","url":"https:\/\/bookhouse.cz\/index.php\/2025\/12\/03\/stella-a-strazci-zavoje-katerina-sardicka-dan-kratky\/","name":"Stella a str\u00e1\u017eci z\u00e1voje | Kate\u0159ina \u0160ardick\u00e1,\u00a0Dan Kr\u00e1tk\u00fd - BOOKHOUSE.cz","isPartOf":{"@id":"https:\/\/bookhouse.cz\/#website"},"datePublished":"2025-12-02T23:01:00+00:00","dateModified":"2025-11-09T14:29:40+00:00","description":"Fantastick\u00e9 komiksov\u00e9 dobrodru\u017estv\u00ed ze skryt\u00e9 Prahy. Stella se pr\u00e1v\u011b p\u0159est\u011bhovala do Prahy a je z toho p\u011bkn\u011b otr\u00e1ven\u00e1.","breadcrumb":{"@id":"https:\/\/bookhouse.cz\/index.php\/2025\/12\/03\/stella-a-strazci-zavoje-katerina-sardicka-dan-kratky\/#breadcrumb"},"inLanguage":"cs","potentialAction":[{"@type":"ReadAction","target":["https:\/\/bookhouse.cz\/index.php\/2025\/12\/03\/stella-a-strazci-zavoje-katerina-sardicka-dan-kratky\/"]}]},{"@type":"BreadcrumbList","@id":"https:\/\/bookhouse.cz\/index.php\/2025\/12\/03\/stella-a-strazci-zavoje-katerina-sardicka-dan-kratky\/#breadcrumb","itemListElement":[{"@type":"ListItem","position":1,"name":"Dom\u016f","item":"https:\/\/bookhouse.cz\/"},{"@type":"ListItem","position":2,"name":"Stella a str\u00e1\u017eci z\u00e1voje | Kate\u0159ina \u0160ardick\u00e1,\u00a0Dan Kr\u00e1tk\u00fd"}]},{"@type":"WebSite","@id":"https:\/\/bookhouse.cz\/#website","url":"https:\/\/bookhouse.cz\/","name":"BOOKHOUSE.cz","description":"Port\u00e1l o kni\u017en\u00edch novink\u00e1ch.","publisher":{"@id":"https:\/\/bookhouse.cz\/#organization"},"potentialAction":[{"@type":"SearchAction","target":{"@type":"EntryPoint","urlTemplate":"https:\/\/bookhouse.cz\/?s={search_term_string}"},"query-input":"required name=search_term_string"}],"inLanguage":"cs"},{"@type":"Organization","@id":"https:\/\/bookhouse.cz\/#organization","name":"BOOKHOUSE.cz","url":"https:\/\/bookhouse.cz\/","logo":{"@type":"ImageObject","inLanguage":"cs","@id":"https:\/\/bookhouse.cz\/#\/schema\/logo\/image\/","url":"https:\/\/bookhouse.cz\/wp-content\/uploads\/2024\/12\/cropped-Logo_BookHouse.jpg","contentUrl":"https:\/\/bookhouse.cz\/wp-content\/uploads\/2024\/12\/cropped-Logo_BookHouse.jpg","width":938,"height":513,"caption":"BOOKHOUSE.cz"},"image":{"@id":"https:\/\/bookhouse.cz\/#\/schema\/logo\/image\/"},"sameAs":["https:\/\/www.facebook.com\/bookhousecz","https:\/\/www.instagram.com\/bookhousecz"]},{"@type":"Person","@id":"https:\/\/bookhouse.cz\/#\/schema\/person\/f34350c4206dd14422181c0fbd0922a3","name":"Martina Pechov\u00e1","image":{"@type":"ImageObject","inLanguage":"cs","@id":"https:\/\/bookhouse.cz\/#\/schema\/person\/image\/","url":"https:\/\/secure.gravatar.com\/avatar\/d3ad7f43789eed68b221d01c6d7ac4e5?s=96&d=mm&r=g","contentUrl":"https:\/\/secure.gravatar.com\/avatar\/d3ad7f43789eed68b221d01c6d7ac4e5?s=96&d=mm&r=g","caption":"Martina Pechov\u00e1"},"sameAs":["http:\/\/BOOKHOUSE.cz"],"url":"https:\/\/bookhouse.cz\/index.php\/author\/marpech\/"}]}},"_links":{"self":[{"href":"https:\/\/bookhouse.cz\/index.php\/wp-json\/wp\/v2\/posts\/9556"}],"collection":[{"href":"https:\/\/bookhouse.cz\/index.php\/wp-json\/wp\/v2\/posts"}],"about":[{"href":"https:\/\/bookhouse.cz\/index.php\/wp-json\/wp\/v2\/types\/post"}],"author":[{"embeddable":true,"href":"https:\/\/bookhouse.cz\/index.php\/wp-json\/wp\/v2\/users\/8"}],"replies":[{"embeddable":true,"href":"https:\/\/bookhouse.cz\/index.php\/wp-json\/wp\/v2\/comments?post=9556"}],"version-history":[{"count":1,"href":"https:\/\/bookhouse.cz\/index.php\/wp-json\/wp\/v2\/posts\/9556\/revisions"}],"predecessor-version":[{"id":9561,"href":"https:\/\/bookhouse.cz\/index.php\/wp-json\/wp\/v2\/posts\/9556\/revisions\/9561"}],"wp:featuredmedia":[{"embeddable":true,"href":"https:\/\/bookhouse.cz\/index.php\/wp-json\/wp\/v2\/media\/9560"}],"wp:attachment":[{"href":"https:\/\/bookhouse.cz\/index.php\/wp-json\/wp\/v2\/media?parent=9556"}],"wp:term":[{"taxonomy":"category","embeddable":true,"href":"https:\/\/bookhouse.cz\/index.php\/wp-json\/wp\/v2\/categories?post=9556"},{"taxonomy":"post_tag","embeddable":true,"href":"https:\/\/bookhouse.cz\/index.php\/wp-json\/wp\/v2\/tags?post=9556"}],"curies":[{"name":"wp","href":"https:\/\/api.w.org\/{rel}","templated":true}]}}