{"id":9467,"date":"2025-11-11T00:01:00","date_gmt":"2025-11-10T23:01:00","guid":{"rendered":"https:\/\/bookhouse.cz\/?p=9467"},"modified":"2025-11-01T17:33:50","modified_gmt":"2025-11-01T16:33:50","slug":"originalni-ilustrovana-kniha-o-ceske-divocine-idealni-vanocni-darek-ktery-vezme-za-srdce","status":"publish","type":"post","link":"https:\/\/bookhouse.cz\/index.php\/2025\/11\/11\/originalni-ilustrovana-kniha-o-ceske-divocine-idealni-vanocni-darek-ktery-vezme-za-srdce\/","title":{"rendered":"Origin\u00e1ln\u00ed ilustrovan\u00e1 kniha o \u010desk\u00e9 divo\u010din\u011b &#8211; ide\u00e1ln\u00ed v\u00e1no\u010dn\u00ed d\u00e1rek, kter\u00fd vezme za srdce"},"content":{"rendered":"\n<div style=\"height:45px\" aria-hidden=\"true\" class=\"wp-block-spacer\"><\/div>\n\n\n\n<p class=\"has-medium-font-size\"><strong>Letos v kv\u011btnu vy\u0161la nov\u00e1, bohat\u011b ilustrovan\u00e1 kniha s n\u00e1zvem <\/strong><a href=\"https:\/\/namysli.com\/hra_o_klima\/divocina\/\"><strong>V rem\u00edzku je divo\u010dina<\/strong><\/a><strong>, kter\u00e1 slou\u017e\u00ed z\u00e1rove\u0148 i jako origin\u00e1ln\u00ed pr\u016fvodce \u010deskou p\u0159\u00edrodou nejen pro d\u011bti. Kniha si od sv\u00e9ho vyd\u00e1n\u00ed z\u00edsk\u00e1v\u00e1 srdce \u010dten\u00e1\u0159\u016f v\u0161ech v\u011bkov\u00fdch kategori\u00ed a mohla by se st\u00e1t i zaj\u00edmav\u00fdm tipem na v\u00e1no\u010dn\u00ed d\u00e1rek pro v\u0161echny milovn\u00edky p\u0159\u00edrody.<\/strong><\/p>\n\n\n\n<div style=\"height:45px\" aria-hidden=\"true\" class=\"wp-block-spacer\"><\/div>\n\n\n<div class=\"wp-block-image\">\n<figure class=\"aligncenter size-full\"><img loading=\"lazy\" decoding=\"async\" width=\"872\" height=\"489\" src=\"https:\/\/bookhouse.cz\/wp-content\/uploads\/2025\/10\/v-remizku-je-divocina2.jpg\" alt=\"V\u00a0rem\u00edzku je divo\u010dina\" class=\"wp-image-9468\" srcset=\"https:\/\/bookhouse.cz\/wp-content\/uploads\/2025\/10\/v-remizku-je-divocina2.jpg 872w, https:\/\/bookhouse.cz\/wp-content\/uploads\/2025\/10\/v-remizku-je-divocina2-300x168.jpg 300w, https:\/\/bookhouse.cz\/wp-content\/uploads\/2025\/10\/v-remizku-je-divocina2-768x431.jpg 768w\" sizes=\"(max-width: 872px) 100vw, 872px\" \/><\/figure><\/div>\n\n\n<div style=\"height:45px\" aria-hidden=\"true\" class=\"wp-block-spacer\"><\/div>\n\n\n\n<p class=\"has-medium-font-size\">S unik\u00e1tn\u00edm konceptem knihy p\u0159i\u0161el jej\u00ed autor Ji\u0159\u00ed Bene\u0161, popul\u00e1rn\u00ed ochr\u00e1nce p\u0159\u00edrody a dvojn\u00e1sobn\u00fd laure\u00e1t Ceny Olomouck\u00e9ho kraje, kter\u00fd pro spolupr\u00e1ci oslovil ilustr\u00e1torku Stanislavu Pajonkovou. Ji\u0159\u00ed Bene\u0161 bohu\u017eel v druh\u00e9 polovin\u011b roku 2023 n\u00e1hle zem\u0159el, dokon\u010den\u00ed knihy se tak spolu s ilustr\u00e1torkou ujaly Ester Dobi\u00e1\u0161ov\u00e1, Jana Klou\u010dkov\u00e1 Kudrnov\u00e1 a t\u00fdm organizace Na mysli, s n\u00ed\u017e Ji\u0159\u00ed Bene\u0161 \u00fazce spolupracoval.<\/p>\n\n\n\n<p class=\"has-medium-font-size\">Kniha V rem\u00edzku je divo\u010dina vynik\u00e1 detailn\u00edmi ru\u010dn\u011b malovan\u00fdmi akvarelov\u00fdmi ilustracemi Stanislavy Pajonkov\u00e9 a seznamuje \u010dten\u00e1\u0159e s vz\u00e1cn\u00fdmi a ohro\u017een\u00fdmi \u017eivo\u010di\u0161n\u00fdmi druhy, kter\u00e9 lze st\u00e1le je\u0161t\u011b spat\u0159it v \u010desk\u00e9 krajin\u011b \u2013 od majest\u00e1tn\u00edch zubr\u016f a rys\u016f p\u0159es pestrobarevn\u00e9 vlhy a\u017e po tajemn\u00e9 li\u0161aje a smaragdov\u00e9 je\u0161t\u011brky. Na ka\u017ed\u00e9 dvojstran\u011b p\u0159edstavuje jeden ohro\u017een\u00fd druh s praktick\u00fdmi informacemi o tom, kde ho lze v \u010cesk\u00e9 republice pozorovat nebo jak vytvo\u0159it vhodn\u00fd biotop pro jeho p\u0159e\u017eit\u00ed.<\/p>\n\n\n\n<div style=\"height:45px\" aria-hidden=\"true\" class=\"wp-block-spacer\"><\/div>\n\n\n\n<figure class=\"wp-block-gallery has-nested-images columns-default is-cropped wp-block-gallery-1 is-layout-flex wp-block-gallery-is-layout-flex\">\n<figure class=\"wp-block-image size-large\"><img loading=\"lazy\" decoding=\"async\" width=\"712\" height=\"535\" data-id=\"9473\" src=\"https:\/\/bookhouse.cz\/wp-content\/uploads\/2025\/10\/pestrokridlec.jpg\" alt=\"V\u00a0rem\u00edzku je divo\u010dina\" class=\"wp-image-9473\" srcset=\"https:\/\/bookhouse.cz\/wp-content\/uploads\/2025\/10\/pestrokridlec.jpg 712w, https:\/\/bookhouse.cz\/wp-content\/uploads\/2025\/10\/pestrokridlec-300x225.jpg 300w\" sizes=\"(max-width: 712px) 100vw, 712px\" \/><\/figure>\n\n\n\n<figure class=\"wp-block-image size-full\"><img loading=\"lazy\" decoding=\"async\" width=\"716\" height=\"542\" data-id=\"9471\" src=\"https:\/\/bookhouse.cz\/wp-content\/uploads\/2025\/10\/jerab.jpg\" alt=\"V\u00a0rem\u00edzku je divo\u010dina\" class=\"wp-image-9471\" srcset=\"https:\/\/bookhouse.cz\/wp-content\/uploads\/2025\/10\/jerab.jpg 716w, https:\/\/bookhouse.cz\/wp-content\/uploads\/2025\/10\/jerab-300x227.jpg 300w\" sizes=\"(max-width: 716px) 100vw, 716px\" \/><\/figure>\n<\/figure>\n\n\n\n<div style=\"height:45px\" aria-hidden=\"true\" class=\"wp-block-spacer\"><\/div>\n\n\n\n<h2 class=\"wp-block-heading\">Nad\u0161en\u00e9 reakce d\u011bt\u00ed i u\u010ditelek<\/h2>\n\n\n\n<div style=\"height:21px\" aria-hidden=\"true\" class=\"wp-block-spacer\"><\/div>\n\n\n\n<p class=\"has-medium-font-size\">\u201eKniha V rem\u00edzku je divo\u010dina n\u00e1s prov\u00e1zela b\u011bhem na\u0161eho p\u0159\u00edm\u011bstsk\u00e9ho t\u00e1bora. D\u011bti si ji opravdu u\u017eily \u2013 zaujal je nejen poutav\u00fd text, ale tak\u00e9 kr\u00e1sn\u00e9 ilustrace, kter\u00e9 n\u00e1m pomohly je\u0161t\u011b v\u00edc se pono\u0159it do p\u0159\u00edb\u011bhu a sv\u011bta zv\u00ed\u0159at. M\u011bli jsme nav\u00edc to \u0161t\u011bst\u00ed, \u017ee jsme n\u011bkter\u00e9 ze zv\u00ed\u0159ec\u00edch obyvatel rem\u00edzku skute\u010dn\u011b zahl\u00e9dli na vlastn\u00ed o\u010di \u2013 bylo to velmi siln\u00e9 a inspirativn\u00ed. Va\u0161e kniha n\u00e1m pomohla citliv\u011b propojit sv\u011bt literatury s p\u0159\u00edrodou kolem n\u00e1s,&#8220; sd\u00edl\u00ed svou zku\u0161enost \u0160\u00e1rka Kymlov\u00e1 z Lesn\u00edho klubu \u00dal.<\/p>\n\n\n\n<p class=\"has-medium-font-size\">\u201ePozitivn\u00ed reakce \u010dten\u00e1\u0159\u016f n\u00e1s ohromn\u011b t\u011b\u0161\u00ed \u2013 u\u010ditel\u00e9 i vedouc\u00ed krou\u017ek\u016f n\u00e1m p\u00ed\u0161ou, \u017ee d\u011bti si ji prohl\u00ed\u017eej\u00ed s velk\u00fdm nad\u0161en\u00edm, \u017ee je kr\u00e1sn\u00e1 a \u017ee u\u017e se t\u011b\u0161\u00ed, a\u017e bude d\u011blat radost dal\u0161\u00edm a dal\u0161\u00edm \u010dten\u00e1\u0159\u016fm. To je pro n\u00e1s to nejlep\u0161\u00ed ocen\u011bn\u00ed Jirkovy pr\u00e1ce,&#8220; \u0159\u00edkaj\u00ed Viktorie Tenzerov\u00e1 a Stanislava Tomkov\u00e1 za t\u00fdm organizace Na mysli.<\/p>\n\n\n\n<div style=\"height:45px\" aria-hidden=\"true\" class=\"wp-block-spacer\"><\/div>\n\n\n<div class=\"wp-block-image\">\n<figure class=\"aligncenter size-full\"><img loading=\"lazy\" decoding=\"async\" width=\"791\" height=\"431\" src=\"https:\/\/bookhouse.cz\/wp-content\/uploads\/2025\/10\/v-remizku-je-divocina.jpg\" alt=\"V\u00a0rem\u00edzku je divo\u010dina\" class=\"wp-image-9470\" srcset=\"https:\/\/bookhouse.cz\/wp-content\/uploads\/2025\/10\/v-remizku-je-divocina.jpg 791w, https:\/\/bookhouse.cz\/wp-content\/uploads\/2025\/10\/v-remizku-je-divocina-300x163.jpg 300w, https:\/\/bookhouse.cz\/wp-content\/uploads\/2025\/10\/v-remizku-je-divocina-768x418.jpg 768w\" sizes=\"(max-width: 791px) 100vw, 791px\" \/><\/figure><\/div>\n\n\n<div style=\"height:45px\" aria-hidden=\"true\" class=\"wp-block-spacer\"><\/div>\n\n\n\n<h2 class=\"wp-block-heading\">Workshopy na festivalu Jihlava<\/h2>\n\n\n\n<div style=\"height:21px\" aria-hidden=\"true\" class=\"wp-block-spacer\"><\/div>\n\n\n\n<p class=\"has-medium-font-size\">V r\u00e1mci Mezin\u00e1rodn\u00edho festivalu dokument\u00e1rn\u00edch film\u016f Ji.hlava (24. \u0159\u00edjna \u2013 2. listopadu 2025) prob\u011bhnou <strong>27. \u0159\u00edjna 2025<\/strong> v sekci Ji.hlava D\u011btem dva workshopy zam\u011b\u0159en\u00e9 na knihu V rem\u00edzku je divo\u010dina, jeden z nich povede ambasadorka Evropsk\u00e9ho klimatick\u00e9ho paktu Denisa Binderov\u00e1. Workshopy se zam\u011b\u0159uj\u00ed na t\u00e9ma <strong>hranice v p\u0159\u00edrod\u011b a vztah \u010dlov\u011bka k n\u00ed<\/strong>. D\u011bti prost\u0159ednictv\u00edm p\u0159\u00edb\u011bh\u016f, her a tvo\u0159en\u00ed objev\u00ed, jak r\u016fznorod\u00fd je \u017eivot v p\u0159\u00edrod\u011b a pro\u010d je d\u016fle\u017eit\u00e9 chr\u00e1nit p\u0159\u00edrodn\u00ed rozmanitost. Star\u0161\u00ed \u00fa\u010dastn\u00edci se pak zam\u011b\u0159\u00ed na to, <strong>kde se potk\u00e1vaj\u00ed z\u00e1jmy lid\u00ed a p\u0159\u00edrody<\/strong>, a budou hledat vlastn\u00ed \u0159e\u0161en\u00ed, jak tyto sv\u011bty l\u00e9pe sladit. C\u00edlem obou workshop\u016f je rozv\u00edjet citlivost k p\u0159\u00edrod\u011b, podporovat vn\u00edm\u00e1n\u00ed souvislost\u00ed a p\u0159em\u00fd\u0161len\u00ed o tom, jak \u017e\u00edt v harmonii s okoln\u00edm sv\u011btem.<\/p>\n\n\n\n<p class=\"has-medium-font-size\">Kniha a jej\u00ed doprovodn\u00fd merch v podob\u011b tematick\u00fdch n\u00e1u\u0161nic, p\u0159\u00edv\u011bsk\u016f, samolepek, z\u00e1lo\u017eek, se\u0161it\u016f a dal\u0161\u00edch p\u0159edm\u011bt\u016f bude k prodeji p\u0159\u00edmo na festivalu Ji.hlava, samotn\u00e1 kniha bude nav\u00edc dostupn\u00e1 i v r\u00e1mci celofestivalov\u00e9ho merche.<\/p>\n\n\n\n<div style=\"height:45px\" aria-hidden=\"true\" class=\"wp-block-spacer\"><\/div>\n\n\n\n<figure class=\"wp-block-gallery has-nested-images columns-default is-cropped wp-block-gallery-2 is-layout-flex wp-block-gallery-is-layout-flex\">\n<figure class=\"wp-block-image size-large\"><img loading=\"lazy\" decoding=\"async\" width=\"768\" height=\"1024\" data-id=\"9477\" src=\"https:\/\/bookhouse.cz\/wp-content\/uploads\/2025\/10\/V-remizku-je-divocina_deti-768x1024.jpg\" alt=\"V\u00a0rem\u00edzku je divo\u010dina\" class=\"wp-image-9477\" srcset=\"https:\/\/bookhouse.cz\/wp-content\/uploads\/2025\/10\/V-remizku-je-divocina_deti-768x1024.jpg 768w, https:\/\/bookhouse.cz\/wp-content\/uploads\/2025\/10\/V-remizku-je-divocina_deti-225x300.jpg 225w, https:\/\/bookhouse.cz\/wp-content\/uploads\/2025\/10\/V-remizku-je-divocina_deti-1152x1536.jpg 1152w, https:\/\/bookhouse.cz\/wp-content\/uploads\/2025\/10\/V-remizku-je-divocina_deti.jpg 1536w\" sizes=\"(max-width: 768px) 100vw, 768px\" \/><\/figure>\n\n\n\n<figure class=\"wp-block-image size-large\"><img loading=\"lazy\" decoding=\"async\" width=\"768\" height=\"1024\" data-id=\"9478\" src=\"https:\/\/bookhouse.cz\/wp-content\/uploads\/2025\/10\/V-remizku-je-divocina_deti_2-768x1024.jpg\" alt=\"V\u00a0rem\u00edzku je divo\u010dina\" class=\"wp-image-9478\" srcset=\"https:\/\/bookhouse.cz\/wp-content\/uploads\/2025\/10\/V-remizku-je-divocina_deti_2-768x1024.jpg 768w, https:\/\/bookhouse.cz\/wp-content\/uploads\/2025\/10\/V-remizku-je-divocina_deti_2-225x300.jpg 225w, https:\/\/bookhouse.cz\/wp-content\/uploads\/2025\/10\/V-remizku-je-divocina_deti_2-1152x1536.jpg 1152w, https:\/\/bookhouse.cz\/wp-content\/uploads\/2025\/10\/V-remizku-je-divocina_deti_2.jpg 1536w\" sizes=\"(max-width: 768px) 100vw, 768px\" \/><\/figure>\n<\/figure>\n\n\n\n<div style=\"height:45px\" aria-hidden=\"true\" class=\"wp-block-spacer\"><\/div>\n\n\n\n<h2 class=\"wp-block-heading\">Kde knihu zakoupit<\/h2>\n\n\n\n<div style=\"height:21px\" aria-hidden=\"true\" class=\"wp-block-spacer\"><\/div>\n\n\n\n<p class=\"has-medium-font-size\">Kniha V rem\u00edzku je divo\u010dina je k prodeji ve vybran\u00fdch knihkupectv\u00edch, d\u00e1le v distribuci Walden Press na <a href=\"http:\/\/www.biobooks.cz\/\">www.biobooks.cz<\/a> a na e-shopu <a href=\"https:\/\/obchod.selmy.cz\/\">https:\/\/obchod.selmy.cz<\/a>. \u010c\u00e1st n\u00e1kladu organizace Na mysli v\u011bnuje zdarma \u0161kol\u00e1m, knihovn\u00e1m a vzd\u011bl\u00e1vac\u00edm instituc\u00edm. Z\u00e1jemci z \u0159ad \u0161kol, knihoven a volno\u010dasov\u00fdch krou\u017ek\u016f mohou o 1 bezplatn\u00fd v\u00fdtisk po\u017e\u00e1dat na e-mailu <a href=\"mailto:info@namysli.cz\"><strong>info@namysli.cz<\/strong><\/a>.<\/p>\n\n\n\n<div style=\"height:45px\" aria-hidden=\"true\" class=\"wp-block-spacer\"><\/div>\n\n\n\n<figure class=\"wp-block-gallery has-nested-images columns-default is-cropped wp-block-gallery-3 is-layout-flex wp-block-gallery-is-layout-flex\">\n<figure class=\"wp-block-image size-large\"><img loading=\"lazy\" decoding=\"async\" width=\"709\" height=\"538\" data-id=\"9474\" src=\"https:\/\/bookhouse.cz\/wp-content\/uploads\/2025\/10\/lednacek.jpg\" alt=\"V\u00a0rem\u00edzku je divo\u010dina\" class=\"wp-image-9474\" srcset=\"https:\/\/bookhouse.cz\/wp-content\/uploads\/2025\/10\/lednacek.jpg 709w, https:\/\/bookhouse.cz\/wp-content\/uploads\/2025\/10\/lednacek-300x228.jpg 300w\" sizes=\"(max-width: 709px) 100vw, 709px\" \/><\/figure>\n\n\n\n<figure class=\"wp-block-image size-large\"><img loading=\"lazy\" decoding=\"async\" width=\"712\" height=\"538\" data-id=\"9475\" src=\"https:\/\/bookhouse.cz\/wp-content\/uploads\/2025\/10\/jesterka.jpg\" alt=\"V\u00a0rem\u00edzku je divo\u010dina\" class=\"wp-image-9475\" srcset=\"https:\/\/bookhouse.cz\/wp-content\/uploads\/2025\/10\/jesterka.jpg 712w, https:\/\/bookhouse.cz\/wp-content\/uploads\/2025\/10\/jesterka-300x227.jpg 300w\" sizes=\"(max-width: 712px) 100vw, 712px\" \/><\/figure>\n<\/figure>\n\n\n\n<div style=\"height:45px\" aria-hidden=\"true\" class=\"wp-block-spacer\"><\/div>\n\n\n\n<h2 class=\"wp-block-heading\">Pr\u016fvodce divo\u010dinou pro v\u0161echny mal\u00e9 i v\u011bt\u0161\u00ed zv\u00eddavce.<\/h2>\n\n\n\n<div style=\"height:21px\" aria-hidden=\"true\" class=\"wp-block-spacer\"><\/div>\n\n\n\n<p class=\"has-medium-font-size\">Seznamte se s neoby\u010dejn\u00fdmi zv\u00ed\u0159aty \u010desk\u00e9 p\u0159\u00edrody. Smaragdov\u00e9 je\u0161t\u011brky. Pestrobarevn\u00e9 vlhy. Majest\u00e1tn\u00ed zub\u0159i. Vzne\u0161en\u00ed je\u0159\u00e1bi. Tajemn\u00ed li\u0161ajov\u00e9 s lebkou na k\u0159\u00eddlech. Bohat\u011b ilustrovan\u00e1 kniha V rem\u00edzku je divo\u010dina se stane va\u0161\u00edm spole\u010dn\u00edkem na dobrodru\u017en\u00fdch v\u00fdprav\u00e1ch po \u010cesk\u00e9 republice \u2013 od hlubok\u00fdch les\u016f a horsk\u00fdch luk a\u017e po m\u011bstsk\u00e9 parky. Uk\u00e1\u017ee v\u00e1m, jak se st\u00e1t opravdov\u00fdmi pozorovateli: kde a kdy zv\u00ed\u0159ata hledat, v \u010dem jsou jedine\u010dn\u00e1 a jak je m\u016f\u017eeme chr\u00e1nit. Skute\u010dn\u00e9 dobrodru\u017estv\u00ed za\u010d\u00edn\u00e1 ve chv\u00edli, kdy se nau\u010d\u00edme d\u00edvat. Sta\u010d\u00ed zpomalit, zti\u0161it krok, nastra\u017eit u\u0161i a m\u00edt o\u010di doko\u0159\u00e1n. Str\u00e1nkami knihy proch\u00e1zej\u00ed vlk, rys a dal\u0161\u00ed vz\u00e1cn\u00ed tvorov\u00e9 \u2013 najdete je?<\/p>\n\n\n\n<div style=\"height:45px\" aria-hidden=\"true\" class=\"wp-block-spacer\"><\/div>\n\n\n<div class=\"wp-block-image\">\n<figure class=\"aligncenter size-large\"><img loading=\"lazy\" decoding=\"async\" width=\"714\" height=\"1024\" src=\"https:\/\/bookhouse.cz\/wp-content\/uploads\/2025\/10\/v-remizku-je-divocina2-2-714x1024.jpg\" alt=\"V\u00a0rem\u00edzku je divo\u010dina\" class=\"wp-image-9476\" srcset=\"https:\/\/bookhouse.cz\/wp-content\/uploads\/2025\/10\/v-remizku-je-divocina2-2-714x1024.jpg 714w, https:\/\/bookhouse.cz\/wp-content\/uploads\/2025\/10\/v-remizku-je-divocina2-2-209x300.jpg 209w, https:\/\/bookhouse.cz\/wp-content\/uploads\/2025\/10\/v-remizku-je-divocina2-2-768x1101.jpg 768w, https:\/\/bookhouse.cz\/wp-content\/uploads\/2025\/10\/v-remizku-je-divocina2-2.jpg 872w\" sizes=\"(max-width: 714px) 100vw, 714px\" \/><\/figure><\/div>\n\n\n<div style=\"height:45px\" aria-hidden=\"true\" class=\"wp-block-spacer\"><\/div>\n\n\n\n<h2 class=\"wp-block-heading\">N\u00e1zev knihy: V&nbsp;rem\u00edzku je divo\u010dina<\/h2>\n\n\n\n<div style=\"height:45px\" aria-hidden=\"true\" class=\"wp-block-spacer\"><\/div>\n\n\n\n<p class=\"has-medium-font-size\" id=\"block-f563f394-4ca1-47f0-b136-5ffe5b4f4d1c\"><strong>Autor:<\/strong>&nbsp;Ji\u0159\u00ed Bene\u0161 a&nbsp;Ester Dobi\u00e1\u0161ov\u00e1<\/p>\n\n\n\n<p class=\"has-medium-font-size\" id=\"block-30e75497-0af9-41c7-9cd2-0d7e7f286ca8\"><strong>Po\u010det stran \/ vazba:<\/strong>&nbsp;61 stran \/ V\u00e1zan\u00e1 vazba<\/p>\n\n\n\n<p class=\"has-medium-font-size\" id=\"block-6061cabd-fa38-4434-b0be-477ed69294ec\"><strong>Doporu\u010den\u00e1<\/strong>&nbsp;<strong>cena:<\/strong>&nbsp;380 K\u010d<\/p>\n\n\n\n<p class=\"has-medium-font-size\" id=\"block-bf00762f-3f26-4bb9-9a78-6955ce7d639d\"><strong>Vydalo<\/strong>:&nbsp;Nakladatelstv\u00ed Na mysli<\/p>\n\n\n\n<p class=\"has-medium-font-size\"><strong>V\u00edce informac\u00ed na:&nbsp;<a href=\"http:\/\/www.namysli.com\">www.namysli.com<\/a><\/strong><\/p>\n\n\n\n<div style=\"height:45px\" aria-hidden=\"true\" class=\"wp-block-spacer\"><\/div>\n\n\n\n<figure class=\"wp-block-gallery has-nested-images columns-2 is-cropped wp-block-gallery-4 is-layout-flex wp-block-gallery-is-layout-flex\">\n<figure class=\"wp-block-image size-large\"><img loading=\"lazy\" decoding=\"async\" width=\"716\" height=\"542\" data-id=\"9471\" src=\"https:\/\/bookhouse.cz\/wp-content\/uploads\/2025\/10\/jerab.jpg\" alt=\"V\u00a0rem\u00edzku je divo\u010dina\" class=\"wp-image-9471\" srcset=\"https:\/\/bookhouse.cz\/wp-content\/uploads\/2025\/10\/jerab.jpg 716w, https:\/\/bookhouse.cz\/wp-content\/uploads\/2025\/10\/jerab-300x227.jpg 300w\" sizes=\"(max-width: 716px) 100vw, 716px\" \/><\/figure>\n\n\n\n<figure class=\"wp-block-image size-large\"><img loading=\"lazy\" decoding=\"async\" width=\"712\" height=\"538\" data-id=\"9475\" src=\"https:\/\/bookhouse.cz\/wp-content\/uploads\/2025\/10\/jesterka.jpg\" alt=\"V\u00a0rem\u00edzku je divo\u010dina\" class=\"wp-image-9475\" srcset=\"https:\/\/bookhouse.cz\/wp-content\/uploads\/2025\/10\/jesterka.jpg 712w, https:\/\/bookhouse.cz\/wp-content\/uploads\/2025\/10\/jesterka-300x227.jpg 300w\" sizes=\"(max-width: 712px) 100vw, 712px\" \/><\/figure>\n\n\n\n<figure class=\"wp-block-image size-large\"><img loading=\"lazy\" decoding=\"async\" width=\"709\" height=\"538\" data-id=\"9474\" src=\"https:\/\/bookhouse.cz\/wp-content\/uploads\/2025\/10\/lednacek.jpg\" alt=\"V\u00a0rem\u00edzku je divo\u010dina\" class=\"wp-image-9474\" srcset=\"https:\/\/bookhouse.cz\/wp-content\/uploads\/2025\/10\/lednacek.jpg 709w, https:\/\/bookhouse.cz\/wp-content\/uploads\/2025\/10\/lednacek-300x228.jpg 300w\" sizes=\"(max-width: 709px) 100vw, 709px\" \/><\/figure>\n\n\n\n<figure class=\"wp-block-image size-large\"><img loading=\"lazy\" decoding=\"async\" width=\"712\" height=\"535\" data-id=\"9473\" src=\"https:\/\/bookhouse.cz\/wp-content\/uploads\/2025\/10\/pestrokridlec.jpg\" alt=\"V\u00a0rem\u00edzku je divo\u010dina\" class=\"wp-image-9473\" srcset=\"https:\/\/bookhouse.cz\/wp-content\/uploads\/2025\/10\/pestrokridlec.jpg 712w, https:\/\/bookhouse.cz\/wp-content\/uploads\/2025\/10\/pestrokridlec-300x225.jpg 300w\" sizes=\"(max-width: 712px) 100vw, 712px\" \/><\/figure>\n\n\n\n<figure class=\"wp-block-image size-large\"><img loading=\"lazy\" decoding=\"async\" width=\"768\" height=\"1024\" data-id=\"9477\" src=\"https:\/\/bookhouse.cz\/wp-content\/uploads\/2025\/10\/V-remizku-je-divocina_deti-768x1024.jpg\" alt=\"V\u00a0rem\u00edzku je divo\u010dina\" class=\"wp-image-9477\" srcset=\"https:\/\/bookhouse.cz\/wp-content\/uploads\/2025\/10\/V-remizku-je-divocina_deti-768x1024.jpg 768w, https:\/\/bookhouse.cz\/wp-content\/uploads\/2025\/10\/V-remizku-je-divocina_deti-225x300.jpg 225w, https:\/\/bookhouse.cz\/wp-content\/uploads\/2025\/10\/V-remizku-je-divocina_deti-1152x1536.jpg 1152w, https:\/\/bookhouse.cz\/wp-content\/uploads\/2025\/10\/V-remizku-je-divocina_deti.jpg 1536w\" sizes=\"(max-width: 768px) 100vw, 768px\" \/><\/figure>\n\n\n\n<figure class=\"wp-block-image size-large\"><img loading=\"lazy\" decoding=\"async\" width=\"768\" height=\"1024\" data-id=\"9478\" src=\"https:\/\/bookhouse.cz\/wp-content\/uploads\/2025\/10\/V-remizku-je-divocina_deti_2-768x1024.jpg\" alt=\"V\u00a0rem\u00edzku je divo\u010dina\" class=\"wp-image-9478\" srcset=\"https:\/\/bookhouse.cz\/wp-content\/uploads\/2025\/10\/V-remizku-je-divocina_deti_2-768x1024.jpg 768w, https:\/\/bookhouse.cz\/wp-content\/uploads\/2025\/10\/V-remizku-je-divocina_deti_2-225x300.jpg 225w, https:\/\/bookhouse.cz\/wp-content\/uploads\/2025\/10\/V-remizku-je-divocina_deti_2-1152x1536.jpg 1152w, https:\/\/bookhouse.cz\/wp-content\/uploads\/2025\/10\/V-remizku-je-divocina_deti_2.jpg 1536w\" sizes=\"(max-width: 768px) 100vw, 768px\" \/><\/figure>\n\n\n\n<figure class=\"wp-block-image size-large\"><img loading=\"lazy\" decoding=\"async\" width=\"714\" height=\"1024\" data-id=\"9476\" src=\"https:\/\/bookhouse.cz\/wp-content\/uploads\/2025\/10\/v-remizku-je-divocina2-2-714x1024.jpg\" alt=\"V\u00a0rem\u00edzku je divo\u010dina\" class=\"wp-image-9476\" srcset=\"https:\/\/bookhouse.cz\/wp-content\/uploads\/2025\/10\/v-remizku-je-divocina2-2-714x1024.jpg 714w, https:\/\/bookhouse.cz\/wp-content\/uploads\/2025\/10\/v-remizku-je-divocina2-2-209x300.jpg 209w, https:\/\/bookhouse.cz\/wp-content\/uploads\/2025\/10\/v-remizku-je-divocina2-2-768x1101.jpg 768w, https:\/\/bookhouse.cz\/wp-content\/uploads\/2025\/10\/v-remizku-je-divocina2-2.jpg 872w\" sizes=\"(max-width: 714px) 100vw, 714px\" \/><\/figure>\n\n\n\n<figure class=\"wp-block-image size-large\"><img loading=\"lazy\" decoding=\"async\" width=\"791\" height=\"431\" data-id=\"9470\" src=\"https:\/\/bookhouse.cz\/wp-content\/uploads\/2025\/10\/v-remizku-je-divocina.jpg\" alt=\"V\u00a0rem\u00edzku je divo\u010dina\" class=\"wp-image-9470\" srcset=\"https:\/\/bookhouse.cz\/wp-content\/uploads\/2025\/10\/v-remizku-je-divocina.jpg 791w, https:\/\/bookhouse.cz\/wp-content\/uploads\/2025\/10\/v-remizku-je-divocina-300x163.jpg 300w, https:\/\/bookhouse.cz\/wp-content\/uploads\/2025\/10\/v-remizku-je-divocina-768x418.jpg 768w\" sizes=\"(max-width: 791px) 100vw, 791px\" \/><\/figure>\n\n\n\n<figure class=\"wp-block-image size-large\"><img loading=\"lazy\" decoding=\"async\" width=\"684\" height=\"447\" data-id=\"9469\" src=\"https:\/\/bookhouse.cz\/wp-content\/uploads\/2025\/10\/kniha.jpg\" alt=\"V\u00a0rem\u00edzku je divo\u010dina\" class=\"wp-image-9469\" srcset=\"https:\/\/bookhouse.cz\/wp-content\/uploads\/2025\/10\/kniha.jpg 684w, https:\/\/bookhouse.cz\/wp-content\/uploads\/2025\/10\/kniha-300x196.jpg 300w\" sizes=\"(max-width: 684px) 100vw, 684px\" \/><\/figure>\n<\/figure>\n\n\n\n<div style=\"height:45px\" aria-hidden=\"true\" class=\"wp-block-spacer\"><\/div>\n\n\n\n<p class=\"has-medium-font-size\"><strong>Zdroj foto:<\/strong>&nbsp;<a href=\"mailto:info@namysli.cz\" target=\"_blank\" rel=\"noreferrer noopener\"><strong>namysli.cz<\/strong><\/a><\/p>\n\n\n\n<div style=\"height:150px\" aria-hidden=\"true\" class=\"wp-block-spacer\"><\/div>\n","protected":false},"excerpt":{"rendered":"<p>Letos v kv\u011btnu vy\u0161la nov\u00e1, bohat\u011b ilustrovan\u00e1 kniha s n\u00e1zvem V rem\u00edzku je divo\u010dina, kter\u00e1 slou\u017e\u00ed z\u00e1rove\u0148 i jako origin\u00e1ln\u00ed pr\u016fvodce \u010deskou p\u0159\u00edrodou nejen pro d\u011bti. Kniha si od sv\u00e9ho vyd\u00e1n\u00ed z\u00edsk\u00e1v\u00e1 srdce \u010dten\u00e1\u0159\u016f&#46;&#46;&#46;<\/p>\n","protected":false},"author":8,"featured_media":9468,"comment_status":"closed","ping_status":"closed","sticky":false,"template":"","format":"standard","meta":{"_monsterinsights_skip_tracking":false,"_monsterinsights_sitenote_active":false,"_monsterinsights_sitenote_note":"","_monsterinsights_sitenote_category":0,"footnotes":""},"categories":[7,3,31,19],"tags":[],"yoast_head":"<!-- This site is optimized with the Yoast SEO plugin v21.5 - https:\/\/yoast.com\/wordpress\/plugins\/seo\/ -->\n<title>Origin\u00e1ln\u00ed ilustrovan\u00e1 kniha o \u010desk\u00e9 divo\u010din\u011b - ide\u00e1ln\u00ed v\u00e1no\u010dn\u00ed d\u00e1rek, kter\u00fd vezme za srdce - BOOKHOUSE.cz<\/title>\n<meta name=\"description\" content=\"Letos v kv\u011btnu vy\u0161la nov\u00e1, bohat\u011b ilustrovan\u00e1 kniha s n\u00e1zvem V rem\u00edzku je divo\u010dina, kter\u00e1 slou\u017e\u00ed z\u00e1rove\u0148 i jako origin\u00e1ln\u00ed pr\u016fvodce.\" \/>\n<meta name=\"robots\" content=\"index, follow, max-snippet:-1, max-image-preview:large, max-video-preview:-1\" \/>\n<link rel=\"canonical\" href=\"https:\/\/bookhouse.cz\/index.php\/2025\/11\/11\/originalni-ilustrovana-kniha-o-ceske-divocine-idealni-vanocni-darek-ktery-vezme-za-srdce\/\" \/>\n<meta property=\"og:locale\" content=\"cs_CZ\" \/>\n<meta property=\"og:type\" content=\"article\" \/>\n<meta property=\"og:title\" content=\"Origin\u00e1ln\u00ed ilustrovan\u00e1 kniha o \u010desk\u00e9 divo\u010din\u011b - ide\u00e1ln\u00ed v\u00e1no\u010dn\u00ed d\u00e1rek, kter\u00fd vezme za srdce - BOOKHOUSE.cz\" \/>\n<meta property=\"og:description\" content=\"Letos v kv\u011btnu vy\u0161la nov\u00e1, bohat\u011b ilustrovan\u00e1 kniha s n\u00e1zvem V rem\u00edzku je divo\u010dina, kter\u00e1 slou\u017e\u00ed z\u00e1rove\u0148 i jako origin\u00e1ln\u00ed pr\u016fvodce.\" \/>\n<meta property=\"og:url\" content=\"https:\/\/bookhouse.cz\/index.php\/2025\/11\/11\/originalni-ilustrovana-kniha-o-ceske-divocine-idealni-vanocni-darek-ktery-vezme-za-srdce\/\" \/>\n<meta property=\"og:site_name\" content=\"BOOKHOUSE.cz\" \/>\n<meta property=\"article:publisher\" content=\"https:\/\/www.facebook.com\/bookhousecz\" \/>\n<meta property=\"article:published_time\" content=\"2025-11-10T23:01:00+00:00\" \/>\n<meta property=\"article:modified_time\" content=\"2025-11-01T16:33:50+00:00\" \/>\n<meta property=\"og:image\" content=\"https:\/\/bookhouse.cz\/wp-content\/uploads\/2025\/10\/v-remizku-je-divocina2.jpg\" \/>\n\t<meta property=\"og:image:width\" content=\"872\" \/>\n\t<meta property=\"og:image:height\" content=\"489\" \/>\n\t<meta property=\"og:image:type\" content=\"image\/jpeg\" \/>\n<meta name=\"author\" content=\"Martina Pechov\u00e1\" \/>\n<meta name=\"twitter:card\" content=\"summary_large_image\" \/>\n<meta name=\"twitter:label1\" content=\"Napsal(a)\" \/>\n\t<meta name=\"twitter:data1\" content=\"Martina Pechov\u00e1\" \/>\n\t<meta name=\"twitter:label2\" content=\"Odhadovan\u00e1 doba \u010dten\u00ed\" \/>\n\t<meta name=\"twitter:data2\" content=\"8 minut\" \/>\n<script type=\"application\/ld+json\" class=\"yoast-schema-graph\">{\"@context\":\"https:\/\/schema.org\",\"@graph\":[{\"@type\":\"Article\",\"@id\":\"https:\/\/bookhouse.cz\/index.php\/2025\/11\/11\/originalni-ilustrovana-kniha-o-ceske-divocine-idealni-vanocni-darek-ktery-vezme-za-srdce\/#article\",\"isPartOf\":{\"@id\":\"https:\/\/bookhouse.cz\/index.php\/2025\/11\/11\/originalni-ilustrovana-kniha-o-ceske-divocine-idealni-vanocni-darek-ktery-vezme-za-srdce\/\"},\"author\":{\"name\":\"Martina Pechov\u00e1\",\"@id\":\"https:\/\/bookhouse.cz\/#\/schema\/person\/f34350c4206dd14422181c0fbd0922a3\"},\"headline\":\"Origin\u00e1ln\u00ed ilustrovan\u00e1 kniha o \u010desk\u00e9 divo\u010din\u011b &#8211; ide\u00e1ln\u00ed v\u00e1no\u010dn\u00ed d\u00e1rek, kter\u00fd vezme za srdce\",\"datePublished\":\"2025-11-10T23:01:00+00:00\",\"dateModified\":\"2025-11-01T16:33:50+00:00\",\"mainEntityOfPage\":{\"@id\":\"https:\/\/bookhouse.cz\/index.php\/2025\/11\/11\/originalni-ilustrovana-kniha-o-ceske-divocine-idealni-vanocni-darek-ktery-vezme-za-srdce\/\"},\"wordCount\":983,\"publisher\":{\"@id\":\"https:\/\/bookhouse.cz\/#organization\"},\"articleSection\":[\"D\u011aTI a ML\u00c1DE\u017d\",\"NEWS\",\"P\u0158\u00cdRODA\",\"TIPY NA KNIHY\"],\"inLanguage\":\"cs\"},{\"@type\":\"WebPage\",\"@id\":\"https:\/\/bookhouse.cz\/index.php\/2025\/11\/11\/originalni-ilustrovana-kniha-o-ceske-divocine-idealni-vanocni-darek-ktery-vezme-za-srdce\/\",\"url\":\"https:\/\/bookhouse.cz\/index.php\/2025\/11\/11\/originalni-ilustrovana-kniha-o-ceske-divocine-idealni-vanocni-darek-ktery-vezme-za-srdce\/\",\"name\":\"Origin\u00e1ln\u00ed ilustrovan\u00e1 kniha o \u010desk\u00e9 divo\u010din\u011b - ide\u00e1ln\u00ed v\u00e1no\u010dn\u00ed d\u00e1rek, kter\u00fd vezme za srdce - BOOKHOUSE.cz\",\"isPartOf\":{\"@id\":\"https:\/\/bookhouse.cz\/#website\"},\"datePublished\":\"2025-11-10T23:01:00+00:00\",\"dateModified\":\"2025-11-01T16:33:50+00:00\",\"description\":\"Letos v kv\u011btnu vy\u0161la nov\u00e1, bohat\u011b ilustrovan\u00e1 kniha s n\u00e1zvem V rem\u00edzku je divo\u010dina, kter\u00e1 slou\u017e\u00ed z\u00e1rove\u0148 i jako origin\u00e1ln\u00ed pr\u016fvodce.\",\"breadcrumb\":{\"@id\":\"https:\/\/bookhouse.cz\/index.php\/2025\/11\/11\/originalni-ilustrovana-kniha-o-ceske-divocine-idealni-vanocni-darek-ktery-vezme-za-srdce\/#breadcrumb\"},\"inLanguage\":\"cs\",\"potentialAction\":[{\"@type\":\"ReadAction\",\"target\":[\"https:\/\/bookhouse.cz\/index.php\/2025\/11\/11\/originalni-ilustrovana-kniha-o-ceske-divocine-idealni-vanocni-darek-ktery-vezme-za-srdce\/\"]}]},{\"@type\":\"BreadcrumbList\",\"@id\":\"https:\/\/bookhouse.cz\/index.php\/2025\/11\/11\/originalni-ilustrovana-kniha-o-ceske-divocine-idealni-vanocni-darek-ktery-vezme-za-srdce\/#breadcrumb\",\"itemListElement\":[{\"@type\":\"ListItem\",\"position\":1,\"name\":\"Dom\u016f\",\"item\":\"https:\/\/bookhouse.cz\/\"},{\"@type\":\"ListItem\",\"position\":2,\"name\":\"Origin\u00e1ln\u00ed ilustrovan\u00e1 kniha o \u010desk\u00e9 divo\u010din\u011b &#8211; ide\u00e1ln\u00ed v\u00e1no\u010dn\u00ed d\u00e1rek, kter\u00fd vezme za srdce\"}]},{\"@type\":\"WebSite\",\"@id\":\"https:\/\/bookhouse.cz\/#website\",\"url\":\"https:\/\/bookhouse.cz\/\",\"name\":\"BOOKHOUSE.cz\",\"description\":\"Port\u00e1l o kni\u017en\u00edch novink\u00e1ch.\",\"publisher\":{\"@id\":\"https:\/\/bookhouse.cz\/#organization\"},\"potentialAction\":[{\"@type\":\"SearchAction\",\"target\":{\"@type\":\"EntryPoint\",\"urlTemplate\":\"https:\/\/bookhouse.cz\/?s={search_term_string}\"},\"query-input\":\"required name=search_term_string\"}],\"inLanguage\":\"cs\"},{\"@type\":\"Organization\",\"@id\":\"https:\/\/bookhouse.cz\/#organization\",\"name\":\"BOOKHOUSE.cz\",\"url\":\"https:\/\/bookhouse.cz\/\",\"logo\":{\"@type\":\"ImageObject\",\"inLanguage\":\"cs\",\"@id\":\"https:\/\/bookhouse.cz\/#\/schema\/logo\/image\/\",\"url\":\"https:\/\/bookhouse.cz\/wp-content\/uploads\/2024\/12\/cropped-Logo_BookHouse.jpg\",\"contentUrl\":\"https:\/\/bookhouse.cz\/wp-content\/uploads\/2024\/12\/cropped-Logo_BookHouse.jpg\",\"width\":938,\"height\":513,\"caption\":\"BOOKHOUSE.cz\"},\"image\":{\"@id\":\"https:\/\/bookhouse.cz\/#\/schema\/logo\/image\/\"},\"sameAs\":[\"https:\/\/www.facebook.com\/bookhousecz\",\"https:\/\/www.instagram.com\/bookhousecz\"]},{\"@type\":\"Person\",\"@id\":\"https:\/\/bookhouse.cz\/#\/schema\/person\/f34350c4206dd14422181c0fbd0922a3\",\"name\":\"Martina Pechov\u00e1\",\"image\":{\"@type\":\"ImageObject\",\"inLanguage\":\"cs\",\"@id\":\"https:\/\/bookhouse.cz\/#\/schema\/person\/image\/\",\"url\":\"https:\/\/secure.gravatar.com\/avatar\/d3ad7f43789eed68b221d01c6d7ac4e5?s=96&d=mm&r=g\",\"contentUrl\":\"https:\/\/secure.gravatar.com\/avatar\/d3ad7f43789eed68b221d01c6d7ac4e5?s=96&d=mm&r=g\",\"caption\":\"Martina Pechov\u00e1\"},\"sameAs\":[\"http:\/\/BOOKHOUSE.cz\"],\"url\":\"https:\/\/bookhouse.cz\/index.php\/author\/marpech\/\"}]}<\/script>\n<!-- \/ Yoast SEO plugin. -->","yoast_head_json":{"title":"Origin\u00e1ln\u00ed ilustrovan\u00e1 kniha o \u010desk\u00e9 divo\u010din\u011b - ide\u00e1ln\u00ed v\u00e1no\u010dn\u00ed d\u00e1rek, kter\u00fd vezme za srdce - BOOKHOUSE.cz","description":"Letos v kv\u011btnu vy\u0161la nov\u00e1, bohat\u011b ilustrovan\u00e1 kniha s n\u00e1zvem V rem\u00edzku je divo\u010dina, kter\u00e1 slou\u017e\u00ed z\u00e1rove\u0148 i jako origin\u00e1ln\u00ed pr\u016fvodce.","robots":{"index":"index","follow":"follow","max-snippet":"max-snippet:-1","max-image-preview":"max-image-preview:large","max-video-preview":"max-video-preview:-1"},"canonical":"https:\/\/bookhouse.cz\/index.php\/2025\/11\/11\/originalni-ilustrovana-kniha-o-ceske-divocine-idealni-vanocni-darek-ktery-vezme-za-srdce\/","og_locale":"cs_CZ","og_type":"article","og_title":"Origin\u00e1ln\u00ed ilustrovan\u00e1 kniha o \u010desk\u00e9 divo\u010din\u011b - ide\u00e1ln\u00ed v\u00e1no\u010dn\u00ed d\u00e1rek, kter\u00fd vezme za srdce - BOOKHOUSE.cz","og_description":"Letos v kv\u011btnu vy\u0161la nov\u00e1, bohat\u011b ilustrovan\u00e1 kniha s n\u00e1zvem V rem\u00edzku je divo\u010dina, kter\u00e1 slou\u017e\u00ed z\u00e1rove\u0148 i jako origin\u00e1ln\u00ed pr\u016fvodce.","og_url":"https:\/\/bookhouse.cz\/index.php\/2025\/11\/11\/originalni-ilustrovana-kniha-o-ceske-divocine-idealni-vanocni-darek-ktery-vezme-za-srdce\/","og_site_name":"BOOKHOUSE.cz","article_publisher":"https:\/\/www.facebook.com\/bookhousecz","article_published_time":"2025-11-10T23:01:00+00:00","article_modified_time":"2025-11-01T16:33:50+00:00","og_image":[{"width":872,"height":489,"url":"https:\/\/bookhouse.cz\/wp-content\/uploads\/2025\/10\/v-remizku-je-divocina2.jpg","type":"image\/jpeg"}],"author":"Martina Pechov\u00e1","twitter_card":"summary_large_image","twitter_misc":{"Napsal(a)":"Martina Pechov\u00e1","Odhadovan\u00e1 doba \u010dten\u00ed":"8 minut"},"schema":{"@context":"https:\/\/schema.org","@graph":[{"@type":"Article","@id":"https:\/\/bookhouse.cz\/index.php\/2025\/11\/11\/originalni-ilustrovana-kniha-o-ceske-divocine-idealni-vanocni-darek-ktery-vezme-za-srdce\/#article","isPartOf":{"@id":"https:\/\/bookhouse.cz\/index.php\/2025\/11\/11\/originalni-ilustrovana-kniha-o-ceske-divocine-idealni-vanocni-darek-ktery-vezme-za-srdce\/"},"author":{"name":"Martina Pechov\u00e1","@id":"https:\/\/bookhouse.cz\/#\/schema\/person\/f34350c4206dd14422181c0fbd0922a3"},"headline":"Origin\u00e1ln\u00ed ilustrovan\u00e1 kniha o \u010desk\u00e9 divo\u010din\u011b &#8211; ide\u00e1ln\u00ed v\u00e1no\u010dn\u00ed d\u00e1rek, kter\u00fd vezme za srdce","datePublished":"2025-11-10T23:01:00+00:00","dateModified":"2025-11-01T16:33:50+00:00","mainEntityOfPage":{"@id":"https:\/\/bookhouse.cz\/index.php\/2025\/11\/11\/originalni-ilustrovana-kniha-o-ceske-divocine-idealni-vanocni-darek-ktery-vezme-za-srdce\/"},"wordCount":983,"publisher":{"@id":"https:\/\/bookhouse.cz\/#organization"},"articleSection":["D\u011aTI a ML\u00c1DE\u017d","NEWS","P\u0158\u00cdRODA","TIPY NA KNIHY"],"inLanguage":"cs"},{"@type":"WebPage","@id":"https:\/\/bookhouse.cz\/index.php\/2025\/11\/11\/originalni-ilustrovana-kniha-o-ceske-divocine-idealni-vanocni-darek-ktery-vezme-za-srdce\/","url":"https:\/\/bookhouse.cz\/index.php\/2025\/11\/11\/originalni-ilustrovana-kniha-o-ceske-divocine-idealni-vanocni-darek-ktery-vezme-za-srdce\/","name":"Origin\u00e1ln\u00ed ilustrovan\u00e1 kniha o \u010desk\u00e9 divo\u010din\u011b - ide\u00e1ln\u00ed v\u00e1no\u010dn\u00ed d\u00e1rek, kter\u00fd vezme za srdce - BOOKHOUSE.cz","isPartOf":{"@id":"https:\/\/bookhouse.cz\/#website"},"datePublished":"2025-11-10T23:01:00+00:00","dateModified":"2025-11-01T16:33:50+00:00","description":"Letos v kv\u011btnu vy\u0161la nov\u00e1, bohat\u011b ilustrovan\u00e1 kniha s n\u00e1zvem V rem\u00edzku je divo\u010dina, kter\u00e1 slou\u017e\u00ed z\u00e1rove\u0148 i jako origin\u00e1ln\u00ed pr\u016fvodce.","breadcrumb":{"@id":"https:\/\/bookhouse.cz\/index.php\/2025\/11\/11\/originalni-ilustrovana-kniha-o-ceske-divocine-idealni-vanocni-darek-ktery-vezme-za-srdce\/#breadcrumb"},"inLanguage":"cs","potentialAction":[{"@type":"ReadAction","target":["https:\/\/bookhouse.cz\/index.php\/2025\/11\/11\/originalni-ilustrovana-kniha-o-ceske-divocine-idealni-vanocni-darek-ktery-vezme-za-srdce\/"]}]},{"@type":"BreadcrumbList","@id":"https:\/\/bookhouse.cz\/index.php\/2025\/11\/11\/originalni-ilustrovana-kniha-o-ceske-divocine-idealni-vanocni-darek-ktery-vezme-za-srdce\/#breadcrumb","itemListElement":[{"@type":"ListItem","position":1,"name":"Dom\u016f","item":"https:\/\/bookhouse.cz\/"},{"@type":"ListItem","position":2,"name":"Origin\u00e1ln\u00ed ilustrovan\u00e1 kniha o \u010desk\u00e9 divo\u010din\u011b &#8211; ide\u00e1ln\u00ed v\u00e1no\u010dn\u00ed d\u00e1rek, kter\u00fd vezme za srdce"}]},{"@type":"WebSite","@id":"https:\/\/bookhouse.cz\/#website","url":"https:\/\/bookhouse.cz\/","name":"BOOKHOUSE.cz","description":"Port\u00e1l o kni\u017en\u00edch novink\u00e1ch.","publisher":{"@id":"https:\/\/bookhouse.cz\/#organization"},"potentialAction":[{"@type":"SearchAction","target":{"@type":"EntryPoint","urlTemplate":"https:\/\/bookhouse.cz\/?s={search_term_string}"},"query-input":"required name=search_term_string"}],"inLanguage":"cs"},{"@type":"Organization","@id":"https:\/\/bookhouse.cz\/#organization","name":"BOOKHOUSE.cz","url":"https:\/\/bookhouse.cz\/","logo":{"@type":"ImageObject","inLanguage":"cs","@id":"https:\/\/bookhouse.cz\/#\/schema\/logo\/image\/","url":"https:\/\/bookhouse.cz\/wp-content\/uploads\/2024\/12\/cropped-Logo_BookHouse.jpg","contentUrl":"https:\/\/bookhouse.cz\/wp-content\/uploads\/2024\/12\/cropped-Logo_BookHouse.jpg","width":938,"height":513,"caption":"BOOKHOUSE.cz"},"image":{"@id":"https:\/\/bookhouse.cz\/#\/schema\/logo\/image\/"},"sameAs":["https:\/\/www.facebook.com\/bookhousecz","https:\/\/www.instagram.com\/bookhousecz"]},{"@type":"Person","@id":"https:\/\/bookhouse.cz\/#\/schema\/person\/f34350c4206dd14422181c0fbd0922a3","name":"Martina Pechov\u00e1","image":{"@type":"ImageObject","inLanguage":"cs","@id":"https:\/\/bookhouse.cz\/#\/schema\/person\/image\/","url":"https:\/\/secure.gravatar.com\/avatar\/d3ad7f43789eed68b221d01c6d7ac4e5?s=96&d=mm&r=g","contentUrl":"https:\/\/secure.gravatar.com\/avatar\/d3ad7f43789eed68b221d01c6d7ac4e5?s=96&d=mm&r=g","caption":"Martina Pechov\u00e1"},"sameAs":["http:\/\/BOOKHOUSE.cz"],"url":"https:\/\/bookhouse.cz\/index.php\/author\/marpech\/"}]}},"_links":{"self":[{"href":"https:\/\/bookhouse.cz\/index.php\/wp-json\/wp\/v2\/posts\/9467"}],"collection":[{"href":"https:\/\/bookhouse.cz\/index.php\/wp-json\/wp\/v2\/posts"}],"about":[{"href":"https:\/\/bookhouse.cz\/index.php\/wp-json\/wp\/v2\/types\/post"}],"author":[{"embeddable":true,"href":"https:\/\/bookhouse.cz\/index.php\/wp-json\/wp\/v2\/users\/8"}],"replies":[{"embeddable":true,"href":"https:\/\/bookhouse.cz\/index.php\/wp-json\/wp\/v2\/comments?post=9467"}],"version-history":[{"count":4,"href":"https:\/\/bookhouse.cz\/index.php\/wp-json\/wp\/v2\/posts\/9467\/revisions"}],"predecessor-version":[{"id":9555,"href":"https:\/\/bookhouse.cz\/index.php\/wp-json\/wp\/v2\/posts\/9467\/revisions\/9555"}],"wp:featuredmedia":[{"embeddable":true,"href":"https:\/\/bookhouse.cz\/index.php\/wp-json\/wp\/v2\/media\/9468"}],"wp:attachment":[{"href":"https:\/\/bookhouse.cz\/index.php\/wp-json\/wp\/v2\/media?parent=9467"}],"wp:term":[{"taxonomy":"category","embeddable":true,"href":"https:\/\/bookhouse.cz\/index.php\/wp-json\/wp\/v2\/categories?post=9467"},{"taxonomy":"post_tag","embeddable":true,"href":"https:\/\/bookhouse.cz\/index.php\/wp-json\/wp\/v2\/tags?post=9467"}],"curies":[{"name":"wp","href":"https:\/\/api.w.org\/{rel}","templated":true}]}}