{"id":9339,"date":"2025-11-04T00:01:00","date_gmt":"2025-11-03T23:01:00","guid":{"rendered":"https:\/\/bookhouse.cz\/?p=9339"},"modified":"2025-10-13T18:32:03","modified_gmt":"2025-10-13T16:32:03","slug":"duch-pankrace-petra-klabouchova","status":"publish","type":"post","link":"https:\/\/bookhouse.cz\/index.php\/2025\/11\/04\/duch-pankrace-petra-klabouchova\/","title":{"rendered":"Duch Pankr\u00e1ce | Petra Klabouchov\u00e1"},"content":{"rendered":"\n<div style=\"height:45px\" aria-hidden=\"true\" class=\"wp-block-spacer\"><\/div>\n\n\n\n<p class=\"has-medium-font-size\"><strong>Jaro 1943, pankr\u00e1ck\u00e9 cely smrti. Jen jedna ze\u010f stoj\u00ed mezi v\u011bzni a\u00a0pr\u00e1v\u011b stloukanou gilotinou. Na popravu tu \u010dekaj\u00ed lid\u00e9, kter\u00e9 zlo nezlomilo. Zb\u00fdvaj\u00ed jim posledn\u00ed dny \u017eivota.<\/strong><\/p>\n\n\n\n<div style=\"height:45px\" aria-hidden=\"true\" class=\"wp-block-spacer\"><\/div>\n\n\n<div class=\"wp-block-image\">\n<figure class=\"aligncenter size-full\"><img loading=\"lazy\" decoding=\"async\" width=\"817\" height=\"499\" src=\"https:\/\/bookhouse.cz\/wp-content\/uploads\/2025\/10\/duch-pankrace.jpeg\" alt=\"Duch Pankr\u00e1ce\" class=\"wp-image-9340\" srcset=\"https:\/\/bookhouse.cz\/wp-content\/uploads\/2025\/10\/duch-pankrace.jpeg 817w, https:\/\/bookhouse.cz\/wp-content\/uploads\/2025\/10\/duch-pankrace-300x183.jpeg 300w, https:\/\/bookhouse.cz\/wp-content\/uploads\/2025\/10\/duch-pankrace-768x469.jpeg 768w\" sizes=\"(max-width: 817px) 100vw, 817px\" \/><\/figure><\/div>\n\n\n<div style=\"height:45px\" aria-hidden=\"true\" class=\"wp-block-spacer\"><\/div>\n\n\n\n<p class=\"has-medium-font-size\">Spolu s&nbsp;nimi Anna a&nbsp;Robert. Nikdy se nepotkali, nikdy se nepotkaj\u00ed. A&nbsp;p\u0159esto mezi nimi vznik\u00e1 pouto, kter\u00e9 nelze uml\u010det. Sta\u010d\u00ed \u00fatr\u017eek pap\u00edru, tu\u017eka a&nbsp;odvaha. Mot\u00e1ky tajn\u011b psan\u00e9 v&nbsp;t\u00edsniv\u00e9 atmosf\u00e9\u0159e v\u011bze\u0148sk\u00fdch cel vzdoruj\u00ed temnot\u011b kolem. Jejich slova se st\u00e1vaj\u00ed sv\u011bdectv\u00edm s\u00edly lidsk\u00e9ho srdce i&nbsp;vzpourou proti beznad\u011bji. Odd\u011blen\u00ed smrti ale nevel\u00ed pouze nacist\u00e9. Vl\u00e1dne tady i&nbsp;Duch Pankr\u00e1ce. Tich\u00fd hrdina, tajemn\u00fd p\u0159\u00edtel bez tv\u00e1\u0159e, kter\u00fd vzkazy p\u0159ed\u00e1v\u00e1, pom\u00e1h\u00e1 p\u0159e\u017e\u00edt i&nbsp;um\u0159\u00edt. A&nbsp;nezapom\u00edn\u00e1. Stejn\u011b jako nen\u00e1padn\u00e1 rodina ze Stra\u0161nic uchov\u00e1vaj\u00edc\u00ed jm\u00e9na i&nbsp;popel popraven\u00fdch.&nbsp;<\/p>\n\n\n\n<p class=\"has-medium-font-size\">Rom\u00e1n vznikl podle skute\u010dn\u00fdch mot\u00e1k\u016f psan\u00fdch v&nbsp;cel\u00e1ch smrti pankr\u00e1ck\u00e9 sekyr\u00e1rny. Autorka v&nbsp;n\u011bm o\u017eivuje zapomenut\u00e9 hlasy popraven\u00fdch \u2014 a&nbsp;ukazuje, \u017ee odvaha, p\u0159\u00e1telstv\u00ed a&nbsp;l\u00e1ska mohou p\u0159e\u017e\u00edt i&nbsp;smrt.&nbsp;<\/p>\n\n\n\n<div style=\"height:45px\" aria-hidden=\"true\" class=\"wp-block-spacer\"><\/div>\n\n\n<div class=\"wp-block-image\">\n<figure class=\"aligncenter size-large\"><img loading=\"lazy\" decoding=\"async\" width=\"669\" height=\"1024\" src=\"https:\/\/bookhouse.cz\/wp-content\/uploads\/2025\/10\/duch-pankrace-2-669x1024.jpeg\" alt=\"Duch Pankr\u00e1ce\" class=\"wp-image-9341\" srcset=\"https:\/\/bookhouse.cz\/wp-content\/uploads\/2025\/10\/duch-pankrace-2-669x1024.jpeg 669w, https:\/\/bookhouse.cz\/wp-content\/uploads\/2025\/10\/duch-pankrace-2-196x300.jpeg 196w, https:\/\/bookhouse.cz\/wp-content\/uploads\/2025\/10\/duch-pankrace-2-768x1175.jpeg 768w, https:\/\/bookhouse.cz\/wp-content\/uploads\/2025\/10\/duch-pankrace-2.jpeg 817w\" sizes=\"(max-width: 669px) 100vw, 669px\" \/><\/figure><\/div>\n\n\n<div style=\"height:45px\" aria-hidden=\"true\" class=\"wp-block-spacer\"><\/div>\n\n\n\n<h2 class=\"wp-block-heading\" id=\"block-d5099aaf-fc1f-4aea-9eb1-4e097e5ca5da\">N\u00e1zev knihy: Duch Pankr\u00e1ce<\/h2>\n\n\n\n<div style=\"height:45px\" aria-hidden=\"true\" class=\"wp-block-spacer\"><\/div>\n\n\n\n<p class=\"has-medium-font-size\" id=\"block-f563f394-4ca1-47f0-b136-5ffe5b4f4d1c\"><strong>Autor:<\/strong>\u00a0Petra Klabouchov\u00e1<\/p>\n\n\n\n<p class=\"has-medium-font-size\" id=\"block-30e75497-0af9-41c7-9cd2-0d7e7f286ca8\"><strong>Po\u010det stran \/ vazba:<\/strong>\u00a0327 stran \/ V\u00e1zan\u00e1 vazba<\/p>\n\n\n\n<p class=\"has-medium-font-size\" id=\"block-6061cabd-fa38-4434-b0be-477ed69294ec\"><strong>Doporu\u010den\u00e1<\/strong>\u00a0<strong>cena:<\/strong>\u00a0469 K\u010d<\/p>\n\n\n\n<p class=\"has-medium-font-size\" id=\"block-bf00762f-3f26-4bb9-9a78-6955ce7d639d\"><strong>Vydalo<\/strong>:\u00a0Nakladatelstv\u00ed Host<\/p>\n\n\n\n<p class=\"has-medium-font-size\"><strong>V\u00edce informac\u00ed na:\u00a0<a href=\"http:\/\/www.hostbrno.cz\/\">www.hostbrno.cz<\/a><\/strong><\/p>\n\n\n\n<div style=\"height:45px\" aria-hidden=\"true\" class=\"wp-block-spacer\"><\/div>\n\n\n\n<p class=\"has-medium-font-size\"><strong>Zdroj foto:<\/strong>\u00a0Host<\/p>\n\n\n\n<div style=\"height:150px\" aria-hidden=\"true\" class=\"wp-block-spacer\"><\/div>\n","protected":false},"excerpt":{"rendered":"<p>Jaro 1943, pankr\u00e1ck\u00e9 cely smrti. Jen jedna ze\u010f stoj\u00ed mezi v\u011bzni a\u00a0pr\u00e1v\u011b stloukanou gilotinou. Na popravu tu \u010dekaj\u00ed lid\u00e9, kter\u00e9 zlo nezlomilo. Zb\u00fdvaj\u00ed jim posledn\u00ed dny \u017eivota. Spolu s&nbsp;nimi Anna a&nbsp;Robert. Nikdy se nepotkali,&#46;&#46;&#46;<\/p>\n","protected":false},"author":8,"featured_media":9340,"comment_status":"closed","ping_status":"closed","sticky":false,"template":"","format":"standard","meta":{"_monsterinsights_skip_tracking":false,"_monsterinsights_sitenote_active":false,"_monsterinsights_sitenote_note":"","_monsterinsights_sitenote_category":0,"footnotes":""},"categories":[3,23],"tags":[],"yoast_head":"<!-- This site is optimized with the Yoast SEO plugin v21.5 - https:\/\/yoast.com\/wordpress\/plugins\/seo\/ -->\n<title>Duch Pankr\u00e1ce | Petra Klabouchov\u00e1 - BOOKHOUSE.cz<\/title>\n<meta name=\"description\" content=\"Jaro 1943, pankr\u00e1ck\u00e9 cely smrti. Jen jedna ze\u010f stoj\u00ed mezi v\u011bzni a\u00a0pr\u00e1v\u011b stloukanou gilotinou. Na popravu tu \u010dekaj\u00ed lid\u00e9, kter\u00e9 zlo nezlomilo.\" \/>\n<meta name=\"robots\" content=\"index, follow, max-snippet:-1, max-image-preview:large, max-video-preview:-1\" \/>\n<link rel=\"canonical\" href=\"https:\/\/bookhouse.cz\/index.php\/2025\/11\/04\/duch-pankrace-petra-klabouchova\/\" \/>\n<meta property=\"og:locale\" content=\"cs_CZ\" \/>\n<meta property=\"og:type\" content=\"article\" \/>\n<meta property=\"og:title\" content=\"Duch Pankr\u00e1ce | Petra Klabouchov\u00e1 - BOOKHOUSE.cz\" \/>\n<meta property=\"og:description\" content=\"Jaro 1943, pankr\u00e1ck\u00e9 cely smrti. Jen jedna ze\u010f stoj\u00ed mezi v\u011bzni a\u00a0pr\u00e1v\u011b stloukanou gilotinou. Na popravu tu \u010dekaj\u00ed lid\u00e9, kter\u00e9 zlo nezlomilo.\" \/>\n<meta property=\"og:url\" content=\"https:\/\/bookhouse.cz\/index.php\/2025\/11\/04\/duch-pankrace-petra-klabouchova\/\" \/>\n<meta property=\"og:site_name\" content=\"BOOKHOUSE.cz\" \/>\n<meta property=\"article:publisher\" content=\"https:\/\/www.facebook.com\/bookhousecz\" \/>\n<meta property=\"article:published_time\" content=\"2025-11-03T23:01:00+00:00\" \/>\n<meta property=\"article:modified_time\" content=\"2025-10-13T16:32:03+00:00\" \/>\n<meta property=\"og:image\" content=\"https:\/\/bookhouse.cz\/wp-content\/uploads\/2025\/10\/duch-pankrace.jpeg\" \/>\n\t<meta property=\"og:image:width\" content=\"817\" \/>\n\t<meta property=\"og:image:height\" content=\"499\" \/>\n\t<meta property=\"og:image:type\" content=\"image\/jpeg\" \/>\n<meta name=\"author\" content=\"Martina Pechov\u00e1\" \/>\n<meta name=\"twitter:card\" content=\"summary_large_image\" \/>\n<meta name=\"twitter:label1\" content=\"Napsal(a)\" \/>\n\t<meta name=\"twitter:data1\" content=\"Martina Pechov\u00e1\" \/>\n\t<meta name=\"twitter:label2\" content=\"Odhadovan\u00e1 doba \u010dten\u00ed\" \/>\n\t<meta name=\"twitter:data2\" content=\"2 minuty\" \/>\n<script type=\"application\/ld+json\" class=\"yoast-schema-graph\">{\"@context\":\"https:\/\/schema.org\",\"@graph\":[{\"@type\":\"Article\",\"@id\":\"https:\/\/bookhouse.cz\/index.php\/2025\/11\/04\/duch-pankrace-petra-klabouchova\/#article\",\"isPartOf\":{\"@id\":\"https:\/\/bookhouse.cz\/index.php\/2025\/11\/04\/duch-pankrace-petra-klabouchova\/\"},\"author\":{\"name\":\"Martina Pechov\u00e1\",\"@id\":\"https:\/\/bookhouse.cz\/#\/schema\/person\/f34350c4206dd14422181c0fbd0922a3\"},\"headline\":\"Duch Pankr\u00e1ce | Petra Klabouchov\u00e1\",\"datePublished\":\"2025-11-03T23:01:00+00:00\",\"dateModified\":\"2025-10-13T16:32:03+00:00\",\"mainEntityOfPage\":{\"@id\":\"https:\/\/bookhouse.cz\/index.php\/2025\/11\/04\/duch-pankrace-petra-klabouchova\/\"},\"wordCount\":253,\"publisher\":{\"@id\":\"https:\/\/bookhouse.cz\/#organization\"},\"articleSection\":[\"NEWS\",\"ROM\u00c1NY\"],\"inLanguage\":\"cs\"},{\"@type\":\"WebPage\",\"@id\":\"https:\/\/bookhouse.cz\/index.php\/2025\/11\/04\/duch-pankrace-petra-klabouchova\/\",\"url\":\"https:\/\/bookhouse.cz\/index.php\/2025\/11\/04\/duch-pankrace-petra-klabouchova\/\",\"name\":\"Duch Pankr\u00e1ce | Petra Klabouchov\u00e1 - BOOKHOUSE.cz\",\"isPartOf\":{\"@id\":\"https:\/\/bookhouse.cz\/#website\"},\"datePublished\":\"2025-11-03T23:01:00+00:00\",\"dateModified\":\"2025-10-13T16:32:03+00:00\",\"description\":\"Jaro 1943, pankr\u00e1ck\u00e9 cely smrti. Jen jedna ze\u010f stoj\u00ed mezi v\u011bzni a\u00a0pr\u00e1v\u011b stloukanou gilotinou. Na popravu tu \u010dekaj\u00ed lid\u00e9, kter\u00e9 zlo nezlomilo.\",\"breadcrumb\":{\"@id\":\"https:\/\/bookhouse.cz\/index.php\/2025\/11\/04\/duch-pankrace-petra-klabouchova\/#breadcrumb\"},\"inLanguage\":\"cs\",\"potentialAction\":[{\"@type\":\"ReadAction\",\"target\":[\"https:\/\/bookhouse.cz\/index.php\/2025\/11\/04\/duch-pankrace-petra-klabouchova\/\"]}]},{\"@type\":\"BreadcrumbList\",\"@id\":\"https:\/\/bookhouse.cz\/index.php\/2025\/11\/04\/duch-pankrace-petra-klabouchova\/#breadcrumb\",\"itemListElement\":[{\"@type\":\"ListItem\",\"position\":1,\"name\":\"Dom\u016f\",\"item\":\"https:\/\/bookhouse.cz\/\"},{\"@type\":\"ListItem\",\"position\":2,\"name\":\"Duch Pankr\u00e1ce | Petra Klabouchov\u00e1\"}]},{\"@type\":\"WebSite\",\"@id\":\"https:\/\/bookhouse.cz\/#website\",\"url\":\"https:\/\/bookhouse.cz\/\",\"name\":\"BOOKHOUSE.cz\",\"description\":\"Port\u00e1l o kni\u017en\u00edch novink\u00e1ch.\",\"publisher\":{\"@id\":\"https:\/\/bookhouse.cz\/#organization\"},\"potentialAction\":[{\"@type\":\"SearchAction\",\"target\":{\"@type\":\"EntryPoint\",\"urlTemplate\":\"https:\/\/bookhouse.cz\/?s={search_term_string}\"},\"query-input\":\"required name=search_term_string\"}],\"inLanguage\":\"cs\"},{\"@type\":\"Organization\",\"@id\":\"https:\/\/bookhouse.cz\/#organization\",\"name\":\"BOOKHOUSE.cz\",\"url\":\"https:\/\/bookhouse.cz\/\",\"logo\":{\"@type\":\"ImageObject\",\"inLanguage\":\"cs\",\"@id\":\"https:\/\/bookhouse.cz\/#\/schema\/logo\/image\/\",\"url\":\"https:\/\/bookhouse.cz\/wp-content\/uploads\/2024\/12\/cropped-Logo_BookHouse.jpg\",\"contentUrl\":\"https:\/\/bookhouse.cz\/wp-content\/uploads\/2024\/12\/cropped-Logo_BookHouse.jpg\",\"width\":938,\"height\":513,\"caption\":\"BOOKHOUSE.cz\"},\"image\":{\"@id\":\"https:\/\/bookhouse.cz\/#\/schema\/logo\/image\/\"},\"sameAs\":[\"https:\/\/www.facebook.com\/bookhousecz\",\"https:\/\/www.instagram.com\/bookhousecz\"]},{\"@type\":\"Person\",\"@id\":\"https:\/\/bookhouse.cz\/#\/schema\/person\/f34350c4206dd14422181c0fbd0922a3\",\"name\":\"Martina Pechov\u00e1\",\"image\":{\"@type\":\"ImageObject\",\"inLanguage\":\"cs\",\"@id\":\"https:\/\/bookhouse.cz\/#\/schema\/person\/image\/\",\"url\":\"https:\/\/secure.gravatar.com\/avatar\/d3ad7f43789eed68b221d01c6d7ac4e5?s=96&d=mm&r=g\",\"contentUrl\":\"https:\/\/secure.gravatar.com\/avatar\/d3ad7f43789eed68b221d01c6d7ac4e5?s=96&d=mm&r=g\",\"caption\":\"Martina Pechov\u00e1\"},\"sameAs\":[\"http:\/\/BOOKHOUSE.cz\"],\"url\":\"https:\/\/bookhouse.cz\/index.php\/author\/marpech\/\"}]}<\/script>\n<!-- \/ Yoast SEO plugin. -->","yoast_head_json":{"title":"Duch Pankr\u00e1ce | Petra Klabouchov\u00e1 - BOOKHOUSE.cz","description":"Jaro 1943, pankr\u00e1ck\u00e9 cely smrti. Jen jedna ze\u010f stoj\u00ed mezi v\u011bzni a\u00a0pr\u00e1v\u011b stloukanou gilotinou. Na popravu tu \u010dekaj\u00ed lid\u00e9, kter\u00e9 zlo nezlomilo.","robots":{"index":"index","follow":"follow","max-snippet":"max-snippet:-1","max-image-preview":"max-image-preview:large","max-video-preview":"max-video-preview:-1"},"canonical":"https:\/\/bookhouse.cz\/index.php\/2025\/11\/04\/duch-pankrace-petra-klabouchova\/","og_locale":"cs_CZ","og_type":"article","og_title":"Duch Pankr\u00e1ce | Petra Klabouchov\u00e1 - BOOKHOUSE.cz","og_description":"Jaro 1943, pankr\u00e1ck\u00e9 cely smrti. Jen jedna ze\u010f stoj\u00ed mezi v\u011bzni a\u00a0pr\u00e1v\u011b stloukanou gilotinou. Na popravu tu \u010dekaj\u00ed lid\u00e9, kter\u00e9 zlo nezlomilo.","og_url":"https:\/\/bookhouse.cz\/index.php\/2025\/11\/04\/duch-pankrace-petra-klabouchova\/","og_site_name":"BOOKHOUSE.cz","article_publisher":"https:\/\/www.facebook.com\/bookhousecz","article_published_time":"2025-11-03T23:01:00+00:00","article_modified_time":"2025-10-13T16:32:03+00:00","og_image":[{"width":817,"height":499,"url":"https:\/\/bookhouse.cz\/wp-content\/uploads\/2025\/10\/duch-pankrace.jpeg","type":"image\/jpeg"}],"author":"Martina Pechov\u00e1","twitter_card":"summary_large_image","twitter_misc":{"Napsal(a)":"Martina Pechov\u00e1","Odhadovan\u00e1 doba \u010dten\u00ed":"2 minuty"},"schema":{"@context":"https:\/\/schema.org","@graph":[{"@type":"Article","@id":"https:\/\/bookhouse.cz\/index.php\/2025\/11\/04\/duch-pankrace-petra-klabouchova\/#article","isPartOf":{"@id":"https:\/\/bookhouse.cz\/index.php\/2025\/11\/04\/duch-pankrace-petra-klabouchova\/"},"author":{"name":"Martina Pechov\u00e1","@id":"https:\/\/bookhouse.cz\/#\/schema\/person\/f34350c4206dd14422181c0fbd0922a3"},"headline":"Duch Pankr\u00e1ce | Petra Klabouchov\u00e1","datePublished":"2025-11-03T23:01:00+00:00","dateModified":"2025-10-13T16:32:03+00:00","mainEntityOfPage":{"@id":"https:\/\/bookhouse.cz\/index.php\/2025\/11\/04\/duch-pankrace-petra-klabouchova\/"},"wordCount":253,"publisher":{"@id":"https:\/\/bookhouse.cz\/#organization"},"articleSection":["NEWS","ROM\u00c1NY"],"inLanguage":"cs"},{"@type":"WebPage","@id":"https:\/\/bookhouse.cz\/index.php\/2025\/11\/04\/duch-pankrace-petra-klabouchova\/","url":"https:\/\/bookhouse.cz\/index.php\/2025\/11\/04\/duch-pankrace-petra-klabouchova\/","name":"Duch Pankr\u00e1ce | Petra Klabouchov\u00e1 - BOOKHOUSE.cz","isPartOf":{"@id":"https:\/\/bookhouse.cz\/#website"},"datePublished":"2025-11-03T23:01:00+00:00","dateModified":"2025-10-13T16:32:03+00:00","description":"Jaro 1943, pankr\u00e1ck\u00e9 cely smrti. Jen jedna ze\u010f stoj\u00ed mezi v\u011bzni a\u00a0pr\u00e1v\u011b stloukanou gilotinou. Na popravu tu \u010dekaj\u00ed lid\u00e9, kter\u00e9 zlo nezlomilo.","breadcrumb":{"@id":"https:\/\/bookhouse.cz\/index.php\/2025\/11\/04\/duch-pankrace-petra-klabouchova\/#breadcrumb"},"inLanguage":"cs","potentialAction":[{"@type":"ReadAction","target":["https:\/\/bookhouse.cz\/index.php\/2025\/11\/04\/duch-pankrace-petra-klabouchova\/"]}]},{"@type":"BreadcrumbList","@id":"https:\/\/bookhouse.cz\/index.php\/2025\/11\/04\/duch-pankrace-petra-klabouchova\/#breadcrumb","itemListElement":[{"@type":"ListItem","position":1,"name":"Dom\u016f","item":"https:\/\/bookhouse.cz\/"},{"@type":"ListItem","position":2,"name":"Duch Pankr\u00e1ce | Petra Klabouchov\u00e1"}]},{"@type":"WebSite","@id":"https:\/\/bookhouse.cz\/#website","url":"https:\/\/bookhouse.cz\/","name":"BOOKHOUSE.cz","description":"Port\u00e1l o kni\u017en\u00edch novink\u00e1ch.","publisher":{"@id":"https:\/\/bookhouse.cz\/#organization"},"potentialAction":[{"@type":"SearchAction","target":{"@type":"EntryPoint","urlTemplate":"https:\/\/bookhouse.cz\/?s={search_term_string}"},"query-input":"required name=search_term_string"}],"inLanguage":"cs"},{"@type":"Organization","@id":"https:\/\/bookhouse.cz\/#organization","name":"BOOKHOUSE.cz","url":"https:\/\/bookhouse.cz\/","logo":{"@type":"ImageObject","inLanguage":"cs","@id":"https:\/\/bookhouse.cz\/#\/schema\/logo\/image\/","url":"https:\/\/bookhouse.cz\/wp-content\/uploads\/2024\/12\/cropped-Logo_BookHouse.jpg","contentUrl":"https:\/\/bookhouse.cz\/wp-content\/uploads\/2024\/12\/cropped-Logo_BookHouse.jpg","width":938,"height":513,"caption":"BOOKHOUSE.cz"},"image":{"@id":"https:\/\/bookhouse.cz\/#\/schema\/logo\/image\/"},"sameAs":["https:\/\/www.facebook.com\/bookhousecz","https:\/\/www.instagram.com\/bookhousecz"]},{"@type":"Person","@id":"https:\/\/bookhouse.cz\/#\/schema\/person\/f34350c4206dd14422181c0fbd0922a3","name":"Martina Pechov\u00e1","image":{"@type":"ImageObject","inLanguage":"cs","@id":"https:\/\/bookhouse.cz\/#\/schema\/person\/image\/","url":"https:\/\/secure.gravatar.com\/avatar\/d3ad7f43789eed68b221d01c6d7ac4e5?s=96&d=mm&r=g","contentUrl":"https:\/\/secure.gravatar.com\/avatar\/d3ad7f43789eed68b221d01c6d7ac4e5?s=96&d=mm&r=g","caption":"Martina Pechov\u00e1"},"sameAs":["http:\/\/BOOKHOUSE.cz"],"url":"https:\/\/bookhouse.cz\/index.php\/author\/marpech\/"}]}},"_links":{"self":[{"href":"https:\/\/bookhouse.cz\/index.php\/wp-json\/wp\/v2\/posts\/9339"}],"collection":[{"href":"https:\/\/bookhouse.cz\/index.php\/wp-json\/wp\/v2\/posts"}],"about":[{"href":"https:\/\/bookhouse.cz\/index.php\/wp-json\/wp\/v2\/types\/post"}],"author":[{"embeddable":true,"href":"https:\/\/bookhouse.cz\/index.php\/wp-json\/wp\/v2\/users\/8"}],"replies":[{"embeddable":true,"href":"https:\/\/bookhouse.cz\/index.php\/wp-json\/wp\/v2\/comments?post=9339"}],"version-history":[{"count":1,"href":"https:\/\/bookhouse.cz\/index.php\/wp-json\/wp\/v2\/posts\/9339\/revisions"}],"predecessor-version":[{"id":9342,"href":"https:\/\/bookhouse.cz\/index.php\/wp-json\/wp\/v2\/posts\/9339\/revisions\/9342"}],"wp:featuredmedia":[{"embeddable":true,"href":"https:\/\/bookhouse.cz\/index.php\/wp-json\/wp\/v2\/media\/9340"}],"wp:attachment":[{"href":"https:\/\/bookhouse.cz\/index.php\/wp-json\/wp\/v2\/media?parent=9339"}],"wp:term":[{"taxonomy":"category","embeddable":true,"href":"https:\/\/bookhouse.cz\/index.php\/wp-json\/wp\/v2\/categories?post=9339"},{"taxonomy":"post_tag","embeddable":true,"href":"https:\/\/bookhouse.cz\/index.php\/wp-json\/wp\/v2\/tags?post=9339"}],"curies":[{"name":"wp","href":"https:\/\/api.w.org\/{rel}","templated":true}]}}