{"id":9133,"date":"2025-09-23T00:01:00","date_gmt":"2025-09-22T22:01:00","guid":{"rendered":"https:\/\/bookhouse.cz\/?p=9133"},"modified":"2025-09-13T18:45:59","modified_gmt":"2025-09-13T16:45:59","slug":"prevadec-mezi-dvema-svety-anna-strnadova","status":"publish","type":"post","link":"https:\/\/bookhouse.cz\/index.php\/2025\/09\/23\/prevadec-mezi-dvema-svety-anna-strnadova\/","title":{"rendered":"P\u0159evad\u011b\u010d mezi dv\u011bma sv\u011bty |\u00a0Anna Strnadov\u00e1"},"content":{"rendered":"\n<div style=\"height:45px\" aria-hidden=\"true\" class=\"wp-block-spacer\"><\/div>\n\n\n\n<p class=\"has-medium-font-size\"><strong>\u0160t\u011bp\u00e1n Gavenda p\u0159evedl z lehkomysln\u00e9ho vzdoru sv\u00e9 zn\u00e1m\u00e9 p\u0159es hranice do N\u011bmecka a t\u00edm si uzav\u0159el cestu dom\u016f. Zanechal tady svou t\u011bhotnou snoubenku Selmu. St\u00e1v\u00e1 se chodcem-kur\u00fdrem, nejd\u0159\u00edve pa\u0161uje cigarety a p\u0159ev\u00e1d\u00ed lidi, pozd\u011bji ho z\u00edsk\u00e1 americk\u00e1 CIC ke \u0161pion\u00e1\u017en\u00ed \u010dinnosti na na\u0161em \u00fazem\u00ed.<\/strong><\/p>\n\n\n\n<div style=\"height:45px\" aria-hidden=\"true\" class=\"wp-block-spacer\"><\/div>\n\n\n<div class=\"wp-block-image\">\n<figure class=\"aligncenter size-full\"><img loading=\"lazy\" decoding=\"async\" width=\"824\" height=\"507\" src=\"https:\/\/bookhouse.cz\/wp-content\/uploads\/2025\/08\/553691_bg-2.jpg\" alt=\"P\u0159evad\u011b\u010d mezi dv\u011bma sv\u011bty\" class=\"wp-image-9134\" srcset=\"https:\/\/bookhouse.cz\/wp-content\/uploads\/2025\/08\/553691_bg-2.jpg 824w, https:\/\/bookhouse.cz\/wp-content\/uploads\/2025\/08\/553691_bg-2-300x185.jpg 300w, https:\/\/bookhouse.cz\/wp-content\/uploads\/2025\/08\/553691_bg-2-768x473.jpg 768w\" sizes=\"(max-width: 824px) 100vw, 824px\" \/><\/figure><\/div>\n\n\n<div style=\"height:45px\" aria-hidden=\"true\" class=\"wp-block-spacer\"><\/div>\n\n\n\n<p class=\"has-medium-font-size\">Naverboval ho Franti\u0161ek Bogataj, jeho\u017e taky z \u010ceskoslovenska p\u0159evedl. \u0160t\u011bp\u00e1n Gavenda pat\u0159il k nej\u00fasp\u011b\u0161n\u011bj\u0161\u00edm kur\u00fdr\u016fm, vinou zrady Olina Miholy, nastr\u010den\u00e9ho StB do jejich \u0159ad, je zadr\u017een a po n\u011bkolika v\u011bzen\u00edch skon\u010d\u00ed v tom nejhor\u0161\u00edm, v Leopoldov\u011b. Po m\u011bs\u00edci se mu poda\u0159\u00ed s dal\u0161\u00edmi p\u011bti v\u011bzni uprchnout a vr\u00e1tit se do N\u011bmecka. Ani Bogataj, ani americk\u00e1 CIC o n\u011bho u\u017e nejev\u00ed z\u00e1jem, jsou p\u0159esv\u011bd\u010deni, \u017ee je agentem StB. Gavenda se sna\u017e\u00ed dok\u00e1zat svou nevinu, vrac\u00ed se do \u010ceskoslovenska, p\u0159i p\u0159echodu sov\u011btsk\u00e9ho p\u00e1sma v N\u011bmecku je zadr\u017een a soud nad n\u00edm vy\u0159kne trest smrti. Historick\u00fd rom\u00e1n o slavn\u00e9m p\u0159evad\u011b\u010di.<\/p>\n\n\n\n<div style=\"height:45px\" aria-hidden=\"true\" class=\"wp-block-spacer\"><\/div>\n\n\n<div class=\"wp-block-image\">\n<figure class=\"aligncenter size-large\"><img loading=\"lazy\" decoding=\"async\" width=\"675\" height=\"1024\" src=\"https:\/\/bookhouse.cz\/wp-content\/uploads\/2025\/08\/553691_bg-675x1024.jpg\" alt=\"P\u0159evad\u011b\u010d mezi dv\u011bma sv\u011bty\" class=\"wp-image-9135\" srcset=\"https:\/\/bookhouse.cz\/wp-content\/uploads\/2025\/08\/553691_bg-675x1024.jpg 675w, https:\/\/bookhouse.cz\/wp-content\/uploads\/2025\/08\/553691_bg-198x300.jpg 198w, https:\/\/bookhouse.cz\/wp-content\/uploads\/2025\/08\/553691_bg-768x1165.jpg 768w, https:\/\/bookhouse.cz\/wp-content\/uploads\/2025\/08\/553691_bg.jpg 824w\" sizes=\"(max-width: 675px) 100vw, 675px\" \/><\/figure><\/div>\n\n\n<div style=\"height:45px\" aria-hidden=\"true\" class=\"wp-block-spacer\"><\/div>\n\n\n\n<h2 class=\"wp-block-heading\" id=\"block-d5099aaf-fc1f-4aea-9eb1-4e097e5ca5da\">N\u00e1zev knihy: P\u0159evad\u011b\u010d mezi dv\u011bma sv\u011bty<\/h2>\n\n\n\n<div style=\"height:45px\" aria-hidden=\"true\" class=\"wp-block-spacer\"><\/div>\n\n\n\n<p class=\"has-medium-font-size\" id=\"block-f563f394-4ca1-47f0-b136-5ffe5b4f4d1c\"><strong>Autor:<\/strong>&nbsp;Anna Strnadov\u00e1<\/p>\n\n\n\n<p class=\"has-medium-font-size\" id=\"block-30e75497-0af9-41c7-9cd2-0d7e7f286ca8\"><strong>Po\u010det stran \/ vazba:<\/strong>&nbsp;286 stran \/ V\u00e1zan\u00e1 vazba<\/p>\n\n\n\n<p class=\"has-medium-font-size\" id=\"block-6061cabd-fa38-4434-b0be-477ed69294ec\"><strong>Doporu\u010den\u00e1<\/strong>&nbsp;<strong>cena:<\/strong>&nbsp;448 K\u010d<\/p>\n\n\n\n<p class=\"has-medium-font-size\" id=\"block-bf00762f-3f26-4bb9-9a78-6955ce7d639d\"><strong>Vydalo<\/strong>:&nbsp;Nakladatelstv\u00ed Argo<\/p>\n\n\n\n<p class=\"has-medium-font-size\"><strong>V\u00edce informac\u00ed na:&nbsp;<\/strong><a href=\"http:\/\/www.argo.cz\/\"><strong>www.argo.cz<\/strong><\/a><\/p>\n\n\n\n<div style=\"height:45px\" aria-hidden=\"true\" class=\"wp-block-spacer\"><\/div>\n\n\n\n<p class=\"has-medium-font-size\" id=\"block-78735c9f-8b0d-4f1e-a3f4-81a23eadb822\"><strong>Zdroj foto:<\/strong>&nbsp;Argo<\/p>\n\n\n\n<div style=\"height:150px\" aria-hidden=\"true\" class=\"wp-block-spacer\"><\/div>\n","protected":false},"excerpt":{"rendered":"<p>\u0160t\u011bp\u00e1n Gavenda p\u0159evedl z lehkomysln\u00e9ho vzdoru sv\u00e9 zn\u00e1m\u00e9 p\u0159es hranice do N\u011bmecka a t\u00edm si uzav\u0159el cestu dom\u016f. Zanechal tady svou t\u011bhotnou snoubenku Selmu. St\u00e1v\u00e1 se chodcem-kur\u00fdrem, nejd\u0159\u00edve pa\u0161uje cigarety a p\u0159ev\u00e1d\u00ed lidi, pozd\u011bji&#46;&#46;&#46;<\/p>\n","protected":false},"author":8,"featured_media":9134,"comment_status":"closed","ping_status":"closed","sticky":false,"template":"","format":"standard","meta":{"_monsterinsights_skip_tracking":false,"_monsterinsights_sitenote_active":false,"_monsterinsights_sitenote_note":"","_monsterinsights_sitenote_category":0,"footnotes":""},"categories":[41,3,23],"tags":[],"yoast_head":"<!-- This site is optimized with the Yoast SEO plugin v21.5 - https:\/\/yoast.com\/wordpress\/plugins\/seo\/ -->\n<title>P\u0159evad\u011b\u010d mezi dv\u011bma sv\u011bty |\u00a0Anna Strnadov\u00e1 - BOOKHOUSE.cz<\/title>\n<meta name=\"description\" content=\"\u0160t\u011bp\u00e1n Gavenda p\u0159evedl z lehkomysln\u00e9ho vzdoru sv\u00e9 zn\u00e1m\u00e9 p\u0159es hranice do N\u011bmecka a t\u00edm si uzav\u0159el cestu dom\u016f.\" \/>\n<meta name=\"robots\" content=\"index, follow, max-snippet:-1, max-image-preview:large, max-video-preview:-1\" \/>\n<link rel=\"canonical\" href=\"https:\/\/bookhouse.cz\/index.php\/2025\/09\/23\/prevadec-mezi-dvema-svety-anna-strnadova\/\" \/>\n<meta property=\"og:locale\" content=\"cs_CZ\" \/>\n<meta property=\"og:type\" content=\"article\" \/>\n<meta property=\"og:title\" content=\"P\u0159evad\u011b\u010d mezi dv\u011bma sv\u011bty |\u00a0Anna Strnadov\u00e1 - BOOKHOUSE.cz\" \/>\n<meta property=\"og:description\" content=\"\u0160t\u011bp\u00e1n Gavenda p\u0159evedl z lehkomysln\u00e9ho vzdoru sv\u00e9 zn\u00e1m\u00e9 p\u0159es hranice do N\u011bmecka a t\u00edm si uzav\u0159el cestu dom\u016f.\" \/>\n<meta property=\"og:url\" content=\"https:\/\/bookhouse.cz\/index.php\/2025\/09\/23\/prevadec-mezi-dvema-svety-anna-strnadova\/\" \/>\n<meta property=\"og:site_name\" content=\"BOOKHOUSE.cz\" \/>\n<meta property=\"article:publisher\" content=\"https:\/\/www.facebook.com\/bookhousecz\" \/>\n<meta property=\"article:published_time\" content=\"2025-09-22T22:01:00+00:00\" \/>\n<meta property=\"article:modified_time\" content=\"2025-09-13T16:45:59+00:00\" \/>\n<meta property=\"og:image\" content=\"https:\/\/bookhouse.cz\/wp-content\/uploads\/2025\/08\/553691_bg-2.jpg\" \/>\n\t<meta property=\"og:image:width\" content=\"824\" \/>\n\t<meta property=\"og:image:height\" content=\"507\" \/>\n\t<meta property=\"og:image:type\" content=\"image\/jpeg\" \/>\n<meta name=\"author\" content=\"Martina Pechov\u00e1\" \/>\n<meta name=\"twitter:card\" content=\"summary_large_image\" \/>\n<meta name=\"twitter:label1\" content=\"Napsal(a)\" \/>\n\t<meta name=\"twitter:data1\" content=\"Martina Pechov\u00e1\" \/>\n\t<meta name=\"twitter:label2\" content=\"Odhadovan\u00e1 doba \u010dten\u00ed\" \/>\n\t<meta name=\"twitter:data2\" content=\"2 minuty\" \/>\n<script type=\"application\/ld+json\" class=\"yoast-schema-graph\">{\"@context\":\"https:\/\/schema.org\",\"@graph\":[{\"@type\":\"Article\",\"@id\":\"https:\/\/bookhouse.cz\/index.php\/2025\/09\/23\/prevadec-mezi-dvema-svety-anna-strnadova\/#article\",\"isPartOf\":{\"@id\":\"https:\/\/bookhouse.cz\/index.php\/2025\/09\/23\/prevadec-mezi-dvema-svety-anna-strnadova\/\"},\"author\":{\"name\":\"Martina Pechov\u00e1\",\"@id\":\"https:\/\/bookhouse.cz\/#\/schema\/person\/f34350c4206dd14422181c0fbd0922a3\"},\"headline\":\"P\u0159evad\u011b\u010d mezi dv\u011bma sv\u011bty |\u00a0Anna Strnadov\u00e1\",\"datePublished\":\"2025-09-22T22:01:00+00:00\",\"dateModified\":\"2025-09-13T16:45:59+00:00\",\"mainEntityOfPage\":{\"@id\":\"https:\/\/bookhouse.cz\/index.php\/2025\/09\/23\/prevadec-mezi-dvema-svety-anna-strnadova\/\"},\"wordCount\":259,\"publisher\":{\"@id\":\"https:\/\/bookhouse.cz\/#organization\"},\"articleSection\":[\"HISTORICK\u00c9\",\"NEWS\",\"ROM\u00c1NY\"],\"inLanguage\":\"cs\"},{\"@type\":\"WebPage\",\"@id\":\"https:\/\/bookhouse.cz\/index.php\/2025\/09\/23\/prevadec-mezi-dvema-svety-anna-strnadova\/\",\"url\":\"https:\/\/bookhouse.cz\/index.php\/2025\/09\/23\/prevadec-mezi-dvema-svety-anna-strnadova\/\",\"name\":\"P\u0159evad\u011b\u010d mezi dv\u011bma sv\u011bty |\u00a0Anna Strnadov\u00e1 - BOOKHOUSE.cz\",\"isPartOf\":{\"@id\":\"https:\/\/bookhouse.cz\/#website\"},\"datePublished\":\"2025-09-22T22:01:00+00:00\",\"dateModified\":\"2025-09-13T16:45:59+00:00\",\"description\":\"\u0160t\u011bp\u00e1n Gavenda p\u0159evedl z lehkomysln\u00e9ho vzdoru sv\u00e9 zn\u00e1m\u00e9 p\u0159es hranice do N\u011bmecka a t\u00edm si uzav\u0159el cestu dom\u016f.\",\"breadcrumb\":{\"@id\":\"https:\/\/bookhouse.cz\/index.php\/2025\/09\/23\/prevadec-mezi-dvema-svety-anna-strnadova\/#breadcrumb\"},\"inLanguage\":\"cs\",\"potentialAction\":[{\"@type\":\"ReadAction\",\"target\":[\"https:\/\/bookhouse.cz\/index.php\/2025\/09\/23\/prevadec-mezi-dvema-svety-anna-strnadova\/\"]}]},{\"@type\":\"BreadcrumbList\",\"@id\":\"https:\/\/bookhouse.cz\/index.php\/2025\/09\/23\/prevadec-mezi-dvema-svety-anna-strnadova\/#breadcrumb\",\"itemListElement\":[{\"@type\":\"ListItem\",\"position\":1,\"name\":\"Dom\u016f\",\"item\":\"https:\/\/bookhouse.cz\/\"},{\"@type\":\"ListItem\",\"position\":2,\"name\":\"P\u0159evad\u011b\u010d mezi dv\u011bma sv\u011bty |\u00a0Anna Strnadov\u00e1\"}]},{\"@type\":\"WebSite\",\"@id\":\"https:\/\/bookhouse.cz\/#website\",\"url\":\"https:\/\/bookhouse.cz\/\",\"name\":\"BOOKHOUSE.cz\",\"description\":\"Port\u00e1l o kni\u017en\u00edch novink\u00e1ch.\",\"publisher\":{\"@id\":\"https:\/\/bookhouse.cz\/#organization\"},\"potentialAction\":[{\"@type\":\"SearchAction\",\"target\":{\"@type\":\"EntryPoint\",\"urlTemplate\":\"https:\/\/bookhouse.cz\/?s={search_term_string}\"},\"query-input\":\"required name=search_term_string\"}],\"inLanguage\":\"cs\"},{\"@type\":\"Organization\",\"@id\":\"https:\/\/bookhouse.cz\/#organization\",\"name\":\"BOOKHOUSE.cz\",\"url\":\"https:\/\/bookhouse.cz\/\",\"logo\":{\"@type\":\"ImageObject\",\"inLanguage\":\"cs\",\"@id\":\"https:\/\/bookhouse.cz\/#\/schema\/logo\/image\/\",\"url\":\"https:\/\/bookhouse.cz\/wp-content\/uploads\/2024\/12\/cropped-Logo_BookHouse.jpg\",\"contentUrl\":\"https:\/\/bookhouse.cz\/wp-content\/uploads\/2024\/12\/cropped-Logo_BookHouse.jpg\",\"width\":938,\"height\":513,\"caption\":\"BOOKHOUSE.cz\"},\"image\":{\"@id\":\"https:\/\/bookhouse.cz\/#\/schema\/logo\/image\/\"},\"sameAs\":[\"https:\/\/www.facebook.com\/bookhousecz\",\"https:\/\/www.instagram.com\/bookhousecz\"]},{\"@type\":\"Person\",\"@id\":\"https:\/\/bookhouse.cz\/#\/schema\/person\/f34350c4206dd14422181c0fbd0922a3\",\"name\":\"Martina Pechov\u00e1\",\"image\":{\"@type\":\"ImageObject\",\"inLanguage\":\"cs\",\"@id\":\"https:\/\/bookhouse.cz\/#\/schema\/person\/image\/\",\"url\":\"https:\/\/secure.gravatar.com\/avatar\/d3ad7f43789eed68b221d01c6d7ac4e5?s=96&d=mm&r=g\",\"contentUrl\":\"https:\/\/secure.gravatar.com\/avatar\/d3ad7f43789eed68b221d01c6d7ac4e5?s=96&d=mm&r=g\",\"caption\":\"Martina Pechov\u00e1\"},\"sameAs\":[\"http:\/\/BOOKHOUSE.cz\"],\"url\":\"https:\/\/bookhouse.cz\/index.php\/author\/marpech\/\"}]}<\/script>\n<!-- \/ Yoast SEO plugin. -->","yoast_head_json":{"title":"P\u0159evad\u011b\u010d mezi dv\u011bma sv\u011bty |\u00a0Anna Strnadov\u00e1 - BOOKHOUSE.cz","description":"\u0160t\u011bp\u00e1n Gavenda p\u0159evedl z lehkomysln\u00e9ho vzdoru sv\u00e9 zn\u00e1m\u00e9 p\u0159es hranice do N\u011bmecka a t\u00edm si uzav\u0159el cestu dom\u016f.","robots":{"index":"index","follow":"follow","max-snippet":"max-snippet:-1","max-image-preview":"max-image-preview:large","max-video-preview":"max-video-preview:-1"},"canonical":"https:\/\/bookhouse.cz\/index.php\/2025\/09\/23\/prevadec-mezi-dvema-svety-anna-strnadova\/","og_locale":"cs_CZ","og_type":"article","og_title":"P\u0159evad\u011b\u010d mezi dv\u011bma sv\u011bty |\u00a0Anna Strnadov\u00e1 - BOOKHOUSE.cz","og_description":"\u0160t\u011bp\u00e1n Gavenda p\u0159evedl z lehkomysln\u00e9ho vzdoru sv\u00e9 zn\u00e1m\u00e9 p\u0159es hranice do N\u011bmecka a t\u00edm si uzav\u0159el cestu dom\u016f.","og_url":"https:\/\/bookhouse.cz\/index.php\/2025\/09\/23\/prevadec-mezi-dvema-svety-anna-strnadova\/","og_site_name":"BOOKHOUSE.cz","article_publisher":"https:\/\/www.facebook.com\/bookhousecz","article_published_time":"2025-09-22T22:01:00+00:00","article_modified_time":"2025-09-13T16:45:59+00:00","og_image":[{"width":824,"height":507,"url":"https:\/\/bookhouse.cz\/wp-content\/uploads\/2025\/08\/553691_bg-2.jpg","type":"image\/jpeg"}],"author":"Martina Pechov\u00e1","twitter_card":"summary_large_image","twitter_misc":{"Napsal(a)":"Martina Pechov\u00e1","Odhadovan\u00e1 doba \u010dten\u00ed":"2 minuty"},"schema":{"@context":"https:\/\/schema.org","@graph":[{"@type":"Article","@id":"https:\/\/bookhouse.cz\/index.php\/2025\/09\/23\/prevadec-mezi-dvema-svety-anna-strnadova\/#article","isPartOf":{"@id":"https:\/\/bookhouse.cz\/index.php\/2025\/09\/23\/prevadec-mezi-dvema-svety-anna-strnadova\/"},"author":{"name":"Martina Pechov\u00e1","@id":"https:\/\/bookhouse.cz\/#\/schema\/person\/f34350c4206dd14422181c0fbd0922a3"},"headline":"P\u0159evad\u011b\u010d mezi dv\u011bma sv\u011bty |\u00a0Anna Strnadov\u00e1","datePublished":"2025-09-22T22:01:00+00:00","dateModified":"2025-09-13T16:45:59+00:00","mainEntityOfPage":{"@id":"https:\/\/bookhouse.cz\/index.php\/2025\/09\/23\/prevadec-mezi-dvema-svety-anna-strnadova\/"},"wordCount":259,"publisher":{"@id":"https:\/\/bookhouse.cz\/#organization"},"articleSection":["HISTORICK\u00c9","NEWS","ROM\u00c1NY"],"inLanguage":"cs"},{"@type":"WebPage","@id":"https:\/\/bookhouse.cz\/index.php\/2025\/09\/23\/prevadec-mezi-dvema-svety-anna-strnadova\/","url":"https:\/\/bookhouse.cz\/index.php\/2025\/09\/23\/prevadec-mezi-dvema-svety-anna-strnadova\/","name":"P\u0159evad\u011b\u010d mezi dv\u011bma sv\u011bty |\u00a0Anna Strnadov\u00e1 - BOOKHOUSE.cz","isPartOf":{"@id":"https:\/\/bookhouse.cz\/#website"},"datePublished":"2025-09-22T22:01:00+00:00","dateModified":"2025-09-13T16:45:59+00:00","description":"\u0160t\u011bp\u00e1n Gavenda p\u0159evedl z lehkomysln\u00e9ho vzdoru sv\u00e9 zn\u00e1m\u00e9 p\u0159es hranice do N\u011bmecka a t\u00edm si uzav\u0159el cestu dom\u016f.","breadcrumb":{"@id":"https:\/\/bookhouse.cz\/index.php\/2025\/09\/23\/prevadec-mezi-dvema-svety-anna-strnadova\/#breadcrumb"},"inLanguage":"cs","potentialAction":[{"@type":"ReadAction","target":["https:\/\/bookhouse.cz\/index.php\/2025\/09\/23\/prevadec-mezi-dvema-svety-anna-strnadova\/"]}]},{"@type":"BreadcrumbList","@id":"https:\/\/bookhouse.cz\/index.php\/2025\/09\/23\/prevadec-mezi-dvema-svety-anna-strnadova\/#breadcrumb","itemListElement":[{"@type":"ListItem","position":1,"name":"Dom\u016f","item":"https:\/\/bookhouse.cz\/"},{"@type":"ListItem","position":2,"name":"P\u0159evad\u011b\u010d mezi dv\u011bma sv\u011bty |\u00a0Anna Strnadov\u00e1"}]},{"@type":"WebSite","@id":"https:\/\/bookhouse.cz\/#website","url":"https:\/\/bookhouse.cz\/","name":"BOOKHOUSE.cz","description":"Port\u00e1l o kni\u017en\u00edch novink\u00e1ch.","publisher":{"@id":"https:\/\/bookhouse.cz\/#organization"},"potentialAction":[{"@type":"SearchAction","target":{"@type":"EntryPoint","urlTemplate":"https:\/\/bookhouse.cz\/?s={search_term_string}"},"query-input":"required name=search_term_string"}],"inLanguage":"cs"},{"@type":"Organization","@id":"https:\/\/bookhouse.cz\/#organization","name":"BOOKHOUSE.cz","url":"https:\/\/bookhouse.cz\/","logo":{"@type":"ImageObject","inLanguage":"cs","@id":"https:\/\/bookhouse.cz\/#\/schema\/logo\/image\/","url":"https:\/\/bookhouse.cz\/wp-content\/uploads\/2024\/12\/cropped-Logo_BookHouse.jpg","contentUrl":"https:\/\/bookhouse.cz\/wp-content\/uploads\/2024\/12\/cropped-Logo_BookHouse.jpg","width":938,"height":513,"caption":"BOOKHOUSE.cz"},"image":{"@id":"https:\/\/bookhouse.cz\/#\/schema\/logo\/image\/"},"sameAs":["https:\/\/www.facebook.com\/bookhousecz","https:\/\/www.instagram.com\/bookhousecz"]},{"@type":"Person","@id":"https:\/\/bookhouse.cz\/#\/schema\/person\/f34350c4206dd14422181c0fbd0922a3","name":"Martina Pechov\u00e1","image":{"@type":"ImageObject","inLanguage":"cs","@id":"https:\/\/bookhouse.cz\/#\/schema\/person\/image\/","url":"https:\/\/secure.gravatar.com\/avatar\/d3ad7f43789eed68b221d01c6d7ac4e5?s=96&d=mm&r=g","contentUrl":"https:\/\/secure.gravatar.com\/avatar\/d3ad7f43789eed68b221d01c6d7ac4e5?s=96&d=mm&r=g","caption":"Martina Pechov\u00e1"},"sameAs":["http:\/\/BOOKHOUSE.cz"],"url":"https:\/\/bookhouse.cz\/index.php\/author\/marpech\/"}]}},"_links":{"self":[{"href":"https:\/\/bookhouse.cz\/index.php\/wp-json\/wp\/v2\/posts\/9133"}],"collection":[{"href":"https:\/\/bookhouse.cz\/index.php\/wp-json\/wp\/v2\/posts"}],"about":[{"href":"https:\/\/bookhouse.cz\/index.php\/wp-json\/wp\/v2\/types\/post"}],"author":[{"embeddable":true,"href":"https:\/\/bookhouse.cz\/index.php\/wp-json\/wp\/v2\/users\/8"}],"replies":[{"embeddable":true,"href":"https:\/\/bookhouse.cz\/index.php\/wp-json\/wp\/v2\/comments?post=9133"}],"version-history":[{"count":2,"href":"https:\/\/bookhouse.cz\/index.php\/wp-json\/wp\/v2\/posts\/9133\/revisions"}],"predecessor-version":[{"id":9237,"href":"https:\/\/bookhouse.cz\/index.php\/wp-json\/wp\/v2\/posts\/9133\/revisions\/9237"}],"wp:featuredmedia":[{"embeddable":true,"href":"https:\/\/bookhouse.cz\/index.php\/wp-json\/wp\/v2\/media\/9134"}],"wp:attachment":[{"href":"https:\/\/bookhouse.cz\/index.php\/wp-json\/wp\/v2\/media?parent=9133"}],"wp:term":[{"taxonomy":"category","embeddable":true,"href":"https:\/\/bookhouse.cz\/index.php\/wp-json\/wp\/v2\/categories?post=9133"},{"taxonomy":"post_tag","embeddable":true,"href":"https:\/\/bookhouse.cz\/index.php\/wp-json\/wp\/v2\/tags?post=9133"}],"curies":[{"name":"wp","href":"https:\/\/api.w.org\/{rel}","templated":true}]}}