{"id":8885,"date":"2025-08-06T00:01:00","date_gmt":"2025-08-05T22:01:00","guid":{"rendered":"https:\/\/bookhouse.cz\/?p=8885"},"modified":"2025-06-16T17:30:04","modified_gmt":"2025-06-16T15:30:04","slug":"kdyz-tecou-nudle-a-tlaci-prdiky-vitor-gatinho","status":"publish","type":"post","link":"https:\/\/bookhouse.cz\/index.php\/2025\/08\/06\/kdyz-tecou-nudle-a-tlaci-prdiky-vitor-gatinho\/","title":{"rendered":"Kdy\u017e te\u010dou nudle a tla\u010d\u00ed prd\u00edky | Vitor Gatinho"},"content":{"rendered":"\n<div style=\"height:45px\" aria-hidden=\"true\" class=\"wp-block-spacer\"><\/div>\n\n\n\n<p class=\"has-medium-font-size\"><strong>Pr\u016fvodce (nejen) nemocemi mal\u00fdch d\u011bt\u00ed &#8211; pro norm\u00e1ln\u00ed rodi\u010de s pocitem, \u017ee nic nezvl\u00e1daj\u00ed.\u00a0<\/strong><\/p>\n\n\n\n<div style=\"height:45px\" aria-hidden=\"true\" class=\"wp-block-spacer\"><\/div>\n\n\n<div class=\"wp-block-image\">\n<figure class=\"aligncenter size-large\"><img loading=\"lazy\" decoding=\"async\" width=\"1024\" height=\"705\" src=\"https:\/\/bookhouse.cz\/wp-content\/uploads\/2025\/06\/7661_kdyz-tecou-nudle-a-tlaci-prdiky-2-1024x705.jpg\" alt=\"Kdy\u017e te\u010dou nudle a tla\u010d\u00ed prd\u00edky\" class=\"wp-image-8886\" srcset=\"https:\/\/bookhouse.cz\/wp-content\/uploads\/2025\/06\/7661_kdyz-tecou-nudle-a-tlaci-prdiky-2-1024x705.jpg 1024w, https:\/\/bookhouse.cz\/wp-content\/uploads\/2025\/06\/7661_kdyz-tecou-nudle-a-tlaci-prdiky-2-300x206.jpg 300w, https:\/\/bookhouse.cz\/wp-content\/uploads\/2025\/06\/7661_kdyz-tecou-nudle-a-tlaci-prdiky-2-768x528.jpg 768w, https:\/\/bookhouse.cz\/wp-content\/uploads\/2025\/06\/7661_kdyz-tecou-nudle-a-tlaci-prdiky-2.jpg 1311w\" sizes=\"(max-width: 1024px) 100vw, 1024px\" \/><\/figure><\/div>\n\n\n<div style=\"height:45px\" aria-hidden=\"true\" class=\"wp-block-spacer\"><\/div>\n\n\n\n<p class=\"has-medium-font-size\">D\u011bti ka\u0161lou, smrkaj\u00ed, k\u0148ouraj\u00ed a ob\u010das vyd\u00e1vaj\u00ed d\u011bsiv\u00e9 zvuky. A my \u2013 rodi\u010de \u2013 se pt\u00e1me: Je to norm\u00e1ln\u00ed? M\u00e1me jet na pohotovost? Nebo sta\u010d\u00ed \u010daj a poh\u00e1dka? Tahle kniha je p\u0159esn\u011b pro ty chv\u00edle, kdy si \u0159\u00edk\u00e1te: \u201eTohle by n\u00e1m m\u011bl n\u011bkdo srozumiteln\u011b vysv\u011btlit.\u201c Pediatr, kter\u00fd je z\u00e1rove\u0148 t\u00e1ta, v\u00e1s provede b\u011b\u017en\u00fdmi i\u00a0m\u00e9n\u011b b\u011b\u017en\u00fdmi d\u011btsk\u00fdmi neduhy \u2013 od hore\u010dek a vir\u00f3z p\u0159es o\u010dkov\u00e1n\u00ed a\u017e po sp\u00e1nek a psychickou pohodu. Bez stra\u0161en\u00ed. Bez slo\u017eit\u00fdch diagn\u00f3z. S humorem, empati\u00ed a pochopen\u00edm, \u017ee b\u00fdt rodi\u010dem nen\u00ed v\u017edycky legrace &#8211; ale n\u011bkdy b\u00fdt m\u016f\u017ee.<\/p>\n\n\n\n<p class=\"has-medium-font-size\">Ide\u00e1ln\u00ed \u010dten\u00ed na gau\u010d mezi odka\u0161l\u00e1v\u00e1n\u00edm, od\u010derp\u00e1v\u00e1n\u00edm nosu a p\u0159em\u00fd\u0161len\u00edm, jestli tohle u\u017e je \u010dtvrt\u00e1 nebo p\u00e1t\u00e1 vir\u00f3za t\u00fddne.<\/p>\n\n\n\n<div style=\"height:45px\" aria-hidden=\"true\" class=\"wp-block-spacer\"><\/div>\n\n\n\n<figure class=\"wp-block-gallery has-nested-images columns-default is-cropped wp-block-gallery-1 is-layout-flex wp-block-gallery-is-layout-flex\">\n<figure class=\"wp-block-image size-large\"><img loading=\"lazy\" decoding=\"async\" width=\"656\" height=\"1008\" data-id=\"8888\" src=\"https:\/\/bookhouse.cz\/wp-content\/uploads\/2025\/06\/aavfgyqkk7tfxsey7feg-md.webp\" alt=\"Kdy\u017e te\u010dou nudle a tla\u010d\u00ed prd\u00edky\" class=\"wp-image-8888\"\/><\/figure>\n\n\n\n<figure class=\"wp-block-image size-large\"><img loading=\"lazy\" decoding=\"async\" width=\"456\" height=\"720\" data-id=\"8889\" src=\"https:\/\/bookhouse.cz\/wp-content\/uploads\/2025\/06\/8t5pnohj1ik5qf9p712k-md.webp\" alt=\"Kdy\u017e te\u010dou nudle a tla\u010d\u00ed prd\u00edky\" class=\"wp-image-8889\"\/><\/figure>\n<\/figure>\n\n\n\n<div style=\"height:45px\" aria-hidden=\"true\" class=\"wp-block-spacer\"><\/div>\n\n\n\n<p class=\"has-medium-font-size\" id=\"isPasted\">Kniha\u00a0Kdy\u017e te\u010dou nudle a tla\u010d\u00ed prd\u00edky\u00a0nen\u00ed jen l\u00e9ka\u0159sk\u00fd manu\u00e1l. Je to p\u0159\u00edmo\u010dar\u00fd, p\u0159\u00e1telsk\u00fd a up\u0159\u00edmn\u00fd pr\u016fvodce prvn\u00edm d\u011btsk\u00fdm obdob\u00edm \u2013 od narozen\u00ed a\u017e po v\u011bk \u0161kolky. Odpov\u00edd\u00e1 na ot\u00e1zky, kter\u00e9 napadaj\u00ed v\u011bt\u0161inu rodi\u010d\u016f ve t\u0159i r\u00e1no:<\/p>\n\n\n\n<ul>\n<li class=\"has-medium-font-size\">M\u00e1 tohle je\u0161t\u011b \u010dekat, nebo u\u017e jet na pohotovost?<\/li>\n\n\n\n<li class=\"has-medium-font-size\">Pro\u010d d\u00edt\u011b ka\u0161le jen v noci?<\/li>\n\n\n\n<li class=\"has-medium-font-size\">Jak pozn\u00e1m, kdy d\u00edt\u011b \u201ejen\u201c zlob\u00ed a kdy je unaven\u00e9?<\/li>\n\n\n\n<li class=\"has-medium-font-size\">A jak si u toho v\u0161eho zachovat zdrav\u00fd rozum?<\/li>\n<\/ul>\n\n\n\n<p class=\"has-medium-font-size\">Zkr\u00e1tka: v\u0161echno, co jste cht\u011bli v\u011bd\u011bt \u2013 ale b\u00e1li jste se zeptat pediatra. A kdy\u017e jste se zeptali, stejn\u011b jste tomu nerozum\u011bli.<\/p>\n\n\n\n<p class=\"has-medium-font-size\">Jeden z nejobl\u00edben\u011bj\u0161\u00edch n\u011bmeck\u00fdch pediatr\u016f a z\u00e1rove\u0148 t\u00e1ta v jednom, Dr. med. Vitor Gatinho, p\u0159in\u00e1\u0161\u00ed do t\u00e9to oblasti n\u011bco, co \u010dasto chyb\u00ed: lidskost, humor a nadhled. M\u00edsto zbyte\u010dn\u00e9ho stra\u0161en\u00ed nebo odborn\u00fdch term\u00edn\u016f nab\u00edz\u00ed klid, pochopen\u00ed a praktick\u00e9 rady, kter\u00e9 opravdu pom\u00e1haj\u00ed.<\/p>\n\n\n\n<div style=\"height:45px\" aria-hidden=\"true\" class=\"wp-block-spacer\"><\/div>\n\n\n\n<h2 class=\"wp-block-heading\">Pro\u010d si tuto knihu p\u0159e\u010d\u00edst<\/h2>\n\n\n\n<div style=\"height:21px\" aria-hidden=\"true\" class=\"wp-block-spacer\"><\/div>\n\n\n\n<p class=\"has-medium-font-size\">? D\u00edt\u011b m\u00e1 u\u017e po\u0161est\u00e9 za zimu r\u00fdmu a vy nev\u00edte, jestli je to \u201enorm\u00e1ln\u00ed\u201c?<br>&nbsp;?? Nechcete panika\u0159it p\u0159i ka\u017ed\u00e9 hore\u010dce, ale m\u00edt jasn\u00fd pl\u00e1n?<br>&nbsp;? Vad\u00ed v\u00e1m stra\u0161en\u00ed na internetu a tou\u017e\u00edte po klidn\u00e9m, racion\u00e1ln\u00edm v\u00fdkladu?<\/p>\n\n\n\n<p class=\"has-medium-font-size\">Tato kniha v\u00e1m pom\u016f\u017ee naj\u00edt pevnou p\u016fdu pod nohama i v obdob\u00ed vir\u00f3z, o\u010dkov\u00e1n\u00ed, kolik nebo sp\u00e1nkov\u00fdch boj\u016f.<br>Dr. med. Vitor Gatinho v\u00e1m uk\u00e1\u017ee, \u017ee&nbsp;<strong>zdrav\u00fd selsk\u00fd rozum, respekt k d\u00edt\u011bti a d\u016fv\u011bra v jeho t\u011blo<\/strong>&nbsp;jsou \u010dasto tou nejlep\u0161\u00ed medic\u00ednou.<\/p>\n\n\n\n<div style=\"height:45px\" aria-hidden=\"true\" class=\"wp-block-spacer\"><\/div>\n\n\n\n<h2 class=\"wp-block-heading\">Co ti kniha p\u0159inese<\/h2>\n\n\n\n<div style=\"height:21px\" aria-hidden=\"true\" class=\"wp-block-spacer\"><\/div>\n\n\n\n<p class=\"has-medium-font-size\">?\u00a0Klid, kdy\u017e je d\u00edt\u011b nemocn\u00e9 \u2013 p\u0159ehledn\u00e9 informace, kdy nechat v\u011bci plynout a kdy jednat<br>\u00a0? Jistotu v t\u00e9matech jako jsou hore\u010dky, ka\u0161el, pr\u016fjem, sp\u00e1nek, o\u010dkov\u00e1n\u00ed i psychosomatika<br>\u00a0? Laskav\u00e9 a lidsk\u00e9 vysv\u011btlen\u00ed toho, co se d\u011bje a pro\u010d<br>\u00a0? Porozum\u011bn\u00ed d\u011btsk\u00e9 du\u0161i i t\u011blu \u2013 nejen pro rodi\u010de, ale i prarodi\u010de nebo pedagogy<br>\u00a0? Text psan\u00fd jednodu\u0161e, \u010dtiv\u011b a s humorem, kter\u00fd v\u00e1m bude d\u011blat spole\u010dnost ve dnech                                        pohody i neklidu<\/p>\n\n\n\n<div style=\"height:45px\" aria-hidden=\"true\" class=\"wp-block-spacer\"><\/div>\n\n\n<div class=\"wp-block-image\">\n<figure class=\"aligncenter size-large\"><img loading=\"lazy\" decoding=\"async\" width=\"622\" height=\"1024\" src=\"https:\/\/bookhouse.cz\/wp-content\/uploads\/2025\/06\/7661_kdyz-tecou-nudle-a-tlaci-prdiky-622x1024.jpg\" alt=\"Kdy\u017e te\u010dou nudle a tla\u010d\u00ed prd\u00edky\" class=\"wp-image-8887\" srcset=\"https:\/\/bookhouse.cz\/wp-content\/uploads\/2025\/06\/7661_kdyz-tecou-nudle-a-tlaci-prdiky-622x1024.jpg 622w, https:\/\/bookhouse.cz\/wp-content\/uploads\/2025\/06\/7661_kdyz-tecou-nudle-a-tlaci-prdiky-182x300.jpg 182w, https:\/\/bookhouse.cz\/wp-content\/uploads\/2025\/06\/7661_kdyz-tecou-nudle-a-tlaci-prdiky-768x1265.jpg 768w, https:\/\/bookhouse.cz\/wp-content\/uploads\/2025\/06\/7661_kdyz-tecou-nudle-a-tlaci-prdiky-932x1536.jpg 932w, https:\/\/bookhouse.cz\/wp-content\/uploads\/2025\/06\/7661_kdyz-tecou-nudle-a-tlaci-prdiky-1243x2048.jpg 1243w, https:\/\/bookhouse.cz\/wp-content\/uploads\/2025\/06\/7661_kdyz-tecou-nudle-a-tlaci-prdiky.jpg 1311w\" sizes=\"(max-width: 622px) 100vw, 622px\" \/><\/figure><\/div>\n\n\n<div style=\"height:45px\" aria-hidden=\"true\" class=\"wp-block-spacer\"><\/div>\n\n\n\n<h2 class=\"wp-block-heading\">N\u00e1zev knihy: Kdy\u017e te\u010dou nudle a tla\u010d\u00ed prd\u00edky<\/h2>\n\n\n\n<div style=\"height:45px\" aria-hidden=\"true\" class=\"wp-block-spacer\"><\/div>\n\n\n\n<p class=\"has-medium-font-size\" id=\"block-e13c0c76-06eb-47c7-af5e-4593f9de51ef\"><strong>Autor:<\/strong>\u00a0Vitor Gatinho<\/p>\n\n\n\n<p class=\"has-medium-font-size\" id=\"block-72efbc0b-3f12-41a5-9a5d-ebce1e1ff051\"><strong>Po\u010det stran \/ vazba:<\/strong>\u00a0256 stran \/ M\u011bkk\u00e1 vazba<\/p>\n\n\n\n<p class=\"has-medium-font-size\" id=\"block-b8178a98-d366-4045-9154-07b767337d57\"><strong>Doporu\u010den\u00e1<\/strong>\u00a0<strong>cena:<\/strong>\u00a0399 K\u010d<\/p>\n\n\n\n<p class=\"has-medium-font-size\" id=\"block-1eb0f05c-40c8-44bd-9f1e-559ef549ce61\"><strong>Vydalo<\/strong>:&nbsp;Nakladatelstv\u00ed Kazda<\/p>\n\n\n\n<p class=\"has-medium-font-size\" id=\"block-3cc584a6-5ba6-4954-b13f-564f0162d02e\"><strong>V\u00edce informac\u00ed na:\u00a0<a href=\"http:\/\/www.knihykazda.cz\/\">www.knihykazda.cz<\/a><\/strong><\/p>\n\n\n\n<div style=\"height:45px\" aria-hidden=\"true\" class=\"wp-block-spacer\"><\/div>\n\n\n\n<p class=\"has-medium-font-size\"><strong>Zdroj foto:\u00a0<\/strong>Kazda<\/p>\n\n\n\n<div style=\"height:150px\" aria-hidden=\"true\" class=\"wp-block-spacer\"><\/div>\n","protected":false},"excerpt":{"rendered":"<p>Pr\u016fvodce (nejen) nemocemi mal\u00fdch d\u011bt\u00ed &#8211; pro norm\u00e1ln\u00ed rodi\u010de s pocitem, \u017ee nic nezvl\u00e1daj\u00ed.\u00a0 D\u011bti ka\u0161lou, smrkaj\u00ed, k\u0148ouraj\u00ed a ob\u010das vyd\u00e1vaj\u00ed d\u011bsiv\u00e9 zvuky. A my \u2013 rodi\u010de \u2013 se pt\u00e1me: Je to norm\u00e1ln\u00ed? M\u00e1me&#46;&#46;&#46;<\/p>\n","protected":false},"author":8,"featured_media":8886,"comment_status":"closed","ping_status":"closed","sticky":false,"template":"","format":"standard","meta":{"_monsterinsights_skip_tracking":false,"_monsterinsights_sitenote_active":false,"_monsterinsights_sitenote_note":"","_monsterinsights_sitenote_category":0,"footnotes":""},"categories":[14,3,5],"tags":[],"yoast_head":"<!-- This site is optimized with the Yoast SEO plugin v21.5 - https:\/\/yoast.com\/wordpress\/plugins\/seo\/ -->\n<title>Kdy\u017e te\u010dou nudle a tla\u010d\u00ed prd\u00edky | Vitor Gatinho - BOOKHOUSE.cz<\/title>\n<meta name=\"description\" content=\"Pr\u016fvodce (nejen) nemocemi mal\u00fdch d\u011bt\u00ed - pro norm\u00e1ln\u00ed rodi\u010de s pocitem, \u017ee nic nezvl\u00e1daj\u00ed.\u00a0D\u011bti ka\u0161lou, smrkaj\u00ed, k\u0148ouraj\u00ed...\" \/>\n<meta name=\"robots\" content=\"index, follow, max-snippet:-1, max-image-preview:large, max-video-preview:-1\" \/>\n<link rel=\"canonical\" href=\"https:\/\/bookhouse.cz\/index.php\/2025\/08\/06\/kdyz-tecou-nudle-a-tlaci-prdiky-vitor-gatinho\/\" \/>\n<meta property=\"og:locale\" content=\"cs_CZ\" \/>\n<meta property=\"og:type\" content=\"article\" \/>\n<meta property=\"og:title\" content=\"Kdy\u017e te\u010dou nudle a tla\u010d\u00ed prd\u00edky | Vitor Gatinho - BOOKHOUSE.cz\" \/>\n<meta property=\"og:description\" content=\"Pr\u016fvodce (nejen) nemocemi mal\u00fdch d\u011bt\u00ed - pro norm\u00e1ln\u00ed rodi\u010de s pocitem, \u017ee nic nezvl\u00e1daj\u00ed.\u00a0D\u011bti ka\u0161lou, smrkaj\u00ed, k\u0148ouraj\u00ed...\" \/>\n<meta property=\"og:url\" content=\"https:\/\/bookhouse.cz\/index.php\/2025\/08\/06\/kdyz-tecou-nudle-a-tlaci-prdiky-vitor-gatinho\/\" \/>\n<meta property=\"og:site_name\" content=\"BOOKHOUSE.cz\" \/>\n<meta property=\"article:publisher\" content=\"https:\/\/www.facebook.com\/bookhousecz\" \/>\n<meta property=\"article:published_time\" content=\"2025-08-05T22:01:00+00:00\" \/>\n<meta property=\"article:modified_time\" content=\"2025-06-16T15:30:04+00:00\" \/>\n<meta property=\"og:image\" content=\"https:\/\/bookhouse.cz\/wp-content\/uploads\/2025\/06\/7661_kdyz-tecou-nudle-a-tlaci-prdiky-2.jpg\" \/>\n\t<meta property=\"og:image:width\" content=\"1311\" \/>\n\t<meta property=\"og:image:height\" content=\"902\" \/>\n\t<meta property=\"og:image:type\" content=\"image\/jpeg\" \/>\n<meta name=\"author\" content=\"Martina Pechov\u00e1\" \/>\n<meta name=\"twitter:card\" content=\"summary_large_image\" \/>\n<meta name=\"twitter:label1\" content=\"Napsal(a)\" \/>\n\t<meta name=\"twitter:data1\" content=\"Martina Pechov\u00e1\" \/>\n\t<meta name=\"twitter:label2\" content=\"Odhadovan\u00e1 doba \u010dten\u00ed\" \/>\n\t<meta name=\"twitter:data2\" content=\"4 minuty\" \/>\n<script type=\"application\/ld+json\" class=\"yoast-schema-graph\">{\"@context\":\"https:\/\/schema.org\",\"@graph\":[{\"@type\":\"Article\",\"@id\":\"https:\/\/bookhouse.cz\/index.php\/2025\/08\/06\/kdyz-tecou-nudle-a-tlaci-prdiky-vitor-gatinho\/#article\",\"isPartOf\":{\"@id\":\"https:\/\/bookhouse.cz\/index.php\/2025\/08\/06\/kdyz-tecou-nudle-a-tlaci-prdiky-vitor-gatinho\/\"},\"author\":{\"name\":\"Martina Pechov\u00e1\",\"@id\":\"https:\/\/bookhouse.cz\/#\/schema\/person\/f34350c4206dd14422181c0fbd0922a3\"},\"headline\":\"Kdy\u017e te\u010dou nudle a tla\u010d\u00ed prd\u00edky | Vitor Gatinho\",\"datePublished\":\"2025-08-05T22:01:00+00:00\",\"dateModified\":\"2025-06-16T15:30:04+00:00\",\"mainEntityOfPage\":{\"@id\":\"https:\/\/bookhouse.cz\/index.php\/2025\/08\/06\/kdyz-tecou-nudle-a-tlaci-prdiky-vitor-gatinho\/\"},\"wordCount\":637,\"publisher\":{\"@id\":\"https:\/\/bookhouse.cz\/#organization\"},\"articleSection\":[\"LIFESTYLE\",\"NEWS\",\"ODBORN\u00c1\"],\"inLanguage\":\"cs\"},{\"@type\":\"WebPage\",\"@id\":\"https:\/\/bookhouse.cz\/index.php\/2025\/08\/06\/kdyz-tecou-nudle-a-tlaci-prdiky-vitor-gatinho\/\",\"url\":\"https:\/\/bookhouse.cz\/index.php\/2025\/08\/06\/kdyz-tecou-nudle-a-tlaci-prdiky-vitor-gatinho\/\",\"name\":\"Kdy\u017e te\u010dou nudle a tla\u010d\u00ed prd\u00edky | Vitor Gatinho - BOOKHOUSE.cz\",\"isPartOf\":{\"@id\":\"https:\/\/bookhouse.cz\/#website\"},\"datePublished\":\"2025-08-05T22:01:00+00:00\",\"dateModified\":\"2025-06-16T15:30:04+00:00\",\"description\":\"Pr\u016fvodce (nejen) nemocemi mal\u00fdch d\u011bt\u00ed - pro norm\u00e1ln\u00ed rodi\u010de s pocitem, \u017ee nic nezvl\u00e1daj\u00ed.\u00a0D\u011bti ka\u0161lou, smrkaj\u00ed, k\u0148ouraj\u00ed...\",\"breadcrumb\":{\"@id\":\"https:\/\/bookhouse.cz\/index.php\/2025\/08\/06\/kdyz-tecou-nudle-a-tlaci-prdiky-vitor-gatinho\/#breadcrumb\"},\"inLanguage\":\"cs\",\"potentialAction\":[{\"@type\":\"ReadAction\",\"target\":[\"https:\/\/bookhouse.cz\/index.php\/2025\/08\/06\/kdyz-tecou-nudle-a-tlaci-prdiky-vitor-gatinho\/\"]}]},{\"@type\":\"BreadcrumbList\",\"@id\":\"https:\/\/bookhouse.cz\/index.php\/2025\/08\/06\/kdyz-tecou-nudle-a-tlaci-prdiky-vitor-gatinho\/#breadcrumb\",\"itemListElement\":[{\"@type\":\"ListItem\",\"position\":1,\"name\":\"Dom\u016f\",\"item\":\"https:\/\/bookhouse.cz\/\"},{\"@type\":\"ListItem\",\"position\":2,\"name\":\"Kdy\u017e te\u010dou nudle a tla\u010d\u00ed prd\u00edky | Vitor Gatinho\"}]},{\"@type\":\"WebSite\",\"@id\":\"https:\/\/bookhouse.cz\/#website\",\"url\":\"https:\/\/bookhouse.cz\/\",\"name\":\"BOOKHOUSE.cz\",\"description\":\"Port\u00e1l o kni\u017en\u00edch novink\u00e1ch.\",\"publisher\":{\"@id\":\"https:\/\/bookhouse.cz\/#organization\"},\"potentialAction\":[{\"@type\":\"SearchAction\",\"target\":{\"@type\":\"EntryPoint\",\"urlTemplate\":\"https:\/\/bookhouse.cz\/?s={search_term_string}\"},\"query-input\":\"required name=search_term_string\"}],\"inLanguage\":\"cs\"},{\"@type\":\"Organization\",\"@id\":\"https:\/\/bookhouse.cz\/#organization\",\"name\":\"BOOKHOUSE.cz\",\"url\":\"https:\/\/bookhouse.cz\/\",\"logo\":{\"@type\":\"ImageObject\",\"inLanguage\":\"cs\",\"@id\":\"https:\/\/bookhouse.cz\/#\/schema\/logo\/image\/\",\"url\":\"https:\/\/bookhouse.cz\/wp-content\/uploads\/2024\/12\/cropped-Logo_BookHouse.jpg\",\"contentUrl\":\"https:\/\/bookhouse.cz\/wp-content\/uploads\/2024\/12\/cropped-Logo_BookHouse.jpg\",\"width\":938,\"height\":513,\"caption\":\"BOOKHOUSE.cz\"},\"image\":{\"@id\":\"https:\/\/bookhouse.cz\/#\/schema\/logo\/image\/\"},\"sameAs\":[\"https:\/\/www.facebook.com\/bookhousecz\",\"https:\/\/www.instagram.com\/bookhousecz\"]},{\"@type\":\"Person\",\"@id\":\"https:\/\/bookhouse.cz\/#\/schema\/person\/f34350c4206dd14422181c0fbd0922a3\",\"name\":\"Martina Pechov\u00e1\",\"image\":{\"@type\":\"ImageObject\",\"inLanguage\":\"cs\",\"@id\":\"https:\/\/bookhouse.cz\/#\/schema\/person\/image\/\",\"url\":\"https:\/\/secure.gravatar.com\/avatar\/d3ad7f43789eed68b221d01c6d7ac4e5?s=96&d=mm&r=g\",\"contentUrl\":\"https:\/\/secure.gravatar.com\/avatar\/d3ad7f43789eed68b221d01c6d7ac4e5?s=96&d=mm&r=g\",\"caption\":\"Martina Pechov\u00e1\"},\"sameAs\":[\"http:\/\/BOOKHOUSE.cz\"],\"url\":\"https:\/\/bookhouse.cz\/index.php\/author\/marpech\/\"}]}<\/script>\n<!-- \/ Yoast SEO plugin. -->","yoast_head_json":{"title":"Kdy\u017e te\u010dou nudle a tla\u010d\u00ed prd\u00edky | Vitor Gatinho - BOOKHOUSE.cz","description":"Pr\u016fvodce (nejen) nemocemi mal\u00fdch d\u011bt\u00ed - pro norm\u00e1ln\u00ed rodi\u010de s pocitem, \u017ee nic nezvl\u00e1daj\u00ed.\u00a0D\u011bti ka\u0161lou, smrkaj\u00ed, k\u0148ouraj\u00ed...","robots":{"index":"index","follow":"follow","max-snippet":"max-snippet:-1","max-image-preview":"max-image-preview:large","max-video-preview":"max-video-preview:-1"},"canonical":"https:\/\/bookhouse.cz\/index.php\/2025\/08\/06\/kdyz-tecou-nudle-a-tlaci-prdiky-vitor-gatinho\/","og_locale":"cs_CZ","og_type":"article","og_title":"Kdy\u017e te\u010dou nudle a tla\u010d\u00ed prd\u00edky | Vitor Gatinho - BOOKHOUSE.cz","og_description":"Pr\u016fvodce (nejen) nemocemi mal\u00fdch d\u011bt\u00ed - pro norm\u00e1ln\u00ed rodi\u010de s pocitem, \u017ee nic nezvl\u00e1daj\u00ed.\u00a0D\u011bti ka\u0161lou, smrkaj\u00ed, k\u0148ouraj\u00ed...","og_url":"https:\/\/bookhouse.cz\/index.php\/2025\/08\/06\/kdyz-tecou-nudle-a-tlaci-prdiky-vitor-gatinho\/","og_site_name":"BOOKHOUSE.cz","article_publisher":"https:\/\/www.facebook.com\/bookhousecz","article_published_time":"2025-08-05T22:01:00+00:00","article_modified_time":"2025-06-16T15:30:04+00:00","og_image":[{"width":1311,"height":902,"url":"https:\/\/bookhouse.cz\/wp-content\/uploads\/2025\/06\/7661_kdyz-tecou-nudle-a-tlaci-prdiky-2.jpg","type":"image\/jpeg"}],"author":"Martina Pechov\u00e1","twitter_card":"summary_large_image","twitter_misc":{"Napsal(a)":"Martina Pechov\u00e1","Odhadovan\u00e1 doba \u010dten\u00ed":"4 minuty"},"schema":{"@context":"https:\/\/schema.org","@graph":[{"@type":"Article","@id":"https:\/\/bookhouse.cz\/index.php\/2025\/08\/06\/kdyz-tecou-nudle-a-tlaci-prdiky-vitor-gatinho\/#article","isPartOf":{"@id":"https:\/\/bookhouse.cz\/index.php\/2025\/08\/06\/kdyz-tecou-nudle-a-tlaci-prdiky-vitor-gatinho\/"},"author":{"name":"Martina Pechov\u00e1","@id":"https:\/\/bookhouse.cz\/#\/schema\/person\/f34350c4206dd14422181c0fbd0922a3"},"headline":"Kdy\u017e te\u010dou nudle a tla\u010d\u00ed prd\u00edky | Vitor Gatinho","datePublished":"2025-08-05T22:01:00+00:00","dateModified":"2025-06-16T15:30:04+00:00","mainEntityOfPage":{"@id":"https:\/\/bookhouse.cz\/index.php\/2025\/08\/06\/kdyz-tecou-nudle-a-tlaci-prdiky-vitor-gatinho\/"},"wordCount":637,"publisher":{"@id":"https:\/\/bookhouse.cz\/#organization"},"articleSection":["LIFESTYLE","NEWS","ODBORN\u00c1"],"inLanguage":"cs"},{"@type":"WebPage","@id":"https:\/\/bookhouse.cz\/index.php\/2025\/08\/06\/kdyz-tecou-nudle-a-tlaci-prdiky-vitor-gatinho\/","url":"https:\/\/bookhouse.cz\/index.php\/2025\/08\/06\/kdyz-tecou-nudle-a-tlaci-prdiky-vitor-gatinho\/","name":"Kdy\u017e te\u010dou nudle a tla\u010d\u00ed prd\u00edky | Vitor Gatinho - BOOKHOUSE.cz","isPartOf":{"@id":"https:\/\/bookhouse.cz\/#website"},"datePublished":"2025-08-05T22:01:00+00:00","dateModified":"2025-06-16T15:30:04+00:00","description":"Pr\u016fvodce (nejen) nemocemi mal\u00fdch d\u011bt\u00ed - pro norm\u00e1ln\u00ed rodi\u010de s pocitem, \u017ee nic nezvl\u00e1daj\u00ed.\u00a0D\u011bti ka\u0161lou, smrkaj\u00ed, k\u0148ouraj\u00ed...","breadcrumb":{"@id":"https:\/\/bookhouse.cz\/index.php\/2025\/08\/06\/kdyz-tecou-nudle-a-tlaci-prdiky-vitor-gatinho\/#breadcrumb"},"inLanguage":"cs","potentialAction":[{"@type":"ReadAction","target":["https:\/\/bookhouse.cz\/index.php\/2025\/08\/06\/kdyz-tecou-nudle-a-tlaci-prdiky-vitor-gatinho\/"]}]},{"@type":"BreadcrumbList","@id":"https:\/\/bookhouse.cz\/index.php\/2025\/08\/06\/kdyz-tecou-nudle-a-tlaci-prdiky-vitor-gatinho\/#breadcrumb","itemListElement":[{"@type":"ListItem","position":1,"name":"Dom\u016f","item":"https:\/\/bookhouse.cz\/"},{"@type":"ListItem","position":2,"name":"Kdy\u017e te\u010dou nudle a tla\u010d\u00ed prd\u00edky | Vitor Gatinho"}]},{"@type":"WebSite","@id":"https:\/\/bookhouse.cz\/#website","url":"https:\/\/bookhouse.cz\/","name":"BOOKHOUSE.cz","description":"Port\u00e1l o kni\u017en\u00edch novink\u00e1ch.","publisher":{"@id":"https:\/\/bookhouse.cz\/#organization"},"potentialAction":[{"@type":"SearchAction","target":{"@type":"EntryPoint","urlTemplate":"https:\/\/bookhouse.cz\/?s={search_term_string}"},"query-input":"required name=search_term_string"}],"inLanguage":"cs"},{"@type":"Organization","@id":"https:\/\/bookhouse.cz\/#organization","name":"BOOKHOUSE.cz","url":"https:\/\/bookhouse.cz\/","logo":{"@type":"ImageObject","inLanguage":"cs","@id":"https:\/\/bookhouse.cz\/#\/schema\/logo\/image\/","url":"https:\/\/bookhouse.cz\/wp-content\/uploads\/2024\/12\/cropped-Logo_BookHouse.jpg","contentUrl":"https:\/\/bookhouse.cz\/wp-content\/uploads\/2024\/12\/cropped-Logo_BookHouse.jpg","width":938,"height":513,"caption":"BOOKHOUSE.cz"},"image":{"@id":"https:\/\/bookhouse.cz\/#\/schema\/logo\/image\/"},"sameAs":["https:\/\/www.facebook.com\/bookhousecz","https:\/\/www.instagram.com\/bookhousecz"]},{"@type":"Person","@id":"https:\/\/bookhouse.cz\/#\/schema\/person\/f34350c4206dd14422181c0fbd0922a3","name":"Martina Pechov\u00e1","image":{"@type":"ImageObject","inLanguage":"cs","@id":"https:\/\/bookhouse.cz\/#\/schema\/person\/image\/","url":"https:\/\/secure.gravatar.com\/avatar\/d3ad7f43789eed68b221d01c6d7ac4e5?s=96&d=mm&r=g","contentUrl":"https:\/\/secure.gravatar.com\/avatar\/d3ad7f43789eed68b221d01c6d7ac4e5?s=96&d=mm&r=g","caption":"Martina Pechov\u00e1"},"sameAs":["http:\/\/BOOKHOUSE.cz"],"url":"https:\/\/bookhouse.cz\/index.php\/author\/marpech\/"}]}},"_links":{"self":[{"href":"https:\/\/bookhouse.cz\/index.php\/wp-json\/wp\/v2\/posts\/8885"}],"collection":[{"href":"https:\/\/bookhouse.cz\/index.php\/wp-json\/wp\/v2\/posts"}],"about":[{"href":"https:\/\/bookhouse.cz\/index.php\/wp-json\/wp\/v2\/types\/post"}],"author":[{"embeddable":true,"href":"https:\/\/bookhouse.cz\/index.php\/wp-json\/wp\/v2\/users\/8"}],"replies":[{"embeddable":true,"href":"https:\/\/bookhouse.cz\/index.php\/wp-json\/wp\/v2\/comments?post=8885"}],"version-history":[{"count":1,"href":"https:\/\/bookhouse.cz\/index.php\/wp-json\/wp\/v2\/posts\/8885\/revisions"}],"predecessor-version":[{"id":8890,"href":"https:\/\/bookhouse.cz\/index.php\/wp-json\/wp\/v2\/posts\/8885\/revisions\/8890"}],"wp:featuredmedia":[{"embeddable":true,"href":"https:\/\/bookhouse.cz\/index.php\/wp-json\/wp\/v2\/media\/8886"}],"wp:attachment":[{"href":"https:\/\/bookhouse.cz\/index.php\/wp-json\/wp\/v2\/media?parent=8885"}],"wp:term":[{"taxonomy":"category","embeddable":true,"href":"https:\/\/bookhouse.cz\/index.php\/wp-json\/wp\/v2\/categories?post=8885"},{"taxonomy":"post_tag","embeddable":true,"href":"https:\/\/bookhouse.cz\/index.php\/wp-json\/wp\/v2\/tags?post=8885"}],"curies":[{"name":"wp","href":"https:\/\/api.w.org\/{rel}","templated":true}]}}