{"id":8725,"date":"2025-06-20T00:01:00","date_gmt":"2025-06-19T22:01:00","guid":{"rendered":"https:\/\/bookhouse.cz\/?p=8725"},"modified":"2025-05-24T23:52:37","modified_gmt":"2025-05-24T21:52:37","slug":"ve-zlem-i-v-dobrem-m-k-hardy","status":"publish","type":"post","link":"https:\/\/bookhouse.cz\/index.php\/2025\/06\/20\/ve-zlem-i-v-dobrem-m-k-hardy\/","title":{"rendered":"Ve zl\u00e9m i v dobr\u00e9m | M. K. Hardy"},"content":{"rendered":"\n<div style=\"height:45px\" aria-hidden=\"true\" class=\"wp-block-spacer\"><\/div>\n\n\n\n<p class=\"has-medium-font-size\"><strong>Mlad\u00ed novoman\u017eel\u00e9, nov\u00e9 m\u011bsto, nov\u00fd d\u016fm, nov\u00ed soused\u00e9, zkr\u00e1tka \u00fapln\u011b nov\u00fd spole\u010dn\u00fd \u017eivot.<\/strong><\/p>\n\n\n\n<div style=\"height:45px\" aria-hidden=\"true\" class=\"wp-block-spacer\"><\/div>\n\n\n<div class=\"wp-block-image\">\n<figure class=\"aligncenter size-large\"><img loading=\"lazy\" decoding=\"async\" width=\"1024\" height=\"618\" src=\"https:\/\/bookhouse.cz\/wp-content\/uploads\/2025\/05\/158171_kniha_grada_ve_zlem_i_v_dobrem_Hardy_600_0_fit-2-1024x618.jpg\" alt=\"Ve zl\u00e9m i v dobr\u00e9m | M. K. Hardy\" class=\"wp-image-8728\" srcset=\"https:\/\/bookhouse.cz\/wp-content\/uploads\/2025\/05\/158171_kniha_grada_ve_zlem_i_v_dobrem_Hardy_600_0_fit-2-1024x618.jpg 1024w, https:\/\/bookhouse.cz\/wp-content\/uploads\/2025\/05\/158171_kniha_grada_ve_zlem_i_v_dobrem_Hardy_600_0_fit-2-300x181.jpg 300w, https:\/\/bookhouse.cz\/wp-content\/uploads\/2025\/05\/158171_kniha_grada_ve_zlem_i_v_dobrem_Hardy_600_0_fit-2-768x463.jpg 768w, https:\/\/bookhouse.cz\/wp-content\/uploads\/2025\/05\/158171_kniha_grada_ve_zlem_i_v_dobrem_Hardy_600_0_fit-2.jpg 1532w\" sizes=\"(max-width: 1024px) 100vw, 1024px\" \/><\/figure><\/div>\n\n\n<div style=\"height:45px\" aria-hidden=\"true\" class=\"wp-block-spacer\"><\/div>\n\n\n\n<p class=\"has-medium-font-size\">Alice s Trevisem zd\u00e1nliv\u011b zahajuj\u00ed svou vysn\u011bnou budoucnost. Ale jen proto, \u017ee nikdo nevid\u00ed, co se skr\u00fdv\u00e1 za zav\u0159en\u00fdmi dve\u0159mi: vztek, v\u00fd\u010ditky, \u0161r\u00e1my na t\u011ble i du\u0161i, hust\u00e1 atmosf\u00e9ra, kter\u00e1 oba dva pomalu ub\u00edj\u00ed.<br>Jak se miluj\u00edc\u00ed dvojice chv\u00edli po svatb\u011b dostala a\u017e sem? A maj\u00ed v\u016fbec \u0161anci p\u0159ekonat spolu minulost, kter\u00e1 se za\u010dne vracet, a \u017e\u00edt \u017eivot pln\u00fd l\u00e1sky a v\u00e1\u0161n\u011b?<\/p>\n\n\n\n<div style=\"height:45px\" aria-hidden=\"true\" class=\"wp-block-spacer\"><\/div>\n\n\n<div class=\"wp-block-image\">\n<figure class=\"aligncenter size-large\"><img loading=\"lazy\" decoding=\"async\" width=\"726\" height=\"1024\" src=\"https:\/\/bookhouse.cz\/wp-content\/uploads\/2025\/05\/158171_kniha_grada_ve_zlem_i_v_dobrem_Hardy_600_0_fit-1-726x1024.jpg\" alt=\"Ve zl\u00e9m i v dobr\u00e9m | M. K. Hardy\" class=\"wp-image-8729\" srcset=\"https:\/\/bookhouse.cz\/wp-content\/uploads\/2025\/05\/158171_kniha_grada_ve_zlem_i_v_dobrem_Hardy_600_0_fit-1-726x1024.jpg 726w, https:\/\/bookhouse.cz\/wp-content\/uploads\/2025\/05\/158171_kniha_grada_ve_zlem_i_v_dobrem_Hardy_600_0_fit-1-213x300.jpg 213w, https:\/\/bookhouse.cz\/wp-content\/uploads\/2025\/05\/158171_kniha_grada_ve_zlem_i_v_dobrem_Hardy_600_0_fit-1-768x1083.jpg 768w, https:\/\/bookhouse.cz\/wp-content\/uploads\/2025\/05\/158171_kniha_grada_ve_zlem_i_v_dobrem_Hardy_600_0_fit-1-1089x1536.jpg 1089w, https:\/\/bookhouse.cz\/wp-content\/uploads\/2025\/05\/158171_kniha_grada_ve_zlem_i_v_dobrem_Hardy_600_0_fit-1-1453x2048.jpg 1453w, https:\/\/bookhouse.cz\/wp-content\/uploads\/2025\/05\/158171_kniha_grada_ve_zlem_i_v_dobrem_Hardy_600_0_fit-1.jpg 1532w\" sizes=\"(max-width: 726px) 100vw, 726px\" \/><\/figure><\/div>\n\n\n<div style=\"height:45px\" aria-hidden=\"true\" class=\"wp-block-spacer\"><\/div>\n\n\n\n<h2 class=\"wp-block-heading\" id=\"block-d5099aaf-fc1f-4aea-9eb1-4e097e5ca5da\">N\u00e1zev knihy: Ve zl\u00e9m i v dobr\u00e9m<\/h2>\n\n\n\n<div style=\"height:45px\" aria-hidden=\"true\" class=\"wp-block-spacer\"><\/div>\n\n\n\n<p class=\"has-medium-font-size\" id=\"block-f563f394-4ca1-47f0-b136-5ffe5b4f4d1c\"><strong>Autor:<\/strong>\u00a0M. K. Hardy<\/p>\n\n\n\n<p class=\"has-medium-font-size\" id=\"block-30e75497-0af9-41c7-9cd2-0d7e7f286ca8\"><strong>Po\u010det stran \/ vazba:<\/strong>\u00a0384 stran \/ Bro\u017eovan\u00e1 vazba s klopami<\/p>\n\n\n\n<p class=\"has-medium-font-size\" id=\"block-6061cabd-fa38-4434-b0be-477ed69294ec\"><strong>Doporu\u010den\u00e1<\/strong>\u00a0<strong>cena:<\/strong>\u00a0449 K\u010d<\/p>\n\n\n\n<p class=\"has-medium-font-size\" id=\"block-bf00762f-3f26-4bb9-9a78-6955ce7d639d\"><strong>Vydalo<\/strong>:&nbsp;Nakladatelstv\u00ed Grada<\/p>\n\n\n\n<p class=\"has-medium-font-size\" id=\"block-bf00762f-3f26-4bb9-9a78-6955ce7d639d\"><strong>V\u00edce informac\u00ed na:\u00a0<a href=\"http:\/\/www.grada.cz\/\">www.grada.cz<\/a><\/strong><\/p>\n\n\n\n<div style=\"height:45px\" aria-hidden=\"true\" class=\"wp-block-spacer\"><\/div>\n\n\n\n<p class=\"has-medium-font-size\"><strong>Zdroj foto:<\/strong>\u00a0Grada<\/p>\n\n\n\n<div style=\"height:150px\" aria-hidden=\"true\" class=\"wp-block-spacer\"><\/div>\n","protected":false},"excerpt":{"rendered":"<p>Mlad\u00ed novoman\u017eel\u00e9, nov\u00e9 m\u011bsto, nov\u00fd d\u016fm, nov\u00ed soused\u00e9, zkr\u00e1tka \u00fapln\u011b nov\u00fd spole\u010dn\u00fd \u017eivot. Alice s Trevisem zd\u00e1nliv\u011b zahajuj\u00ed svou vysn\u011bnou budoucnost. Ale jen proto, \u017ee nikdo nevid\u00ed, co se skr\u00fdv\u00e1 za zav\u0159en\u00fdmi dve\u0159mi: vztek,&#46;&#46;&#46;<\/p>\n","protected":false},"author":8,"featured_media":8728,"comment_status":"closed","ping_status":"closed","sticky":false,"template":"","format":"standard","meta":{"_monsterinsights_skip_tracking":false,"_monsterinsights_sitenote_active":false,"_monsterinsights_sitenote_note":"","_monsterinsights_sitenote_category":0,"footnotes":""},"categories":[25,3,23],"tags":[],"yoast_head":"<!-- This site is optimized with the Yoast SEO plugin v21.5 - https:\/\/yoast.com\/wordpress\/plugins\/seo\/ -->\n<title>Ve zl\u00e9m i v dobr\u00e9m | M. K. Hardy - BOOKHOUSE.cz<\/title>\n<meta name=\"description\" content=\"Ve zl\u00e9m i v dobr\u00e9m. Mlad\u00ed novoman\u017eel\u00e9, nov\u00e9 m\u011bsto, nov\u00fd d\u016fm, nov\u00ed soused\u00e9, zkr\u00e1tka \u00fapln\u011b nov\u00fd spole\u010dn\u00fd \u017eivot.\" \/>\n<meta name=\"robots\" content=\"index, follow, max-snippet:-1, max-image-preview:large, max-video-preview:-1\" \/>\n<link rel=\"canonical\" href=\"https:\/\/bookhouse.cz\/index.php\/2025\/06\/20\/ve-zlem-i-v-dobrem-m-k-hardy\/\" \/>\n<meta property=\"og:locale\" content=\"cs_CZ\" \/>\n<meta property=\"og:type\" content=\"article\" \/>\n<meta property=\"og:title\" content=\"Ve zl\u00e9m i v dobr\u00e9m | M. K. Hardy - BOOKHOUSE.cz\" \/>\n<meta property=\"og:description\" content=\"Ve zl\u00e9m i v dobr\u00e9m. Mlad\u00ed novoman\u017eel\u00e9, nov\u00e9 m\u011bsto, nov\u00fd d\u016fm, nov\u00ed soused\u00e9, zkr\u00e1tka \u00fapln\u011b nov\u00fd spole\u010dn\u00fd \u017eivot.\" \/>\n<meta property=\"og:url\" content=\"https:\/\/bookhouse.cz\/index.php\/2025\/06\/20\/ve-zlem-i-v-dobrem-m-k-hardy\/\" \/>\n<meta property=\"og:site_name\" content=\"BOOKHOUSE.cz\" \/>\n<meta property=\"article:publisher\" content=\"https:\/\/www.facebook.com\/bookhousecz\" \/>\n<meta property=\"article:published_time\" content=\"2025-06-19T22:01:00+00:00\" \/>\n<meta property=\"article:modified_time\" content=\"2025-05-24T21:52:37+00:00\" \/>\n<meta property=\"og:image\" content=\"https:\/\/bookhouse.cz\/wp-content\/uploads\/2025\/05\/158171_kniha_grada_ve_zlem_i_v_dobrem_Hardy_600_0_fit-2.jpg\" \/>\n\t<meta property=\"og:image:width\" content=\"1532\" \/>\n\t<meta property=\"og:image:height\" content=\"924\" \/>\n\t<meta property=\"og:image:type\" content=\"image\/jpeg\" \/>\n<meta name=\"author\" content=\"Martina Pechov\u00e1\" \/>\n<meta name=\"twitter:card\" content=\"summary_large_image\" \/>\n<meta name=\"twitter:label1\" content=\"Napsal(a)\" \/>\n\t<meta name=\"twitter:data1\" content=\"Martina Pechov\u00e1\" \/>\n\t<meta name=\"twitter:label2\" content=\"Odhadovan\u00e1 doba \u010dten\u00ed\" \/>\n\t<meta name=\"twitter:data2\" content=\"2 minuty\" \/>\n<script type=\"application\/ld+json\" class=\"yoast-schema-graph\">{\"@context\":\"https:\/\/schema.org\",\"@graph\":[{\"@type\":\"Article\",\"@id\":\"https:\/\/bookhouse.cz\/index.php\/2025\/06\/20\/ve-zlem-i-v-dobrem-m-k-hardy\/#article\",\"isPartOf\":{\"@id\":\"https:\/\/bookhouse.cz\/index.php\/2025\/06\/20\/ve-zlem-i-v-dobrem-m-k-hardy\/\"},\"author\":{\"name\":\"Martina Pechov\u00e1\",\"@id\":\"https:\/\/bookhouse.cz\/#\/schema\/person\/f34350c4206dd14422181c0fbd0922a3\"},\"headline\":\"Ve zl\u00e9m i v dobr\u00e9m | M. K. Hardy\",\"datePublished\":\"2025-06-19T22:01:00+00:00\",\"dateModified\":\"2025-05-24T21:52:37+00:00\",\"mainEntityOfPage\":{\"@id\":\"https:\/\/bookhouse.cz\/index.php\/2025\/06\/20\/ve-zlem-i-v-dobrem-m-k-hardy\/\"},\"wordCount\":151,\"publisher\":{\"@id\":\"https:\/\/bookhouse.cz\/#organization\"},\"articleSection\":[\"EROTIKA\",\"NEWS\",\"ROM\u00c1NY\"],\"inLanguage\":\"cs\"},{\"@type\":\"WebPage\",\"@id\":\"https:\/\/bookhouse.cz\/index.php\/2025\/06\/20\/ve-zlem-i-v-dobrem-m-k-hardy\/\",\"url\":\"https:\/\/bookhouse.cz\/index.php\/2025\/06\/20\/ve-zlem-i-v-dobrem-m-k-hardy\/\",\"name\":\"Ve zl\u00e9m i v dobr\u00e9m | M. K. Hardy - BOOKHOUSE.cz\",\"isPartOf\":{\"@id\":\"https:\/\/bookhouse.cz\/#website\"},\"datePublished\":\"2025-06-19T22:01:00+00:00\",\"dateModified\":\"2025-05-24T21:52:37+00:00\",\"description\":\"Ve zl\u00e9m i v dobr\u00e9m. Mlad\u00ed novoman\u017eel\u00e9, nov\u00e9 m\u011bsto, nov\u00fd d\u016fm, nov\u00ed soused\u00e9, zkr\u00e1tka \u00fapln\u011b nov\u00fd spole\u010dn\u00fd \u017eivot.\",\"breadcrumb\":{\"@id\":\"https:\/\/bookhouse.cz\/index.php\/2025\/06\/20\/ve-zlem-i-v-dobrem-m-k-hardy\/#breadcrumb\"},\"inLanguage\":\"cs\",\"potentialAction\":[{\"@type\":\"ReadAction\",\"target\":[\"https:\/\/bookhouse.cz\/index.php\/2025\/06\/20\/ve-zlem-i-v-dobrem-m-k-hardy\/\"]}]},{\"@type\":\"BreadcrumbList\",\"@id\":\"https:\/\/bookhouse.cz\/index.php\/2025\/06\/20\/ve-zlem-i-v-dobrem-m-k-hardy\/#breadcrumb\",\"itemListElement\":[{\"@type\":\"ListItem\",\"position\":1,\"name\":\"Dom\u016f\",\"item\":\"https:\/\/bookhouse.cz\/\"},{\"@type\":\"ListItem\",\"position\":2,\"name\":\"Ve zl\u00e9m i v dobr\u00e9m | M. K. Hardy\"}]},{\"@type\":\"WebSite\",\"@id\":\"https:\/\/bookhouse.cz\/#website\",\"url\":\"https:\/\/bookhouse.cz\/\",\"name\":\"BOOKHOUSE.cz\",\"description\":\"Port\u00e1l o kni\u017en\u00edch novink\u00e1ch.\",\"publisher\":{\"@id\":\"https:\/\/bookhouse.cz\/#organization\"},\"potentialAction\":[{\"@type\":\"SearchAction\",\"target\":{\"@type\":\"EntryPoint\",\"urlTemplate\":\"https:\/\/bookhouse.cz\/?s={search_term_string}\"},\"query-input\":\"required name=search_term_string\"}],\"inLanguage\":\"cs\"},{\"@type\":\"Organization\",\"@id\":\"https:\/\/bookhouse.cz\/#organization\",\"name\":\"BOOKHOUSE.cz\",\"url\":\"https:\/\/bookhouse.cz\/\",\"logo\":{\"@type\":\"ImageObject\",\"inLanguage\":\"cs\",\"@id\":\"https:\/\/bookhouse.cz\/#\/schema\/logo\/image\/\",\"url\":\"https:\/\/bookhouse.cz\/wp-content\/uploads\/2024\/12\/cropped-Logo_BookHouse.jpg\",\"contentUrl\":\"https:\/\/bookhouse.cz\/wp-content\/uploads\/2024\/12\/cropped-Logo_BookHouse.jpg\",\"width\":938,\"height\":513,\"caption\":\"BOOKHOUSE.cz\"},\"image\":{\"@id\":\"https:\/\/bookhouse.cz\/#\/schema\/logo\/image\/\"},\"sameAs\":[\"https:\/\/www.facebook.com\/bookhousecz\",\"https:\/\/www.instagram.com\/bookhousecz\"]},{\"@type\":\"Person\",\"@id\":\"https:\/\/bookhouse.cz\/#\/schema\/person\/f34350c4206dd14422181c0fbd0922a3\",\"name\":\"Martina Pechov\u00e1\",\"image\":{\"@type\":\"ImageObject\",\"inLanguage\":\"cs\",\"@id\":\"https:\/\/bookhouse.cz\/#\/schema\/person\/image\/\",\"url\":\"https:\/\/secure.gravatar.com\/avatar\/d3ad7f43789eed68b221d01c6d7ac4e5?s=96&d=mm&r=g\",\"contentUrl\":\"https:\/\/secure.gravatar.com\/avatar\/d3ad7f43789eed68b221d01c6d7ac4e5?s=96&d=mm&r=g\",\"caption\":\"Martina Pechov\u00e1\"},\"sameAs\":[\"http:\/\/BOOKHOUSE.cz\"],\"url\":\"https:\/\/bookhouse.cz\/index.php\/author\/marpech\/\"}]}<\/script>\n<!-- \/ Yoast SEO plugin. -->","yoast_head_json":{"title":"Ve zl\u00e9m i v dobr\u00e9m | M. K. Hardy - BOOKHOUSE.cz","description":"Ve zl\u00e9m i v dobr\u00e9m. Mlad\u00ed novoman\u017eel\u00e9, nov\u00e9 m\u011bsto, nov\u00fd d\u016fm, nov\u00ed soused\u00e9, zkr\u00e1tka \u00fapln\u011b nov\u00fd spole\u010dn\u00fd \u017eivot.","robots":{"index":"index","follow":"follow","max-snippet":"max-snippet:-1","max-image-preview":"max-image-preview:large","max-video-preview":"max-video-preview:-1"},"canonical":"https:\/\/bookhouse.cz\/index.php\/2025\/06\/20\/ve-zlem-i-v-dobrem-m-k-hardy\/","og_locale":"cs_CZ","og_type":"article","og_title":"Ve zl\u00e9m i v dobr\u00e9m | M. K. Hardy - BOOKHOUSE.cz","og_description":"Ve zl\u00e9m i v dobr\u00e9m. Mlad\u00ed novoman\u017eel\u00e9, nov\u00e9 m\u011bsto, nov\u00fd d\u016fm, nov\u00ed soused\u00e9, zkr\u00e1tka \u00fapln\u011b nov\u00fd spole\u010dn\u00fd \u017eivot.","og_url":"https:\/\/bookhouse.cz\/index.php\/2025\/06\/20\/ve-zlem-i-v-dobrem-m-k-hardy\/","og_site_name":"BOOKHOUSE.cz","article_publisher":"https:\/\/www.facebook.com\/bookhousecz","article_published_time":"2025-06-19T22:01:00+00:00","article_modified_time":"2025-05-24T21:52:37+00:00","og_image":[{"width":1532,"height":924,"url":"https:\/\/bookhouse.cz\/wp-content\/uploads\/2025\/05\/158171_kniha_grada_ve_zlem_i_v_dobrem_Hardy_600_0_fit-2.jpg","type":"image\/jpeg"}],"author":"Martina Pechov\u00e1","twitter_card":"summary_large_image","twitter_misc":{"Napsal(a)":"Martina Pechov\u00e1","Odhadovan\u00e1 doba \u010dten\u00ed":"2 minuty"},"schema":{"@context":"https:\/\/schema.org","@graph":[{"@type":"Article","@id":"https:\/\/bookhouse.cz\/index.php\/2025\/06\/20\/ve-zlem-i-v-dobrem-m-k-hardy\/#article","isPartOf":{"@id":"https:\/\/bookhouse.cz\/index.php\/2025\/06\/20\/ve-zlem-i-v-dobrem-m-k-hardy\/"},"author":{"name":"Martina Pechov\u00e1","@id":"https:\/\/bookhouse.cz\/#\/schema\/person\/f34350c4206dd14422181c0fbd0922a3"},"headline":"Ve zl\u00e9m i v dobr\u00e9m | M. K. Hardy","datePublished":"2025-06-19T22:01:00+00:00","dateModified":"2025-05-24T21:52:37+00:00","mainEntityOfPage":{"@id":"https:\/\/bookhouse.cz\/index.php\/2025\/06\/20\/ve-zlem-i-v-dobrem-m-k-hardy\/"},"wordCount":151,"publisher":{"@id":"https:\/\/bookhouse.cz\/#organization"},"articleSection":["EROTIKA","NEWS","ROM\u00c1NY"],"inLanguage":"cs"},{"@type":"WebPage","@id":"https:\/\/bookhouse.cz\/index.php\/2025\/06\/20\/ve-zlem-i-v-dobrem-m-k-hardy\/","url":"https:\/\/bookhouse.cz\/index.php\/2025\/06\/20\/ve-zlem-i-v-dobrem-m-k-hardy\/","name":"Ve zl\u00e9m i v dobr\u00e9m | M. K. Hardy - BOOKHOUSE.cz","isPartOf":{"@id":"https:\/\/bookhouse.cz\/#website"},"datePublished":"2025-06-19T22:01:00+00:00","dateModified":"2025-05-24T21:52:37+00:00","description":"Ve zl\u00e9m i v dobr\u00e9m. Mlad\u00ed novoman\u017eel\u00e9, nov\u00e9 m\u011bsto, nov\u00fd d\u016fm, nov\u00ed soused\u00e9, zkr\u00e1tka \u00fapln\u011b nov\u00fd spole\u010dn\u00fd \u017eivot.","breadcrumb":{"@id":"https:\/\/bookhouse.cz\/index.php\/2025\/06\/20\/ve-zlem-i-v-dobrem-m-k-hardy\/#breadcrumb"},"inLanguage":"cs","potentialAction":[{"@type":"ReadAction","target":["https:\/\/bookhouse.cz\/index.php\/2025\/06\/20\/ve-zlem-i-v-dobrem-m-k-hardy\/"]}]},{"@type":"BreadcrumbList","@id":"https:\/\/bookhouse.cz\/index.php\/2025\/06\/20\/ve-zlem-i-v-dobrem-m-k-hardy\/#breadcrumb","itemListElement":[{"@type":"ListItem","position":1,"name":"Dom\u016f","item":"https:\/\/bookhouse.cz\/"},{"@type":"ListItem","position":2,"name":"Ve zl\u00e9m i v dobr\u00e9m | M. K. Hardy"}]},{"@type":"WebSite","@id":"https:\/\/bookhouse.cz\/#website","url":"https:\/\/bookhouse.cz\/","name":"BOOKHOUSE.cz","description":"Port\u00e1l o kni\u017en\u00edch novink\u00e1ch.","publisher":{"@id":"https:\/\/bookhouse.cz\/#organization"},"potentialAction":[{"@type":"SearchAction","target":{"@type":"EntryPoint","urlTemplate":"https:\/\/bookhouse.cz\/?s={search_term_string}"},"query-input":"required name=search_term_string"}],"inLanguage":"cs"},{"@type":"Organization","@id":"https:\/\/bookhouse.cz\/#organization","name":"BOOKHOUSE.cz","url":"https:\/\/bookhouse.cz\/","logo":{"@type":"ImageObject","inLanguage":"cs","@id":"https:\/\/bookhouse.cz\/#\/schema\/logo\/image\/","url":"https:\/\/bookhouse.cz\/wp-content\/uploads\/2024\/12\/cropped-Logo_BookHouse.jpg","contentUrl":"https:\/\/bookhouse.cz\/wp-content\/uploads\/2024\/12\/cropped-Logo_BookHouse.jpg","width":938,"height":513,"caption":"BOOKHOUSE.cz"},"image":{"@id":"https:\/\/bookhouse.cz\/#\/schema\/logo\/image\/"},"sameAs":["https:\/\/www.facebook.com\/bookhousecz","https:\/\/www.instagram.com\/bookhousecz"]},{"@type":"Person","@id":"https:\/\/bookhouse.cz\/#\/schema\/person\/f34350c4206dd14422181c0fbd0922a3","name":"Martina Pechov\u00e1","image":{"@type":"ImageObject","inLanguage":"cs","@id":"https:\/\/bookhouse.cz\/#\/schema\/person\/image\/","url":"https:\/\/secure.gravatar.com\/avatar\/d3ad7f43789eed68b221d01c6d7ac4e5?s=96&d=mm&r=g","contentUrl":"https:\/\/secure.gravatar.com\/avatar\/d3ad7f43789eed68b221d01c6d7ac4e5?s=96&d=mm&r=g","caption":"Martina Pechov\u00e1"},"sameAs":["http:\/\/BOOKHOUSE.cz"],"url":"https:\/\/bookhouse.cz\/index.php\/author\/marpech\/"}]}},"_links":{"self":[{"href":"https:\/\/bookhouse.cz\/index.php\/wp-json\/wp\/v2\/posts\/8725"}],"collection":[{"href":"https:\/\/bookhouse.cz\/index.php\/wp-json\/wp\/v2\/posts"}],"about":[{"href":"https:\/\/bookhouse.cz\/index.php\/wp-json\/wp\/v2\/types\/post"}],"author":[{"embeddable":true,"href":"https:\/\/bookhouse.cz\/index.php\/wp-json\/wp\/v2\/users\/8"}],"replies":[{"embeddable":true,"href":"https:\/\/bookhouse.cz\/index.php\/wp-json\/wp\/v2\/comments?post=8725"}],"version-history":[{"count":1,"href":"https:\/\/bookhouse.cz\/index.php\/wp-json\/wp\/v2\/posts\/8725\/revisions"}],"predecessor-version":[{"id":8730,"href":"https:\/\/bookhouse.cz\/index.php\/wp-json\/wp\/v2\/posts\/8725\/revisions\/8730"}],"wp:featuredmedia":[{"embeddable":true,"href":"https:\/\/bookhouse.cz\/index.php\/wp-json\/wp\/v2\/media\/8728"}],"wp:attachment":[{"href":"https:\/\/bookhouse.cz\/index.php\/wp-json\/wp\/v2\/media?parent=8725"}],"wp:term":[{"taxonomy":"category","embeddable":true,"href":"https:\/\/bookhouse.cz\/index.php\/wp-json\/wp\/v2\/categories?post=8725"},{"taxonomy":"post_tag","embeddable":true,"href":"https:\/\/bookhouse.cz\/index.php\/wp-json\/wp\/v2\/tags?post=8725"}],"curies":[{"name":"wp","href":"https:\/\/api.w.org\/{rel}","templated":true}]}}