{"id":8554,"date":"2025-04-16T00:01:00","date_gmt":"2025-04-15T22:01:00","guid":{"rendered":"https:\/\/bookhouse.cz\/?p=8554"},"modified":"2025-04-11T19:48:19","modified_gmt":"2025-04-11T17:48:19","slug":"emoce-nadeje-a-cerny-humor-v-nove-knize-kdyz-se-materstvi-zmeni-v-boj-o-preziti-ditete-na-jip","status":"publish","type":"post","link":"https:\/\/bookhouse.cz\/index.php\/2025\/04\/16\/emoce-nadeje-a-cerny-humor-v-nove-knize-kdyz-se-materstvi-zmeni-v-boj-o-preziti-ditete-na-jip\/","title":{"rendered":"Emoce, nad\u011bje a \u010dern\u00fd humor v nov\u00e9 knize: Kdy\u017e se mate\u0159stv\u00ed zm\u011bn\u00ed v boj o p\u0159e\u017eit\u00ed d\u00edt\u011bte na JIP"},"content":{"rendered":"\n<div style=\"height:45px\" aria-hidden=\"true\" class=\"wp-block-spacer\"><\/div>\n\n\n\n<p class=\"has-medium-font-size\"><strong>V online nakladatelstv\u00ed Pointa vy\u0161la kniha Den\u00ed\u010dek posti\u017een\u00e9 matky aneb v\u0161ichni tady um\u0159eme, osobit\u00fd den\u00edk Magdy Sobotkov\u00e9 zachycuj\u00edc\u00ed nejt\u011b\u017e\u0161\u00ed obdob\u00ed jej\u00edho \u017eivota &#8211; kdy po porodu padala na dno, zat\u00edmco jej\u00ed d\u00edt\u011b bojovalo o \u017eivot na JIP. Autorka \u010dten\u00e1\u0159e vezme na emocemi nabitou j\u00edzdu plnou zoufalstv\u00ed, nad\u011bje i \u010dern\u00e9ho humoru, dopln\u011bnou barevn\u00fdmi ilustracemi a p\u0159\u00edb\u011bhy dal\u0161\u00edch matek i profesion\u00e1l\u016f. Tato jedine\u010dn\u00e1 kniha otev\u00edr\u00e1 m\u00e1lo diskutovan\u00e9 t\u00e9ma rodi\u010dovstv\u00ed d\u011bt\u00ed s handicapem a p\u0159in\u00e1\u0161\u00ed nejen terapii pro podobn\u011b zasa\u017een\u00e9 rodiny, ale i cenn\u00fd vhled pro jejich okol\u00ed. Kni\u017en\u00ed novinku Den\u00ed\u010dek posti\u017een\u00e9 matky aneb v\u0161ichni tady um\u0159eme a mnoho dal\u0161\u00edch titul\u016f je mo\u017en\u00e9 objednat <\/strong><a href=\"https:\/\/pointa.cz\/projects\"><u><strong>na e-shopu Pointy<\/strong><\/u><\/a><strong> a ve v\u0161ech tradi\u010dn\u00edch knihkupectv\u00edch nebo na e-shopech.<\/strong><\/p>\n\n\n\n<div style=\"height:45px\" aria-hidden=\"true\" class=\"wp-block-spacer\"><\/div>\n\n\n<div class=\"wp-block-image\">\n<figure class=\"aligncenter size-large\"><img loading=\"lazy\" decoding=\"async\" width=\"1024\" height=\"683\" src=\"https:\/\/bookhouse.cz\/wp-content\/uploads\/2025\/04\/Denicek_2D_obalka-1024x683.jpg\" alt=\"Den\u00ed\u010dek posti\u017een\u00e9 matky\" class=\"wp-image-8555\" srcset=\"https:\/\/bookhouse.cz\/wp-content\/uploads\/2025\/04\/Denicek_2D_obalka-1024x683.jpg 1024w, https:\/\/bookhouse.cz\/wp-content\/uploads\/2025\/04\/Denicek_2D_obalka-300x200.jpg 300w, https:\/\/bookhouse.cz\/wp-content\/uploads\/2025\/04\/Denicek_2D_obalka-768x512.jpg 768w, https:\/\/bookhouse.cz\/wp-content\/uploads\/2025\/04\/Denicek_2D_obalka.jpg 1528w\" sizes=\"(max-width: 1024px) 100vw, 1024px\" \/><\/figure><\/div>\n\n\n<div style=\"height:45px\" aria-hidden=\"true\" class=\"wp-block-spacer\"><\/div>\n\n\n\n<p class=\"has-medium-font-size\">Autorka \u010dten\u00e1\u0159e ve sv\u00e9m den\u00ed\u010dku prot\u00e1hne nejsiln\u011bj\u0161\u00edmi okam\u017eiky sv\u00e9ho mate\u0159stv\u00ed, kdy se bojovalo o \u017eivot a zdrav\u00ed jej\u00ed mal\u00e9 dcery. V (p\u0159e)\u017eit\u00ed j\u00ed pom\u00e1h\u00e1 nadhled a \u010dern\u00fd humor. V druh\u00e9 polovin\u011b knihy \u010dten\u00e1\u0159i najdou p\u0159\u00edb\u011bhy dal\u0161\u00edch \u017een, matek i profesion\u00e1lek. Oby\u010dejn\u00e1 m\u00e1ma vypr\u00e1v\u00ed, kdo jsou opravdov\u00ed and\u011bl\u00e9 v \u017eivot\u011b s posti\u017eenou dcerou, Petra Langov\u00e1 pak nab\u00edz\u00ed pr\u00e1vn\u00ed osv\u011btu. T\u0159e\u0161ni\u010dkou na dortu je fejeton o elektrick\u00e9m voz\u00edku V\u00e1clava Uhra. A jestli v\u00e1s nerozesm\u011bje on, tak u\u017e nikdo.<\/p>\n\n\n\n<div style=\"height:45px\" aria-hidden=\"true\" class=\"wp-block-spacer\"><\/div>\n\n\n<div class=\"wp-block-image\">\n<figure class=\"aligncenter size-large\"><img loading=\"lazy\" decoding=\"async\" width=\"1024\" height=\"682\" src=\"https:\/\/bookhouse.cz\/wp-content\/uploads\/2025\/04\/Magda-Sobotkova_-1024x682.jpg\" alt=\"Den\u00ed\u010dek posti\u017een\u00e9 matky\" class=\"wp-image-8558\" srcset=\"https:\/\/bookhouse.cz\/wp-content\/uploads\/2025\/04\/Magda-Sobotkova_-1024x682.jpg 1024w, https:\/\/bookhouse.cz\/wp-content\/uploads\/2025\/04\/Magda-Sobotkova_-300x200.jpg 300w, https:\/\/bookhouse.cz\/wp-content\/uploads\/2025\/04\/Magda-Sobotkova_-768x512.jpg 768w, https:\/\/bookhouse.cz\/wp-content\/uploads\/2025\/04\/Magda-Sobotkova_-1536x1023.jpg 1536w, https:\/\/bookhouse.cz\/wp-content\/uploads\/2025\/04\/Magda-Sobotkova_.jpg 1650w\" sizes=\"(max-width: 1024px) 100vw, 1024px\" \/><\/figure><\/div>\n\n\n<div style=\"height:45px\" aria-hidden=\"true\" class=\"wp-block-spacer\"><\/div>\n\n\n\n<h2 class=\"wp-block-heading\">Autorka o sv\u00e9 knize<\/h2>\n\n\n\n<div style=\"height:21px\" aria-hidden=\"true\" class=\"wp-block-spacer\"><\/div>\n\n\n\n<p class=\"has-medium-font-size\">Kniha netradi\u010dn\u00ed formou zachycuje prvn\u00ed roky po narozen\u00ed d\u00edt\u011bte, kter\u00e9 nen\u00ed zcela zdrav\u00e9. Zoufalstv\u00ed se m\u011bn\u00ed v nad\u011bji a nad\u011bje v p\u0159ijet\u00ed nevyhnuteln\u00e9ho. Roky se prol\u00ednaj\u00ed a ukazuj\u00ed, jak se m\u011bn\u00ed rodinn\u00e1 situace i pohled matky na nemoc d\u00edt\u011bte. \u010cten\u00e1\u0159i knihy se zamotaj\u00ed do d\u011bjov\u00e9 spir\u00e1ly a ocitnou se na toboganu emoc\u00ed. V patosu se ale neutop\u00ed, sp\u00ed\u0161 jim zasko\u010d\u00ed z \u010dern\u00e9ho humoru a minutku oddechu jim poskytne lyrick\u00fd kv\u011btinov\u00fd z\u00e1hon.<\/p>\n\n\n\n<p class=\"has-medium-font-size\">Beletrie o \u017eivot\u011b s d\u00edt\u011btem se speci\u00e1ln\u00edmi pot\u0159ebami nevych\u00e1z\u00ed mnoho \u2013 je to t\u011b\u017ek\u00e9 t\u00e9ma, autory zven\u010d\u00ed neobjeven\u00e9 a pro rodi\u010de d\u011bt\u00ed s handicapem \u010dasto p\u0159\u00edli\u0161 citliv\u00e9 na sd\u00edlen\u00ed. Tato kniha nab\u00edz\u00ed mo\u017enost pono\u0159it se do sv\u011bta jedn\u00e9 mal\u00e9 hol\u010di\u010dky s kombinovan\u00fdm posti\u017een\u00edm a jako bonus v druh\u00e9 \u010d\u00e1sti kr\u00e1tce p\u0159edstav\u00ed n\u011bkolik dal\u0161\u00edch \u017eivotn\u00edch cest a osud\u016f.<\/p>\n\n\n\n<div style=\"height:45px\" aria-hidden=\"true\" class=\"wp-block-spacer\"><\/div>\n\n\n<div class=\"wp-block-image\">\n<figure class=\"aligncenter size-large\"><img loading=\"lazy\" decoding=\"async\" width=\"1024\" height=\"720\" src=\"https:\/\/bookhouse.cz\/wp-content\/uploads\/2025\/04\/ukazka-1-1024x720.jpg\" alt=\"Den\u00ed\u010dek posti\u017een\u00e9 matky\" class=\"wp-image-8562\" srcset=\"https:\/\/bookhouse.cz\/wp-content\/uploads\/2025\/04\/ukazka-1-1024x720.jpg 1024w, https:\/\/bookhouse.cz\/wp-content\/uploads\/2025\/04\/ukazka-1-300x211.jpg 300w, https:\/\/bookhouse.cz\/wp-content\/uploads\/2025\/04\/ukazka-1-768x540.jpg 768w, https:\/\/bookhouse.cz\/wp-content\/uploads\/2025\/04\/ukazka-1-1536x1080.jpg 1536w, https:\/\/bookhouse.cz\/wp-content\/uploads\/2025\/04\/ukazka-1.jpg 1650w\" sizes=\"(max-width: 1024px) 100vw, 1024px\" \/><\/figure><\/div>\n\n\n<div style=\"height:45px\" aria-hidden=\"true\" class=\"wp-block-spacer\"><\/div>\n\n\n\n<h2 class=\"wp-block-heading\">Pro koho je kniha ur\u010dena<\/h2>\n\n\n\n<div style=\"height:21px\" aria-hidden=\"true\" class=\"wp-block-spacer\"><\/div>\n\n\n\n<p class=\"has-medium-font-size\">Kniha m\u016f\u017ee poskytnout \u00falevu matk\u00e1m d\u011bt\u00ed, kter\u00e9 nem\u011bly lehk\u00fd start do \u017eivota a mo\u017en\u00e1 se se zdravotn\u00edmi obt\u00ed\u017eemi pot\u00fdkaj\u00ed i nad\u00e1le. Je t\u011b\u017ek\u00e9 sd\u00edlet emoce se sv\u00fdm okol\u00edm, pokud jsou p\u0159\u00edli\u0161 bolestn\u00e9 \u2013 n\u011bkdy je ani nechceme \u0159\u00edkat nahlas, jindy je bl\u00edzc\u00ed necht\u011bj\u00ed sly\u0161et. Autorka knihy v\u0161em \u0159\u00edk\u00e1 \u2013 nejste v tom samy. Jsou n\u00e1s stovky, tis\u00edce ro\u010dn\u011b a v\u011bt\u0161ina d\u011bt\u00ed n\u00e1ro\u010dn\u00fd za\u010d\u00e1tek p\u0159ekon\u00e1. No a ob\u010das se z toho bohu\u017eel n\u011bkdo nevyl\u00ed\u017ee \u2013 ale to nen\u00ed na\u0161e vina.<\/p>\n\n\n\n<p class=\"has-medium-font-size\">Autorka doporu\u010duje knihu v\u0161em, kte\u0159\u00ed ve sv\u00e9m sv\u011bt\u011b, soukrom\u00e9m nebo profesn\u00edm, potk\u00e1vaj\u00ed nemocn\u00e9 d\u011bti a jejich matky \u2013 a v\u011b\u0159\u00ed, \u017ee jim pom\u016f\u017ee nahl\u00e9dnout do jejich my\u0161lenek a p\u0159\u00ed\u0161t\u011b u\u017e budou v\u011bd\u011bt, co \u0159\u00edct. A taky co rozhodn\u011b ne\u0159\u00edkat.<\/p>\n\n\n\n<div style=\"height:45px\" aria-hidden=\"true\" class=\"wp-block-spacer\"><\/div>\n\n\n<div class=\"wp-block-image\">\n<figure class=\"aligncenter size-large\"><img loading=\"lazy\" decoding=\"async\" width=\"1024\" height=\"736\" src=\"https:\/\/bookhouse.cz\/wp-content\/uploads\/2025\/04\/ukazka-1024x736.jpg\" alt=\"Den\u00ed\u010dek posti\u017een\u00e9 matky\" class=\"wp-image-8563\" srcset=\"https:\/\/bookhouse.cz\/wp-content\/uploads\/2025\/04\/ukazka-1024x736.jpg 1024w, https:\/\/bookhouse.cz\/wp-content\/uploads\/2025\/04\/ukazka-300x216.jpg 300w, https:\/\/bookhouse.cz\/wp-content\/uploads\/2025\/04\/ukazka-768x552.jpg 768w, https:\/\/bookhouse.cz\/wp-content\/uploads\/2025\/04\/ukazka-1536x1104.jpg 1536w, https:\/\/bookhouse.cz\/wp-content\/uploads\/2025\/04\/ukazka.jpg 1650w\" sizes=\"(max-width: 1024px) 100vw, 1024px\" \/><\/figure><\/div>\n\n\n<div style=\"height:45px\" aria-hidden=\"true\" class=\"wp-block-spacer\"><\/div>\n\n\n\n<h2 class=\"wp-block-heading\">Pro\u010d knihu napsala<\/h2>\n\n\n\n<div style=\"height:21px\" aria-hidden=\"true\" class=\"wp-block-spacer\"><\/div>\n\n\n\n<p class=\"has-medium-font-size\">Knihu za\u010dala ps\u00e1t spont\u00e1nn\u011b po noc\u00edch m\u00edsto sp\u00e1nku jako terapii. B\u011bhem psan\u00ed si znovu pro\u017eila \u0159adu potla\u010den\u00fdch vzpom\u00ednek a na\u0161la v tv\u016fr\u010d\u00edm procesu \u00falevu. Postupn\u011b si uv\u011bdomila, \u017ee sd\u00edlen\u00edm jejich p\u0159\u00edb\u011bhu by mohla vzk\u00e1zat i dal\u0161\u00edm \u017een\u00e1m, \u017ee v tom nejsou samy. \u017de v\u00ed, jak se c\u00edt\u00ed a na co se sna\u017e\u00ed zapomenout.<\/p>\n\n\n\n<p class=\"has-medium-font-size\">V sam\u00e9m z\u00e1v\u011bru se rozhodla p\u0159idat praktick\u00fd (a snad i vtipn\u00fd) n\u00e1vod, jak mluvit s rodi\u010di d\u011bt\u00ed se speci\u00e1ln\u00edmi pot\u0159ebami \u2013 naprost\u00e1 v\u011bt\u0161ina populace toti\u017e opravdu nev\u00ed, co \u0159\u00edct, a opakuj\u00ed nevy\u017e\u00e1dan\u00e1 kli\u0161\u00e9. Je moc r\u00e1da, \u017ee se ke knize p\u0159ipojilo je\u0161t\u011b n\u011bkolik dal\u0161\u00edch osobnost\u00ed jejich sv\u011bta a sd\u00edlelo svoje vlastn\u00ed cenn\u00e9 zku\u0161enosti a doporu\u010den\u00ed \u2013 mo\u017en\u00e1 pr\u00e1v\u011b tato druh\u00e1 \u010d\u00e1st bude pro \u010dten\u00e1\u0159e knihy to nejcenn\u011bj\u0161\u00ed, co v nich z\u016fstane, a\u017e dolistuj\u00ed na posledn\u00ed stranu.<\/p>\n\n\n\n<div style=\"height:45px\" aria-hidden=\"true\" class=\"wp-block-spacer\"><\/div>\n\n\n<div class=\"wp-block-image\">\n<figure class=\"aligncenter size-large\"><img loading=\"lazy\" decoding=\"async\" width=\"724\" height=\"1024\" src=\"https:\/\/bookhouse.cz\/wp-content\/uploads\/2025\/04\/Denicek_2D_obalka-2-724x1024.jpg\" alt=\"Den\u00ed\u010dek posti\u017een\u00e9 matky\" class=\"wp-image-8556\" srcset=\"https:\/\/bookhouse.cz\/wp-content\/uploads\/2025\/04\/Denicek_2D_obalka-2-724x1024.jpg 724w, https:\/\/bookhouse.cz\/wp-content\/uploads\/2025\/04\/Denicek_2D_obalka-2-212x300.jpg 212w, https:\/\/bookhouse.cz\/wp-content\/uploads\/2025\/04\/Denicek_2D_obalka-2-768x1086.jpg 768w, https:\/\/bookhouse.cz\/wp-content\/uploads\/2025\/04\/Denicek_2D_obalka-2-1087x1536.jpg 1087w, https:\/\/bookhouse.cz\/wp-content\/uploads\/2025\/04\/Denicek_2D_obalka-2-1449x2048.jpg 1449w, https:\/\/bookhouse.cz\/wp-content\/uploads\/2025\/04\/Denicek_2D_obalka-2.jpg 1528w\" sizes=\"(max-width: 724px) 100vw, 724px\" \/><\/figure><\/div>\n\n\n<div style=\"height:45px\" aria-hidden=\"true\" class=\"wp-block-spacer\"><\/div>\n\n\n\n<h2 class=\"wp-block-heading\" id=\"block-d5099aaf-fc1f-4aea-9eb1-4e097e5ca5da\">N\u00e1zev knihy: Den\u00ed\u010dek posti\u017een\u00e9 matky aneb v\u0161ichni tady um\u0159eme<\/h2>\n\n\n\n<div style=\"height:45px\" aria-hidden=\"true\" class=\"wp-block-spacer\"><\/div>\n\n\n\n<p class=\"has-medium-font-size\" id=\"block-f563f394-4ca1-47f0-b136-5ffe5b4f4d1c\"><strong>Autor:<\/strong>&nbsp;Magda&nbsp;Sobotkov\u00e1<\/p>\n\n\n\n<p class=\"has-medium-font-size\" id=\"block-30e75497-0af9-41c7-9cd2-0d7e7f286ca8\"><strong>Po\u010det stran \/ vazba:<\/strong>&nbsp;128 stran \/ V\u00e1zan\u00e1 vazba<\/p>\n\n\n\n<p class=\"has-medium-font-size\" id=\"block-6061cabd-fa38-4434-b0be-477ed69294ec\"><strong>Doporu\u010den\u00e1<\/strong>&nbsp;<strong>cena:<\/strong>&nbsp;385 K\u010d<\/p>\n\n\n\n<p class=\"has-medium-font-size\" id=\"block-bf00762f-3f26-4bb9-9a78-6955ce7d639d\"><strong>Vydalo<\/strong>:&nbsp;Nakladatelstv\u00ed Pointa<\/p>\n\n\n\n<p class=\"has-medium-font-size\"><strong>V\u00edce informac\u00ed na:\u00a0<\/strong><a href=\"http:\/\/www.pointa.cz\"><strong>www.pointa.cz<\/strong><\/a><\/p>\n\n\n\n<div style=\"height:45px\" aria-hidden=\"true\" class=\"wp-block-spacer\"><\/div>\n\n\n\n<p class=\"has-medium-font-size\" id=\"block-78735c9f-8b0d-4f1e-a3f4-81a23eadb822\"><strong>Zdroj foto:<\/strong>&nbsp;Pointa<\/p>\n\n\n\n<div style=\"height:150px\" aria-hidden=\"true\" class=\"wp-block-spacer\"><\/div>\n","protected":false},"excerpt":{"rendered":"<p>V online nakladatelstv\u00ed Pointa vy\u0161la kniha Den\u00ed\u010dek posti\u017een\u00e9 matky aneb v\u0161ichni tady um\u0159eme, osobit\u00fd den\u00edk Magdy Sobotkov\u00e9 zachycuj\u00edc\u00ed nejt\u011b\u017e\u0161\u00ed obdob\u00ed jej\u00edho \u017eivota &#8211; kdy po porodu padala na dno, zat\u00edmco jej\u00ed d\u00edt\u011b bojovalo o&#46;&#46;&#46;<\/p>\n","protected":false},"author":8,"featured_media":8555,"comment_status":"closed","ping_status":"closed","sticky":false,"template":"","format":"standard","meta":{"_monsterinsights_skip_tracking":false,"_monsterinsights_sitenote_active":false,"_monsterinsights_sitenote_note":"","_monsterinsights_sitenote_category":0,"footnotes":""},"categories":[35,3,19],"tags":[],"yoast_head":"<!-- This site is optimized with the Yoast SEO plugin v21.5 - https:\/\/yoast.com\/wordpress\/plugins\/seo\/ -->\n<title>Emoce, nad\u011bje a \u010dern\u00fd humor v nov\u00e9 knize: Kdy\u017e se mate\u0159stv\u00ed zm\u011bn\u00ed v boj o p\u0159e\u017eit\u00ed d\u00edt\u011bte na JIP - BOOKHOUSE.cz<\/title>\n<meta name=\"description\" content=\"V online nakladatelstv\u00ed Pointa vy\u0161la kniha Den\u00ed\u010dek posti\u017een\u00e9 matky aneb v\u0161ichni tady um\u0159eme, osobit\u00fd den\u00edk Magdy Sobotkov\u00e9.\" \/>\n<meta name=\"robots\" content=\"index, follow, max-snippet:-1, max-image-preview:large, max-video-preview:-1\" \/>\n<link rel=\"canonical\" href=\"https:\/\/bookhouse.cz\/index.php\/2025\/04\/16\/emoce-nadeje-a-cerny-humor-v-nove-knize-kdyz-se-materstvi-zmeni-v-boj-o-preziti-ditete-na-jip\/\" \/>\n<meta property=\"og:locale\" content=\"cs_CZ\" \/>\n<meta property=\"og:type\" content=\"article\" \/>\n<meta property=\"og:title\" content=\"Emoce, nad\u011bje a \u010dern\u00fd humor v nov\u00e9 knize: Kdy\u017e se mate\u0159stv\u00ed zm\u011bn\u00ed v boj o p\u0159e\u017eit\u00ed d\u00edt\u011bte na JIP - BOOKHOUSE.cz\" \/>\n<meta property=\"og:description\" content=\"V online nakladatelstv\u00ed Pointa vy\u0161la kniha Den\u00ed\u010dek posti\u017een\u00e9 matky aneb v\u0161ichni tady um\u0159eme, osobit\u00fd den\u00edk Magdy Sobotkov\u00e9.\" \/>\n<meta property=\"og:url\" content=\"https:\/\/bookhouse.cz\/index.php\/2025\/04\/16\/emoce-nadeje-a-cerny-humor-v-nove-knize-kdyz-se-materstvi-zmeni-v-boj-o-preziti-ditete-na-jip\/\" \/>\n<meta property=\"og:site_name\" content=\"BOOKHOUSE.cz\" \/>\n<meta property=\"article:publisher\" content=\"https:\/\/www.facebook.com\/bookhousecz\" \/>\n<meta property=\"article:published_time\" content=\"2025-04-15T22:01:00+00:00\" \/>\n<meta property=\"article:modified_time\" content=\"2025-04-11T17:48:19+00:00\" \/>\n<meta property=\"og:image\" content=\"https:\/\/bookhouse.cz\/wp-content\/uploads\/2025\/04\/Denicek_2D_obalka.jpg\" \/>\n\t<meta property=\"og:image:width\" content=\"1528\" \/>\n\t<meta property=\"og:image:height\" content=\"1019\" \/>\n\t<meta property=\"og:image:type\" content=\"image\/jpeg\" \/>\n<meta name=\"author\" content=\"Martina Pechov\u00e1\" \/>\n<meta name=\"twitter:card\" content=\"summary_large_image\" \/>\n<meta name=\"twitter:label1\" content=\"Napsal(a)\" \/>\n\t<meta name=\"twitter:data1\" content=\"Martina Pechov\u00e1\" \/>\n\t<meta name=\"twitter:label2\" content=\"Odhadovan\u00e1 doba \u010dten\u00ed\" \/>\n\t<meta name=\"twitter:data2\" content=\"5 minut\" \/>\n<script type=\"application\/ld+json\" class=\"yoast-schema-graph\">{\"@context\":\"https:\/\/schema.org\",\"@graph\":[{\"@type\":\"Article\",\"@id\":\"https:\/\/bookhouse.cz\/index.php\/2025\/04\/16\/emoce-nadeje-a-cerny-humor-v-nove-knize-kdyz-se-materstvi-zmeni-v-boj-o-preziti-ditete-na-jip\/#article\",\"isPartOf\":{\"@id\":\"https:\/\/bookhouse.cz\/index.php\/2025\/04\/16\/emoce-nadeje-a-cerny-humor-v-nove-knize-kdyz-se-materstvi-zmeni-v-boj-o-preziti-ditete-na-jip\/\"},\"author\":{\"name\":\"Martina Pechov\u00e1\",\"@id\":\"https:\/\/bookhouse.cz\/#\/schema\/person\/f34350c4206dd14422181c0fbd0922a3\"},\"headline\":\"Emoce, nad\u011bje a \u010dern\u00fd humor v nov\u00e9 knize: Kdy\u017e se mate\u0159stv\u00ed zm\u011bn\u00ed v boj o p\u0159e\u017eit\u00ed d\u00edt\u011bte na JIP\",\"datePublished\":\"2025-04-15T22:01:00+00:00\",\"dateModified\":\"2025-04-11T17:48:19+00:00\",\"mainEntityOfPage\":{\"@id\":\"https:\/\/bookhouse.cz\/index.php\/2025\/04\/16\/emoce-nadeje-a-cerny-humor-v-nove-knize-kdyz-se-materstvi-zmeni-v-boj-o-preziti-ditete-na-jip\/\"},\"wordCount\":859,\"publisher\":{\"@id\":\"https:\/\/bookhouse.cz\/#organization\"},\"articleSection\":[\"BIOGRAFIE A MEMO\u00c1RY\",\"NEWS\",\"TIPY NA KNIHY\"],\"inLanguage\":\"cs\"},{\"@type\":\"WebPage\",\"@id\":\"https:\/\/bookhouse.cz\/index.php\/2025\/04\/16\/emoce-nadeje-a-cerny-humor-v-nove-knize-kdyz-se-materstvi-zmeni-v-boj-o-preziti-ditete-na-jip\/\",\"url\":\"https:\/\/bookhouse.cz\/index.php\/2025\/04\/16\/emoce-nadeje-a-cerny-humor-v-nove-knize-kdyz-se-materstvi-zmeni-v-boj-o-preziti-ditete-na-jip\/\",\"name\":\"Emoce, nad\u011bje a \u010dern\u00fd humor v nov\u00e9 knize: Kdy\u017e se mate\u0159stv\u00ed zm\u011bn\u00ed v boj o p\u0159e\u017eit\u00ed d\u00edt\u011bte na JIP - BOOKHOUSE.cz\",\"isPartOf\":{\"@id\":\"https:\/\/bookhouse.cz\/#website\"},\"datePublished\":\"2025-04-15T22:01:00+00:00\",\"dateModified\":\"2025-04-11T17:48:19+00:00\",\"description\":\"V online nakladatelstv\u00ed Pointa vy\u0161la kniha Den\u00ed\u010dek posti\u017een\u00e9 matky aneb v\u0161ichni tady um\u0159eme, osobit\u00fd den\u00edk Magdy Sobotkov\u00e9.\",\"breadcrumb\":{\"@id\":\"https:\/\/bookhouse.cz\/index.php\/2025\/04\/16\/emoce-nadeje-a-cerny-humor-v-nove-knize-kdyz-se-materstvi-zmeni-v-boj-o-preziti-ditete-na-jip\/#breadcrumb\"},\"inLanguage\":\"cs\",\"potentialAction\":[{\"@type\":\"ReadAction\",\"target\":[\"https:\/\/bookhouse.cz\/index.php\/2025\/04\/16\/emoce-nadeje-a-cerny-humor-v-nove-knize-kdyz-se-materstvi-zmeni-v-boj-o-preziti-ditete-na-jip\/\"]}]},{\"@type\":\"BreadcrumbList\",\"@id\":\"https:\/\/bookhouse.cz\/index.php\/2025\/04\/16\/emoce-nadeje-a-cerny-humor-v-nove-knize-kdyz-se-materstvi-zmeni-v-boj-o-preziti-ditete-na-jip\/#breadcrumb\",\"itemListElement\":[{\"@type\":\"ListItem\",\"position\":1,\"name\":\"Dom\u016f\",\"item\":\"https:\/\/bookhouse.cz\/\"},{\"@type\":\"ListItem\",\"position\":2,\"name\":\"Emoce, nad\u011bje a \u010dern\u00fd humor v nov\u00e9 knize: Kdy\u017e se mate\u0159stv\u00ed zm\u011bn\u00ed v boj o p\u0159e\u017eit\u00ed d\u00edt\u011bte na JIP\"}]},{\"@type\":\"WebSite\",\"@id\":\"https:\/\/bookhouse.cz\/#website\",\"url\":\"https:\/\/bookhouse.cz\/\",\"name\":\"BOOKHOUSE.cz\",\"description\":\"Port\u00e1l o kni\u017en\u00edch novink\u00e1ch.\",\"publisher\":{\"@id\":\"https:\/\/bookhouse.cz\/#organization\"},\"potentialAction\":[{\"@type\":\"SearchAction\",\"target\":{\"@type\":\"EntryPoint\",\"urlTemplate\":\"https:\/\/bookhouse.cz\/?s={search_term_string}\"},\"query-input\":\"required name=search_term_string\"}],\"inLanguage\":\"cs\"},{\"@type\":\"Organization\",\"@id\":\"https:\/\/bookhouse.cz\/#organization\",\"name\":\"BOOKHOUSE.cz\",\"url\":\"https:\/\/bookhouse.cz\/\",\"logo\":{\"@type\":\"ImageObject\",\"inLanguage\":\"cs\",\"@id\":\"https:\/\/bookhouse.cz\/#\/schema\/logo\/image\/\",\"url\":\"https:\/\/bookhouse.cz\/wp-content\/uploads\/2024\/12\/cropped-Logo_BookHouse.jpg\",\"contentUrl\":\"https:\/\/bookhouse.cz\/wp-content\/uploads\/2024\/12\/cropped-Logo_BookHouse.jpg\",\"width\":938,\"height\":513,\"caption\":\"BOOKHOUSE.cz\"},\"image\":{\"@id\":\"https:\/\/bookhouse.cz\/#\/schema\/logo\/image\/\"},\"sameAs\":[\"https:\/\/www.facebook.com\/bookhousecz\",\"https:\/\/www.instagram.com\/bookhousecz\"]},{\"@type\":\"Person\",\"@id\":\"https:\/\/bookhouse.cz\/#\/schema\/person\/f34350c4206dd14422181c0fbd0922a3\",\"name\":\"Martina Pechov\u00e1\",\"image\":{\"@type\":\"ImageObject\",\"inLanguage\":\"cs\",\"@id\":\"https:\/\/bookhouse.cz\/#\/schema\/person\/image\/\",\"url\":\"https:\/\/secure.gravatar.com\/avatar\/d3ad7f43789eed68b221d01c6d7ac4e5?s=96&d=mm&r=g\",\"contentUrl\":\"https:\/\/secure.gravatar.com\/avatar\/d3ad7f43789eed68b221d01c6d7ac4e5?s=96&d=mm&r=g\",\"caption\":\"Martina Pechov\u00e1\"},\"sameAs\":[\"http:\/\/BOOKHOUSE.cz\"],\"url\":\"https:\/\/bookhouse.cz\/index.php\/author\/marpech\/\"}]}<\/script>\n<!-- \/ Yoast SEO plugin. -->","yoast_head_json":{"title":"Emoce, nad\u011bje a \u010dern\u00fd humor v nov\u00e9 knize: Kdy\u017e se mate\u0159stv\u00ed zm\u011bn\u00ed v boj o p\u0159e\u017eit\u00ed d\u00edt\u011bte na JIP - BOOKHOUSE.cz","description":"V online nakladatelstv\u00ed Pointa vy\u0161la kniha Den\u00ed\u010dek posti\u017een\u00e9 matky aneb v\u0161ichni tady um\u0159eme, osobit\u00fd den\u00edk Magdy Sobotkov\u00e9.","robots":{"index":"index","follow":"follow","max-snippet":"max-snippet:-1","max-image-preview":"max-image-preview:large","max-video-preview":"max-video-preview:-1"},"canonical":"https:\/\/bookhouse.cz\/index.php\/2025\/04\/16\/emoce-nadeje-a-cerny-humor-v-nove-knize-kdyz-se-materstvi-zmeni-v-boj-o-preziti-ditete-na-jip\/","og_locale":"cs_CZ","og_type":"article","og_title":"Emoce, nad\u011bje a \u010dern\u00fd humor v nov\u00e9 knize: Kdy\u017e se mate\u0159stv\u00ed zm\u011bn\u00ed v boj o p\u0159e\u017eit\u00ed d\u00edt\u011bte na JIP - BOOKHOUSE.cz","og_description":"V online nakladatelstv\u00ed Pointa vy\u0161la kniha Den\u00ed\u010dek posti\u017een\u00e9 matky aneb v\u0161ichni tady um\u0159eme, osobit\u00fd den\u00edk Magdy Sobotkov\u00e9.","og_url":"https:\/\/bookhouse.cz\/index.php\/2025\/04\/16\/emoce-nadeje-a-cerny-humor-v-nove-knize-kdyz-se-materstvi-zmeni-v-boj-o-preziti-ditete-na-jip\/","og_site_name":"BOOKHOUSE.cz","article_publisher":"https:\/\/www.facebook.com\/bookhousecz","article_published_time":"2025-04-15T22:01:00+00:00","article_modified_time":"2025-04-11T17:48:19+00:00","og_image":[{"width":1528,"height":1019,"url":"https:\/\/bookhouse.cz\/wp-content\/uploads\/2025\/04\/Denicek_2D_obalka.jpg","type":"image\/jpeg"}],"author":"Martina Pechov\u00e1","twitter_card":"summary_large_image","twitter_misc":{"Napsal(a)":"Martina Pechov\u00e1","Odhadovan\u00e1 doba \u010dten\u00ed":"5 minut"},"schema":{"@context":"https:\/\/schema.org","@graph":[{"@type":"Article","@id":"https:\/\/bookhouse.cz\/index.php\/2025\/04\/16\/emoce-nadeje-a-cerny-humor-v-nove-knize-kdyz-se-materstvi-zmeni-v-boj-o-preziti-ditete-na-jip\/#article","isPartOf":{"@id":"https:\/\/bookhouse.cz\/index.php\/2025\/04\/16\/emoce-nadeje-a-cerny-humor-v-nove-knize-kdyz-se-materstvi-zmeni-v-boj-o-preziti-ditete-na-jip\/"},"author":{"name":"Martina Pechov\u00e1","@id":"https:\/\/bookhouse.cz\/#\/schema\/person\/f34350c4206dd14422181c0fbd0922a3"},"headline":"Emoce, nad\u011bje a \u010dern\u00fd humor v nov\u00e9 knize: Kdy\u017e se mate\u0159stv\u00ed zm\u011bn\u00ed v boj o p\u0159e\u017eit\u00ed d\u00edt\u011bte na JIP","datePublished":"2025-04-15T22:01:00+00:00","dateModified":"2025-04-11T17:48:19+00:00","mainEntityOfPage":{"@id":"https:\/\/bookhouse.cz\/index.php\/2025\/04\/16\/emoce-nadeje-a-cerny-humor-v-nove-knize-kdyz-se-materstvi-zmeni-v-boj-o-preziti-ditete-na-jip\/"},"wordCount":859,"publisher":{"@id":"https:\/\/bookhouse.cz\/#organization"},"articleSection":["BIOGRAFIE A MEMO\u00c1RY","NEWS","TIPY NA KNIHY"],"inLanguage":"cs"},{"@type":"WebPage","@id":"https:\/\/bookhouse.cz\/index.php\/2025\/04\/16\/emoce-nadeje-a-cerny-humor-v-nove-knize-kdyz-se-materstvi-zmeni-v-boj-o-preziti-ditete-na-jip\/","url":"https:\/\/bookhouse.cz\/index.php\/2025\/04\/16\/emoce-nadeje-a-cerny-humor-v-nove-knize-kdyz-se-materstvi-zmeni-v-boj-o-preziti-ditete-na-jip\/","name":"Emoce, nad\u011bje a \u010dern\u00fd humor v nov\u00e9 knize: Kdy\u017e se mate\u0159stv\u00ed zm\u011bn\u00ed v boj o p\u0159e\u017eit\u00ed d\u00edt\u011bte na JIP - BOOKHOUSE.cz","isPartOf":{"@id":"https:\/\/bookhouse.cz\/#website"},"datePublished":"2025-04-15T22:01:00+00:00","dateModified":"2025-04-11T17:48:19+00:00","description":"V online nakladatelstv\u00ed Pointa vy\u0161la kniha Den\u00ed\u010dek posti\u017een\u00e9 matky aneb v\u0161ichni tady um\u0159eme, osobit\u00fd den\u00edk Magdy Sobotkov\u00e9.","breadcrumb":{"@id":"https:\/\/bookhouse.cz\/index.php\/2025\/04\/16\/emoce-nadeje-a-cerny-humor-v-nove-knize-kdyz-se-materstvi-zmeni-v-boj-o-preziti-ditete-na-jip\/#breadcrumb"},"inLanguage":"cs","potentialAction":[{"@type":"ReadAction","target":["https:\/\/bookhouse.cz\/index.php\/2025\/04\/16\/emoce-nadeje-a-cerny-humor-v-nove-knize-kdyz-se-materstvi-zmeni-v-boj-o-preziti-ditete-na-jip\/"]}]},{"@type":"BreadcrumbList","@id":"https:\/\/bookhouse.cz\/index.php\/2025\/04\/16\/emoce-nadeje-a-cerny-humor-v-nove-knize-kdyz-se-materstvi-zmeni-v-boj-o-preziti-ditete-na-jip\/#breadcrumb","itemListElement":[{"@type":"ListItem","position":1,"name":"Dom\u016f","item":"https:\/\/bookhouse.cz\/"},{"@type":"ListItem","position":2,"name":"Emoce, nad\u011bje a \u010dern\u00fd humor v nov\u00e9 knize: Kdy\u017e se mate\u0159stv\u00ed zm\u011bn\u00ed v boj o p\u0159e\u017eit\u00ed d\u00edt\u011bte na JIP"}]},{"@type":"WebSite","@id":"https:\/\/bookhouse.cz\/#website","url":"https:\/\/bookhouse.cz\/","name":"BOOKHOUSE.cz","description":"Port\u00e1l o kni\u017en\u00edch novink\u00e1ch.","publisher":{"@id":"https:\/\/bookhouse.cz\/#organization"},"potentialAction":[{"@type":"SearchAction","target":{"@type":"EntryPoint","urlTemplate":"https:\/\/bookhouse.cz\/?s={search_term_string}"},"query-input":"required name=search_term_string"}],"inLanguage":"cs"},{"@type":"Organization","@id":"https:\/\/bookhouse.cz\/#organization","name":"BOOKHOUSE.cz","url":"https:\/\/bookhouse.cz\/","logo":{"@type":"ImageObject","inLanguage":"cs","@id":"https:\/\/bookhouse.cz\/#\/schema\/logo\/image\/","url":"https:\/\/bookhouse.cz\/wp-content\/uploads\/2024\/12\/cropped-Logo_BookHouse.jpg","contentUrl":"https:\/\/bookhouse.cz\/wp-content\/uploads\/2024\/12\/cropped-Logo_BookHouse.jpg","width":938,"height":513,"caption":"BOOKHOUSE.cz"},"image":{"@id":"https:\/\/bookhouse.cz\/#\/schema\/logo\/image\/"},"sameAs":["https:\/\/www.facebook.com\/bookhousecz","https:\/\/www.instagram.com\/bookhousecz"]},{"@type":"Person","@id":"https:\/\/bookhouse.cz\/#\/schema\/person\/f34350c4206dd14422181c0fbd0922a3","name":"Martina Pechov\u00e1","image":{"@type":"ImageObject","inLanguage":"cs","@id":"https:\/\/bookhouse.cz\/#\/schema\/person\/image\/","url":"https:\/\/secure.gravatar.com\/avatar\/d3ad7f43789eed68b221d01c6d7ac4e5?s=96&d=mm&r=g","contentUrl":"https:\/\/secure.gravatar.com\/avatar\/d3ad7f43789eed68b221d01c6d7ac4e5?s=96&d=mm&r=g","caption":"Martina Pechov\u00e1"},"sameAs":["http:\/\/BOOKHOUSE.cz"],"url":"https:\/\/bookhouse.cz\/index.php\/author\/marpech\/"}]}},"_links":{"self":[{"href":"https:\/\/bookhouse.cz\/index.php\/wp-json\/wp\/v2\/posts\/8554"}],"collection":[{"href":"https:\/\/bookhouse.cz\/index.php\/wp-json\/wp\/v2\/posts"}],"about":[{"href":"https:\/\/bookhouse.cz\/index.php\/wp-json\/wp\/v2\/types\/post"}],"author":[{"embeddable":true,"href":"https:\/\/bookhouse.cz\/index.php\/wp-json\/wp\/v2\/users\/8"}],"replies":[{"embeddable":true,"href":"https:\/\/bookhouse.cz\/index.php\/wp-json\/wp\/v2\/comments?post=8554"}],"version-history":[{"count":4,"href":"https:\/\/bookhouse.cz\/index.php\/wp-json\/wp\/v2\/posts\/8554\/revisions"}],"predecessor-version":[{"id":8571,"href":"https:\/\/bookhouse.cz\/index.php\/wp-json\/wp\/v2\/posts\/8554\/revisions\/8571"}],"wp:featuredmedia":[{"embeddable":true,"href":"https:\/\/bookhouse.cz\/index.php\/wp-json\/wp\/v2\/media\/8555"}],"wp:attachment":[{"href":"https:\/\/bookhouse.cz\/index.php\/wp-json\/wp\/v2\/media?parent=8554"}],"wp:term":[{"taxonomy":"category","embeddable":true,"href":"https:\/\/bookhouse.cz\/index.php\/wp-json\/wp\/v2\/categories?post=8554"},{"taxonomy":"post_tag","embeddable":true,"href":"https:\/\/bookhouse.cz\/index.php\/wp-json\/wp\/v2\/tags?post=8554"}],"curies":[{"name":"wp","href":"https:\/\/api.w.org\/{rel}","templated":true}]}}