{"id":8349,"date":"2025-03-24T00:01:00","date_gmt":"2025-03-23T23:01:00","guid":{"rendered":"https:\/\/bookhouse.cz\/?p=8349"},"modified":"2025-03-01T02:36:01","modified_gmt":"2025-03-01T01:36:01","slug":"tvuj-fotodenicek-od-tehotenstvi-do-tri-let-katka-kamenicka","status":"publish","type":"post","link":"https:\/\/bookhouse.cz\/index.php\/2025\/03\/24\/tvuj-fotodenicek-od-tehotenstvi-do-tri-let-katka-kamenicka\/","title":{"rendered":"Nov\u00e9 vyd\u00e1n\u00ed: Tv\u016fj Fotoden\u00ed\u010dek od t\u011bhotenstv\u00ed do t\u0159\u00ed let"},"content":{"rendered":"\n<div style=\"height:45px\" aria-hidden=\"true\" class=\"wp-block-spacer\"><\/div>\n\n\n\n<p><strong>Den\u00ed\u010dek a fotoalbum v jednom \u2013 prostor pro vlastn\u00ed z\u00e1pisky a fotografie.                                                                                Uchovejte si ty nejcenn\u011bj\u0161\u00ed vzpom\u00ednky a vytvo\u0159te knihu, k n\u00ed\u017e se budete vracet po cel\u00fd \u017eivot.<\/strong><\/p>\n\n\n\n<div style=\"height:45px\" aria-hidden=\"true\" class=\"wp-block-spacer\"><\/div>\n\n\n<div class=\"wp-block-image\">\n<figure class=\"aligncenter size-large\"><img loading=\"lazy\" decoding=\"async\" width=\"1024\" height=\"610\" src=\"https:\/\/bookhouse.cz\/wp-content\/uploads\/2025\/02\/Tvuj-fotodenicek_od-tehotenstvi-do-tri-let_obalka-1024x610.jpg\" alt=\"Nov\u00e9 vyd\u00e1n\u00ed: Tv\u016fj Fotoden\u00ed\u010dek od t\u011bhotenstv\u00ed do t\u0159\u00ed let\" class=\"wp-image-8444\" srcset=\"https:\/\/bookhouse.cz\/wp-content\/uploads\/2025\/02\/Tvuj-fotodenicek_od-tehotenstvi-do-tri-let_obalka-1024x610.jpg 1024w, https:\/\/bookhouse.cz\/wp-content\/uploads\/2025\/02\/Tvuj-fotodenicek_od-tehotenstvi-do-tri-let_obalka-300x179.jpg 300w, https:\/\/bookhouse.cz\/wp-content\/uploads\/2025\/02\/Tvuj-fotodenicek_od-tehotenstvi-do-tri-let_obalka-768x457.jpg 768w, https:\/\/bookhouse.cz\/wp-content\/uploads\/2025\/02\/Tvuj-fotodenicek_od-tehotenstvi-do-tri-let_obalka-1536x915.jpg 1536w, https:\/\/bookhouse.cz\/wp-content\/uploads\/2025\/02\/Tvuj-fotodenicek_od-tehotenstvi-do-tri-let_obalka.jpg 1550w\" sizes=\"(max-width: 1024px) 100vw, 1024px\" \/><\/figure><\/div>\n\n\n<div style=\"height:45px\" aria-hidden=\"true\" class=\"wp-block-spacer\"><\/div>\n\n\n\n<p>Tv\u016fj fotoden\u00ed\u010dek je mnohem v\u00edc ne\u017e oby\u010dejn\u00fd den\u00ed\u010dek va\u0161eho miminka. Vytvo\u0159ily ho samy maminky tak, aby poskytl spoustu inspirace a nab\u00edzel dostatek prostoru v\u0161em, kdo maj\u00ed chu\u0165 tvo\u0159it. D\u00edky krou\u017ekov\u00e9 vazb\u011b m\u016f\u017ee b\u00fdt tak\u00e9 fotoalbem nejkr\u00e1sn\u011bj\u0161\u00edch fotek va\u0161eho miminka z d\u016fle\u017eit\u00fdch okam\u017eik\u016f jeho \u017eivota. Prvn\u00ed \u00fasm\u011bv, prvn\u00ed sl\u016fvko, prvn\u00ed kamar\u00e1di, rodinn\u00e9 v\u00fdlety a oslavy\u2026<\/p>\n\n\n\n<p>Den\u00ed\u010dek miminka, kter\u00fd spln\u00ed p\u0159edstavy v\u0161ech rodi\u010d\u016f \u2013 kvalitn\u00ed proveden\u00ed s&nbsp;ilustracemi a spousta prostoru pro vlastn\u00ed z\u00e1znamy a fotografie. Kniha rodi\u010d\u016fm usnadn\u00ed zaznamen\u00e1v\u00e1n\u00ed prvn\u00edch m\u011bs\u00edc\u016f \u017eivota jejich miminka, a to v\u010detn\u011b p\u0159\u00edprav na jeho narozen\u00ed. Poskytuje n\u00e1vod, kter\u00e9 informace zaznamenat, z\u00e1rove\u0148 nech\u00e1v\u00e1 dostatek prostoru pro vlastn\u00ed z\u00e1znamy, vzkazy d\u011b\u0165\u00e1tku a d\u00edky krou\u017ekov\u00e9 vazb\u011b i mo\u017enost vlepov\u00e1n\u00ed fotografi\u00ed \u2013 kniha je tak i fotoalbem nejkr\u00e1sn\u011bj\u0161\u00edch okam\u017eik\u016f z&nbsp;prvn\u00edch let s&nbsp;na\u0161\u00edm miminkem.<\/p>\n\n\n\n<div style=\"height:45px\" aria-hidden=\"true\" class=\"wp-block-spacer\"><\/div>\n\n\n\n<ul>\n<li>Univerz\u00e1ln\u00ed barevn\u00e9 proveden\u00ed vhodn\u00e9 pro hol\u010di\u010dku i chlape\u010dka<\/li>\n\n\n\n<li>Perfektn\u00ed d\u00e1rek pro nast\u00e1vaj\u00edc\u00ed rodi\u010de a jejich d\u011b\u0165\u00e1tko<\/li>\n<\/ul>\n\n\n\n<ul>\n<li>Fotoden\u00ed\u010dek je rozd\u011blen\u00fd do 11 kapitol pro z\u00e1znamy od t\u011bhotenstv\u00ed a porodu p\u0159es v\u00fdvoj miminka, oslavy narozenin, v\u00fdlety a aktivity s&nbsp;rodinou a kamar\u00e1dy a\u017e do t\u0159\u00ed let<\/li>\n\n\n\n<li>Str\u00e1nky pro otisk no\u017ei\u010dky a ru\u010di\u010dky, prvn\u00ed kresby d\u00edt\u011bte, vl\u00e1sky atd.<\/li>\n\n\n\n<li>P\u0159ehledy pro sledov\u00e1n\u00ed r\u016fstu d\u011bt\u00ed a l\u00e9ka\u0159sk\u00e9 z\u00e1znamy<\/li>\n\n\n\n<li>Den\u00ed\u010dek a fotoalbum v jednom \u2013 prostor pro vlastn\u00ed z\u00e1pisky a fotografie v ilustrovan\u00fdch galeri\u00edch<\/li>\n<\/ul>\n\n\n\n<ul>\n<li>Pom\u00e1h\u00e1, ale nenut\u00ed \u2013 str\u00e1nky v knize lze p\u0159elepit vlastn\u00edmi fotkami, d\u00edky krou\u017ekov\u00e9 vazb\u011b je mo\u017en\u00e9 nehod\u00edc\u00ed str\u00e1nky vytrhnout, dal\u0161\u00ed fotky nebo obr\u00e1zky vlo\u017eit<\/li>\n<\/ul>\n\n\n\n<div style=\"height:45px\" aria-hidden=\"true\" class=\"wp-block-spacer\"><\/div>\n\n\n\n<p>\u201e<em>Tento den\u00ed\u010dek vznikl proto, \u017ee jsem marn\u011b hledala ten ide\u00e1ln\u00ed pro sv\u00e9ho syna. Cht\u011bla jsem m\u00edt jednu kompletn\u00ed pom\u016fcku i s prostorem pro vlastn\u00ed fotografie. Spolu s kolegyn\u011bmi v redakci jsme vytvo\u0159ily den\u00ed\u010dek podle sv\u00fdch p\u0159\u00e1n\u00ed a p\u0159edstav. Takov\u00fd, kter\u00fd vede k zapisov\u00e1n\u00ed, ale nic nevnucuje a nech\u00e1v\u00e1 prostor pro vlastn\u00ed fantazii. Takov\u00fd, kter\u00fd se m\u011bn\u00ed s t\u00edm, jak d\u011b\u0165\u00e1tko roste. V\u017edy\u0165 ka\u017ed\u00fd p\u016flrok je jin\u00fd a \u010das s d\u011btmi tolik let\u00ed.\u201c<\/em><\/p>\n\n\n\n<p><strong>Martina Boledovi\u010dov\u00e1, nakladatelka a maminka \u010dty\u0159 d\u011bt\u00ed<\/strong><\/p>\n\n\n\n<div style=\"height:45px\" aria-hidden=\"true\" class=\"wp-block-spacer\"><\/div>\n\n\n<div class=\"wp-block-image\">\n<figure class=\"aligncenter size-large\"><img loading=\"lazy\" decoding=\"async\" width=\"735\" height=\"1024\" src=\"https:\/\/bookhouse.cz\/wp-content\/uploads\/2025\/02\/Tvuj-fotodenicek_od-tehotenstvi-do-tri-let_obalka-2-735x1024.jpg\" alt=\"Nov\u00e9 vyd\u00e1n\u00ed: Tv\u016fj Fotoden\u00ed\u010dek od t\u011bhotenstv\u00ed do t\u0159\u00ed let\" class=\"wp-image-8445\" srcset=\"https:\/\/bookhouse.cz\/wp-content\/uploads\/2025\/02\/Tvuj-fotodenicek_od-tehotenstvi-do-tri-let_obalka-2-735x1024.jpg 735w, https:\/\/bookhouse.cz\/wp-content\/uploads\/2025\/02\/Tvuj-fotodenicek_od-tehotenstvi-do-tri-let_obalka-2-215x300.jpg 215w, https:\/\/bookhouse.cz\/wp-content\/uploads\/2025\/02\/Tvuj-fotodenicek_od-tehotenstvi-do-tri-let_obalka-2-768x1070.jpg 768w, https:\/\/bookhouse.cz\/wp-content\/uploads\/2025\/02\/Tvuj-fotodenicek_od-tehotenstvi-do-tri-let_obalka-2-1102x1536.jpg 1102w, https:\/\/bookhouse.cz\/wp-content\/uploads\/2025\/02\/Tvuj-fotodenicek_od-tehotenstvi-do-tri-let_obalka-2-1470x2048.jpg 1470w, https:\/\/bookhouse.cz\/wp-content\/uploads\/2025\/02\/Tvuj-fotodenicek_od-tehotenstvi-do-tri-let_obalka-2.jpg 1550w\" sizes=\"(max-width: 735px) 100vw, 735px\" \/><\/figure><\/div>\n\n\n<div style=\"height:45px\" aria-hidden=\"true\" class=\"wp-block-spacer\"><\/div>\n\n\n\n<h2 class=\"wp-block-heading\">N\u00e1zev knihy: Tv\u016fj fotoden\u00ed\u010dek &#8211; od t\u011bhotenstv\u00ed do t\u0159\u00ed let<\/h2>\n\n\n\n<div style=\"height:45px\" aria-hidden=\"true\" class=\"wp-block-spacer\"><\/div>\n\n\n\n<p><strong>Po\u010det stran \/ vazba<\/strong>:&nbsp;192 stran \/ Krou\u017ekov\u00e1 v pevn\u00fdch desk\u00e1ch<\/p>\n\n\n\n<p><strong>Doporu\u010den\u00e1<\/strong>&nbsp;<strong>cena:<\/strong>&nbsp;850 K\u010d<\/p>\n\n\n\n<p><strong>Vydalo:<\/strong>&nbsp;Nakladatelstv\u00ed<strong>&nbsp;<\/strong>Smart Press<\/p>\n\n\n\n<p><strong>V\u00edce informac\u00ed na:&nbsp;<a href=\"http:\/\/ww.smartpress.cz\/\">ww.smartpress.cz<\/a><\/strong><\/p>\n\n\n\n<div style=\"height:45px\" aria-hidden=\"true\" class=\"wp-block-spacer\"><\/div>\n\n\n\n<p><strong>Zdroj foto:&nbsp;<\/strong>SMART PRESS<\/p>\n\n\n\n<div style=\"height:150px\" aria-hidden=\"true\" class=\"wp-block-spacer\"><\/div>\n","protected":false},"excerpt":{"rendered":"<p>Den\u00ed\u010dek a fotoalbum v jednom \u2013 prostor pro vlastn\u00ed z\u00e1pisky a fotografie. Uchovejte si ty nejcenn\u011bj\u0161\u00ed vzpom\u00ednky a vytvo\u0159te knihu, k n\u00ed\u017e se budete vracet po cel\u00fd \u017eivot. Tv\u016fj fotoden\u00ed\u010dek je mnohem v\u00edc ne\u017e&#46;&#46;&#46;<\/p>\n","protected":false},"author":8,"featured_media":8444,"comment_status":"closed","ping_status":"closed","sticky":false,"template":"","format":"standard","meta":{"_monsterinsights_skip_tracking":false,"_monsterinsights_sitenote_active":false,"_monsterinsights_sitenote_note":"","_monsterinsights_sitenote_category":0,"footnotes":""},"categories":[14,3,19],"tags":[],"yoast_head":"<!-- This site is optimized with the Yoast SEO plugin v21.5 - https:\/\/yoast.com\/wordpress\/plugins\/seo\/ -->\n<title>Nov\u00e9 vyd\u00e1n\u00ed: Tv\u016fj Fotoden\u00ed\u010dek od t\u011bhotenstv\u00ed do t\u0159\u00ed let - BOOKHOUSE.cz<\/title>\n<meta name=\"description\" content=\"Den\u00ed\u010dek a fotoalbum v jednom - prostor pro vlastn\u00ed z\u00e1pisky a fotografie.\u00a0Tv\u016fj fotoden\u00ed\u010dek je mnohem v\u00edc ne\u017e oby\u010dejn\u00fd den\u00ed\u010dek va\u0161eho miminka.\" \/>\n<meta name=\"robots\" content=\"index, follow, max-snippet:-1, max-image-preview:large, max-video-preview:-1\" \/>\n<link rel=\"canonical\" href=\"https:\/\/bookhouse.cz\/index.php\/2025\/03\/24\/tvuj-fotodenicek-od-tehotenstvi-do-tri-let-katka-kamenicka\/\" \/>\n<meta property=\"og:locale\" content=\"cs_CZ\" \/>\n<meta property=\"og:type\" content=\"article\" \/>\n<meta property=\"og:title\" content=\"Nov\u00e9 vyd\u00e1n\u00ed: Tv\u016fj Fotoden\u00ed\u010dek od t\u011bhotenstv\u00ed do t\u0159\u00ed let - BOOKHOUSE.cz\" \/>\n<meta property=\"og:description\" content=\"Den\u00ed\u010dek a fotoalbum v jednom - prostor pro vlastn\u00ed z\u00e1pisky a fotografie.\u00a0Tv\u016fj fotoden\u00ed\u010dek je mnohem v\u00edc ne\u017e oby\u010dejn\u00fd den\u00ed\u010dek va\u0161eho miminka.\" \/>\n<meta property=\"og:url\" content=\"https:\/\/bookhouse.cz\/index.php\/2025\/03\/24\/tvuj-fotodenicek-od-tehotenstvi-do-tri-let-katka-kamenicka\/\" \/>\n<meta property=\"og:site_name\" content=\"BOOKHOUSE.cz\" \/>\n<meta property=\"article:publisher\" content=\"https:\/\/www.facebook.com\/bookhousecz\" \/>\n<meta property=\"article:published_time\" content=\"2025-03-23T23:01:00+00:00\" \/>\n<meta property=\"article:modified_time\" content=\"2025-03-01T01:36:01+00:00\" \/>\n<meta property=\"og:image\" content=\"https:\/\/bookhouse.cz\/wp-content\/uploads\/2025\/02\/Tvuj-fotodenicek_od-tehotenstvi-do-tri-let_obalka.jpg\" \/>\n\t<meta property=\"og:image:width\" content=\"1550\" \/>\n\t<meta property=\"og:image:height\" content=\"923\" \/>\n\t<meta property=\"og:image:type\" content=\"image\/jpeg\" \/>\n<meta name=\"author\" content=\"Martina Pechov\u00e1\" \/>\n<meta name=\"twitter:card\" content=\"summary_large_image\" \/>\n<meta name=\"twitter:label1\" content=\"Napsal(a)\" \/>\n\t<meta name=\"twitter:data1\" content=\"Martina Pechov\u00e1\" \/>\n\t<meta name=\"twitter:label2\" content=\"Odhadovan\u00e1 doba \u010dten\u00ed\" \/>\n\t<meta name=\"twitter:data2\" content=\"3 minuty\" \/>\n<script type=\"application\/ld+json\" class=\"yoast-schema-graph\">{\"@context\":\"https:\/\/schema.org\",\"@graph\":[{\"@type\":\"Article\",\"@id\":\"https:\/\/bookhouse.cz\/index.php\/2025\/03\/24\/tvuj-fotodenicek-od-tehotenstvi-do-tri-let-katka-kamenicka\/#article\",\"isPartOf\":{\"@id\":\"https:\/\/bookhouse.cz\/index.php\/2025\/03\/24\/tvuj-fotodenicek-od-tehotenstvi-do-tri-let-katka-kamenicka\/\"},\"author\":{\"name\":\"Martina Pechov\u00e1\",\"@id\":\"https:\/\/bookhouse.cz\/#\/schema\/person\/f34350c4206dd14422181c0fbd0922a3\"},\"headline\":\"Nov\u00e9 vyd\u00e1n\u00ed: Tv\u016fj Fotoden\u00ed\u010dek od t\u011bhotenstv\u00ed do t\u0159\u00ed let\",\"datePublished\":\"2025-03-23T23:01:00+00:00\",\"dateModified\":\"2025-03-01T01:36:01+00:00\",\"mainEntityOfPage\":{\"@id\":\"https:\/\/bookhouse.cz\/index.php\/2025\/03\/24\/tvuj-fotodenicek-od-tehotenstvi-do-tri-let-katka-kamenicka\/\"},\"wordCount\":526,\"publisher\":{\"@id\":\"https:\/\/bookhouse.cz\/#organization\"},\"articleSection\":[\"LIFESTYLE\",\"NEWS\",\"TIPY NA KNIHY\"],\"inLanguage\":\"cs\"},{\"@type\":\"WebPage\",\"@id\":\"https:\/\/bookhouse.cz\/index.php\/2025\/03\/24\/tvuj-fotodenicek-od-tehotenstvi-do-tri-let-katka-kamenicka\/\",\"url\":\"https:\/\/bookhouse.cz\/index.php\/2025\/03\/24\/tvuj-fotodenicek-od-tehotenstvi-do-tri-let-katka-kamenicka\/\",\"name\":\"Nov\u00e9 vyd\u00e1n\u00ed: Tv\u016fj Fotoden\u00ed\u010dek od t\u011bhotenstv\u00ed do t\u0159\u00ed let - BOOKHOUSE.cz\",\"isPartOf\":{\"@id\":\"https:\/\/bookhouse.cz\/#website\"},\"datePublished\":\"2025-03-23T23:01:00+00:00\",\"dateModified\":\"2025-03-01T01:36:01+00:00\",\"description\":\"Den\u00ed\u010dek a fotoalbum v jednom - prostor pro vlastn\u00ed z\u00e1pisky a fotografie.\u00a0Tv\u016fj fotoden\u00ed\u010dek je mnohem v\u00edc ne\u017e oby\u010dejn\u00fd den\u00ed\u010dek va\u0161eho miminka.\",\"breadcrumb\":{\"@id\":\"https:\/\/bookhouse.cz\/index.php\/2025\/03\/24\/tvuj-fotodenicek-od-tehotenstvi-do-tri-let-katka-kamenicka\/#breadcrumb\"},\"inLanguage\":\"cs\",\"potentialAction\":[{\"@type\":\"ReadAction\",\"target\":[\"https:\/\/bookhouse.cz\/index.php\/2025\/03\/24\/tvuj-fotodenicek-od-tehotenstvi-do-tri-let-katka-kamenicka\/\"]}]},{\"@type\":\"BreadcrumbList\",\"@id\":\"https:\/\/bookhouse.cz\/index.php\/2025\/03\/24\/tvuj-fotodenicek-od-tehotenstvi-do-tri-let-katka-kamenicka\/#breadcrumb\",\"itemListElement\":[{\"@type\":\"ListItem\",\"position\":1,\"name\":\"Dom\u016f\",\"item\":\"https:\/\/bookhouse.cz\/\"},{\"@type\":\"ListItem\",\"position\":2,\"name\":\"Nov\u00e9 vyd\u00e1n\u00ed: Tv\u016fj Fotoden\u00ed\u010dek od t\u011bhotenstv\u00ed do t\u0159\u00ed let\"}]},{\"@type\":\"WebSite\",\"@id\":\"https:\/\/bookhouse.cz\/#website\",\"url\":\"https:\/\/bookhouse.cz\/\",\"name\":\"BOOKHOUSE.cz\",\"description\":\"Port\u00e1l o kni\u017en\u00edch novink\u00e1ch.\",\"publisher\":{\"@id\":\"https:\/\/bookhouse.cz\/#organization\"},\"potentialAction\":[{\"@type\":\"SearchAction\",\"target\":{\"@type\":\"EntryPoint\",\"urlTemplate\":\"https:\/\/bookhouse.cz\/?s={search_term_string}\"},\"query-input\":\"required name=search_term_string\"}],\"inLanguage\":\"cs\"},{\"@type\":\"Organization\",\"@id\":\"https:\/\/bookhouse.cz\/#organization\",\"name\":\"BOOKHOUSE.cz\",\"url\":\"https:\/\/bookhouse.cz\/\",\"logo\":{\"@type\":\"ImageObject\",\"inLanguage\":\"cs\",\"@id\":\"https:\/\/bookhouse.cz\/#\/schema\/logo\/image\/\",\"url\":\"https:\/\/bookhouse.cz\/wp-content\/uploads\/2024\/12\/cropped-Logo_BookHouse.jpg\",\"contentUrl\":\"https:\/\/bookhouse.cz\/wp-content\/uploads\/2024\/12\/cropped-Logo_BookHouse.jpg\",\"width\":938,\"height\":513,\"caption\":\"BOOKHOUSE.cz\"},\"image\":{\"@id\":\"https:\/\/bookhouse.cz\/#\/schema\/logo\/image\/\"},\"sameAs\":[\"https:\/\/www.facebook.com\/bookhousecz\",\"https:\/\/www.instagram.com\/bookhousecz\"]},{\"@type\":\"Person\",\"@id\":\"https:\/\/bookhouse.cz\/#\/schema\/person\/f34350c4206dd14422181c0fbd0922a3\",\"name\":\"Martina Pechov\u00e1\",\"image\":{\"@type\":\"ImageObject\",\"inLanguage\":\"cs\",\"@id\":\"https:\/\/bookhouse.cz\/#\/schema\/person\/image\/\",\"url\":\"https:\/\/secure.gravatar.com\/avatar\/d3ad7f43789eed68b221d01c6d7ac4e5?s=96&d=mm&r=g\",\"contentUrl\":\"https:\/\/secure.gravatar.com\/avatar\/d3ad7f43789eed68b221d01c6d7ac4e5?s=96&d=mm&r=g\",\"caption\":\"Martina Pechov\u00e1\"},\"sameAs\":[\"http:\/\/BOOKHOUSE.cz\"],\"url\":\"https:\/\/bookhouse.cz\/index.php\/author\/marpech\/\"}]}<\/script>\n<!-- \/ Yoast SEO plugin. -->","yoast_head_json":{"title":"Nov\u00e9 vyd\u00e1n\u00ed: Tv\u016fj Fotoden\u00ed\u010dek od t\u011bhotenstv\u00ed do t\u0159\u00ed let - BOOKHOUSE.cz","description":"Den\u00ed\u010dek a fotoalbum v jednom - prostor pro vlastn\u00ed z\u00e1pisky a fotografie.\u00a0Tv\u016fj fotoden\u00ed\u010dek je mnohem v\u00edc ne\u017e oby\u010dejn\u00fd den\u00ed\u010dek va\u0161eho miminka.","robots":{"index":"index","follow":"follow","max-snippet":"max-snippet:-1","max-image-preview":"max-image-preview:large","max-video-preview":"max-video-preview:-1"},"canonical":"https:\/\/bookhouse.cz\/index.php\/2025\/03\/24\/tvuj-fotodenicek-od-tehotenstvi-do-tri-let-katka-kamenicka\/","og_locale":"cs_CZ","og_type":"article","og_title":"Nov\u00e9 vyd\u00e1n\u00ed: Tv\u016fj Fotoden\u00ed\u010dek od t\u011bhotenstv\u00ed do t\u0159\u00ed let - BOOKHOUSE.cz","og_description":"Den\u00ed\u010dek a fotoalbum v jednom - prostor pro vlastn\u00ed z\u00e1pisky a fotografie.\u00a0Tv\u016fj fotoden\u00ed\u010dek je mnohem v\u00edc ne\u017e oby\u010dejn\u00fd den\u00ed\u010dek va\u0161eho miminka.","og_url":"https:\/\/bookhouse.cz\/index.php\/2025\/03\/24\/tvuj-fotodenicek-od-tehotenstvi-do-tri-let-katka-kamenicka\/","og_site_name":"BOOKHOUSE.cz","article_publisher":"https:\/\/www.facebook.com\/bookhousecz","article_published_time":"2025-03-23T23:01:00+00:00","article_modified_time":"2025-03-01T01:36:01+00:00","og_image":[{"width":1550,"height":923,"url":"https:\/\/bookhouse.cz\/wp-content\/uploads\/2025\/02\/Tvuj-fotodenicek_od-tehotenstvi-do-tri-let_obalka.jpg","type":"image\/jpeg"}],"author":"Martina Pechov\u00e1","twitter_card":"summary_large_image","twitter_misc":{"Napsal(a)":"Martina Pechov\u00e1","Odhadovan\u00e1 doba \u010dten\u00ed":"3 minuty"},"schema":{"@context":"https:\/\/schema.org","@graph":[{"@type":"Article","@id":"https:\/\/bookhouse.cz\/index.php\/2025\/03\/24\/tvuj-fotodenicek-od-tehotenstvi-do-tri-let-katka-kamenicka\/#article","isPartOf":{"@id":"https:\/\/bookhouse.cz\/index.php\/2025\/03\/24\/tvuj-fotodenicek-od-tehotenstvi-do-tri-let-katka-kamenicka\/"},"author":{"name":"Martina Pechov\u00e1","@id":"https:\/\/bookhouse.cz\/#\/schema\/person\/f34350c4206dd14422181c0fbd0922a3"},"headline":"Nov\u00e9 vyd\u00e1n\u00ed: Tv\u016fj Fotoden\u00ed\u010dek od t\u011bhotenstv\u00ed do t\u0159\u00ed let","datePublished":"2025-03-23T23:01:00+00:00","dateModified":"2025-03-01T01:36:01+00:00","mainEntityOfPage":{"@id":"https:\/\/bookhouse.cz\/index.php\/2025\/03\/24\/tvuj-fotodenicek-od-tehotenstvi-do-tri-let-katka-kamenicka\/"},"wordCount":526,"publisher":{"@id":"https:\/\/bookhouse.cz\/#organization"},"articleSection":["LIFESTYLE","NEWS","TIPY NA KNIHY"],"inLanguage":"cs"},{"@type":"WebPage","@id":"https:\/\/bookhouse.cz\/index.php\/2025\/03\/24\/tvuj-fotodenicek-od-tehotenstvi-do-tri-let-katka-kamenicka\/","url":"https:\/\/bookhouse.cz\/index.php\/2025\/03\/24\/tvuj-fotodenicek-od-tehotenstvi-do-tri-let-katka-kamenicka\/","name":"Nov\u00e9 vyd\u00e1n\u00ed: Tv\u016fj Fotoden\u00ed\u010dek od t\u011bhotenstv\u00ed do t\u0159\u00ed let - BOOKHOUSE.cz","isPartOf":{"@id":"https:\/\/bookhouse.cz\/#website"},"datePublished":"2025-03-23T23:01:00+00:00","dateModified":"2025-03-01T01:36:01+00:00","description":"Den\u00ed\u010dek a fotoalbum v jednom - prostor pro vlastn\u00ed z\u00e1pisky a fotografie.\u00a0Tv\u016fj fotoden\u00ed\u010dek je mnohem v\u00edc ne\u017e oby\u010dejn\u00fd den\u00ed\u010dek va\u0161eho miminka.","breadcrumb":{"@id":"https:\/\/bookhouse.cz\/index.php\/2025\/03\/24\/tvuj-fotodenicek-od-tehotenstvi-do-tri-let-katka-kamenicka\/#breadcrumb"},"inLanguage":"cs","potentialAction":[{"@type":"ReadAction","target":["https:\/\/bookhouse.cz\/index.php\/2025\/03\/24\/tvuj-fotodenicek-od-tehotenstvi-do-tri-let-katka-kamenicka\/"]}]},{"@type":"BreadcrumbList","@id":"https:\/\/bookhouse.cz\/index.php\/2025\/03\/24\/tvuj-fotodenicek-od-tehotenstvi-do-tri-let-katka-kamenicka\/#breadcrumb","itemListElement":[{"@type":"ListItem","position":1,"name":"Dom\u016f","item":"https:\/\/bookhouse.cz\/"},{"@type":"ListItem","position":2,"name":"Nov\u00e9 vyd\u00e1n\u00ed: Tv\u016fj Fotoden\u00ed\u010dek od t\u011bhotenstv\u00ed do t\u0159\u00ed let"}]},{"@type":"WebSite","@id":"https:\/\/bookhouse.cz\/#website","url":"https:\/\/bookhouse.cz\/","name":"BOOKHOUSE.cz","description":"Port\u00e1l o kni\u017en\u00edch novink\u00e1ch.","publisher":{"@id":"https:\/\/bookhouse.cz\/#organization"},"potentialAction":[{"@type":"SearchAction","target":{"@type":"EntryPoint","urlTemplate":"https:\/\/bookhouse.cz\/?s={search_term_string}"},"query-input":"required name=search_term_string"}],"inLanguage":"cs"},{"@type":"Organization","@id":"https:\/\/bookhouse.cz\/#organization","name":"BOOKHOUSE.cz","url":"https:\/\/bookhouse.cz\/","logo":{"@type":"ImageObject","inLanguage":"cs","@id":"https:\/\/bookhouse.cz\/#\/schema\/logo\/image\/","url":"https:\/\/bookhouse.cz\/wp-content\/uploads\/2024\/12\/cropped-Logo_BookHouse.jpg","contentUrl":"https:\/\/bookhouse.cz\/wp-content\/uploads\/2024\/12\/cropped-Logo_BookHouse.jpg","width":938,"height":513,"caption":"BOOKHOUSE.cz"},"image":{"@id":"https:\/\/bookhouse.cz\/#\/schema\/logo\/image\/"},"sameAs":["https:\/\/www.facebook.com\/bookhousecz","https:\/\/www.instagram.com\/bookhousecz"]},{"@type":"Person","@id":"https:\/\/bookhouse.cz\/#\/schema\/person\/f34350c4206dd14422181c0fbd0922a3","name":"Martina Pechov\u00e1","image":{"@type":"ImageObject","inLanguage":"cs","@id":"https:\/\/bookhouse.cz\/#\/schema\/person\/image\/","url":"https:\/\/secure.gravatar.com\/avatar\/d3ad7f43789eed68b221d01c6d7ac4e5?s=96&d=mm&r=g","contentUrl":"https:\/\/secure.gravatar.com\/avatar\/d3ad7f43789eed68b221d01c6d7ac4e5?s=96&d=mm&r=g","caption":"Martina Pechov\u00e1"},"sameAs":["http:\/\/BOOKHOUSE.cz"],"url":"https:\/\/bookhouse.cz\/index.php\/author\/marpech\/"}]}},"_links":{"self":[{"href":"https:\/\/bookhouse.cz\/index.php\/wp-json\/wp\/v2\/posts\/8349"}],"collection":[{"href":"https:\/\/bookhouse.cz\/index.php\/wp-json\/wp\/v2\/posts"}],"about":[{"href":"https:\/\/bookhouse.cz\/index.php\/wp-json\/wp\/v2\/types\/post"}],"author":[{"embeddable":true,"href":"https:\/\/bookhouse.cz\/index.php\/wp-json\/wp\/v2\/users\/8"}],"replies":[{"embeddable":true,"href":"https:\/\/bookhouse.cz\/index.php\/wp-json\/wp\/v2\/comments?post=8349"}],"version-history":[{"count":2,"href":"https:\/\/bookhouse.cz\/index.php\/wp-json\/wp\/v2\/posts\/8349\/revisions"}],"predecessor-version":[{"id":8446,"href":"https:\/\/bookhouse.cz\/index.php\/wp-json\/wp\/v2\/posts\/8349\/revisions\/8446"}],"wp:featuredmedia":[{"embeddable":true,"href":"https:\/\/bookhouse.cz\/index.php\/wp-json\/wp\/v2\/media\/8444"}],"wp:attachment":[{"href":"https:\/\/bookhouse.cz\/index.php\/wp-json\/wp\/v2\/media?parent=8349"}],"wp:term":[{"taxonomy":"category","embeddable":true,"href":"https:\/\/bookhouse.cz\/index.php\/wp-json\/wp\/v2\/categories?post=8349"},{"taxonomy":"post_tag","embeddable":true,"href":"https:\/\/bookhouse.cz\/index.php\/wp-json\/wp\/v2\/tags?post=8349"}],"curies":[{"name":"wp","href":"https:\/\/api.w.org\/{rel}","templated":true}]}}