{"id":8198,"date":"2025-01-28T00:01:00","date_gmt":"2025-01-27T23:01:00","guid":{"rendered":"https:\/\/bookhouse.cz\/?p=8198"},"modified":"2025-01-20T20:43:07","modified_gmt":"2025-01-20T19:43:07","slug":"petr-parler-petr-dvoracek","status":"publish","type":"post","link":"https:\/\/bookhouse.cz\/index.php\/2025\/01\/28\/petr-parler-petr-dvoracek\/","title":{"rendered":"Petr Parl\u00e9\u0159 | Petr Dvo\u0159\u00e1\u010dek"},"content":{"rendered":"\n<div style=\"height:45px\" aria-hidden=\"true\" class=\"wp-block-spacer\"><\/div>\n\n\n\n<p><strong>Jm\u00e9no Petr Parl\u00e9\u0159 je v\u00a0obecn\u00e9m pov\u011bdom\u00ed neodmysliteln\u011b spojen\u00e9 s\u00a0osobnost\u00ed Karla IV. a\u00a0svatov\u00edtsk\u00fdm chr\u00e1mem.<\/strong><\/p>\n\n\n\n<div style=\"height:45px\" aria-hidden=\"true\" class=\"wp-block-spacer\"><\/div>\n\n\n<div class=\"wp-block-image\">\n<figure class=\"aligncenter size-large\"><img loading=\"lazy\" decoding=\"async\" width=\"1024\" height=\"513\" src=\"https:\/\/bookhouse.cz\/wp-content\/uploads\/2025\/01\/13872_Petr_parler_Dvoracek_kniha_Grada_600_0_fit-1024x513.jpg\" alt=\"Petr Parl\u00e9\u0159 | Petr Dvo\u0159\u00e1\u010dek\" class=\"wp-image-8199\" srcset=\"https:\/\/bookhouse.cz\/wp-content\/uploads\/2025\/01\/13872_Petr_parler_Dvoracek_kniha_Grada_600_0_fit-1024x513.jpg 1024w, https:\/\/bookhouse.cz\/wp-content\/uploads\/2025\/01\/13872_Petr_parler_Dvoracek_kniha_Grada_600_0_fit-300x150.jpg 300w, https:\/\/bookhouse.cz\/wp-content\/uploads\/2025\/01\/13872_Petr_parler_Dvoracek_kniha_Grada_600_0_fit-768x385.jpg 768w, https:\/\/bookhouse.cz\/wp-content\/uploads\/2025\/01\/13872_Petr_parler_Dvoracek_kniha_Grada_600_0_fit-1536x770.jpg 1536w, https:\/\/bookhouse.cz\/wp-content\/uploads\/2025\/01\/13872_Petr_parler_Dvoracek_kniha_Grada_600_0_fit.jpg 1798w\" sizes=\"(max-width: 1024px) 100vw, 1024px\" \/><\/figure><\/div>\n\n\n<div style=\"height:45px\" aria-hidden=\"true\" class=\"wp-block-spacer\"><\/div>\n\n\n\n<p>M\u00e9n\u011b se u\u017e v\u00ed, \u017ee tento stavitel, kamen\u00edk, socha\u0159 a\u00a0\u0159ezb\u00e1\u0159 byl mezi architekty st\u0159edoevropsk\u00e9 gotiky v\u00fdjime\u010dnou osobnost\u00ed, geni\u00e1ln\u00edm a\u00a0odv\u00e1\u017en\u00fdm nov\u00e1torem. Sv\u00fdm d\u00edlem otev\u0159el cestu k\u00a0dal\u0161\u00ed, vrcholn\u00e9 etap\u011b st\u0159edoevropsk\u00e9 gotick\u00e9 architektury, naz\u00fdvan\u00e9 n\u011bkdy dokonce podle n\u011bj parl\u00e9\u0159ovskou gotikou.<br>Narodil se roku 1332 nebo 1333 v\u00a0Gm\u00fcndu nebo v\u00a0Kol\u00edn\u011b nad R\u00fdnem. Na t\u011bchto m\u00edstech tehdy p\u016fsobil jeho otec, stavitel Heinrich Parler z\u00a0rozv\u011btven\u00e9 a\u00a0slavn\u00e9 n\u011bmeck\u00e9 stavitelsk\u00e9 rodiny. \u010cesk\u00fd kr\u00e1l a\u00a0\u0159\u00edmsk\u00fd c\u00edsa\u0159 Karel IV. jmenoval Petra Parl\u00e9\u0159e do \u010dela stavebn\u00ed huti ji\u017e jako t\u0159iadvacetilet\u00e9ho mlad\u00edka. Hu\u0165 pod jeho veden\u00edm stav\u011bla Karl\u016fv most se Starom\u011bstskou mosteckou v\u011b\u017e\u00ed, ch\u00f3r kostela svat\u00e9ho Bartolom\u011bje v\u00a0Kol\u00edn\u011b, \u010d\u00e1sti starom\u011bstsk\u00e9ho kostela Matky Bo\u017e\u00ed p\u0159ed T\u00fdnem a\u00a0dal\u0161\u00ed.<\/p>\n\n\n\n<div style=\"height:45px\" aria-hidden=\"true\" class=\"wp-block-spacer\"><\/div>\n\n\n<div class=\"wp-block-image\">\n<figure class=\"aligncenter size-large\"><img loading=\"lazy\" decoding=\"async\" width=\"852\" height=\"1024\" src=\"https:\/\/bookhouse.cz\/wp-content\/uploads\/2025\/01\/13872_Petr_parler_Dvoracek_kniha_Grada_600_0_fit-2-852x1024.jpg\" alt=\"Petr Parl\u00e9\u0159 | Petr Dvo\u0159\u00e1\u010dek\" class=\"wp-image-8200\" srcset=\"https:\/\/bookhouse.cz\/wp-content\/uploads\/2025\/01\/13872_Petr_parler_Dvoracek_kniha_Grada_600_0_fit-2-852x1024.jpg 852w, https:\/\/bookhouse.cz\/wp-content\/uploads\/2025\/01\/13872_Petr_parler_Dvoracek_kniha_Grada_600_0_fit-2-250x300.jpg 250w, https:\/\/bookhouse.cz\/wp-content\/uploads\/2025\/01\/13872_Petr_parler_Dvoracek_kniha_Grada_600_0_fit-2-768x923.jpg 768w, https:\/\/bookhouse.cz\/wp-content\/uploads\/2025\/01\/13872_Petr_parler_Dvoracek_kniha_Grada_600_0_fit-2-1279x1536.jpg 1279w, https:\/\/bookhouse.cz\/wp-content\/uploads\/2025\/01\/13872_Petr_parler_Dvoracek_kniha_Grada_600_0_fit-2-1705x2048.jpg 1705w, https:\/\/bookhouse.cz\/wp-content\/uploads\/2025\/01\/13872_Petr_parler_Dvoracek_kniha_Grada_600_0_fit-2.jpg 1798w\" sizes=\"(max-width: 852px) 100vw, 852px\" \/><\/figure><\/div>\n\n\n<div style=\"height:45px\" aria-hidden=\"true\" class=\"wp-block-spacer\"><\/div>\n\n\n\n<h2 class=\"wp-block-heading\" id=\"block-d5099aaf-fc1f-4aea-9eb1-4e097e5ca5da\">N\u00e1zev knihy: Petr Parl\u00e9\u0159<\/h2>\n\n\n\n<div style=\"height:45px\" aria-hidden=\"true\" class=\"wp-block-spacer\"><\/div>\n\n\n\n<p id=\"block-f563f394-4ca1-47f0-b136-5ffe5b4f4d1c\"><strong>Autor:<\/strong>\u00a0Petr Dvo\u0159\u00e1\u010dek<\/p>\n\n\n\n<p id=\"block-30e75497-0af9-41c7-9cd2-0d7e7f286ca8\"><strong>Po\u010det stran \/ vazba:<\/strong>\u00a0120 stran \/ Pevn\u00e1 \u0161it\u00e1 vazba<\/p>\n\n\n\n<p id=\"block-6061cabd-fa38-4434-b0be-477ed69294ec\"><strong>Doporu\u010den\u00e1<\/strong>\u00a0<strong>cena:<\/strong>\u00a0599 K\u010d<\/p>\n\n\n\n<p id=\"block-bf00762f-3f26-4bb9-9a78-6955ce7d639d\"><strong>Vydalo<\/strong>:&nbsp;Nakladatelstv\u00ed Grada<\/p>\n\n\n\n<p><strong>V\u00edce informac\u00ed na:\u00a0<a href=\"http:\/\/www.grada.cz\/\">www.grada.cz<\/a><\/strong><\/p>\n\n\n\n<div style=\"height:45px\" aria-hidden=\"true\" class=\"wp-block-spacer\"><\/div>\n\n\n\n<p><strong>Zdroj foto:<\/strong>\u00a0Grada<\/p>\n\n\n\n<div style=\"height:150px\" aria-hidden=\"true\" class=\"wp-block-spacer\"><\/div>\n","protected":false},"excerpt":{"rendered":"<p>Jm\u00e9no Petr Parl\u00e9\u0159 je v\u00a0obecn\u00e9m pov\u011bdom\u00ed neodmysliteln\u011b spojen\u00e9 s\u00a0osobnost\u00ed Karla IV. a\u00a0svatov\u00edtsk\u00fdm chr\u00e1mem. M\u00e9n\u011b se u\u017e v\u00ed, \u017ee tento stavitel, kamen\u00edk, socha\u0159 a\u00a0\u0159ezb\u00e1\u0159 byl mezi architekty st\u0159edoevropsk\u00e9 gotiky v\u00fdjime\u010dnou osobnost\u00ed, geni\u00e1ln\u00edm a\u00a0odv\u00e1\u017en\u00fdm nov\u00e1torem. Sv\u00fdm&#46;&#46;&#46;<\/p>\n","protected":false},"author":8,"featured_media":8199,"comment_status":"closed","ping_status":"closed","sticky":false,"template":"","format":"standard","meta":{"_monsterinsights_skip_tracking":false,"_monsterinsights_sitenote_active":false,"_monsterinsights_sitenote_note":"","_monsterinsights_sitenote_category":0,"footnotes":""},"categories":[35,22,3],"tags":[],"yoast_head":"<!-- This site is optimized with the Yoast SEO plugin v21.5 - https:\/\/yoast.com\/wordpress\/plugins\/seo\/ -->\n<title>Petr Parl\u00e9\u0159 | Petr Dvo\u0159\u00e1\u010dek - BOOKHOUSE.cz<\/title>\n<meta name=\"description\" content=\"Jm\u00e9no Petr Parl\u00e9\u0159 je v\u00a0obecn\u00e9m pov\u011bdom\u00ed neodmysliteln\u011b spojen\u00e9 s\u00a0osobnost\u00ed Karla IV. a\u00a0svatov\u00edtsk\u00fdm chr\u00e1mem.\" \/>\n<meta name=\"robots\" content=\"index, follow, max-snippet:-1, max-image-preview:large, max-video-preview:-1\" \/>\n<link rel=\"canonical\" href=\"https:\/\/bookhouse.cz\/index.php\/2025\/01\/28\/petr-parler-petr-dvoracek\/\" \/>\n<meta property=\"og:locale\" content=\"cs_CZ\" \/>\n<meta property=\"og:type\" content=\"article\" \/>\n<meta property=\"og:title\" content=\"Petr Parl\u00e9\u0159 | Petr Dvo\u0159\u00e1\u010dek - BOOKHOUSE.cz\" \/>\n<meta property=\"og:description\" content=\"Jm\u00e9no Petr Parl\u00e9\u0159 je v\u00a0obecn\u00e9m pov\u011bdom\u00ed neodmysliteln\u011b spojen\u00e9 s\u00a0osobnost\u00ed Karla IV. a\u00a0svatov\u00edtsk\u00fdm chr\u00e1mem.\" \/>\n<meta property=\"og:url\" content=\"https:\/\/bookhouse.cz\/index.php\/2025\/01\/28\/petr-parler-petr-dvoracek\/\" \/>\n<meta property=\"og:site_name\" content=\"BOOKHOUSE.cz\" \/>\n<meta property=\"article:publisher\" content=\"https:\/\/www.facebook.com\/bookhousecz\" \/>\n<meta property=\"article:published_time\" content=\"2025-01-27T23:01:00+00:00\" \/>\n<meta property=\"article:modified_time\" content=\"2025-01-20T19:43:07+00:00\" \/>\n<meta property=\"og:image\" content=\"https:\/\/bookhouse.cz\/wp-content\/uploads\/2025\/01\/13872_Petr_parler_Dvoracek_kniha_Grada_600_0_fit.jpg\" \/>\n\t<meta property=\"og:image:width\" content=\"1798\" \/>\n\t<meta property=\"og:image:height\" content=\"901\" \/>\n\t<meta property=\"og:image:type\" content=\"image\/jpeg\" \/>\n<meta name=\"author\" content=\"Martina Pechov\u00e1\" \/>\n<meta name=\"twitter:card\" content=\"summary_large_image\" \/>\n<meta name=\"twitter:label1\" content=\"Napsal(a)\" \/>\n\t<meta name=\"twitter:data1\" content=\"Martina Pechov\u00e1\" \/>\n\t<meta name=\"twitter:label2\" content=\"Odhadovan\u00e1 doba \u010dten\u00ed\" \/>\n\t<meta name=\"twitter:data2\" content=\"2 minuty\" \/>\n<script type=\"application\/ld+json\" class=\"yoast-schema-graph\">{\"@context\":\"https:\/\/schema.org\",\"@graph\":[{\"@type\":\"Article\",\"@id\":\"https:\/\/bookhouse.cz\/index.php\/2025\/01\/28\/petr-parler-petr-dvoracek\/#article\",\"isPartOf\":{\"@id\":\"https:\/\/bookhouse.cz\/index.php\/2025\/01\/28\/petr-parler-petr-dvoracek\/\"},\"author\":{\"name\":\"Martina Pechov\u00e1\",\"@id\":\"https:\/\/bookhouse.cz\/#\/schema\/person\/f34350c4206dd14422181c0fbd0922a3\"},\"headline\":\"Petr Parl\u00e9\u0159 | Petr Dvo\u0159\u00e1\u010dek\",\"datePublished\":\"2025-01-27T23:01:00+00:00\",\"dateModified\":\"2025-01-20T19:43:07+00:00\",\"mainEntityOfPage\":{\"@id\":\"https:\/\/bookhouse.cz\/index.php\/2025\/01\/28\/petr-parler-petr-dvoracek\/\"},\"wordCount\":218,\"publisher\":{\"@id\":\"https:\/\/bookhouse.cz\/#organization\"},\"articleSection\":[\"BIOGRAFIE A MEMO\u00c1RY\",\"HISTORIE\",\"NEWS\"],\"inLanguage\":\"cs\"},{\"@type\":\"WebPage\",\"@id\":\"https:\/\/bookhouse.cz\/index.php\/2025\/01\/28\/petr-parler-petr-dvoracek\/\",\"url\":\"https:\/\/bookhouse.cz\/index.php\/2025\/01\/28\/petr-parler-petr-dvoracek\/\",\"name\":\"Petr Parl\u00e9\u0159 | Petr Dvo\u0159\u00e1\u010dek - BOOKHOUSE.cz\",\"isPartOf\":{\"@id\":\"https:\/\/bookhouse.cz\/#website\"},\"datePublished\":\"2025-01-27T23:01:00+00:00\",\"dateModified\":\"2025-01-20T19:43:07+00:00\",\"description\":\"Jm\u00e9no Petr Parl\u00e9\u0159 je v\u00a0obecn\u00e9m pov\u011bdom\u00ed neodmysliteln\u011b spojen\u00e9 s\u00a0osobnost\u00ed Karla IV. a\u00a0svatov\u00edtsk\u00fdm chr\u00e1mem.\",\"breadcrumb\":{\"@id\":\"https:\/\/bookhouse.cz\/index.php\/2025\/01\/28\/petr-parler-petr-dvoracek\/#breadcrumb\"},\"inLanguage\":\"cs\",\"potentialAction\":[{\"@type\":\"ReadAction\",\"target\":[\"https:\/\/bookhouse.cz\/index.php\/2025\/01\/28\/petr-parler-petr-dvoracek\/\"]}]},{\"@type\":\"BreadcrumbList\",\"@id\":\"https:\/\/bookhouse.cz\/index.php\/2025\/01\/28\/petr-parler-petr-dvoracek\/#breadcrumb\",\"itemListElement\":[{\"@type\":\"ListItem\",\"position\":1,\"name\":\"Dom\u016f\",\"item\":\"https:\/\/bookhouse.cz\/\"},{\"@type\":\"ListItem\",\"position\":2,\"name\":\"Petr Parl\u00e9\u0159 | Petr Dvo\u0159\u00e1\u010dek\"}]},{\"@type\":\"WebSite\",\"@id\":\"https:\/\/bookhouse.cz\/#website\",\"url\":\"https:\/\/bookhouse.cz\/\",\"name\":\"BOOKHOUSE.cz\",\"description\":\"Port\u00e1l o kni\u017en\u00edch novink\u00e1ch.\",\"publisher\":{\"@id\":\"https:\/\/bookhouse.cz\/#organization\"},\"potentialAction\":[{\"@type\":\"SearchAction\",\"target\":{\"@type\":\"EntryPoint\",\"urlTemplate\":\"https:\/\/bookhouse.cz\/?s={search_term_string}\"},\"query-input\":\"required name=search_term_string\"}],\"inLanguage\":\"cs\"},{\"@type\":\"Organization\",\"@id\":\"https:\/\/bookhouse.cz\/#organization\",\"name\":\"BOOKHOUSE.cz\",\"url\":\"https:\/\/bookhouse.cz\/\",\"logo\":{\"@type\":\"ImageObject\",\"inLanguage\":\"cs\",\"@id\":\"https:\/\/bookhouse.cz\/#\/schema\/logo\/image\/\",\"url\":\"https:\/\/bookhouse.cz\/wp-content\/uploads\/2024\/12\/cropped-Logo_BookHouse.jpg\",\"contentUrl\":\"https:\/\/bookhouse.cz\/wp-content\/uploads\/2024\/12\/cropped-Logo_BookHouse.jpg\",\"width\":938,\"height\":513,\"caption\":\"BOOKHOUSE.cz\"},\"image\":{\"@id\":\"https:\/\/bookhouse.cz\/#\/schema\/logo\/image\/\"},\"sameAs\":[\"https:\/\/www.facebook.com\/bookhousecz\",\"https:\/\/www.instagram.com\/bookhousecz\"]},{\"@type\":\"Person\",\"@id\":\"https:\/\/bookhouse.cz\/#\/schema\/person\/f34350c4206dd14422181c0fbd0922a3\",\"name\":\"Martina Pechov\u00e1\",\"image\":{\"@type\":\"ImageObject\",\"inLanguage\":\"cs\",\"@id\":\"https:\/\/bookhouse.cz\/#\/schema\/person\/image\/\",\"url\":\"https:\/\/secure.gravatar.com\/avatar\/d3ad7f43789eed68b221d01c6d7ac4e5?s=96&d=mm&r=g\",\"contentUrl\":\"https:\/\/secure.gravatar.com\/avatar\/d3ad7f43789eed68b221d01c6d7ac4e5?s=96&d=mm&r=g\",\"caption\":\"Martina Pechov\u00e1\"},\"sameAs\":[\"http:\/\/BOOKHOUSE.cz\"],\"url\":\"https:\/\/bookhouse.cz\/index.php\/author\/marpech\/\"}]}<\/script>\n<!-- \/ Yoast SEO plugin. -->","yoast_head_json":{"title":"Petr Parl\u00e9\u0159 | Petr Dvo\u0159\u00e1\u010dek - BOOKHOUSE.cz","description":"Jm\u00e9no Petr Parl\u00e9\u0159 je v\u00a0obecn\u00e9m pov\u011bdom\u00ed neodmysliteln\u011b spojen\u00e9 s\u00a0osobnost\u00ed Karla IV. a\u00a0svatov\u00edtsk\u00fdm chr\u00e1mem.","robots":{"index":"index","follow":"follow","max-snippet":"max-snippet:-1","max-image-preview":"max-image-preview:large","max-video-preview":"max-video-preview:-1"},"canonical":"https:\/\/bookhouse.cz\/index.php\/2025\/01\/28\/petr-parler-petr-dvoracek\/","og_locale":"cs_CZ","og_type":"article","og_title":"Petr Parl\u00e9\u0159 | Petr Dvo\u0159\u00e1\u010dek - BOOKHOUSE.cz","og_description":"Jm\u00e9no Petr Parl\u00e9\u0159 je v\u00a0obecn\u00e9m pov\u011bdom\u00ed neodmysliteln\u011b spojen\u00e9 s\u00a0osobnost\u00ed Karla IV. a\u00a0svatov\u00edtsk\u00fdm chr\u00e1mem.","og_url":"https:\/\/bookhouse.cz\/index.php\/2025\/01\/28\/petr-parler-petr-dvoracek\/","og_site_name":"BOOKHOUSE.cz","article_publisher":"https:\/\/www.facebook.com\/bookhousecz","article_published_time":"2025-01-27T23:01:00+00:00","article_modified_time":"2025-01-20T19:43:07+00:00","og_image":[{"width":1798,"height":901,"url":"https:\/\/bookhouse.cz\/wp-content\/uploads\/2025\/01\/13872_Petr_parler_Dvoracek_kniha_Grada_600_0_fit.jpg","type":"image\/jpeg"}],"author":"Martina Pechov\u00e1","twitter_card":"summary_large_image","twitter_misc":{"Napsal(a)":"Martina Pechov\u00e1","Odhadovan\u00e1 doba \u010dten\u00ed":"2 minuty"},"schema":{"@context":"https:\/\/schema.org","@graph":[{"@type":"Article","@id":"https:\/\/bookhouse.cz\/index.php\/2025\/01\/28\/petr-parler-petr-dvoracek\/#article","isPartOf":{"@id":"https:\/\/bookhouse.cz\/index.php\/2025\/01\/28\/petr-parler-petr-dvoracek\/"},"author":{"name":"Martina Pechov\u00e1","@id":"https:\/\/bookhouse.cz\/#\/schema\/person\/f34350c4206dd14422181c0fbd0922a3"},"headline":"Petr Parl\u00e9\u0159 | Petr Dvo\u0159\u00e1\u010dek","datePublished":"2025-01-27T23:01:00+00:00","dateModified":"2025-01-20T19:43:07+00:00","mainEntityOfPage":{"@id":"https:\/\/bookhouse.cz\/index.php\/2025\/01\/28\/petr-parler-petr-dvoracek\/"},"wordCount":218,"publisher":{"@id":"https:\/\/bookhouse.cz\/#organization"},"articleSection":["BIOGRAFIE A MEMO\u00c1RY","HISTORIE","NEWS"],"inLanguage":"cs"},{"@type":"WebPage","@id":"https:\/\/bookhouse.cz\/index.php\/2025\/01\/28\/petr-parler-petr-dvoracek\/","url":"https:\/\/bookhouse.cz\/index.php\/2025\/01\/28\/petr-parler-petr-dvoracek\/","name":"Petr Parl\u00e9\u0159 | Petr Dvo\u0159\u00e1\u010dek - BOOKHOUSE.cz","isPartOf":{"@id":"https:\/\/bookhouse.cz\/#website"},"datePublished":"2025-01-27T23:01:00+00:00","dateModified":"2025-01-20T19:43:07+00:00","description":"Jm\u00e9no Petr Parl\u00e9\u0159 je v\u00a0obecn\u00e9m pov\u011bdom\u00ed neodmysliteln\u011b spojen\u00e9 s\u00a0osobnost\u00ed Karla IV. a\u00a0svatov\u00edtsk\u00fdm chr\u00e1mem.","breadcrumb":{"@id":"https:\/\/bookhouse.cz\/index.php\/2025\/01\/28\/petr-parler-petr-dvoracek\/#breadcrumb"},"inLanguage":"cs","potentialAction":[{"@type":"ReadAction","target":["https:\/\/bookhouse.cz\/index.php\/2025\/01\/28\/petr-parler-petr-dvoracek\/"]}]},{"@type":"BreadcrumbList","@id":"https:\/\/bookhouse.cz\/index.php\/2025\/01\/28\/petr-parler-petr-dvoracek\/#breadcrumb","itemListElement":[{"@type":"ListItem","position":1,"name":"Dom\u016f","item":"https:\/\/bookhouse.cz\/"},{"@type":"ListItem","position":2,"name":"Petr Parl\u00e9\u0159 | Petr Dvo\u0159\u00e1\u010dek"}]},{"@type":"WebSite","@id":"https:\/\/bookhouse.cz\/#website","url":"https:\/\/bookhouse.cz\/","name":"BOOKHOUSE.cz","description":"Port\u00e1l o kni\u017en\u00edch novink\u00e1ch.","publisher":{"@id":"https:\/\/bookhouse.cz\/#organization"},"potentialAction":[{"@type":"SearchAction","target":{"@type":"EntryPoint","urlTemplate":"https:\/\/bookhouse.cz\/?s={search_term_string}"},"query-input":"required name=search_term_string"}],"inLanguage":"cs"},{"@type":"Organization","@id":"https:\/\/bookhouse.cz\/#organization","name":"BOOKHOUSE.cz","url":"https:\/\/bookhouse.cz\/","logo":{"@type":"ImageObject","inLanguage":"cs","@id":"https:\/\/bookhouse.cz\/#\/schema\/logo\/image\/","url":"https:\/\/bookhouse.cz\/wp-content\/uploads\/2024\/12\/cropped-Logo_BookHouse.jpg","contentUrl":"https:\/\/bookhouse.cz\/wp-content\/uploads\/2024\/12\/cropped-Logo_BookHouse.jpg","width":938,"height":513,"caption":"BOOKHOUSE.cz"},"image":{"@id":"https:\/\/bookhouse.cz\/#\/schema\/logo\/image\/"},"sameAs":["https:\/\/www.facebook.com\/bookhousecz","https:\/\/www.instagram.com\/bookhousecz"]},{"@type":"Person","@id":"https:\/\/bookhouse.cz\/#\/schema\/person\/f34350c4206dd14422181c0fbd0922a3","name":"Martina Pechov\u00e1","image":{"@type":"ImageObject","inLanguage":"cs","@id":"https:\/\/bookhouse.cz\/#\/schema\/person\/image\/","url":"https:\/\/secure.gravatar.com\/avatar\/d3ad7f43789eed68b221d01c6d7ac4e5?s=96&d=mm&r=g","contentUrl":"https:\/\/secure.gravatar.com\/avatar\/d3ad7f43789eed68b221d01c6d7ac4e5?s=96&d=mm&r=g","caption":"Martina Pechov\u00e1"},"sameAs":["http:\/\/BOOKHOUSE.cz"],"url":"https:\/\/bookhouse.cz\/index.php\/author\/marpech\/"}]}},"_links":{"self":[{"href":"https:\/\/bookhouse.cz\/index.php\/wp-json\/wp\/v2\/posts\/8198"}],"collection":[{"href":"https:\/\/bookhouse.cz\/index.php\/wp-json\/wp\/v2\/posts"}],"about":[{"href":"https:\/\/bookhouse.cz\/index.php\/wp-json\/wp\/v2\/types\/post"}],"author":[{"embeddable":true,"href":"https:\/\/bookhouse.cz\/index.php\/wp-json\/wp\/v2\/users\/8"}],"replies":[{"embeddable":true,"href":"https:\/\/bookhouse.cz\/index.php\/wp-json\/wp\/v2\/comments?post=8198"}],"version-history":[{"count":1,"href":"https:\/\/bookhouse.cz\/index.php\/wp-json\/wp\/v2\/posts\/8198\/revisions"}],"predecessor-version":[{"id":8201,"href":"https:\/\/bookhouse.cz\/index.php\/wp-json\/wp\/v2\/posts\/8198\/revisions\/8201"}],"wp:featuredmedia":[{"embeddable":true,"href":"https:\/\/bookhouse.cz\/index.php\/wp-json\/wp\/v2\/media\/8199"}],"wp:attachment":[{"href":"https:\/\/bookhouse.cz\/index.php\/wp-json\/wp\/v2\/media?parent=8198"}],"wp:term":[{"taxonomy":"category","embeddable":true,"href":"https:\/\/bookhouse.cz\/index.php\/wp-json\/wp\/v2\/categories?post=8198"},{"taxonomy":"post_tag","embeddable":true,"href":"https:\/\/bookhouse.cz\/index.php\/wp-json\/wp\/v2\/tags?post=8198"}],"curies":[{"name":"wp","href":"https:\/\/api.w.org\/{rel}","templated":true}]}}