{"id":8170,"date":"2025-01-22T00:01:00","date_gmt":"2025-01-21T23:01:00","guid":{"rendered":"https:\/\/bookhouse.cz\/?p=8170"},"modified":"2025-01-20T16:45:22","modified_gmt":"2025-01-20T15:45:22","slug":"deti-ktere-prezily-mengeleho-lisa-rojanyova-buccieriova-eva-mozesova-korova","status":"publish","type":"post","link":"https:\/\/bookhouse.cz\/index.php\/2025\/01\/22\/deti-ktere-prezily-mengeleho-lisa-rojanyova-buccieriova-eva-mozesova-korova\/","title":{"rendered":"D\u011bti, kter\u00e9 p\u0159e\u017eily Mengeleho | Lisa Rojanyov\u00e1 Buccieriov\u00e1\u00a0,\u00a0Eva Mozesov\u00e1 Korov\u00e1"},"content":{"rendered":"\n<div style=\"height:45px\" aria-hidden=\"true\" class=\"wp-block-spacer\"><\/div>\n\n\n\n<p><strong>Ev\u011b Mozesov\u00e9 bylo pouh\u00fdch deset let, kdy\u017e byla i se svou rodinou posl\u00e1na do Osv\u011btimi. Zat\u00edmco jej\u00ed rodi\u010de a dv\u011b star\u0161\u00ed sestry odvedli nacist\u00e9 rovnou do plynov\u00fdch komor, Evu a jej\u00ed dvoj\u010de Miriam si vybral jako\u017eto pokusn\u00e9 objekty mu\u017e, kter\u00fd byl zn\u00e1m jako And\u011bl smrti \u2013 doktor Josef Mengele.<\/strong><\/p>\n\n\n\n<div style=\"height:45px\" aria-hidden=\"true\" class=\"wp-block-spacer\"><\/div>\n\n\n<div class=\"wp-block-image\">\n<figure class=\"aligncenter size-large\"><img loading=\"lazy\" decoding=\"async\" width=\"1024\" height=\"593\" src=\"https:\/\/bookhouse.cz\/wp-content\/uploads\/2025\/01\/754437_600_0_fit-1024x593.jpg\" alt=\"D\u011bti, kter\u00e9 p\u0159e\u017eily Mengeleho | Lisa Rojanyov\u00e1 Buccieriov\u00e1\u00a0,\u00a0Eva Mozesov\u00e1 Korov\u00e1\" class=\"wp-image-8171\" srcset=\"https:\/\/bookhouse.cz\/wp-content\/uploads\/2025\/01\/754437_600_0_fit-1024x593.jpg 1024w, https:\/\/bookhouse.cz\/wp-content\/uploads\/2025\/01\/754437_600_0_fit-300x174.jpg 300w, https:\/\/bookhouse.cz\/wp-content\/uploads\/2025\/01\/754437_600_0_fit-768x445.jpg 768w, https:\/\/bookhouse.cz\/wp-content\/uploads\/2025\/01\/754437_600_0_fit.jpg 1498w\" sizes=\"(max-width: 1024px) 100vw, 1024px\" \/><\/figure><\/div>\n\n\n<div style=\"height:45px\" aria-hidden=\"true\" class=\"wp-block-spacer\"><\/div>\n\n\n\n<p>D\u00edvky byly podrobov\u00e1ny sadistick\u00fdm medic\u00ednsk\u00fdm experiment\u016fm a ka\u017ed\u00fd den musely bojovat o sv\u016fj \u017eivot.V tomto neuv\u011b\u0159iteln\u00e9m p\u0159\u00edb\u011bhu, kter\u00fd sepsala samotn\u00e1 ob\u011b\u0165 d\u011bsiv\u00fdch ud\u00e1lost\u00ed, jsou \u010dten\u00e1\u0159i sv\u011bdky d\u011btsk\u00e9 odolnosti proti mimo\u0159\u00e1dn\u00e9mu zlu. P\u0159\u00edb\u011bh je na jedn\u00e9 stran\u011b ot\u0159esn\u00fdm p\u0159\u00edkladem lidsk\u00e9 krutosti, z\u00e1rove\u0148 v\u0161ak tak\u00e9 dokladem neskute\u010dn\u00e9 odvahy a v\u016fle mal\u00e9 d\u00edvky, kter\u00e1 v\u00ed, \u017ee mus\u00ed p\u0159e\u017e\u00edt, aby zachr\u00e1nila svou sestru.\u201eZ\u016fstat na\u017eivu byla ta nejd\u016fle\u017eit\u011bj\u0161\u00ed v\u011bc. V\u011bd\u011bly jsme, \u017ee jsme na\u017eivu kv\u016fli experiment\u016fm. D\u00edky \u0161\u0165astn\u00e9 n\u00e1hod\u011b p\u0159\u00edrody. Proto\u017ee jsme byly Mengeleho dvoj\u010data\u2026\u201c<\/p>\n\n\n\n<div style=\"height:45px\" aria-hidden=\"true\" class=\"wp-block-spacer\"><\/div>\n\n\n<div class=\"wp-block-image\">\n<figure class=\"aligncenter size-large\"><img loading=\"lazy\" decoding=\"async\" width=\"710\" height=\"1024\" src=\"https:\/\/bookhouse.cz\/wp-content\/uploads\/2025\/01\/754437_600_0_fit-2-710x1024.jpg\" alt=\"D\u011bti, kter\u00e9 p\u0159e\u017eily Mengeleho | Lisa Rojanyov\u00e1 Buccieriov\u00e1\u00a0,\u00a0Eva Mozesov\u00e1 Korov\u00e1\" class=\"wp-image-8172\" srcset=\"https:\/\/bookhouse.cz\/wp-content\/uploads\/2025\/01\/754437_600_0_fit-2-710x1024.jpg 710w, https:\/\/bookhouse.cz\/wp-content\/uploads\/2025\/01\/754437_600_0_fit-2-208x300.jpg 208w, https:\/\/bookhouse.cz\/wp-content\/uploads\/2025\/01\/754437_600_0_fit-2-768x1107.jpg 768w, https:\/\/bookhouse.cz\/wp-content\/uploads\/2025\/01\/754437_600_0_fit-2-1065x1536.jpg 1065w, https:\/\/bookhouse.cz\/wp-content\/uploads\/2025\/01\/754437_600_0_fit-2-1420x2048.jpg 1420w, https:\/\/bookhouse.cz\/wp-content\/uploads\/2025\/01\/754437_600_0_fit-2.jpg 1498w\" sizes=\"(max-width: 710px) 100vw, 710px\" \/><\/figure><\/div>\n\n\n<div style=\"height:45px\" aria-hidden=\"true\" class=\"wp-block-spacer\"><\/div>\n\n\n\n<h2 class=\"wp-block-heading\" id=\"block-d5099aaf-fc1f-4aea-9eb1-4e097e5ca5da\">N\u00e1zev knihy: D\u011bti, kter\u00e9 p\u0159e\u017eily Mengeleho<\/h2>\n\n\n\n<div style=\"height:45px\" aria-hidden=\"true\" class=\"wp-block-spacer\"><\/div>\n\n\n\n<p id=\"block-f563f394-4ca1-47f0-b136-5ffe5b4f4d1c\"><strong>Autor:<\/strong>\u00a0Lisa Rojanyov\u00e1 Buccieriov\u00e1\u00a0,\u00a0Eva Mozesov\u00e1 Korov\u00e1<\/p>\n\n\n\n<p id=\"block-30e75497-0af9-41c7-9cd2-0d7e7f286ca8\"><strong>Po\u010det stran \/ vazba:<\/strong>\u00a0224 stran \/ Pevn\u00e1 \u0161it\u00e1 vazba<\/p>\n\n\n\n<p id=\"block-6061cabd-fa38-4434-b0be-477ed69294ec\"><strong>Doporu\u010den\u00e1<\/strong>&nbsp;<strong>cena:<\/strong>&nbsp;279 K\u010d<\/p>\n\n\n\n<p id=\"block-bf00762f-3f26-4bb9-9a78-6955ce7d639d\"><strong>Vydalo<\/strong>:&nbsp;Nakladatelstv\u00ed Grada<\/p>\n\n\n\n<p><strong>V\u00edce informac\u00ed na:\u00a0<a href=\"http:\/\/www.grada.cz\/\">www.grada.cz<\/a><\/strong><\/p>\n\n\n\n<div style=\"height:45px\" aria-hidden=\"true\" class=\"wp-block-spacer\"><\/div>\n\n\n\n<p><strong>Zdroj foto:<\/strong>\u00a0Grada<\/p>\n\n\n\n<div style=\"height:45px\" aria-hidden=\"true\" class=\"wp-block-spacer\"><\/div>\n","protected":false},"excerpt":{"rendered":"<p>Ev\u011b Mozesov\u00e9 bylo pouh\u00fdch deset let, kdy\u017e byla i se svou rodinou posl\u00e1na do Osv\u011btimi. Zat\u00edmco jej\u00ed rodi\u010de a dv\u011b star\u0161\u00ed sestry odvedli nacist\u00e9 rovnou do plynov\u00fdch komor, Evu a jej\u00ed dvoj\u010de Miriam si&#46;&#46;&#46;<\/p>\n","protected":false},"author":8,"featured_media":8171,"comment_status":"closed","ping_status":"closed","sticky":false,"template":"","format":"standard","meta":{"_monsterinsights_skip_tracking":false,"_monsterinsights_sitenote_active":false,"_monsterinsights_sitenote_note":"","_monsterinsights_sitenote_category":0,"footnotes":""},"categories":[35,22,3],"tags":[],"yoast_head":"<!-- This site is optimized with the Yoast SEO plugin v21.5 - https:\/\/yoast.com\/wordpress\/plugins\/seo\/ -->\n<title>D\u011bti, kter\u00e9 p\u0159e\u017eily Mengeleho | Lisa Rojanyov\u00e1 Buccieriov\u00e1\u00a0,\u00a0Eva Mozesov\u00e1 Korov\u00e1 - BOOKHOUSE.cz<\/title>\n<meta name=\"description\" content=\"Ev\u011b Mozesov\u00e9 bylo pouh\u00fdch deset let, kdy\u017e byla i se svou rodinou posl\u00e1na do Osv\u011btimi. Rodi\u010de a sestry odvedli nacist\u00e9 do plynov\u00fdch komor.\" \/>\n<meta name=\"robots\" content=\"index, follow, max-snippet:-1, max-image-preview:large, max-video-preview:-1\" \/>\n<link rel=\"canonical\" href=\"https:\/\/bookhouse.cz\/index.php\/2025\/01\/22\/deti-ktere-prezily-mengeleho-lisa-rojanyova-buccieriova-eva-mozesova-korova\/\" \/>\n<meta property=\"og:locale\" content=\"cs_CZ\" \/>\n<meta property=\"og:type\" content=\"article\" \/>\n<meta property=\"og:title\" content=\"D\u011bti, kter\u00e9 p\u0159e\u017eily Mengeleho | Lisa Rojanyov\u00e1 Buccieriov\u00e1\u00a0,\u00a0Eva Mozesov\u00e1 Korov\u00e1 - BOOKHOUSE.cz\" \/>\n<meta property=\"og:description\" content=\"Ev\u011b Mozesov\u00e9 bylo pouh\u00fdch deset let, kdy\u017e byla i se svou rodinou posl\u00e1na do Osv\u011btimi. Rodi\u010de a sestry odvedli nacist\u00e9 do plynov\u00fdch komor.\" \/>\n<meta property=\"og:url\" content=\"https:\/\/bookhouse.cz\/index.php\/2025\/01\/22\/deti-ktere-prezily-mengeleho-lisa-rojanyova-buccieriova-eva-mozesova-korova\/\" \/>\n<meta property=\"og:site_name\" content=\"BOOKHOUSE.cz\" \/>\n<meta property=\"article:publisher\" content=\"https:\/\/www.facebook.com\/bookhousecz\" \/>\n<meta property=\"article:published_time\" content=\"2025-01-21T23:01:00+00:00\" \/>\n<meta property=\"article:modified_time\" content=\"2025-01-20T15:45:22+00:00\" \/>\n<meta property=\"og:image\" content=\"https:\/\/bookhouse.cz\/wp-content\/uploads\/2025\/01\/754437_600_0_fit.jpg\" \/>\n\t<meta property=\"og:image:width\" content=\"1498\" \/>\n\t<meta property=\"og:image:height\" content=\"868\" \/>\n\t<meta property=\"og:image:type\" content=\"image\/jpeg\" \/>\n<meta name=\"author\" content=\"Martina Pechov\u00e1\" \/>\n<meta name=\"twitter:card\" content=\"summary_large_image\" \/>\n<meta name=\"twitter:label1\" content=\"Napsal(a)\" \/>\n\t<meta name=\"twitter:data1\" content=\"Martina Pechov\u00e1\" \/>\n\t<meta name=\"twitter:label2\" content=\"Odhadovan\u00e1 doba \u010dten\u00ed\" \/>\n\t<meta name=\"twitter:data2\" content=\"2 minuty\" \/>\n<script type=\"application\/ld+json\" class=\"yoast-schema-graph\">{\"@context\":\"https:\/\/schema.org\",\"@graph\":[{\"@type\":\"Article\",\"@id\":\"https:\/\/bookhouse.cz\/index.php\/2025\/01\/22\/deti-ktere-prezily-mengeleho-lisa-rojanyova-buccieriova-eva-mozesova-korova\/#article\",\"isPartOf\":{\"@id\":\"https:\/\/bookhouse.cz\/index.php\/2025\/01\/22\/deti-ktere-prezily-mengeleho-lisa-rojanyova-buccieriova-eva-mozesova-korova\/\"},\"author\":{\"name\":\"Martina Pechov\u00e1\",\"@id\":\"https:\/\/bookhouse.cz\/#\/schema\/person\/f34350c4206dd14422181c0fbd0922a3\"},\"headline\":\"D\u011bti, kter\u00e9 p\u0159e\u017eily Mengeleho | Lisa Rojanyov\u00e1 Buccieriov\u00e1\u00a0,\u00a0Eva Mozesov\u00e1 Korov\u00e1\",\"datePublished\":\"2025-01-21T23:01:00+00:00\",\"dateModified\":\"2025-01-20T15:45:22+00:00\",\"mainEntityOfPage\":{\"@id\":\"https:\/\/bookhouse.cz\/index.php\/2025\/01\/22\/deti-ktere-prezily-mengeleho-lisa-rojanyova-buccieriova-eva-mozesova-korova\/\"},\"wordCount\":247,\"publisher\":{\"@id\":\"https:\/\/bookhouse.cz\/#organization\"},\"articleSection\":[\"BIOGRAFIE A MEMO\u00c1RY\",\"HISTORIE\",\"NEWS\"],\"inLanguage\":\"cs\"},{\"@type\":\"WebPage\",\"@id\":\"https:\/\/bookhouse.cz\/index.php\/2025\/01\/22\/deti-ktere-prezily-mengeleho-lisa-rojanyova-buccieriova-eva-mozesova-korova\/\",\"url\":\"https:\/\/bookhouse.cz\/index.php\/2025\/01\/22\/deti-ktere-prezily-mengeleho-lisa-rojanyova-buccieriova-eva-mozesova-korova\/\",\"name\":\"D\u011bti, kter\u00e9 p\u0159e\u017eily Mengeleho | Lisa Rojanyov\u00e1 Buccieriov\u00e1\u00a0,\u00a0Eva Mozesov\u00e1 Korov\u00e1 - BOOKHOUSE.cz\",\"isPartOf\":{\"@id\":\"https:\/\/bookhouse.cz\/#website\"},\"datePublished\":\"2025-01-21T23:01:00+00:00\",\"dateModified\":\"2025-01-20T15:45:22+00:00\",\"description\":\"Ev\u011b Mozesov\u00e9 bylo pouh\u00fdch deset let, kdy\u017e byla i se svou rodinou posl\u00e1na do Osv\u011btimi. Rodi\u010de a sestry odvedli nacist\u00e9 do plynov\u00fdch komor.\",\"breadcrumb\":{\"@id\":\"https:\/\/bookhouse.cz\/index.php\/2025\/01\/22\/deti-ktere-prezily-mengeleho-lisa-rojanyova-buccieriova-eva-mozesova-korova\/#breadcrumb\"},\"inLanguage\":\"cs\",\"potentialAction\":[{\"@type\":\"ReadAction\",\"target\":[\"https:\/\/bookhouse.cz\/index.php\/2025\/01\/22\/deti-ktere-prezily-mengeleho-lisa-rojanyova-buccieriova-eva-mozesova-korova\/\"]}]},{\"@type\":\"BreadcrumbList\",\"@id\":\"https:\/\/bookhouse.cz\/index.php\/2025\/01\/22\/deti-ktere-prezily-mengeleho-lisa-rojanyova-buccieriova-eva-mozesova-korova\/#breadcrumb\",\"itemListElement\":[{\"@type\":\"ListItem\",\"position\":1,\"name\":\"Dom\u016f\",\"item\":\"https:\/\/bookhouse.cz\/\"},{\"@type\":\"ListItem\",\"position\":2,\"name\":\"D\u011bti, kter\u00e9 p\u0159e\u017eily Mengeleho | Lisa Rojanyov\u00e1 Buccieriov\u00e1\u00a0,\u00a0Eva Mozesov\u00e1 Korov\u00e1\"}]},{\"@type\":\"WebSite\",\"@id\":\"https:\/\/bookhouse.cz\/#website\",\"url\":\"https:\/\/bookhouse.cz\/\",\"name\":\"BOOKHOUSE.cz\",\"description\":\"Port\u00e1l o kni\u017en\u00edch novink\u00e1ch.\",\"publisher\":{\"@id\":\"https:\/\/bookhouse.cz\/#organization\"},\"potentialAction\":[{\"@type\":\"SearchAction\",\"target\":{\"@type\":\"EntryPoint\",\"urlTemplate\":\"https:\/\/bookhouse.cz\/?s={search_term_string}\"},\"query-input\":\"required name=search_term_string\"}],\"inLanguage\":\"cs\"},{\"@type\":\"Organization\",\"@id\":\"https:\/\/bookhouse.cz\/#organization\",\"name\":\"BOOKHOUSE.cz\",\"url\":\"https:\/\/bookhouse.cz\/\",\"logo\":{\"@type\":\"ImageObject\",\"inLanguage\":\"cs\",\"@id\":\"https:\/\/bookhouse.cz\/#\/schema\/logo\/image\/\",\"url\":\"https:\/\/bookhouse.cz\/wp-content\/uploads\/2024\/12\/cropped-Logo_BookHouse.jpg\",\"contentUrl\":\"https:\/\/bookhouse.cz\/wp-content\/uploads\/2024\/12\/cropped-Logo_BookHouse.jpg\",\"width\":938,\"height\":513,\"caption\":\"BOOKHOUSE.cz\"},\"image\":{\"@id\":\"https:\/\/bookhouse.cz\/#\/schema\/logo\/image\/\"},\"sameAs\":[\"https:\/\/www.facebook.com\/bookhousecz\",\"https:\/\/www.instagram.com\/bookhousecz\"]},{\"@type\":\"Person\",\"@id\":\"https:\/\/bookhouse.cz\/#\/schema\/person\/f34350c4206dd14422181c0fbd0922a3\",\"name\":\"Martina Pechov\u00e1\",\"image\":{\"@type\":\"ImageObject\",\"inLanguage\":\"cs\",\"@id\":\"https:\/\/bookhouse.cz\/#\/schema\/person\/image\/\",\"url\":\"https:\/\/secure.gravatar.com\/avatar\/d3ad7f43789eed68b221d01c6d7ac4e5?s=96&d=mm&r=g\",\"contentUrl\":\"https:\/\/secure.gravatar.com\/avatar\/d3ad7f43789eed68b221d01c6d7ac4e5?s=96&d=mm&r=g\",\"caption\":\"Martina Pechov\u00e1\"},\"sameAs\":[\"http:\/\/BOOKHOUSE.cz\"],\"url\":\"https:\/\/bookhouse.cz\/index.php\/author\/marpech\/\"}]}<\/script>\n<!-- \/ Yoast SEO plugin. -->","yoast_head_json":{"title":"D\u011bti, kter\u00e9 p\u0159e\u017eily Mengeleho | Lisa Rojanyov\u00e1 Buccieriov\u00e1\u00a0,\u00a0Eva Mozesov\u00e1 Korov\u00e1 - BOOKHOUSE.cz","description":"Ev\u011b Mozesov\u00e9 bylo pouh\u00fdch deset let, kdy\u017e byla i se svou rodinou posl\u00e1na do Osv\u011btimi. Rodi\u010de a sestry odvedli nacist\u00e9 do plynov\u00fdch komor.","robots":{"index":"index","follow":"follow","max-snippet":"max-snippet:-1","max-image-preview":"max-image-preview:large","max-video-preview":"max-video-preview:-1"},"canonical":"https:\/\/bookhouse.cz\/index.php\/2025\/01\/22\/deti-ktere-prezily-mengeleho-lisa-rojanyova-buccieriova-eva-mozesova-korova\/","og_locale":"cs_CZ","og_type":"article","og_title":"D\u011bti, kter\u00e9 p\u0159e\u017eily Mengeleho | Lisa Rojanyov\u00e1 Buccieriov\u00e1\u00a0,\u00a0Eva Mozesov\u00e1 Korov\u00e1 - BOOKHOUSE.cz","og_description":"Ev\u011b Mozesov\u00e9 bylo pouh\u00fdch deset let, kdy\u017e byla i se svou rodinou posl\u00e1na do Osv\u011btimi. Rodi\u010de a sestry odvedli nacist\u00e9 do plynov\u00fdch komor.","og_url":"https:\/\/bookhouse.cz\/index.php\/2025\/01\/22\/deti-ktere-prezily-mengeleho-lisa-rojanyova-buccieriova-eva-mozesova-korova\/","og_site_name":"BOOKHOUSE.cz","article_publisher":"https:\/\/www.facebook.com\/bookhousecz","article_published_time":"2025-01-21T23:01:00+00:00","article_modified_time":"2025-01-20T15:45:22+00:00","og_image":[{"width":1498,"height":868,"url":"https:\/\/bookhouse.cz\/wp-content\/uploads\/2025\/01\/754437_600_0_fit.jpg","type":"image\/jpeg"}],"author":"Martina Pechov\u00e1","twitter_card":"summary_large_image","twitter_misc":{"Napsal(a)":"Martina Pechov\u00e1","Odhadovan\u00e1 doba \u010dten\u00ed":"2 minuty"},"schema":{"@context":"https:\/\/schema.org","@graph":[{"@type":"Article","@id":"https:\/\/bookhouse.cz\/index.php\/2025\/01\/22\/deti-ktere-prezily-mengeleho-lisa-rojanyova-buccieriova-eva-mozesova-korova\/#article","isPartOf":{"@id":"https:\/\/bookhouse.cz\/index.php\/2025\/01\/22\/deti-ktere-prezily-mengeleho-lisa-rojanyova-buccieriova-eva-mozesova-korova\/"},"author":{"name":"Martina Pechov\u00e1","@id":"https:\/\/bookhouse.cz\/#\/schema\/person\/f34350c4206dd14422181c0fbd0922a3"},"headline":"D\u011bti, kter\u00e9 p\u0159e\u017eily Mengeleho | Lisa Rojanyov\u00e1 Buccieriov\u00e1\u00a0,\u00a0Eva Mozesov\u00e1 Korov\u00e1","datePublished":"2025-01-21T23:01:00+00:00","dateModified":"2025-01-20T15:45:22+00:00","mainEntityOfPage":{"@id":"https:\/\/bookhouse.cz\/index.php\/2025\/01\/22\/deti-ktere-prezily-mengeleho-lisa-rojanyova-buccieriova-eva-mozesova-korova\/"},"wordCount":247,"publisher":{"@id":"https:\/\/bookhouse.cz\/#organization"},"articleSection":["BIOGRAFIE A MEMO\u00c1RY","HISTORIE","NEWS"],"inLanguage":"cs"},{"@type":"WebPage","@id":"https:\/\/bookhouse.cz\/index.php\/2025\/01\/22\/deti-ktere-prezily-mengeleho-lisa-rojanyova-buccieriova-eva-mozesova-korova\/","url":"https:\/\/bookhouse.cz\/index.php\/2025\/01\/22\/deti-ktere-prezily-mengeleho-lisa-rojanyova-buccieriova-eva-mozesova-korova\/","name":"D\u011bti, kter\u00e9 p\u0159e\u017eily Mengeleho | Lisa Rojanyov\u00e1 Buccieriov\u00e1\u00a0,\u00a0Eva Mozesov\u00e1 Korov\u00e1 - BOOKHOUSE.cz","isPartOf":{"@id":"https:\/\/bookhouse.cz\/#website"},"datePublished":"2025-01-21T23:01:00+00:00","dateModified":"2025-01-20T15:45:22+00:00","description":"Ev\u011b Mozesov\u00e9 bylo pouh\u00fdch deset let, kdy\u017e byla i se svou rodinou posl\u00e1na do Osv\u011btimi. Rodi\u010de a sestry odvedli nacist\u00e9 do plynov\u00fdch komor.","breadcrumb":{"@id":"https:\/\/bookhouse.cz\/index.php\/2025\/01\/22\/deti-ktere-prezily-mengeleho-lisa-rojanyova-buccieriova-eva-mozesova-korova\/#breadcrumb"},"inLanguage":"cs","potentialAction":[{"@type":"ReadAction","target":["https:\/\/bookhouse.cz\/index.php\/2025\/01\/22\/deti-ktere-prezily-mengeleho-lisa-rojanyova-buccieriova-eva-mozesova-korova\/"]}]},{"@type":"BreadcrumbList","@id":"https:\/\/bookhouse.cz\/index.php\/2025\/01\/22\/deti-ktere-prezily-mengeleho-lisa-rojanyova-buccieriova-eva-mozesova-korova\/#breadcrumb","itemListElement":[{"@type":"ListItem","position":1,"name":"Dom\u016f","item":"https:\/\/bookhouse.cz\/"},{"@type":"ListItem","position":2,"name":"D\u011bti, kter\u00e9 p\u0159e\u017eily Mengeleho | Lisa Rojanyov\u00e1 Buccieriov\u00e1\u00a0,\u00a0Eva Mozesov\u00e1 Korov\u00e1"}]},{"@type":"WebSite","@id":"https:\/\/bookhouse.cz\/#website","url":"https:\/\/bookhouse.cz\/","name":"BOOKHOUSE.cz","description":"Port\u00e1l o kni\u017en\u00edch novink\u00e1ch.","publisher":{"@id":"https:\/\/bookhouse.cz\/#organization"},"potentialAction":[{"@type":"SearchAction","target":{"@type":"EntryPoint","urlTemplate":"https:\/\/bookhouse.cz\/?s={search_term_string}"},"query-input":"required name=search_term_string"}],"inLanguage":"cs"},{"@type":"Organization","@id":"https:\/\/bookhouse.cz\/#organization","name":"BOOKHOUSE.cz","url":"https:\/\/bookhouse.cz\/","logo":{"@type":"ImageObject","inLanguage":"cs","@id":"https:\/\/bookhouse.cz\/#\/schema\/logo\/image\/","url":"https:\/\/bookhouse.cz\/wp-content\/uploads\/2024\/12\/cropped-Logo_BookHouse.jpg","contentUrl":"https:\/\/bookhouse.cz\/wp-content\/uploads\/2024\/12\/cropped-Logo_BookHouse.jpg","width":938,"height":513,"caption":"BOOKHOUSE.cz"},"image":{"@id":"https:\/\/bookhouse.cz\/#\/schema\/logo\/image\/"},"sameAs":["https:\/\/www.facebook.com\/bookhousecz","https:\/\/www.instagram.com\/bookhousecz"]},{"@type":"Person","@id":"https:\/\/bookhouse.cz\/#\/schema\/person\/f34350c4206dd14422181c0fbd0922a3","name":"Martina Pechov\u00e1","image":{"@type":"ImageObject","inLanguage":"cs","@id":"https:\/\/bookhouse.cz\/#\/schema\/person\/image\/","url":"https:\/\/secure.gravatar.com\/avatar\/d3ad7f43789eed68b221d01c6d7ac4e5?s=96&d=mm&r=g","contentUrl":"https:\/\/secure.gravatar.com\/avatar\/d3ad7f43789eed68b221d01c6d7ac4e5?s=96&d=mm&r=g","caption":"Martina Pechov\u00e1"},"sameAs":["http:\/\/BOOKHOUSE.cz"],"url":"https:\/\/bookhouse.cz\/index.php\/author\/marpech\/"}]}},"_links":{"self":[{"href":"https:\/\/bookhouse.cz\/index.php\/wp-json\/wp\/v2\/posts\/8170"}],"collection":[{"href":"https:\/\/bookhouse.cz\/index.php\/wp-json\/wp\/v2\/posts"}],"about":[{"href":"https:\/\/bookhouse.cz\/index.php\/wp-json\/wp\/v2\/types\/post"}],"author":[{"embeddable":true,"href":"https:\/\/bookhouse.cz\/index.php\/wp-json\/wp\/v2\/users\/8"}],"replies":[{"embeddable":true,"href":"https:\/\/bookhouse.cz\/index.php\/wp-json\/wp\/v2\/comments?post=8170"}],"version-history":[{"count":1,"href":"https:\/\/bookhouse.cz\/index.php\/wp-json\/wp\/v2\/posts\/8170\/revisions"}],"predecessor-version":[{"id":8173,"href":"https:\/\/bookhouse.cz\/index.php\/wp-json\/wp\/v2\/posts\/8170\/revisions\/8173"}],"wp:featuredmedia":[{"embeddable":true,"href":"https:\/\/bookhouse.cz\/index.php\/wp-json\/wp\/v2\/media\/8171"}],"wp:attachment":[{"href":"https:\/\/bookhouse.cz\/index.php\/wp-json\/wp\/v2\/media?parent=8170"}],"wp:term":[{"taxonomy":"category","embeddable":true,"href":"https:\/\/bookhouse.cz\/index.php\/wp-json\/wp\/v2\/categories?post=8170"},{"taxonomy":"post_tag","embeddable":true,"href":"https:\/\/bookhouse.cz\/index.php\/wp-json\/wp\/v2\/tags?post=8170"}],"curies":[{"name":"wp","href":"https:\/\/api.w.org\/{rel}","templated":true}]}}