{"id":8109,"date":"2025-01-06T00:01:00","date_gmt":"2025-01-05T23:01:00","guid":{"rendered":"https:\/\/bookhouse.cz\/?p=8109"},"modified":"2025-01-04T22:52:23","modified_gmt":"2025-01-04T21:52:23","slug":"nejvetsi-katastrofy-a-nestesti-cech-moravy-a-slezska-jan-antonin-novak","status":"publish","type":"post","link":"https:\/\/bookhouse.cz\/index.php\/2025\/01\/06\/nejvetsi-katastrofy-a-nestesti-cech-moravy-a-slezska-jan-antonin-novak\/","title":{"rendered":"Nejv\u011bt\u0161\u00ed katastrofy a ne\u0161t\u011bst\u00ed \u010cech, Moravy a Slezska | Jan Anton\u00edn Nov\u00e1k"},"content":{"rendered":"\n<div style=\"height:45px\" aria-hidden=\"true\" class=\"wp-block-spacer\"><\/div>\n\n\n\n<p><strong>A\u010dkoliv se dne\u0161n\u00ed \u010desk\u00e9 \u00fazem\u00ed ned\u00e1 zrovna ozna\u010dit za oblast, kter\u00e1 by trp\u011bla p\u0159\u00edrodn\u00edmi katastrofami, \u010dasto zde v pr\u016fb\u011bhu minul\u00fdch stalet\u00ed nebyla o trag\u00e9die nejr\u016fzn\u011bj\u0161\u00edho druhu nouze.<\/strong><\/p>\n\n\n\n<div style=\"height:45px\" aria-hidden=\"true\" class=\"wp-block-spacer\"><\/div>\n\n\n<div class=\"wp-block-image\">\n<figure class=\"aligncenter size-large\"><img loading=\"lazy\" decoding=\"async\" width=\"1024\" height=\"661\" src=\"https:\/\/bookhouse.cz\/wp-content\/uploads\/2025\/01\/p9788076953147-nejvetsi-katastrofy-a-nestesti-cech-moravy-a-slezska-novak_-1_-1_2000861-1024x661.jpg\" alt=\"Nejv\u011bt\u0161\u00ed katastrofy a ne\u0161t\u011bst\u00ed \u010cech, Moravy a Slezska | Jan Anton\u00edn Nov\u00e1k\" class=\"wp-image-8110\" srcset=\"https:\/\/bookhouse.cz\/wp-content\/uploads\/2025\/01\/p9788076953147-nejvetsi-katastrofy-a-nestesti-cech-moravy-a-slezska-novak_-1_-1_2000861-1024x661.jpg 1024w, https:\/\/bookhouse.cz\/wp-content\/uploads\/2025\/01\/p9788076953147-nejvetsi-katastrofy-a-nestesti-cech-moravy-a-slezska-novak_-1_-1_2000861-300x194.jpg 300w, https:\/\/bookhouse.cz\/wp-content\/uploads\/2025\/01\/p9788076953147-nejvetsi-katastrofy-a-nestesti-cech-moravy-a-slezska-novak_-1_-1_2000861-768x496.jpg 768w, https:\/\/bookhouse.cz\/wp-content\/uploads\/2025\/01\/p9788076953147-nejvetsi-katastrofy-a-nestesti-cech-moravy-a-slezska-novak_-1_-1_2000861.jpg 1268w\" sizes=\"(max-width: 1024px) 100vw, 1024px\" \/><\/figure><\/div>\n\n\n<div style=\"height:45px\" aria-hidden=\"true\" class=\"wp-block-spacer\"><\/div>\n\n\n\n<p>A\u0165 u\u017e \u0161lo o d\u016fln\u00ed ne\u0161t\u011bst\u00ed, povodn\u011b, po\u017e\u00e1ry, morov\u00e9 epidemie \u010di leteck\u00e9 a \u017eelezni\u010dn\u00ed nehody nebo jadern\u00e9 a jin\u00e9 incidenty. Odhalte jejich p\u0159\u00ed\u010diny a poznejte osudy konkr\u00e9tn\u00edch ob\u011bt\u00ed, hrdin\u016f i vin\u00edk\u016f.<\/p>\n\n\n\n<div style=\"height:45px\" aria-hidden=\"true\" class=\"wp-block-spacer\"><\/div>\n\n\n<div class=\"wp-block-image\">\n<figure class=\"aligncenter size-large\"><img loading=\"lazy\" decoding=\"async\" width=\"649\" height=\"1024\" src=\"https:\/\/bookhouse.cz\/wp-content\/uploads\/2025\/01\/p9788076953147-nejvetsi-katastrofy-a-nestesti-cech-moravy-a-slezska-novak_-1_-1_2000861-2-649x1024.jpg\" alt=\"Nejv\u011bt\u0161\u00ed katastrofy a ne\u0161t\u011bst\u00ed \u010cech, Moravy a Slezska | Jan Anton\u00edn Nov\u00e1k\" class=\"wp-image-8111\" srcset=\"https:\/\/bookhouse.cz\/wp-content\/uploads\/2025\/01\/p9788076953147-nejvetsi-katastrofy-a-nestesti-cech-moravy-a-slezska-novak_-1_-1_2000861-2-649x1024.jpg 649w, https:\/\/bookhouse.cz\/wp-content\/uploads\/2025\/01\/p9788076953147-nejvetsi-katastrofy-a-nestesti-cech-moravy-a-slezska-novak_-1_-1_2000861-2-190x300.jpg 190w, https:\/\/bookhouse.cz\/wp-content\/uploads\/2025\/01\/p9788076953147-nejvetsi-katastrofy-a-nestesti-cech-moravy-a-slezska-novak_-1_-1_2000861-2-768x1211.jpg 768w, https:\/\/bookhouse.cz\/wp-content\/uploads\/2025\/01\/p9788076953147-nejvetsi-katastrofy-a-nestesti-cech-moravy-a-slezska-novak_-1_-1_2000861-2-974x1536.jpg 974w, https:\/\/bookhouse.cz\/wp-content\/uploads\/2025\/01\/p9788076953147-nejvetsi-katastrofy-a-nestesti-cech-moravy-a-slezska-novak_-1_-1_2000861-2.jpg 1268w\" sizes=\"(max-width: 649px) 100vw, 649px\" \/><\/figure><\/div>\n\n\n<div style=\"height:45px\" aria-hidden=\"true\" class=\"wp-block-spacer\"><\/div>\n\n\n\n<h2 class=\"wp-block-heading\" id=\"block-d5099aaf-fc1f-4aea-9eb1-4e097e5ca5da\">N\u00e1zev knihy: Nejv\u011bt\u0161\u00ed katastrofy a ne\u0161t\u011bst\u00ed \u010cech, Moravy a Slezska<\/h2>\n\n\n\n<div style=\"height:45px\" aria-hidden=\"true\" class=\"wp-block-spacer\"><\/div>\n\n\n\n<p id=\"block-f563f394-4ca1-47f0-b136-5ffe5b4f4d1c\"><strong>Autor:<\/strong>&nbsp;Jan Anton\u00edn Nov\u00e1k<\/p>\n\n\n\n<p id=\"block-30e75497-0af9-41c7-9cd2-0d7e7f286ca8\"><strong>Po\u010det stran \/ vazba:<\/strong>&nbsp;352 stran \/ Pevn\u00e1 vazba<\/p>\n\n\n\n<p id=\"block-6061cabd-fa38-4434-b0be-477ed69294ec\"><strong>Doporu\u010den\u00e1<\/strong>&nbsp;<strong>cena:<\/strong>&nbsp;389 K\u010d<\/p>\n\n\n\n<p id=\"block-bf00762f-3f26-4bb9-9a78-6955ce7d639d\"><strong>Vydalo<\/strong>:&nbsp;Nakladatelstv\u00ed Alpress<\/p>\n\n\n\n<p><strong>V\u00edce informac\u00ed na:<a href=\"http:\/\/www.alpress\/\">&nbsp;www.alpress.cz<\/a><\/strong><\/p>\n\n\n\n<div style=\"height:45px\" aria-hidden=\"true\" class=\"wp-block-spacer\"><\/div>\n\n\n\n<p><strong>Zdroj foto:&nbsp;<\/strong>Alpress<\/p>\n\n\n\n<div style=\"height:150px\" aria-hidden=\"true\" class=\"wp-block-spacer\"><\/div>\n","protected":false},"excerpt":{"rendered":"<p>A\u010dkoliv se dne\u0161n\u00ed \u010desk\u00e9 \u00fazem\u00ed ned\u00e1 zrovna ozna\u010dit za oblast, kter\u00e1 by trp\u011bla p\u0159\u00edrodn\u00edmi katastrofami, \u010dasto zde v pr\u016fb\u011bhu minul\u00fdch stalet\u00ed nebyla o trag\u00e9die nejr\u016fzn\u011bj\u0161\u00edho druhu nouze. A\u0165 u\u017e \u0161lo o d\u016fln\u00ed ne\u0161t\u011bst\u00ed, povodn\u011b,&#46;&#46;&#46;<\/p>\n","protected":false},"author":8,"featured_media":8110,"comment_status":"closed","ping_status":"closed","sticky":false,"template":"","format":"standard","meta":{"_monsterinsights_skip_tracking":false,"_monsterinsights_sitenote_active":false,"_monsterinsights_sitenote_note":"","_monsterinsights_sitenote_category":0,"footnotes":""},"categories":[22,3,5,46],"tags":[],"yoast_head":"<!-- This site is optimized with the Yoast SEO plugin v21.5 - https:\/\/yoast.com\/wordpress\/plugins\/seo\/ -->\n<title>Nejv\u011bt\u0161\u00ed katastrofy a ne\u0161t\u011bst\u00ed \u010cech, Moravy a Slezska | Jan Anton\u00edn Nov\u00e1k - BOOKHOUSE.cz<\/title>\n<meta name=\"description\" content=\"A\u010dkoliv se \u010desk\u00e9 \u00fazem\u00ed ned\u00e1 zrovna ozna\u010dit za oblast, kter\u00e1 by trp\u011bla p\u0159\u00edrodn\u00edmi katastrofami, \u010dasto zde nebyla o trag\u00e9die nouze.\" \/>\n<meta name=\"robots\" content=\"index, follow, max-snippet:-1, max-image-preview:large, max-video-preview:-1\" \/>\n<link rel=\"canonical\" href=\"https:\/\/bookhouse.cz\/index.php\/2025\/01\/06\/nejvetsi-katastrofy-a-nestesti-cech-moravy-a-slezska-jan-antonin-novak\/\" \/>\n<meta property=\"og:locale\" content=\"cs_CZ\" \/>\n<meta property=\"og:type\" content=\"article\" \/>\n<meta property=\"og:title\" content=\"Nejv\u011bt\u0161\u00ed katastrofy a ne\u0161t\u011bst\u00ed \u010cech, Moravy a Slezska | Jan Anton\u00edn Nov\u00e1k - BOOKHOUSE.cz\" \/>\n<meta property=\"og:description\" content=\"A\u010dkoliv se \u010desk\u00e9 \u00fazem\u00ed ned\u00e1 zrovna ozna\u010dit za oblast, kter\u00e1 by trp\u011bla p\u0159\u00edrodn\u00edmi katastrofami, \u010dasto zde nebyla o trag\u00e9die nouze.\" \/>\n<meta property=\"og:url\" content=\"https:\/\/bookhouse.cz\/index.php\/2025\/01\/06\/nejvetsi-katastrofy-a-nestesti-cech-moravy-a-slezska-jan-antonin-novak\/\" \/>\n<meta property=\"og:site_name\" content=\"BOOKHOUSE.cz\" \/>\n<meta property=\"article:publisher\" content=\"https:\/\/www.facebook.com\/bookhousecz\" \/>\n<meta property=\"article:published_time\" content=\"2025-01-05T23:01:00+00:00\" \/>\n<meta property=\"article:modified_time\" content=\"2025-01-04T21:52:23+00:00\" \/>\n<meta property=\"og:image\" content=\"https:\/\/bookhouse.cz\/wp-content\/uploads\/2025\/01\/p9788076953147-nejvetsi-katastrofy-a-nestesti-cech-moravy-a-slezska-novak_-1_-1_2000861.jpg\" \/>\n\t<meta property=\"og:image:width\" content=\"1268\" \/>\n\t<meta property=\"og:image:height\" content=\"819\" \/>\n\t<meta property=\"og:image:type\" content=\"image\/jpeg\" \/>\n<meta name=\"author\" content=\"Martina Pechov\u00e1\" \/>\n<meta name=\"twitter:card\" content=\"summary_large_image\" \/>\n<meta name=\"twitter:label1\" content=\"Napsal(a)\" \/>\n\t<meta name=\"twitter:data1\" content=\"Martina Pechov\u00e1\" \/>\n\t<meta name=\"twitter:label2\" content=\"Odhadovan\u00e1 doba \u010dten\u00ed\" \/>\n\t<meta name=\"twitter:data2\" content=\"1 minuta\" \/>\n<script type=\"application\/ld+json\" class=\"yoast-schema-graph\">{\"@context\":\"https:\/\/schema.org\",\"@graph\":[{\"@type\":\"Article\",\"@id\":\"https:\/\/bookhouse.cz\/index.php\/2025\/01\/06\/nejvetsi-katastrofy-a-nestesti-cech-moravy-a-slezska-jan-antonin-novak\/#article\",\"isPartOf\":{\"@id\":\"https:\/\/bookhouse.cz\/index.php\/2025\/01\/06\/nejvetsi-katastrofy-a-nestesti-cech-moravy-a-slezska-jan-antonin-novak\/\"},\"author\":{\"name\":\"Martina Pechov\u00e1\",\"@id\":\"https:\/\/bookhouse.cz\/#\/schema\/person\/f34350c4206dd14422181c0fbd0922a3\"},\"headline\":\"Nejv\u011bt\u0161\u00ed katastrofy a ne\u0161t\u011bst\u00ed \u010cech, Moravy a Slezska | Jan Anton\u00edn Nov\u00e1k\",\"datePublished\":\"2025-01-05T23:01:00+00:00\",\"dateModified\":\"2025-01-04T21:52:23+00:00\",\"mainEntityOfPage\":{\"@id\":\"https:\/\/bookhouse.cz\/index.php\/2025\/01\/06\/nejvetsi-katastrofy-a-nestesti-cech-moravy-a-slezska-jan-antonin-novak\/\"},\"wordCount\":148,\"publisher\":{\"@id\":\"https:\/\/bookhouse.cz\/#organization\"},\"articleSection\":[\"HISTORIE\",\"NEWS\",\"ODBORN\u00c1\",\"Z\u00c1HADY\"],\"inLanguage\":\"cs\"},{\"@type\":\"WebPage\",\"@id\":\"https:\/\/bookhouse.cz\/index.php\/2025\/01\/06\/nejvetsi-katastrofy-a-nestesti-cech-moravy-a-slezska-jan-antonin-novak\/\",\"url\":\"https:\/\/bookhouse.cz\/index.php\/2025\/01\/06\/nejvetsi-katastrofy-a-nestesti-cech-moravy-a-slezska-jan-antonin-novak\/\",\"name\":\"Nejv\u011bt\u0161\u00ed katastrofy a ne\u0161t\u011bst\u00ed \u010cech, Moravy a Slezska | Jan Anton\u00edn Nov\u00e1k - BOOKHOUSE.cz\",\"isPartOf\":{\"@id\":\"https:\/\/bookhouse.cz\/#website\"},\"datePublished\":\"2025-01-05T23:01:00+00:00\",\"dateModified\":\"2025-01-04T21:52:23+00:00\",\"description\":\"A\u010dkoliv se \u010desk\u00e9 \u00fazem\u00ed ned\u00e1 zrovna ozna\u010dit za oblast, kter\u00e1 by trp\u011bla p\u0159\u00edrodn\u00edmi katastrofami, \u010dasto zde nebyla o trag\u00e9die nouze.\",\"breadcrumb\":{\"@id\":\"https:\/\/bookhouse.cz\/index.php\/2025\/01\/06\/nejvetsi-katastrofy-a-nestesti-cech-moravy-a-slezska-jan-antonin-novak\/#breadcrumb\"},\"inLanguage\":\"cs\",\"potentialAction\":[{\"@type\":\"ReadAction\",\"target\":[\"https:\/\/bookhouse.cz\/index.php\/2025\/01\/06\/nejvetsi-katastrofy-a-nestesti-cech-moravy-a-slezska-jan-antonin-novak\/\"]}]},{\"@type\":\"BreadcrumbList\",\"@id\":\"https:\/\/bookhouse.cz\/index.php\/2025\/01\/06\/nejvetsi-katastrofy-a-nestesti-cech-moravy-a-slezska-jan-antonin-novak\/#breadcrumb\",\"itemListElement\":[{\"@type\":\"ListItem\",\"position\":1,\"name\":\"Dom\u016f\",\"item\":\"https:\/\/bookhouse.cz\/\"},{\"@type\":\"ListItem\",\"position\":2,\"name\":\"Nejv\u011bt\u0161\u00ed katastrofy a ne\u0161t\u011bst\u00ed \u010cech, Moravy a Slezska | Jan Anton\u00edn Nov\u00e1k\"}]},{\"@type\":\"WebSite\",\"@id\":\"https:\/\/bookhouse.cz\/#website\",\"url\":\"https:\/\/bookhouse.cz\/\",\"name\":\"BOOKHOUSE.cz\",\"description\":\"Port\u00e1l o kni\u017en\u00edch novink\u00e1ch.\",\"publisher\":{\"@id\":\"https:\/\/bookhouse.cz\/#organization\"},\"potentialAction\":[{\"@type\":\"SearchAction\",\"target\":{\"@type\":\"EntryPoint\",\"urlTemplate\":\"https:\/\/bookhouse.cz\/?s={search_term_string}\"},\"query-input\":\"required name=search_term_string\"}],\"inLanguage\":\"cs\"},{\"@type\":\"Organization\",\"@id\":\"https:\/\/bookhouse.cz\/#organization\",\"name\":\"BOOKHOUSE.cz\",\"url\":\"https:\/\/bookhouse.cz\/\",\"logo\":{\"@type\":\"ImageObject\",\"inLanguage\":\"cs\",\"@id\":\"https:\/\/bookhouse.cz\/#\/schema\/logo\/image\/\",\"url\":\"https:\/\/bookhouse.cz\/wp-content\/uploads\/2024\/12\/cropped-Logo_BookHouse.jpg\",\"contentUrl\":\"https:\/\/bookhouse.cz\/wp-content\/uploads\/2024\/12\/cropped-Logo_BookHouse.jpg\",\"width\":938,\"height\":513,\"caption\":\"BOOKHOUSE.cz\"},\"image\":{\"@id\":\"https:\/\/bookhouse.cz\/#\/schema\/logo\/image\/\"},\"sameAs\":[\"https:\/\/www.facebook.com\/bookhousecz\",\"https:\/\/www.instagram.com\/bookhousecz\"]},{\"@type\":\"Person\",\"@id\":\"https:\/\/bookhouse.cz\/#\/schema\/person\/f34350c4206dd14422181c0fbd0922a3\",\"name\":\"Martina Pechov\u00e1\",\"image\":{\"@type\":\"ImageObject\",\"inLanguage\":\"cs\",\"@id\":\"https:\/\/bookhouse.cz\/#\/schema\/person\/image\/\",\"url\":\"https:\/\/secure.gravatar.com\/avatar\/d3ad7f43789eed68b221d01c6d7ac4e5?s=96&d=mm&r=g\",\"contentUrl\":\"https:\/\/secure.gravatar.com\/avatar\/d3ad7f43789eed68b221d01c6d7ac4e5?s=96&d=mm&r=g\",\"caption\":\"Martina Pechov\u00e1\"},\"sameAs\":[\"http:\/\/BOOKHOUSE.cz\"],\"url\":\"https:\/\/bookhouse.cz\/index.php\/author\/marpech\/\"}]}<\/script>\n<!-- \/ Yoast SEO plugin. -->","yoast_head_json":{"title":"Nejv\u011bt\u0161\u00ed katastrofy a ne\u0161t\u011bst\u00ed \u010cech, Moravy a Slezska | Jan Anton\u00edn Nov\u00e1k - BOOKHOUSE.cz","description":"A\u010dkoliv se \u010desk\u00e9 \u00fazem\u00ed ned\u00e1 zrovna ozna\u010dit za oblast, kter\u00e1 by trp\u011bla p\u0159\u00edrodn\u00edmi katastrofami, \u010dasto zde nebyla o trag\u00e9die nouze.","robots":{"index":"index","follow":"follow","max-snippet":"max-snippet:-1","max-image-preview":"max-image-preview:large","max-video-preview":"max-video-preview:-1"},"canonical":"https:\/\/bookhouse.cz\/index.php\/2025\/01\/06\/nejvetsi-katastrofy-a-nestesti-cech-moravy-a-slezska-jan-antonin-novak\/","og_locale":"cs_CZ","og_type":"article","og_title":"Nejv\u011bt\u0161\u00ed katastrofy a ne\u0161t\u011bst\u00ed \u010cech, Moravy a Slezska | Jan Anton\u00edn Nov\u00e1k - BOOKHOUSE.cz","og_description":"A\u010dkoliv se \u010desk\u00e9 \u00fazem\u00ed ned\u00e1 zrovna ozna\u010dit za oblast, kter\u00e1 by trp\u011bla p\u0159\u00edrodn\u00edmi katastrofami, \u010dasto zde nebyla o trag\u00e9die nouze.","og_url":"https:\/\/bookhouse.cz\/index.php\/2025\/01\/06\/nejvetsi-katastrofy-a-nestesti-cech-moravy-a-slezska-jan-antonin-novak\/","og_site_name":"BOOKHOUSE.cz","article_publisher":"https:\/\/www.facebook.com\/bookhousecz","article_published_time":"2025-01-05T23:01:00+00:00","article_modified_time":"2025-01-04T21:52:23+00:00","og_image":[{"width":1268,"height":819,"url":"https:\/\/bookhouse.cz\/wp-content\/uploads\/2025\/01\/p9788076953147-nejvetsi-katastrofy-a-nestesti-cech-moravy-a-slezska-novak_-1_-1_2000861.jpg","type":"image\/jpeg"}],"author":"Martina Pechov\u00e1","twitter_card":"summary_large_image","twitter_misc":{"Napsal(a)":"Martina Pechov\u00e1","Odhadovan\u00e1 doba \u010dten\u00ed":"1 minuta"},"schema":{"@context":"https:\/\/schema.org","@graph":[{"@type":"Article","@id":"https:\/\/bookhouse.cz\/index.php\/2025\/01\/06\/nejvetsi-katastrofy-a-nestesti-cech-moravy-a-slezska-jan-antonin-novak\/#article","isPartOf":{"@id":"https:\/\/bookhouse.cz\/index.php\/2025\/01\/06\/nejvetsi-katastrofy-a-nestesti-cech-moravy-a-slezska-jan-antonin-novak\/"},"author":{"name":"Martina Pechov\u00e1","@id":"https:\/\/bookhouse.cz\/#\/schema\/person\/f34350c4206dd14422181c0fbd0922a3"},"headline":"Nejv\u011bt\u0161\u00ed katastrofy a ne\u0161t\u011bst\u00ed \u010cech, Moravy a Slezska | Jan Anton\u00edn Nov\u00e1k","datePublished":"2025-01-05T23:01:00+00:00","dateModified":"2025-01-04T21:52:23+00:00","mainEntityOfPage":{"@id":"https:\/\/bookhouse.cz\/index.php\/2025\/01\/06\/nejvetsi-katastrofy-a-nestesti-cech-moravy-a-slezska-jan-antonin-novak\/"},"wordCount":148,"publisher":{"@id":"https:\/\/bookhouse.cz\/#organization"},"articleSection":["HISTORIE","NEWS","ODBORN\u00c1","Z\u00c1HADY"],"inLanguage":"cs"},{"@type":"WebPage","@id":"https:\/\/bookhouse.cz\/index.php\/2025\/01\/06\/nejvetsi-katastrofy-a-nestesti-cech-moravy-a-slezska-jan-antonin-novak\/","url":"https:\/\/bookhouse.cz\/index.php\/2025\/01\/06\/nejvetsi-katastrofy-a-nestesti-cech-moravy-a-slezska-jan-antonin-novak\/","name":"Nejv\u011bt\u0161\u00ed katastrofy a ne\u0161t\u011bst\u00ed \u010cech, Moravy a Slezska | Jan Anton\u00edn Nov\u00e1k - BOOKHOUSE.cz","isPartOf":{"@id":"https:\/\/bookhouse.cz\/#website"},"datePublished":"2025-01-05T23:01:00+00:00","dateModified":"2025-01-04T21:52:23+00:00","description":"A\u010dkoliv se \u010desk\u00e9 \u00fazem\u00ed ned\u00e1 zrovna ozna\u010dit za oblast, kter\u00e1 by trp\u011bla p\u0159\u00edrodn\u00edmi katastrofami, \u010dasto zde nebyla o trag\u00e9die nouze.","breadcrumb":{"@id":"https:\/\/bookhouse.cz\/index.php\/2025\/01\/06\/nejvetsi-katastrofy-a-nestesti-cech-moravy-a-slezska-jan-antonin-novak\/#breadcrumb"},"inLanguage":"cs","potentialAction":[{"@type":"ReadAction","target":["https:\/\/bookhouse.cz\/index.php\/2025\/01\/06\/nejvetsi-katastrofy-a-nestesti-cech-moravy-a-slezska-jan-antonin-novak\/"]}]},{"@type":"BreadcrumbList","@id":"https:\/\/bookhouse.cz\/index.php\/2025\/01\/06\/nejvetsi-katastrofy-a-nestesti-cech-moravy-a-slezska-jan-antonin-novak\/#breadcrumb","itemListElement":[{"@type":"ListItem","position":1,"name":"Dom\u016f","item":"https:\/\/bookhouse.cz\/"},{"@type":"ListItem","position":2,"name":"Nejv\u011bt\u0161\u00ed katastrofy a ne\u0161t\u011bst\u00ed \u010cech, Moravy a Slezska | Jan Anton\u00edn Nov\u00e1k"}]},{"@type":"WebSite","@id":"https:\/\/bookhouse.cz\/#website","url":"https:\/\/bookhouse.cz\/","name":"BOOKHOUSE.cz","description":"Port\u00e1l o kni\u017en\u00edch novink\u00e1ch.","publisher":{"@id":"https:\/\/bookhouse.cz\/#organization"},"potentialAction":[{"@type":"SearchAction","target":{"@type":"EntryPoint","urlTemplate":"https:\/\/bookhouse.cz\/?s={search_term_string}"},"query-input":"required name=search_term_string"}],"inLanguage":"cs"},{"@type":"Organization","@id":"https:\/\/bookhouse.cz\/#organization","name":"BOOKHOUSE.cz","url":"https:\/\/bookhouse.cz\/","logo":{"@type":"ImageObject","inLanguage":"cs","@id":"https:\/\/bookhouse.cz\/#\/schema\/logo\/image\/","url":"https:\/\/bookhouse.cz\/wp-content\/uploads\/2024\/12\/cropped-Logo_BookHouse.jpg","contentUrl":"https:\/\/bookhouse.cz\/wp-content\/uploads\/2024\/12\/cropped-Logo_BookHouse.jpg","width":938,"height":513,"caption":"BOOKHOUSE.cz"},"image":{"@id":"https:\/\/bookhouse.cz\/#\/schema\/logo\/image\/"},"sameAs":["https:\/\/www.facebook.com\/bookhousecz","https:\/\/www.instagram.com\/bookhousecz"]},{"@type":"Person","@id":"https:\/\/bookhouse.cz\/#\/schema\/person\/f34350c4206dd14422181c0fbd0922a3","name":"Martina Pechov\u00e1","image":{"@type":"ImageObject","inLanguage":"cs","@id":"https:\/\/bookhouse.cz\/#\/schema\/person\/image\/","url":"https:\/\/secure.gravatar.com\/avatar\/d3ad7f43789eed68b221d01c6d7ac4e5?s=96&d=mm&r=g","contentUrl":"https:\/\/secure.gravatar.com\/avatar\/d3ad7f43789eed68b221d01c6d7ac4e5?s=96&d=mm&r=g","caption":"Martina Pechov\u00e1"},"sameAs":["http:\/\/BOOKHOUSE.cz"],"url":"https:\/\/bookhouse.cz\/index.php\/author\/marpech\/"}]}},"_links":{"self":[{"href":"https:\/\/bookhouse.cz\/index.php\/wp-json\/wp\/v2\/posts\/8109"}],"collection":[{"href":"https:\/\/bookhouse.cz\/index.php\/wp-json\/wp\/v2\/posts"}],"about":[{"href":"https:\/\/bookhouse.cz\/index.php\/wp-json\/wp\/v2\/types\/post"}],"author":[{"embeddable":true,"href":"https:\/\/bookhouse.cz\/index.php\/wp-json\/wp\/v2\/users\/8"}],"replies":[{"embeddable":true,"href":"https:\/\/bookhouse.cz\/index.php\/wp-json\/wp\/v2\/comments?post=8109"}],"version-history":[{"count":2,"href":"https:\/\/bookhouse.cz\/index.php\/wp-json\/wp\/v2\/posts\/8109\/revisions"}],"predecessor-version":[{"id":8113,"href":"https:\/\/bookhouse.cz\/index.php\/wp-json\/wp\/v2\/posts\/8109\/revisions\/8113"}],"wp:featuredmedia":[{"embeddable":true,"href":"https:\/\/bookhouse.cz\/index.php\/wp-json\/wp\/v2\/media\/8110"}],"wp:attachment":[{"href":"https:\/\/bookhouse.cz\/index.php\/wp-json\/wp\/v2\/media?parent=8109"}],"wp:term":[{"taxonomy":"category","embeddable":true,"href":"https:\/\/bookhouse.cz\/index.php\/wp-json\/wp\/v2\/categories?post=8109"},{"taxonomy":"post_tag","embeddable":true,"href":"https:\/\/bookhouse.cz\/index.php\/wp-json\/wp\/v2\/tags?post=8109"}],"curies":[{"name":"wp","href":"https:\/\/api.w.org\/{rel}","templated":true}]}}