{"id":7888,"date":"2024-11-29T00:01:00","date_gmt":"2024-11-28T23:01:00","guid":{"rendered":"https:\/\/bookhouse.cz\/?p=7888"},"modified":"2024-11-16T13:12:48","modified_gmt":"2024-11-16T12:12:48","slug":"past-perfekcionismu-thomas-curran","status":"publish","type":"post","link":"https:\/\/bookhouse.cz\/index.php\/2024\/11\/29\/past-perfekcionismu-thomas-curran\/","title":{"rendered":"Past perfekcionismu | Thomas Curran"},"content":{"rendered":"\n<div style=\"height:45px\" aria-hidden=\"true\" class=\"wp-block-spacer\"><\/div>\n\n\n\n<p><strong>Pro\u010d se dnes st\u00e1le mluv\u00ed o tom, \u017ee syndromem vyho\u0159en\u00ed a depres\u00ed trp\u00ed rekordn\u00ed po\u010dty lid\u00ed? Podle Thomase Currana za t\u00edm stoj\u00ed tlak spole\u010dnosti na to, abychom cht\u011bli v\u00edc &#8211; abychom byli perfektn\u00ed<\/strong>.<\/p>\n\n\n\n<div style=\"height:45px\" aria-hidden=\"true\" class=\"wp-block-spacer\"><\/div>\n\n\n<div class=\"wp-block-image\">\n<figure class=\"aligncenter size-large\"><img loading=\"lazy\" decoding=\"async\" width=\"1024\" height=\"625\" src=\"https:\/\/bookhouse.cz\/wp-content\/uploads\/2024\/11\/1544-1024x625.jpg\" alt=\"Past perfekcionismu | Thomas Curran\" class=\"wp-image-7889\" srcset=\"https:\/\/bookhouse.cz\/wp-content\/uploads\/2024\/11\/1544-1024x625.jpg 1024w, https:\/\/bookhouse.cz\/wp-content\/uploads\/2024\/11\/1544-300x183.jpg 300w, https:\/\/bookhouse.cz\/wp-content\/uploads\/2024\/11\/1544-768x469.jpg 768w, https:\/\/bookhouse.cz\/wp-content\/uploads\/2024\/11\/1544.jpg 1319w\" sizes=\"(max-width: 1024px) 100vw, 1024px\" \/><\/figure><\/div>\n\n\n<div style=\"height:45px\" aria-hidden=\"true\" class=\"wp-block-spacer\"><\/div>\n\n\n\n<p>Mezi p\u0159\u00ed\u010diny sou\u010dasn\u00e9ho stavu podle n\u011bj pat\u0159\u00ed nap\u0159\u00edklad rostouc\u00ed sout\u011b\u017eivost na pracovi\u0161ti, v\u0161udyp\u0159\u00edtomn\u00e9 porovn\u00e1v\u00e1n\u00ed s ostatn\u00edmi na soci\u00e1ln\u00edch s\u00edt\u00edch, \u00faporn\u00e1 snaha o dosa\u017een\u00ed elitn\u00edho vzd\u011bl\u00e1n\u00ed a zam\u011bstn\u00e1n\u00ed \u010di rodi\u010de, kte\u0159\u00ed cht\u011bj\u00ed pro sv\u00e9 d\u011bti &#8222;jen to nejlep\u0161\u00ed&#8220;, bez ohledu na jejich vlastn\u00ed preference. Curran ve sv\u00e9 knize pomoc\u00ed nejnov\u011bj\u0161\u00edch v\u011bdeck\u00fdch dat dokl\u00e1d\u00e1, \u017ee z rostouc\u00ed touhy po perfektnosti spojen\u00e9 s neust\u00e1l\u00fdm tlakem na vykazov\u00e1n\u00ed r\u016fstu se zrodila \u0161irok\u00e1 vrstva veskrze nespokojen\u00fdch lid\u00ed, jim\u017e chyb\u00ed sebev\u011bdom\u00ed. Ukazuje n\u00e1m v\u0161ak, \u017ee existuje cesta ven, a navrhuje, co m\u016f\u017eeme ud\u011blat pro to, abychom tomuto tlaku modern\u00ed spole\u010dnosti na dokonalost odolali a dos\u00e1hli t\u00edm napln\u011bn\u00e9ho \u017eivota.<\/p>\n\n\n\n<div style=\"height:45px\" aria-hidden=\"true\" class=\"wp-block-spacer\"><\/div>\n\n\n<div class=\"wp-block-image\">\n<figure class=\"aligncenter size-large\"><img loading=\"lazy\" decoding=\"async\" width=\"675\" height=\"1024\" src=\"https:\/\/bookhouse.cz\/wp-content\/uploads\/2024\/11\/1544-2-675x1024.jpg\" alt=\"Past perfekcionismu | Thomas Curran\" class=\"wp-image-7890\" srcset=\"https:\/\/bookhouse.cz\/wp-content\/uploads\/2024\/11\/1544-2-675x1024.jpg 675w, https:\/\/bookhouse.cz\/wp-content\/uploads\/2024\/11\/1544-2-198x300.jpg 198w, https:\/\/bookhouse.cz\/wp-content\/uploads\/2024\/11\/1544-2-768x1165.jpg 768w, https:\/\/bookhouse.cz\/wp-content\/uploads\/2024\/11\/1544-2-1013x1536.jpg 1013w, https:\/\/bookhouse.cz\/wp-content\/uploads\/2024\/11\/1544-2.jpg 1319w\" sizes=\"(max-width: 675px) 100vw, 675px\" \/><\/figure><\/div>\n\n\n<div style=\"height:45px\" aria-hidden=\"true\" class=\"wp-block-spacer\"><\/div>\n\n\n\n<h2 class=\"wp-block-heading\" id=\"block-d5099aaf-fc1f-4aea-9eb1-4e097e5ca5da\">N\u00e1zev knihy: Past perfekcionismu<\/h2>\n\n\n\n<div style=\"height:45px\" aria-hidden=\"true\" class=\"wp-block-spacer\"><\/div>\n\n\n\n<p id=\"block-f563f394-4ca1-47f0-b136-5ffe5b4f4d1c\"><strong>Autor:<\/strong>\u00a0Thomas Curran<\/p>\n\n\n\n<p id=\"block-30e75497-0af9-41c7-9cd2-0d7e7f286ca8\"><strong>Po\u010det stran \/ vazba:<\/strong>\u00a0272 stran \/ V\u00e1zan\u00e1 s p\u0159ebalem<\/p>\n\n\n\n<p id=\"block-6061cabd-fa38-4434-b0be-477ed69294ec\"><strong>Doporu\u010den\u00e1<\/strong>\u00a0<strong>cena:<\/strong>\u00a0398 K\u010d<\/p>\n\n\n\n<p id=\"block-bf00762f-3f26-4bb9-9a78-6955ce7d639d\"><strong>Vydalo<\/strong>:&nbsp;Nakladatelstv\u00ed Doko\u0159\u00e1n<\/p>\n\n\n\n<p><strong>V\u00edce informac\u00ed na:\u00a0<a href=\"http:\/\/www.dokoran.cz\/\" target=\"_blank\" rel=\"noreferrer noopener\">www.dokoran.cz<\/a><\/strong><\/p>\n\n\n\n<div style=\"height:45px\" aria-hidden=\"true\" class=\"wp-block-spacer\"><\/div>\n\n\n\n<p id=\"block-78735c9f-8b0d-4f1e-a3f4-81a23eadb822\"><strong>Zdroj foto:<\/strong>\u00a0Doko\u0159\u00e1n<\/p>\n\n\n\n<div style=\"height:150px\" aria-hidden=\"true\" class=\"wp-block-spacer\"><\/div>\n","protected":false},"excerpt":{"rendered":"<p>Pro\u010d se dnes st\u00e1le mluv\u00ed o tom, \u017ee syndromem vyho\u0159en\u00ed a depres\u00ed trp\u00ed rekordn\u00ed po\u010dty lid\u00ed? Podle Thomase Currana za t\u00edm stoj\u00ed tlak spole\u010dnosti na to, abychom cht\u011bli v\u00edc &#8211; abychom byli perfektn\u00ed. Mezi&#46;&#46;&#46;<\/p>\n","protected":false},"author":8,"featured_media":7889,"comment_status":"closed","ping_status":"closed","sticky":false,"template":"","format":"standard","meta":{"_monsterinsights_skip_tracking":false,"_monsterinsights_sitenote_active":false,"_monsterinsights_sitenote_note":"","_monsterinsights_sitenote_category":0,"footnotes":""},"categories":[3,5,40],"tags":[],"yoast_head":"<!-- This site is optimized with the Yoast SEO plugin v21.5 - https:\/\/yoast.com\/wordpress\/plugins\/seo\/ -->\n<title>Past perfekcionismu | Thomas Curran - BOOKHOUSE.cz<\/title>\n<meta name=\"description\" content=\"Pro\u010d se dnes st\u00e1le mluv\u00ed o tom, \u017ee syndromem vyho\u0159en\u00ed a depres\u00ed trp\u00ed rekordn\u00ed po\u010dty lid\u00ed? Podle Thomase Currana za t\u00edm stoj\u00ed tlak spole\u010dnosti\" \/>\n<meta name=\"robots\" content=\"index, follow, max-snippet:-1, max-image-preview:large, max-video-preview:-1\" \/>\n<link rel=\"canonical\" href=\"https:\/\/bookhouse.cz\/index.php\/2024\/11\/29\/past-perfekcionismu-thomas-curran\/\" \/>\n<meta property=\"og:locale\" content=\"cs_CZ\" \/>\n<meta property=\"og:type\" content=\"article\" \/>\n<meta property=\"og:title\" content=\"Past perfekcionismu | Thomas Curran - BOOKHOUSE.cz\" \/>\n<meta property=\"og:description\" content=\"Pro\u010d se dnes st\u00e1le mluv\u00ed o tom, \u017ee syndromem vyho\u0159en\u00ed a depres\u00ed trp\u00ed rekordn\u00ed po\u010dty lid\u00ed? Podle Thomase Currana za t\u00edm stoj\u00ed tlak spole\u010dnosti\" \/>\n<meta property=\"og:url\" content=\"https:\/\/bookhouse.cz\/index.php\/2024\/11\/29\/past-perfekcionismu-thomas-curran\/\" \/>\n<meta property=\"og:site_name\" content=\"BOOKHOUSE.cz\" \/>\n<meta property=\"article:publisher\" content=\"https:\/\/www.facebook.com\/bookhousecz\" \/>\n<meta property=\"article:published_time\" content=\"2024-11-28T23:01:00+00:00\" \/>\n<meta property=\"article:modified_time\" content=\"2024-11-16T12:12:48+00:00\" \/>\n<meta property=\"og:image\" content=\"https:\/\/bookhouse.cz\/wp-content\/uploads\/2024\/11\/1544.jpg\" \/>\n\t<meta property=\"og:image:width\" content=\"1319\" \/>\n\t<meta property=\"og:image:height\" content=\"805\" \/>\n\t<meta property=\"og:image:type\" content=\"image\/jpeg\" \/>\n<meta name=\"author\" content=\"Martina Pechov\u00e1\" \/>\n<meta name=\"twitter:card\" content=\"summary_large_image\" \/>\n<meta name=\"twitter:label1\" content=\"Napsal(a)\" \/>\n\t<meta name=\"twitter:data1\" content=\"Martina Pechov\u00e1\" \/>\n\t<meta name=\"twitter:label2\" content=\"Odhadovan\u00e1 doba \u010dten\u00ed\" \/>\n\t<meta name=\"twitter:data2\" content=\"2 minuty\" \/>\n<script type=\"application\/ld+json\" class=\"yoast-schema-graph\">{\"@context\":\"https:\/\/schema.org\",\"@graph\":[{\"@type\":\"Article\",\"@id\":\"https:\/\/bookhouse.cz\/index.php\/2024\/11\/29\/past-perfekcionismu-thomas-curran\/#article\",\"isPartOf\":{\"@id\":\"https:\/\/bookhouse.cz\/index.php\/2024\/11\/29\/past-perfekcionismu-thomas-curran\/\"},\"author\":{\"name\":\"Martina Pechov\u00e1\",\"@id\":\"https:\/\/bookhouse.cz\/#\/schema\/person\/f34350c4206dd14422181c0fbd0922a3\"},\"headline\":\"Past perfekcionismu | Thomas Curran\",\"datePublished\":\"2024-11-28T23:01:00+00:00\",\"dateModified\":\"2024-11-16T12:12:48+00:00\",\"mainEntityOfPage\":{\"@id\":\"https:\/\/bookhouse.cz\/index.php\/2024\/11\/29\/past-perfekcionismu-thomas-curran\/\"},\"wordCount\":229,\"publisher\":{\"@id\":\"https:\/\/bookhouse.cz\/#organization\"},\"articleSection\":[\"NEWS\",\"ODBORN\u00c1\",\"PSYCHOLOGIE\"],\"inLanguage\":\"cs\"},{\"@type\":\"WebPage\",\"@id\":\"https:\/\/bookhouse.cz\/index.php\/2024\/11\/29\/past-perfekcionismu-thomas-curran\/\",\"url\":\"https:\/\/bookhouse.cz\/index.php\/2024\/11\/29\/past-perfekcionismu-thomas-curran\/\",\"name\":\"Past perfekcionismu | Thomas Curran - BOOKHOUSE.cz\",\"isPartOf\":{\"@id\":\"https:\/\/bookhouse.cz\/#website\"},\"datePublished\":\"2024-11-28T23:01:00+00:00\",\"dateModified\":\"2024-11-16T12:12:48+00:00\",\"description\":\"Pro\u010d se dnes st\u00e1le mluv\u00ed o tom, \u017ee syndromem vyho\u0159en\u00ed a depres\u00ed trp\u00ed rekordn\u00ed po\u010dty lid\u00ed? Podle Thomase Currana za t\u00edm stoj\u00ed tlak spole\u010dnosti\",\"breadcrumb\":{\"@id\":\"https:\/\/bookhouse.cz\/index.php\/2024\/11\/29\/past-perfekcionismu-thomas-curran\/#breadcrumb\"},\"inLanguage\":\"cs\",\"potentialAction\":[{\"@type\":\"ReadAction\",\"target\":[\"https:\/\/bookhouse.cz\/index.php\/2024\/11\/29\/past-perfekcionismu-thomas-curran\/\"]}]},{\"@type\":\"BreadcrumbList\",\"@id\":\"https:\/\/bookhouse.cz\/index.php\/2024\/11\/29\/past-perfekcionismu-thomas-curran\/#breadcrumb\",\"itemListElement\":[{\"@type\":\"ListItem\",\"position\":1,\"name\":\"Dom\u016f\",\"item\":\"https:\/\/bookhouse.cz\/\"},{\"@type\":\"ListItem\",\"position\":2,\"name\":\"Past perfekcionismu | Thomas Curran\"}]},{\"@type\":\"WebSite\",\"@id\":\"https:\/\/bookhouse.cz\/#website\",\"url\":\"https:\/\/bookhouse.cz\/\",\"name\":\"BOOKHOUSE.cz\",\"description\":\"Port\u00e1l o kni\u017en\u00edch novink\u00e1ch.\",\"publisher\":{\"@id\":\"https:\/\/bookhouse.cz\/#organization\"},\"potentialAction\":[{\"@type\":\"SearchAction\",\"target\":{\"@type\":\"EntryPoint\",\"urlTemplate\":\"https:\/\/bookhouse.cz\/?s={search_term_string}\"},\"query-input\":\"required name=search_term_string\"}],\"inLanguage\":\"cs\"},{\"@type\":\"Organization\",\"@id\":\"https:\/\/bookhouse.cz\/#organization\",\"name\":\"BOOKHOUSE.cz\",\"url\":\"https:\/\/bookhouse.cz\/\",\"logo\":{\"@type\":\"ImageObject\",\"inLanguage\":\"cs\",\"@id\":\"https:\/\/bookhouse.cz\/#\/schema\/logo\/image\/\",\"url\":\"https:\/\/bookhouse.cz\/wp-content\/uploads\/2024\/12\/cropped-Logo_BookHouse.jpg\",\"contentUrl\":\"https:\/\/bookhouse.cz\/wp-content\/uploads\/2024\/12\/cropped-Logo_BookHouse.jpg\",\"width\":938,\"height\":513,\"caption\":\"BOOKHOUSE.cz\"},\"image\":{\"@id\":\"https:\/\/bookhouse.cz\/#\/schema\/logo\/image\/\"},\"sameAs\":[\"https:\/\/www.facebook.com\/bookhousecz\",\"https:\/\/www.instagram.com\/bookhousecz\"]},{\"@type\":\"Person\",\"@id\":\"https:\/\/bookhouse.cz\/#\/schema\/person\/f34350c4206dd14422181c0fbd0922a3\",\"name\":\"Martina Pechov\u00e1\",\"image\":{\"@type\":\"ImageObject\",\"inLanguage\":\"cs\",\"@id\":\"https:\/\/bookhouse.cz\/#\/schema\/person\/image\/\",\"url\":\"https:\/\/secure.gravatar.com\/avatar\/d3ad7f43789eed68b221d01c6d7ac4e5?s=96&d=mm&r=g\",\"contentUrl\":\"https:\/\/secure.gravatar.com\/avatar\/d3ad7f43789eed68b221d01c6d7ac4e5?s=96&d=mm&r=g\",\"caption\":\"Martina Pechov\u00e1\"},\"sameAs\":[\"http:\/\/BOOKHOUSE.cz\"],\"url\":\"https:\/\/bookhouse.cz\/index.php\/author\/marpech\/\"}]}<\/script>\n<!-- \/ Yoast SEO plugin. -->","yoast_head_json":{"title":"Past perfekcionismu | Thomas Curran - BOOKHOUSE.cz","description":"Pro\u010d se dnes st\u00e1le mluv\u00ed o tom, \u017ee syndromem vyho\u0159en\u00ed a depres\u00ed trp\u00ed rekordn\u00ed po\u010dty lid\u00ed? Podle Thomase Currana za t\u00edm stoj\u00ed tlak spole\u010dnosti","robots":{"index":"index","follow":"follow","max-snippet":"max-snippet:-1","max-image-preview":"max-image-preview:large","max-video-preview":"max-video-preview:-1"},"canonical":"https:\/\/bookhouse.cz\/index.php\/2024\/11\/29\/past-perfekcionismu-thomas-curran\/","og_locale":"cs_CZ","og_type":"article","og_title":"Past perfekcionismu | Thomas Curran - BOOKHOUSE.cz","og_description":"Pro\u010d se dnes st\u00e1le mluv\u00ed o tom, \u017ee syndromem vyho\u0159en\u00ed a depres\u00ed trp\u00ed rekordn\u00ed po\u010dty lid\u00ed? Podle Thomase Currana za t\u00edm stoj\u00ed tlak spole\u010dnosti","og_url":"https:\/\/bookhouse.cz\/index.php\/2024\/11\/29\/past-perfekcionismu-thomas-curran\/","og_site_name":"BOOKHOUSE.cz","article_publisher":"https:\/\/www.facebook.com\/bookhousecz","article_published_time":"2024-11-28T23:01:00+00:00","article_modified_time":"2024-11-16T12:12:48+00:00","og_image":[{"width":1319,"height":805,"url":"https:\/\/bookhouse.cz\/wp-content\/uploads\/2024\/11\/1544.jpg","type":"image\/jpeg"}],"author":"Martina Pechov\u00e1","twitter_card":"summary_large_image","twitter_misc":{"Napsal(a)":"Martina Pechov\u00e1","Odhadovan\u00e1 doba \u010dten\u00ed":"2 minuty"},"schema":{"@context":"https:\/\/schema.org","@graph":[{"@type":"Article","@id":"https:\/\/bookhouse.cz\/index.php\/2024\/11\/29\/past-perfekcionismu-thomas-curran\/#article","isPartOf":{"@id":"https:\/\/bookhouse.cz\/index.php\/2024\/11\/29\/past-perfekcionismu-thomas-curran\/"},"author":{"name":"Martina Pechov\u00e1","@id":"https:\/\/bookhouse.cz\/#\/schema\/person\/f34350c4206dd14422181c0fbd0922a3"},"headline":"Past perfekcionismu | Thomas Curran","datePublished":"2024-11-28T23:01:00+00:00","dateModified":"2024-11-16T12:12:48+00:00","mainEntityOfPage":{"@id":"https:\/\/bookhouse.cz\/index.php\/2024\/11\/29\/past-perfekcionismu-thomas-curran\/"},"wordCount":229,"publisher":{"@id":"https:\/\/bookhouse.cz\/#organization"},"articleSection":["NEWS","ODBORN\u00c1","PSYCHOLOGIE"],"inLanguage":"cs"},{"@type":"WebPage","@id":"https:\/\/bookhouse.cz\/index.php\/2024\/11\/29\/past-perfekcionismu-thomas-curran\/","url":"https:\/\/bookhouse.cz\/index.php\/2024\/11\/29\/past-perfekcionismu-thomas-curran\/","name":"Past perfekcionismu | Thomas Curran - BOOKHOUSE.cz","isPartOf":{"@id":"https:\/\/bookhouse.cz\/#website"},"datePublished":"2024-11-28T23:01:00+00:00","dateModified":"2024-11-16T12:12:48+00:00","description":"Pro\u010d se dnes st\u00e1le mluv\u00ed o tom, \u017ee syndromem vyho\u0159en\u00ed a depres\u00ed trp\u00ed rekordn\u00ed po\u010dty lid\u00ed? Podle Thomase Currana za t\u00edm stoj\u00ed tlak spole\u010dnosti","breadcrumb":{"@id":"https:\/\/bookhouse.cz\/index.php\/2024\/11\/29\/past-perfekcionismu-thomas-curran\/#breadcrumb"},"inLanguage":"cs","potentialAction":[{"@type":"ReadAction","target":["https:\/\/bookhouse.cz\/index.php\/2024\/11\/29\/past-perfekcionismu-thomas-curran\/"]}]},{"@type":"BreadcrumbList","@id":"https:\/\/bookhouse.cz\/index.php\/2024\/11\/29\/past-perfekcionismu-thomas-curran\/#breadcrumb","itemListElement":[{"@type":"ListItem","position":1,"name":"Dom\u016f","item":"https:\/\/bookhouse.cz\/"},{"@type":"ListItem","position":2,"name":"Past perfekcionismu | Thomas Curran"}]},{"@type":"WebSite","@id":"https:\/\/bookhouse.cz\/#website","url":"https:\/\/bookhouse.cz\/","name":"BOOKHOUSE.cz","description":"Port\u00e1l o kni\u017en\u00edch novink\u00e1ch.","publisher":{"@id":"https:\/\/bookhouse.cz\/#organization"},"potentialAction":[{"@type":"SearchAction","target":{"@type":"EntryPoint","urlTemplate":"https:\/\/bookhouse.cz\/?s={search_term_string}"},"query-input":"required name=search_term_string"}],"inLanguage":"cs"},{"@type":"Organization","@id":"https:\/\/bookhouse.cz\/#organization","name":"BOOKHOUSE.cz","url":"https:\/\/bookhouse.cz\/","logo":{"@type":"ImageObject","inLanguage":"cs","@id":"https:\/\/bookhouse.cz\/#\/schema\/logo\/image\/","url":"https:\/\/bookhouse.cz\/wp-content\/uploads\/2024\/12\/cropped-Logo_BookHouse.jpg","contentUrl":"https:\/\/bookhouse.cz\/wp-content\/uploads\/2024\/12\/cropped-Logo_BookHouse.jpg","width":938,"height":513,"caption":"BOOKHOUSE.cz"},"image":{"@id":"https:\/\/bookhouse.cz\/#\/schema\/logo\/image\/"},"sameAs":["https:\/\/www.facebook.com\/bookhousecz","https:\/\/www.instagram.com\/bookhousecz"]},{"@type":"Person","@id":"https:\/\/bookhouse.cz\/#\/schema\/person\/f34350c4206dd14422181c0fbd0922a3","name":"Martina Pechov\u00e1","image":{"@type":"ImageObject","inLanguage":"cs","@id":"https:\/\/bookhouse.cz\/#\/schema\/person\/image\/","url":"https:\/\/secure.gravatar.com\/avatar\/d3ad7f43789eed68b221d01c6d7ac4e5?s=96&d=mm&r=g","contentUrl":"https:\/\/secure.gravatar.com\/avatar\/d3ad7f43789eed68b221d01c6d7ac4e5?s=96&d=mm&r=g","caption":"Martina Pechov\u00e1"},"sameAs":["http:\/\/BOOKHOUSE.cz"],"url":"https:\/\/bookhouse.cz\/index.php\/author\/marpech\/"}]}},"_links":{"self":[{"href":"https:\/\/bookhouse.cz\/index.php\/wp-json\/wp\/v2\/posts\/7888"}],"collection":[{"href":"https:\/\/bookhouse.cz\/index.php\/wp-json\/wp\/v2\/posts"}],"about":[{"href":"https:\/\/bookhouse.cz\/index.php\/wp-json\/wp\/v2\/types\/post"}],"author":[{"embeddable":true,"href":"https:\/\/bookhouse.cz\/index.php\/wp-json\/wp\/v2\/users\/8"}],"replies":[{"embeddable":true,"href":"https:\/\/bookhouse.cz\/index.php\/wp-json\/wp\/v2\/comments?post=7888"}],"version-history":[{"count":1,"href":"https:\/\/bookhouse.cz\/index.php\/wp-json\/wp\/v2\/posts\/7888\/revisions"}],"predecessor-version":[{"id":7891,"href":"https:\/\/bookhouse.cz\/index.php\/wp-json\/wp\/v2\/posts\/7888\/revisions\/7891"}],"wp:featuredmedia":[{"embeddable":true,"href":"https:\/\/bookhouse.cz\/index.php\/wp-json\/wp\/v2\/media\/7889"}],"wp:attachment":[{"href":"https:\/\/bookhouse.cz\/index.php\/wp-json\/wp\/v2\/media?parent=7888"}],"wp:term":[{"taxonomy":"category","embeddable":true,"href":"https:\/\/bookhouse.cz\/index.php\/wp-json\/wp\/v2\/categories?post=7888"},{"taxonomy":"post_tag","embeddable":true,"href":"https:\/\/bookhouse.cz\/index.php\/wp-json\/wp\/v2\/tags?post=7888"}],"curies":[{"name":"wp","href":"https:\/\/api.w.org\/{rel}","templated":true}]}}