{"id":7754,"date":"2024-11-09T00:01:00","date_gmt":"2024-11-08T23:01:00","guid":{"rendered":"https:\/\/bookhouse.cz\/?p=7754"},"modified":"2024-10-20T16:53:02","modified_gmt":"2024-10-20T14:53:02","slug":"rok-plny-tvoreni-tereza-rak","status":"publish","type":"post","link":"https:\/\/bookhouse.cz\/index.php\/2024\/11\/09\/rok-plny-tvoreni-tereza-rak\/","title":{"rendered":"Rok pln\u00fd tvo\u0159en\u00ed\u00a0|\u00a0Tereza Rak"},"content":{"rendered":"\n<div style=\"height:45px\" aria-hidden=\"true\" class=\"wp-block-spacer\"><\/div>\n\n\n\n<p><strong>Jak v&nbsp;sob\u011b probudit kreativitu a&nbsp;s&nbsp;radost\u00ed tvo\u0159it \u00fatuln\u00fd domov pro sebe, sv\u00e9 d\u011bti i&nbsp;svou&nbsp;rodinu?<\/strong><\/p>\n\n\n\n<div style=\"height:45px\" aria-hidden=\"true\" class=\"wp-block-spacer\"><\/div>\n\n\n<div class=\"wp-block-image\">\n<figure class=\"aligncenter size-large\"><img loading=\"lazy\" decoding=\"async\" width=\"1024\" height=\"532\" src=\"https:\/\/bookhouse.cz\/wp-content\/uploads\/2024\/10\/RAK_obalka_darek_24_09_23_ruzova-scaled-1-1024x532.jpg\" alt=\"Rok pln\u00fd tvo\u0159en\u00ed\u00a0|\u00a0Tereza Rak\" class=\"wp-image-7755\" srcset=\"https:\/\/bookhouse.cz\/wp-content\/uploads\/2024\/10\/RAK_obalka_darek_24_09_23_ruzova-scaled-1-1024x532.jpg 1024w, https:\/\/bookhouse.cz\/wp-content\/uploads\/2024\/10\/RAK_obalka_darek_24_09_23_ruzova-scaled-1-300x156.jpg 300w, https:\/\/bookhouse.cz\/wp-content\/uploads\/2024\/10\/RAK_obalka_darek_24_09_23_ruzova-scaled-1-768x399.jpg 768w, https:\/\/bookhouse.cz\/wp-content\/uploads\/2024\/10\/RAK_obalka_darek_24_09_23_ruzova-scaled-1.jpg 1500w\" sizes=\"(max-width: 1024px) 100vw, 1024px\" \/><\/figure><\/div>\n\n\n<div style=\"height:45px\" aria-hidden=\"true\" class=\"wp-block-spacer\"><\/div>\n\n\n\n<p>Tereza Rak, zn\u00e1m\u00e1 na soci\u00e1ln\u00edch s\u00edt\u00edch jako Srdce z\u00a0je\u0159abin, spolupracovala s\u00a0na\u0161\u00edm nakladatelstv\u00edm ji\u017e p\u0159i\u00a0p\u0159\u00edprav\u011b\u00a0<a href=\"https:\/\/smartpress.cz\/obchod\/vanocni-tradinar\/\"><strong>V\u00e1no\u010dn\u00edho<\/strong><\/a>\u00a0a\u00a0<a href=\"https:\/\/smartpress.cz\/obchod\/jarni-tradinar-od-ledna-do-cervna-2\/\"><strong>Jarn\u00edho Tradin\u00e1\u0159e<\/strong><\/a>.<\/p>\n\n\n\n<p>Do sv\u00e9 prvn\u00ed knihy sepsala nejen vlastn\u00ed popul\u00e1rn\u00ed a&nbsp;l\u00e9ty osv\u011bd\u010den\u00e9 n\u00e1vody a&nbsp;recepty pro d\u011bti i&nbsp;dosp\u011bl\u00e9, ale tak\u00e9 z\u00e1kladn\u00ed principy tvo\u0159en\u00ed z&nbsp;pap\u00edru i&nbsp;p\u0159\u00edrodnin. Nab\u00edz\u00ed tak \u010dten\u00e1\u0159k\u00e1m zp\u016fsob, jak v&nbsp;sob\u011b probudit tvo\u0159iv\u00e9ho ducha a&nbsp;n\u00e1pady si vym\u00fd\u0161let podle sv\u00e9ho.<\/p>\n\n\n\n<p><strong><em>\u201eCo tvo\u0159\u00edm dnes, bude jednou vzpom\u00ednkou m\u00fdch d\u011bt\u00ed.\u201c<\/em><\/strong><\/p>\n\n\n\n<div style=\"height:45px\" aria-hidden=\"true\" class=\"wp-block-spacer\"><\/div>\n\n\n\n<h2 class=\"wp-block-heading\">V knize najdete:<\/h2>\n\n\n\n<div style=\"height:21px\" aria-hidden=\"true\" class=\"wp-block-spacer\"><\/div>\n\n\n\n<ul>\n<li>p\u0159es 170 recept\u016f a&nbsp;n\u00e1vod\u016f na tvo\u0159en\u00ed pro ka\u017ed\u00fd m\u011bs\u00edc v&nbsp;roce<\/li>\n\n\n\n<li>n\u00e1vody na p\u0159\u00edpravu a&nbsp;v\u00fdrobu d\u00e1rk\u016f v\u010detn\u011b jejich dekorac\u00ed<\/li>\n\n\n\n<li>tvo\u0159en\u00ed pro d\u011bti i&nbsp;dosp\u011bl\u00e9, n\u00e1pady na d\u00e1rky pro d\u011bti, tat\u00ednka, maminku i&nbsp;kamar\u00e1dy, inspiraci na origin\u00e1ln\u00ed narozeninovou oslavu, zu\u017eitkov\u00e1n\u00ed sez\u00f3nn\u00ed \u00farody, tipy na bezodpadovou dom\u00e1cnost \u010di&nbsp;\u00fatuln\u00fd domov<\/li>\n\n\n\n<li>odkazy na video u&nbsp;ka\u017ed\u00e9ho n\u00e1vodu a&nbsp;receptu<\/li>\n<\/ul>\n\n\n\n<div style=\"height:45px\" aria-hidden=\"true\" class=\"wp-block-spacer\"><\/div>\n\n\n\n<h2 class=\"wp-block-heading\">Pro\u010d autorka napsala tuto knihu<\/h2>\n\n\n\n<div style=\"height:21px\" aria-hidden=\"true\" class=\"wp-block-spacer\"><\/div>\n\n\n\n<p>\u201cV\u011b\u0159\u00edm, \u017ee ka\u017ed\u00fd z&nbsp;n\u00e1s m\u00e1 moc zm\u011bnit sv\u011bt.<br>Mo\u017en\u00e1 m\u00e1me n\u011bkdy p\u0159edstavu, \u017ee je pot\u0159eba dok\u00e1zat n\u011bco velkolep\u00e9ho, o&nbsp;\u010dem se v\u0161ichni dozv\u00ed a&nbsp;budou n\u00e1s n\u00e1sledovat. J\u00e1 ale v\u011b\u0159\u00edm, \u017ee ta nejv\u011bt\u0161\u00ed zm\u011bna sv\u011bta vych\u00e1z\u00ed z&nbsp;n\u011b\u010deho mnohem men\u0161\u00edho a&nbsp;velmi nen\u00e1padn\u00e9ho \u2013 z&nbsp;rodiny. Z&nbsp;toho, jak se chov\u00e1me ke sv\u00fdm nejbli\u017e\u0161\u00edm, jak\u00e9 hodnoty si v&nbsp;rodin\u011b p\u0159ed\u00e1v\u00e1me z&nbsp;generace na generaci a&nbsp;v&nbsp;jak\u00fdch my\u0161lenk\u00e1ch vychov\u00e1v\u00e1me svoje d\u011bti.<\/p>\n\n\n\n<p>V\u011b\u0159\u00edm, \u017ee z&nbsp;l\u00e1skypln\u00e9ho a&nbsp;pe\u010duj\u00edc\u00edho domova vzejdou laskav\u00e9 a&nbsp;miluj\u00edc\u00ed d\u011bti, kter\u00e9 budou stejn\u00e9 hodnoty \u0161\u00ed\u0159it sv\u011btem d\u00e1l. P\u0159\u00e1la bych si, aby v\u00e1m tato kniha byla inspirac\u00ed p\u0159i&nbsp;tvo\u0159en\u00ed va\u0161eho vlastn\u00edho l\u00e1skypln\u00e9ho domova.<\/p>\n\n\n\n<div style=\"height:45px\" aria-hidden=\"true\" class=\"wp-block-spacer\"><\/div>\n\n\n\n<h2 class=\"wp-block-heading\">Co p\u0159in\u00e1\u0161\u00ed tvo\u0159en\u00ed<\/h2>\n\n\n\n<div style=\"height:21px\" aria-hidden=\"true\" class=\"wp-block-spacer\"><\/div>\n\n\n\n<p>\u0158\u00edk\u00e1 se, \u017ee tvo\u0159en\u00ed m\u00e1 moc \u010dinit n\u00e1s \u0161\u0165astn\u011bj\u0161\u00edmi. Je to skute\u010dn\u011b tak? Kdy\u017e jsem za\u010d\u00ednala ps\u00e1t tuto knihu, m\u011bla jsem pot\u0159ebu porozum\u011bt tomu, jak\u00fd vliv m\u00e1 tvo\u0159en\u00ed na n\u00e1\u0161 \u017eivot. P\u0159e\u010detla jsem nespo\u010det publikac\u00ed na toto t\u00e9ma a&nbsp;potvrdila si to, co jsem u\u017e znala z&nbsp;vlastn\u00ed zku\u0161enosti.<\/p>\n\n\n\n<p>Ur\u010dit\u011b zn\u00e1te pocit, kdy v\u00e1s n\u011bjak\u00e1 aktivita vt\u00e1hne do d\u011bje natolik, \u017ee zapomenete na v\u0161e ostatn\u00ed. Starosti v\u0161edn\u00edch dn\u016f zmiz\u00ed a&nbsp;jste tam jen vy a&nbsp;va\u0161e d\u00edlo. Psychologov\u00e9 takov\u00fd stav mysli ozna\u010duj\u00ed za stav flow neboli \u017eit\u00ed v&nbsp;p\u0159\u00edtomnosti, kter\u00e9 je popisov\u00e1no jako pocit \u0161t\u011bst\u00ed. Tvo\u0159iv\u00e9 \u010dinnosti maj\u00ed ten dar, \u017ee n\u00e1s do takov\u00e9ho pocitu dostanou velmi snadno. Nemus\u00edme kv\u016fli nim jezdit p\u0159es p\u016flku sv\u011bta ani vypl\u00e1cet horentn\u00ed sumy za nev\u0161edn\u00ed z\u00e1\u017eitek. Sta\u010d\u00ed si vz\u00edt \u010dtvrtku, barvy, s&nbsp;trochou odvahy p\u0159ekonat sv\u00e9 vlastn\u00ed pochybnosti a&nbsp;b\u011bhem p\u00e1r chvil se sv\u011bt kolem n\u00e1s rozplyne, ka\u017edodenn\u00ed starosti najednou nemaj\u00ed v&nbsp;my\u0161lenk\u00e1ch m\u00edsto a&nbsp;my plujeme na vln\u00e1ch fantazie a&nbsp;vlastn\u00ed kreativity. Tento stav n\u00e1m tvo\u0159en\u00ed dok\u00e1\u017ee poskytnout kdykoli a&nbsp;kdekoli. To ale nen\u00ed v\u0161e. D\u00edky hmatateln\u00e9mu v\u00fdsledku, kter\u00fd sami stvo\u0159\u00edme vlastn\u00edma rukama, m\u011bn\u00ed i&nbsp;n\u00e1s samotn\u00e9.<\/p>\n\n\n\n<p>Kdy\u017e se poprv\u00e9 rozhodneme up\u00e9ct povidlov\u00e9 buchty, jsme n\u011bkdo, kdo je je\u0161t\u011b nikdy nepekl. Jakmile ale z&nbsp;trouby vyt\u00e1hneme pek\u00e1\u010d vo\u0148av\u00e9ho pe\u010diva, st\u00e1v\u00e1me se n\u011bk\u00fdm, kdo tento kulin\u00e1\u0159sk\u00fd po\u010din zvl\u00e1dl. Po&nbsp;t\u011bchto drobn\u00fdch kr\u016f\u010dc\u00edch z\u00edsk\u00e1v\u00e1me nov\u00e9 sebev\u011bdom\u00ed a&nbsp;m\u011bn\u00ed se i&nbsp;na\u0161e p\u0159edstava o&nbsp;tom, k\u00fdm jsme.<\/p>\n\n\n\n<p>V\u011b\u0159\u00edm, \u017ee tyto mal\u00e9 kr\u016f\u010dky maj\u00ed moc zlep\u0161ovat nejen na\u0161e dovednosti, ale i&nbsp;na\u0161i v\u00edru v&nbsp;sebe samotn\u00e9. \u010cinit n\u00e1s \u0161\u0165astn\u011bj\u0161\u00edmi. Pokud v\u00e1s tedy tvo\u0159en\u00ed bav\u00ed, neodkl\u00e1dejte ho na chv\u00edle, kdy u\u017e nem\u00e1te nic jin\u00e9ho na pr\u00e1ci. Zkuste si naopak tvo\u0159iv\u00e9 \u010dinnosti za\u0159adit do sv\u00fdch dn\u016f tak, aby v\u00e1m pravideln\u011b p\u0159in\u00e1\u0161ely pot\u011b\u0161en\u00ed a&nbsp;vn\u00e1\u0161ely do va\u0161eho \u017eivota v\u00edce radosti.\u201d<\/p>\n\n\n\n<p>S l\u00e1skou k&nbsp;tvo\u0159en\u00ed Tereza Rak<\/p>\n\n\n\n<div style=\"height:45px\" aria-hidden=\"true\" class=\"wp-block-spacer\"><\/div>\n\n\n\n<p><strong>Ve spolupr\u00e1ci s\u00a0autorkou a\u00a0partnery knihy jsme pro v\u00e1s p\u0159ipravili d\u00e1rkov\u00fd bal\u00ed\u010dek v\u00a0hodnot\u011b 400\u00a0K\u010d:<\/strong><\/p>\n\n\n\n<div style=\"height:45px\" aria-hidden=\"true\" class=\"wp-block-spacer\"><\/div>\n\n\n<div class=\"wp-block-image\">\n<figure class=\"aligncenter size-large\"><img loading=\"lazy\" decoding=\"async\" width=\"1024\" height=\"1024\" src=\"https:\/\/bookhouse.cz\/wp-content\/uploads\/2024\/10\/Darky-ke-knize-Rok-plny-tvoreni-scaled-1-1024x1024.jpg\" alt=\"Rok pln\u00fd tvo\u0159en\u00ed\u00a0|\u00a0Tereza Rak\" class=\"wp-image-7757\" srcset=\"https:\/\/bookhouse.cz\/wp-content\/uploads\/2024\/10\/Darky-ke-knize-Rok-plny-tvoreni-scaled-1-1024x1024.jpg 1024w, https:\/\/bookhouse.cz\/wp-content\/uploads\/2024\/10\/Darky-ke-knize-Rok-plny-tvoreni-scaled-1-300x300.jpg 300w, https:\/\/bookhouse.cz\/wp-content\/uploads\/2024\/10\/Darky-ke-knize-Rok-plny-tvoreni-scaled-1-150x150.jpg 150w, https:\/\/bookhouse.cz\/wp-content\/uploads\/2024\/10\/Darky-ke-knize-Rok-plny-tvoreni-scaled-1-768x768.jpg 768w, https:\/\/bookhouse.cz\/wp-content\/uploads\/2024\/10\/Darky-ke-knize-Rok-plny-tvoreni-scaled-1-1536x1536.jpg 1536w, https:\/\/bookhouse.cz\/wp-content\/uploads\/2024\/10\/Darky-ke-knize-Rok-plny-tvoreni-scaled-1-2048x2048.jpg 2048w, https:\/\/bookhouse.cz\/wp-content\/uploads\/2024\/10\/Darky-ke-knize-Rok-plny-tvoreni-scaled-1-80x80.jpg 80w, https:\/\/bookhouse.cz\/wp-content\/uploads\/2024\/10\/Darky-ke-knize-Rok-plny-tvoreni-scaled-1-320x320.jpg 320w\" sizes=\"(max-width: 1024px) 100vw, 1024px\" \/><\/figure><\/div>\n\n\n<div style=\"height:45px\" aria-hidden=\"true\" class=\"wp-block-spacer\"><\/div>\n\n\n\n<p><strong>D\u00e1rkov\u00fd bal\u00ed\u010dek obdr\u017e\u00edte p\u0159i&nbsp;n\u00e1kupu ka\u017ed\u00e9 knihy&nbsp;Rok pln\u00fd tvo\u0159en\u00ed&nbsp;na na\u0161em e-shopu.<\/strong><\/p>\n\n\n\n<div style=\"height:45px\" aria-hidden=\"true\" class=\"wp-block-spacer\"><\/div>\n\n\n<div class=\"wp-block-image\">\n<figure class=\"aligncenter size-large\"><img loading=\"lazy\" decoding=\"async\" width=\"708\" height=\"1024\" src=\"https:\/\/bookhouse.cz\/wp-content\/uploads\/2024\/10\/RAK_obalka_darek_24_09_23_ruzova-scaled-2-708x1024.jpg\" alt=\"Rok pln\u00fd tvo\u0159en\u00ed\u00a0|\u00a0Tereza Rak\" class=\"wp-image-7756\" srcset=\"https:\/\/bookhouse.cz\/wp-content\/uploads\/2024\/10\/RAK_obalka_darek_24_09_23_ruzova-scaled-2-708x1024.jpg 708w, https:\/\/bookhouse.cz\/wp-content\/uploads\/2024\/10\/RAK_obalka_darek_24_09_23_ruzova-scaled-2-207x300.jpg 207w, https:\/\/bookhouse.cz\/wp-content\/uploads\/2024\/10\/RAK_obalka_darek_24_09_23_ruzova-scaled-2-768x1112.jpg 768w, https:\/\/bookhouse.cz\/wp-content\/uploads\/2024\/10\/RAK_obalka_darek_24_09_23_ruzova-scaled-2-1061x1536.jpg 1061w, https:\/\/bookhouse.cz\/wp-content\/uploads\/2024\/10\/RAK_obalka_darek_24_09_23_ruzova-scaled-2-1415x2048.jpg 1415w, https:\/\/bookhouse.cz\/wp-content\/uploads\/2024\/10\/RAK_obalka_darek_24_09_23_ruzova-scaled-2.jpg 1500w\" sizes=\"(max-width: 708px) 100vw, 708px\" \/><\/figure><\/div>\n\n\n<div style=\"height:45px\" aria-hidden=\"true\" class=\"wp-block-spacer\"><\/div>\n\n\n\n<h2 class=\"wp-block-heading\">N\u00e1zev knihy: Rok pln\u00fd tvo\u0159en\u00ed<\/h2>\n\n\n\n<div style=\"height:45px\" aria-hidden=\"true\" class=\"wp-block-spacer\"><\/div>\n\n\n\n<p><strong>Autor:&nbsp;<\/strong>Tereza Rak<\/p>\n\n\n\n<p><strong>Po\u010det stran \/ vazba<\/strong>:&nbsp;240 stran \/ Pevn\u00e1 vazba<\/p>\n\n\n\n<p><strong>Doporu\u010den\u00e1<\/strong>&nbsp;<strong>cena:<\/strong>&nbsp;559 K\u010d<\/p>\n\n\n\n<p><strong>Vydalo:<\/strong>&nbsp;Nakladatelstv\u00ed<strong>&nbsp;<\/strong>Smart Press<\/p>\n\n\n\n<p><strong>V\u00edce informac\u00ed na:&nbsp;<a href=\"http:\/\/ww.smartpress.cz\/\">ww.smartpress.cz<\/a><\/strong><\/p>\n\n\n\n<div style=\"height:45px\" aria-hidden=\"true\" class=\"wp-block-spacer\"><\/div>\n\n\n\n<p><strong>Zdroj foto:&nbsp;<\/strong>Smart Press<\/p>\n\n\n\n<div style=\"height:150px\" aria-hidden=\"true\" class=\"wp-block-spacer\"><\/div>\n","protected":false},"excerpt":{"rendered":"<p>Jak v&nbsp;sob\u011b probudit kreativitu a&nbsp;s&nbsp;radost\u00ed tvo\u0159it \u00fatuln\u00fd domov pro sebe, sv\u00e9 d\u011bti i&nbsp;svou&nbsp;rodinu? Tereza Rak, zn\u00e1m\u00e1 na soci\u00e1ln\u00edch s\u00edt\u00edch jako Srdce z\u00a0je\u0159abin, spolupracovala s\u00a0na\u0161\u00edm nakladatelstv\u00edm ji\u017e p\u0159i\u00a0p\u0159\u00edprav\u011b\u00a0V\u00e1no\u010dn\u00edho\u00a0a\u00a0Jarn\u00edho Tradin\u00e1\u0159e. Do sv\u00e9 prvn\u00ed knihy sepsala nejen&#46;&#46;&#46;<\/p>\n","protected":false},"author":8,"featured_media":7755,"comment_status":"closed","ping_status":"closed","sticky":false,"template":"","format":"standard","meta":{"_monsterinsights_skip_tracking":false,"_monsterinsights_sitenote_active":false,"_monsterinsights_sitenote_note":"","_monsterinsights_sitenote_category":0,"footnotes":""},"categories":[3,19],"tags":[],"yoast_head":"<!-- This site is optimized with the Yoast SEO plugin v21.5 - https:\/\/yoast.com\/wordpress\/plugins\/seo\/ -->\n<title>Rok pln\u00fd tvo\u0159en\u00ed\u00a0|\u00a0Tereza Rak - BOOKHOUSE.cz<\/title>\n<meta name=\"description\" content=\"Jak v sob\u011b probudit kreativitu a s radost\u00ed tvo\u0159it \u00fatuln\u00fd domov pro sebe, sv\u00e9 d\u011bti i svou rodinu? Tereza Rak.\" \/>\n<meta name=\"robots\" content=\"index, follow, max-snippet:-1, max-image-preview:large, max-video-preview:-1\" \/>\n<link rel=\"canonical\" href=\"https:\/\/bookhouse.cz\/index.php\/2024\/11\/09\/rok-plny-tvoreni-tereza-rak\/\" \/>\n<meta property=\"og:locale\" content=\"cs_CZ\" \/>\n<meta property=\"og:type\" content=\"article\" \/>\n<meta property=\"og:title\" content=\"Rok pln\u00fd tvo\u0159en\u00ed\u00a0|\u00a0Tereza Rak - BOOKHOUSE.cz\" \/>\n<meta property=\"og:description\" content=\"Jak v sob\u011b probudit kreativitu a s radost\u00ed tvo\u0159it \u00fatuln\u00fd domov pro sebe, sv\u00e9 d\u011bti i svou rodinu? Tereza Rak.\" \/>\n<meta property=\"og:url\" content=\"https:\/\/bookhouse.cz\/index.php\/2024\/11\/09\/rok-plny-tvoreni-tereza-rak\/\" \/>\n<meta property=\"og:site_name\" content=\"BOOKHOUSE.cz\" \/>\n<meta property=\"article:publisher\" content=\"https:\/\/www.facebook.com\/bookhousecz\" \/>\n<meta property=\"article:published_time\" content=\"2024-11-08T23:01:00+00:00\" \/>\n<meta property=\"article:modified_time\" content=\"2024-10-20T14:53:02+00:00\" \/>\n<meta property=\"og:image\" content=\"https:\/\/bookhouse.cz\/wp-content\/uploads\/2024\/10\/RAK_obalka_darek_24_09_23_ruzova-scaled-1.jpg\" \/>\n\t<meta property=\"og:image:width\" content=\"1500\" \/>\n\t<meta property=\"og:image:height\" content=\"780\" \/>\n\t<meta property=\"og:image:type\" content=\"image\/jpeg\" \/>\n<meta name=\"author\" content=\"Martina Pechov\u00e1\" \/>\n<meta name=\"twitter:card\" content=\"summary_large_image\" \/>\n<meta name=\"twitter:label1\" content=\"Napsal(a)\" \/>\n\t<meta name=\"twitter:data1\" content=\"Martina Pechov\u00e1\" \/>\n\t<meta name=\"twitter:label2\" content=\"Odhadovan\u00e1 doba \u010dten\u00ed\" \/>\n\t<meta name=\"twitter:data2\" content=\"5 minut\" \/>\n<script type=\"application\/ld+json\" class=\"yoast-schema-graph\">{\"@context\":\"https:\/\/schema.org\",\"@graph\":[{\"@type\":\"Article\",\"@id\":\"https:\/\/bookhouse.cz\/index.php\/2024\/11\/09\/rok-plny-tvoreni-tereza-rak\/#article\",\"isPartOf\":{\"@id\":\"https:\/\/bookhouse.cz\/index.php\/2024\/11\/09\/rok-plny-tvoreni-tereza-rak\/\"},\"author\":{\"name\":\"Martina Pechov\u00e1\",\"@id\":\"https:\/\/bookhouse.cz\/#\/schema\/person\/f34350c4206dd14422181c0fbd0922a3\"},\"headline\":\"Rok pln\u00fd tvo\u0159en\u00ed\u00a0|\u00a0Tereza Rak\",\"datePublished\":\"2024-11-08T23:01:00+00:00\",\"dateModified\":\"2024-10-20T14:53:02+00:00\",\"mainEntityOfPage\":{\"@id\":\"https:\/\/bookhouse.cz\/index.php\/2024\/11\/09\/rok-plny-tvoreni-tereza-rak\/\"},\"wordCount\":953,\"publisher\":{\"@id\":\"https:\/\/bookhouse.cz\/#organization\"},\"articleSection\":[\"NEWS\",\"TIPY NA KNIHY\"],\"inLanguage\":\"cs\"},{\"@type\":\"WebPage\",\"@id\":\"https:\/\/bookhouse.cz\/index.php\/2024\/11\/09\/rok-plny-tvoreni-tereza-rak\/\",\"url\":\"https:\/\/bookhouse.cz\/index.php\/2024\/11\/09\/rok-plny-tvoreni-tereza-rak\/\",\"name\":\"Rok pln\u00fd tvo\u0159en\u00ed\u00a0|\u00a0Tereza Rak - BOOKHOUSE.cz\",\"isPartOf\":{\"@id\":\"https:\/\/bookhouse.cz\/#website\"},\"datePublished\":\"2024-11-08T23:01:00+00:00\",\"dateModified\":\"2024-10-20T14:53:02+00:00\",\"description\":\"Jak v sob\u011b probudit kreativitu a s radost\u00ed tvo\u0159it \u00fatuln\u00fd domov pro sebe, sv\u00e9 d\u011bti i svou rodinu? Tereza Rak.\",\"breadcrumb\":{\"@id\":\"https:\/\/bookhouse.cz\/index.php\/2024\/11\/09\/rok-plny-tvoreni-tereza-rak\/#breadcrumb\"},\"inLanguage\":\"cs\",\"potentialAction\":[{\"@type\":\"ReadAction\",\"target\":[\"https:\/\/bookhouse.cz\/index.php\/2024\/11\/09\/rok-plny-tvoreni-tereza-rak\/\"]}]},{\"@type\":\"BreadcrumbList\",\"@id\":\"https:\/\/bookhouse.cz\/index.php\/2024\/11\/09\/rok-plny-tvoreni-tereza-rak\/#breadcrumb\",\"itemListElement\":[{\"@type\":\"ListItem\",\"position\":1,\"name\":\"Dom\u016f\",\"item\":\"https:\/\/bookhouse.cz\/\"},{\"@type\":\"ListItem\",\"position\":2,\"name\":\"Rok pln\u00fd tvo\u0159en\u00ed\u00a0|\u00a0Tereza Rak\"}]},{\"@type\":\"WebSite\",\"@id\":\"https:\/\/bookhouse.cz\/#website\",\"url\":\"https:\/\/bookhouse.cz\/\",\"name\":\"BOOKHOUSE.cz\",\"description\":\"Port\u00e1l o kni\u017en\u00edch novink\u00e1ch.\",\"publisher\":{\"@id\":\"https:\/\/bookhouse.cz\/#organization\"},\"potentialAction\":[{\"@type\":\"SearchAction\",\"target\":{\"@type\":\"EntryPoint\",\"urlTemplate\":\"https:\/\/bookhouse.cz\/?s={search_term_string}\"},\"query-input\":\"required name=search_term_string\"}],\"inLanguage\":\"cs\"},{\"@type\":\"Organization\",\"@id\":\"https:\/\/bookhouse.cz\/#organization\",\"name\":\"BOOKHOUSE.cz\",\"url\":\"https:\/\/bookhouse.cz\/\",\"logo\":{\"@type\":\"ImageObject\",\"inLanguage\":\"cs\",\"@id\":\"https:\/\/bookhouse.cz\/#\/schema\/logo\/image\/\",\"url\":\"https:\/\/bookhouse.cz\/wp-content\/uploads\/2024\/12\/cropped-Logo_BookHouse.jpg\",\"contentUrl\":\"https:\/\/bookhouse.cz\/wp-content\/uploads\/2024\/12\/cropped-Logo_BookHouse.jpg\",\"width\":938,\"height\":513,\"caption\":\"BOOKHOUSE.cz\"},\"image\":{\"@id\":\"https:\/\/bookhouse.cz\/#\/schema\/logo\/image\/\"},\"sameAs\":[\"https:\/\/www.facebook.com\/bookhousecz\",\"https:\/\/www.instagram.com\/bookhousecz\"]},{\"@type\":\"Person\",\"@id\":\"https:\/\/bookhouse.cz\/#\/schema\/person\/f34350c4206dd14422181c0fbd0922a3\",\"name\":\"Martina Pechov\u00e1\",\"image\":{\"@type\":\"ImageObject\",\"inLanguage\":\"cs\",\"@id\":\"https:\/\/bookhouse.cz\/#\/schema\/person\/image\/\",\"url\":\"https:\/\/secure.gravatar.com\/avatar\/d3ad7f43789eed68b221d01c6d7ac4e5?s=96&d=mm&r=g\",\"contentUrl\":\"https:\/\/secure.gravatar.com\/avatar\/d3ad7f43789eed68b221d01c6d7ac4e5?s=96&d=mm&r=g\",\"caption\":\"Martina Pechov\u00e1\"},\"sameAs\":[\"http:\/\/BOOKHOUSE.cz\"],\"url\":\"https:\/\/bookhouse.cz\/index.php\/author\/marpech\/\"}]}<\/script>\n<!-- \/ Yoast SEO plugin. -->","yoast_head_json":{"title":"Rok pln\u00fd tvo\u0159en\u00ed\u00a0|\u00a0Tereza Rak - BOOKHOUSE.cz","description":"Jak v sob\u011b probudit kreativitu a s radost\u00ed tvo\u0159it \u00fatuln\u00fd domov pro sebe, sv\u00e9 d\u011bti i svou rodinu? Tereza Rak.","robots":{"index":"index","follow":"follow","max-snippet":"max-snippet:-1","max-image-preview":"max-image-preview:large","max-video-preview":"max-video-preview:-1"},"canonical":"https:\/\/bookhouse.cz\/index.php\/2024\/11\/09\/rok-plny-tvoreni-tereza-rak\/","og_locale":"cs_CZ","og_type":"article","og_title":"Rok pln\u00fd tvo\u0159en\u00ed\u00a0|\u00a0Tereza Rak - BOOKHOUSE.cz","og_description":"Jak v sob\u011b probudit kreativitu a s radost\u00ed tvo\u0159it \u00fatuln\u00fd domov pro sebe, sv\u00e9 d\u011bti i svou rodinu? Tereza Rak.","og_url":"https:\/\/bookhouse.cz\/index.php\/2024\/11\/09\/rok-plny-tvoreni-tereza-rak\/","og_site_name":"BOOKHOUSE.cz","article_publisher":"https:\/\/www.facebook.com\/bookhousecz","article_published_time":"2024-11-08T23:01:00+00:00","article_modified_time":"2024-10-20T14:53:02+00:00","og_image":[{"width":1500,"height":780,"url":"https:\/\/bookhouse.cz\/wp-content\/uploads\/2024\/10\/RAK_obalka_darek_24_09_23_ruzova-scaled-1.jpg","type":"image\/jpeg"}],"author":"Martina Pechov\u00e1","twitter_card":"summary_large_image","twitter_misc":{"Napsal(a)":"Martina Pechov\u00e1","Odhadovan\u00e1 doba \u010dten\u00ed":"5 minut"},"schema":{"@context":"https:\/\/schema.org","@graph":[{"@type":"Article","@id":"https:\/\/bookhouse.cz\/index.php\/2024\/11\/09\/rok-plny-tvoreni-tereza-rak\/#article","isPartOf":{"@id":"https:\/\/bookhouse.cz\/index.php\/2024\/11\/09\/rok-plny-tvoreni-tereza-rak\/"},"author":{"name":"Martina Pechov\u00e1","@id":"https:\/\/bookhouse.cz\/#\/schema\/person\/f34350c4206dd14422181c0fbd0922a3"},"headline":"Rok pln\u00fd tvo\u0159en\u00ed\u00a0|\u00a0Tereza Rak","datePublished":"2024-11-08T23:01:00+00:00","dateModified":"2024-10-20T14:53:02+00:00","mainEntityOfPage":{"@id":"https:\/\/bookhouse.cz\/index.php\/2024\/11\/09\/rok-plny-tvoreni-tereza-rak\/"},"wordCount":953,"publisher":{"@id":"https:\/\/bookhouse.cz\/#organization"},"articleSection":["NEWS","TIPY NA KNIHY"],"inLanguage":"cs"},{"@type":"WebPage","@id":"https:\/\/bookhouse.cz\/index.php\/2024\/11\/09\/rok-plny-tvoreni-tereza-rak\/","url":"https:\/\/bookhouse.cz\/index.php\/2024\/11\/09\/rok-plny-tvoreni-tereza-rak\/","name":"Rok pln\u00fd tvo\u0159en\u00ed\u00a0|\u00a0Tereza Rak - BOOKHOUSE.cz","isPartOf":{"@id":"https:\/\/bookhouse.cz\/#website"},"datePublished":"2024-11-08T23:01:00+00:00","dateModified":"2024-10-20T14:53:02+00:00","description":"Jak v sob\u011b probudit kreativitu a s radost\u00ed tvo\u0159it \u00fatuln\u00fd domov pro sebe, sv\u00e9 d\u011bti i svou rodinu? Tereza Rak.","breadcrumb":{"@id":"https:\/\/bookhouse.cz\/index.php\/2024\/11\/09\/rok-plny-tvoreni-tereza-rak\/#breadcrumb"},"inLanguage":"cs","potentialAction":[{"@type":"ReadAction","target":["https:\/\/bookhouse.cz\/index.php\/2024\/11\/09\/rok-plny-tvoreni-tereza-rak\/"]}]},{"@type":"BreadcrumbList","@id":"https:\/\/bookhouse.cz\/index.php\/2024\/11\/09\/rok-plny-tvoreni-tereza-rak\/#breadcrumb","itemListElement":[{"@type":"ListItem","position":1,"name":"Dom\u016f","item":"https:\/\/bookhouse.cz\/"},{"@type":"ListItem","position":2,"name":"Rok pln\u00fd tvo\u0159en\u00ed\u00a0|\u00a0Tereza Rak"}]},{"@type":"WebSite","@id":"https:\/\/bookhouse.cz\/#website","url":"https:\/\/bookhouse.cz\/","name":"BOOKHOUSE.cz","description":"Port\u00e1l o kni\u017en\u00edch novink\u00e1ch.","publisher":{"@id":"https:\/\/bookhouse.cz\/#organization"},"potentialAction":[{"@type":"SearchAction","target":{"@type":"EntryPoint","urlTemplate":"https:\/\/bookhouse.cz\/?s={search_term_string}"},"query-input":"required name=search_term_string"}],"inLanguage":"cs"},{"@type":"Organization","@id":"https:\/\/bookhouse.cz\/#organization","name":"BOOKHOUSE.cz","url":"https:\/\/bookhouse.cz\/","logo":{"@type":"ImageObject","inLanguage":"cs","@id":"https:\/\/bookhouse.cz\/#\/schema\/logo\/image\/","url":"https:\/\/bookhouse.cz\/wp-content\/uploads\/2024\/12\/cropped-Logo_BookHouse.jpg","contentUrl":"https:\/\/bookhouse.cz\/wp-content\/uploads\/2024\/12\/cropped-Logo_BookHouse.jpg","width":938,"height":513,"caption":"BOOKHOUSE.cz"},"image":{"@id":"https:\/\/bookhouse.cz\/#\/schema\/logo\/image\/"},"sameAs":["https:\/\/www.facebook.com\/bookhousecz","https:\/\/www.instagram.com\/bookhousecz"]},{"@type":"Person","@id":"https:\/\/bookhouse.cz\/#\/schema\/person\/f34350c4206dd14422181c0fbd0922a3","name":"Martina Pechov\u00e1","image":{"@type":"ImageObject","inLanguage":"cs","@id":"https:\/\/bookhouse.cz\/#\/schema\/person\/image\/","url":"https:\/\/secure.gravatar.com\/avatar\/d3ad7f43789eed68b221d01c6d7ac4e5?s=96&d=mm&r=g","contentUrl":"https:\/\/secure.gravatar.com\/avatar\/d3ad7f43789eed68b221d01c6d7ac4e5?s=96&d=mm&r=g","caption":"Martina Pechov\u00e1"},"sameAs":["http:\/\/BOOKHOUSE.cz"],"url":"https:\/\/bookhouse.cz\/index.php\/author\/marpech\/"}]}},"_links":{"self":[{"href":"https:\/\/bookhouse.cz\/index.php\/wp-json\/wp\/v2\/posts\/7754"}],"collection":[{"href":"https:\/\/bookhouse.cz\/index.php\/wp-json\/wp\/v2\/posts"}],"about":[{"href":"https:\/\/bookhouse.cz\/index.php\/wp-json\/wp\/v2\/types\/post"}],"author":[{"embeddable":true,"href":"https:\/\/bookhouse.cz\/index.php\/wp-json\/wp\/v2\/users\/8"}],"replies":[{"embeddable":true,"href":"https:\/\/bookhouse.cz\/index.php\/wp-json\/wp\/v2\/comments?post=7754"}],"version-history":[{"count":3,"href":"https:\/\/bookhouse.cz\/index.php\/wp-json\/wp\/v2\/posts\/7754\/revisions"}],"predecessor-version":[{"id":7760,"href":"https:\/\/bookhouse.cz\/index.php\/wp-json\/wp\/v2\/posts\/7754\/revisions\/7760"}],"wp:featuredmedia":[{"embeddable":true,"href":"https:\/\/bookhouse.cz\/index.php\/wp-json\/wp\/v2\/media\/7755"}],"wp:attachment":[{"href":"https:\/\/bookhouse.cz\/index.php\/wp-json\/wp\/v2\/media?parent=7754"}],"wp:term":[{"taxonomy":"category","embeddable":true,"href":"https:\/\/bookhouse.cz\/index.php\/wp-json\/wp\/v2\/categories?post=7754"},{"taxonomy":"post_tag","embeddable":true,"href":"https:\/\/bookhouse.cz\/index.php\/wp-json\/wp\/v2\/tags?post=7754"}],"curies":[{"name":"wp","href":"https:\/\/api.w.org\/{rel}","templated":true}]}}