{"id":7634,"date":"2024-10-21T00:01:00","date_gmt":"2024-10-20T22:01:00","guid":{"rendered":"https:\/\/bookhouse.cz\/?p=7634"},"modified":"2024-10-20T15:13:48","modified_gmt":"2024-10-20T13:13:48","slug":"svaty-jan-pod-skalou-karel-zak-jiri-sevcik-vaclav-cilek-martin-majer","status":"publish","type":"post","link":"https:\/\/bookhouse.cz\/index.php\/2024\/10\/21\/svaty-jan-pod-skalou-karel-zak-jiri-sevcik-vaclav-cilek-martin-majer\/","title":{"rendered":"Svat\u00fd Jan pod Skalou | Karel \u017d\u00e1k, Ji\u0159\u00ed \u0160ev\u010d\u00edk, V\u00e1clav C\u00edlek, Martin Majer"},"content":{"rendered":"\n<div style=\"height:45px\" aria-hidden=\"true\" class=\"wp-block-spacer\"><\/div>\n\n\n\n<p><strong>Barokn\u00ed kl\u00e1\u0161ter ve Svat\u00e9m Janu pod Skalou usazen\u00fd v hluboce za\u0159\u00edznut\u00e9m \u00fadol\u00ed pod mohutn\u00fdmi skalami &#8211; to je scen\u00e9rie, je\u017e nem\u00e1 v \u010cech\u00e1ch obdoby. Pohledy z okoln\u00edch vyhl\u00eddek na vesni\u010dku s v\u00fdznamnou n\u00e1rodn\u00ed kulturn\u00ed pam\u00e1tkou znaj\u00ed statis\u00edce n\u00e1v\u0161t\u011bvn\u00edk\u016f. Ty sem krom \u00fachvatn\u00e9 krajiny u\u017e dlouh\u00e1 stalet\u00ed p\u0159itahovala legenda o poustevn\u00edku svat\u00e9m Ivanovi. Jak\u00fd je skute\u010dn\u00fd p\u0159\u00edb\u011bh tohoto pozoruhodn\u00e9ho m\u00edsta?<\/strong><\/p>\n\n\n\n<div style=\"height:45px\" aria-hidden=\"true\" class=\"wp-block-spacer\"><\/div>\n\n\n<div class=\"wp-block-image\">\n<figure class=\"aligncenter size-large\"><img loading=\"lazy\" decoding=\"async\" width=\"1024\" height=\"554\" src=\"https:\/\/bookhouse.cz\/wp-content\/uploads\/2024\/10\/Svaty-Jan-small-1024x554.jpg\" alt=\"Svat\u00fd Jan pod Skalou | Karel \u017d\u00e1k, Ji\u0159\u00ed \u0160ev\u010d\u00edk, V\u00e1clav C\u00edlek, Martin Majer\" class=\"wp-image-7635\" srcset=\"https:\/\/bookhouse.cz\/wp-content\/uploads\/2024\/10\/Svaty-Jan-small-1024x554.jpg 1024w, https:\/\/bookhouse.cz\/wp-content\/uploads\/2024\/10\/Svaty-Jan-small-300x162.jpg 300w, https:\/\/bookhouse.cz\/wp-content\/uploads\/2024\/10\/Svaty-Jan-small-768x415.jpg 768w, https:\/\/bookhouse.cz\/wp-content\/uploads\/2024\/10\/Svaty-Jan-small.jpg 1500w\" sizes=\"(max-width: 1024px) 100vw, 1024px\" \/><\/figure><\/div>\n\n\n<div style=\"height:45px\" aria-hidden=\"true\" class=\"wp-block-spacer\"><\/div>\n\n\n\n<p>V prvn\u00ed podrobn\u00e9 monografii v\u011bnovan\u00e9 Svat\u00e9mu Janu pod Skalou se dozv\u00edte, co se zde odehr\u00e1valo v prav\u011bku a jak vypadaly t\u011b\u017ek\u00e9 po\u010d\u00e1tky probo\u0161tstv\u00ed a pozd\u011bji benediktinsk\u00e9ho kl\u00e1\u0161tera, jak se prom\u011b\u0148oval \u017eivot v obci b\u011bhem \u00e9ry industrializace a jak na n\u011bj dopadly dramatick\u00e9 ud\u00e1losti minul\u00e9ho stolet\u00ed. Kniha v\u00e1m tak\u00e9 p\u0159ibl\u00ed\u017e\u00ed p\u0159\u00edrodn\u00ed podm\u00ednky, kter\u00e9 dnes panuj\u00ed v okoln\u00ed krajin\u011b. Obliba Svat\u00e9ho Jana pod Skalou, kter\u00fd v barokn\u00ed dob\u011b pat\u0159il k nejnav\u0161t\u011bvovan\u011bj\u0161\u00edm poutn\u00edm c\u00edl\u016fm v \u010cech\u00e1ch, op\u011bt roste a m\u00edsto znovu promlouv\u00e1 k lidem.<\/p>\n\n\n\n<div style=\"height:45px\" aria-hidden=\"true\" class=\"wp-block-spacer\"><\/div>\n\n\n<div class=\"wp-block-image\">\n<figure class=\"aligncenter size-large\"><img loading=\"lazy\" decoding=\"async\" width=\"686\" height=\"1024\" src=\"https:\/\/bookhouse.cz\/wp-content\/uploads\/2024\/10\/Svaty-Jan-small-2-686x1024.jpg\" alt=\"Svat\u00fd Jan pod Skalou | Karel \u017d\u00e1k, Ji\u0159\u00ed \u0160ev\u010d\u00edk, V\u00e1clav C\u00edlek, Martin Majer\" class=\"wp-image-7636\" srcset=\"https:\/\/bookhouse.cz\/wp-content\/uploads\/2024\/10\/Svaty-Jan-small-2-686x1024.jpg 686w, https:\/\/bookhouse.cz\/wp-content\/uploads\/2024\/10\/Svaty-Jan-small-2-201x300.jpg 201w, https:\/\/bookhouse.cz\/wp-content\/uploads\/2024\/10\/Svaty-Jan-small-2-768x1146.jpg 768w, https:\/\/bookhouse.cz\/wp-content\/uploads\/2024\/10\/Svaty-Jan-small-2-1029x1536.jpg 1029w, https:\/\/bookhouse.cz\/wp-content\/uploads\/2024\/10\/Svaty-Jan-small-2-1373x2048.jpg 1373w, https:\/\/bookhouse.cz\/wp-content\/uploads\/2024\/10\/Svaty-Jan-small-2.jpg 1500w\" sizes=\"(max-width: 686px) 100vw, 686px\" \/><\/figure><\/div>\n\n\n<div style=\"height:45px\" aria-hidden=\"true\" class=\"wp-block-spacer\"><\/div>\n\n\n\n<h2 class=\"wp-block-heading\" id=\"block-d5099aaf-fc1f-4aea-9eb1-4e097e5ca5da\">N\u00e1zev knihy: Svat\u00fd Jan pod Skalou<\/h2>\n\n\n\n<div style=\"height:45px\" aria-hidden=\"true\" class=\"wp-block-spacer\"><\/div>\n\n\n\n<p id=\"block-f563f394-4ca1-47f0-b136-5ffe5b4f4d1c\"><strong>Autor:<\/strong>&nbsp;Karel \u017d\u00e1k, Ji\u0159\u00ed \u0160ev\u010d\u00edk, V\u00e1clav C\u00edlek, Martin Majer<\/p>\n\n\n\n<p id=\"block-30e75497-0af9-41c7-9cd2-0d7e7f286ca8\"><strong>Po\u010det stran \/ vazba:<\/strong>&nbsp;336 stran, 320 barevn\u00fdch fotografi\u00ed \/ V\u00e1zan\u00e1 bez p\u0159ebalu<\/p>\n\n\n\n<p id=\"block-6061cabd-fa38-4434-b0be-477ed69294ec\"><strong>Doporu\u010den\u00e1<\/strong>&nbsp;<strong>cena:<\/strong>&nbsp;599 K\u010d<\/p>\n\n\n\n<p id=\"block-bf00762f-3f26-4bb9-9a78-6955ce7d639d\"><strong>Vydalo<\/strong>:&nbsp;Nakladatelstv\u00ed Doko\u0159\u00e1n<\/p>\n\n\n\n<p><strong>V\u00edce informac\u00ed na:\u00a0<a href=\"http:\/\/www.dokoran.cz\" target=\"_blank\" rel=\"noreferrer noopener\">www.dokoran.cz<\/a><\/strong><\/p>\n\n\n\n<div style=\"height:45px\" aria-hidden=\"true\" class=\"wp-block-spacer\"><\/div>\n\n\n\n<p><strong>Zdroj foto:<\/strong>&nbsp;Doko\u0159\u00e1n<\/p>\n\n\n\n<div style=\"height:150px\" aria-hidden=\"true\" class=\"wp-block-spacer\"><\/div>\n","protected":false},"excerpt":{"rendered":"<p>Barokn\u00ed kl\u00e1\u0161ter ve Svat\u00e9m Janu pod Skalou usazen\u00fd v hluboce za\u0159\u00edznut\u00e9m \u00fadol\u00ed pod mohutn\u00fdmi skalami &#8211; to je scen\u00e9rie, je\u017e nem\u00e1 v \u010cech\u00e1ch obdoby. Pohledy z okoln\u00edch vyhl\u00eddek na vesni\u010dku s v\u00fdznamnou n\u00e1rodn\u00ed kulturn\u00ed&#46;&#46;&#46;<\/p>\n","protected":false},"author":8,"featured_media":7635,"comment_status":"closed","ping_status":"closed","sticky":false,"template":"","format":"standard","meta":{"_monsterinsights_skip_tracking":false,"_monsterinsights_sitenote_active":false,"_monsterinsights_sitenote_note":"","_monsterinsights_sitenote_category":0,"footnotes":""},"categories":[6,22,3,5],"tags":[],"yoast_head":"<!-- This site is optimized with the Yoast SEO plugin v21.5 - https:\/\/yoast.com\/wordpress\/plugins\/seo\/ -->\n<title>Svat\u00fd Jan pod Skalou | Karel \u017d\u00e1k, Ji\u0159\u00ed \u0160ev\u010d\u00edk, V\u00e1clav C\u00edlek, Martin Majer - BOOKHOUSE.cz<\/title>\n<meta name=\"description\" content=\"Barokn\u00ed kl\u00e1\u0161ter ve Svat\u00e9m Janu pod Skalou usazen\u00fd v hluboce za\u0159\u00edznut\u00e9m \u00fadol\u00ed pod mohutn\u00fdmi skalami - to je scen\u00e9rie, je\u017e nem\u00e1 v \u010cech\u00e1ch obdoby.\" \/>\n<meta name=\"robots\" content=\"index, follow, max-snippet:-1, max-image-preview:large, max-video-preview:-1\" \/>\n<link rel=\"canonical\" href=\"https:\/\/bookhouse.cz\/index.php\/2024\/10\/21\/svaty-jan-pod-skalou-karel-zak-jiri-sevcik-vaclav-cilek-martin-majer\/\" \/>\n<meta property=\"og:locale\" content=\"cs_CZ\" \/>\n<meta property=\"og:type\" content=\"article\" \/>\n<meta property=\"og:title\" content=\"Svat\u00fd Jan pod Skalou | Karel \u017d\u00e1k, Ji\u0159\u00ed \u0160ev\u010d\u00edk, V\u00e1clav C\u00edlek, Martin Majer - BOOKHOUSE.cz\" \/>\n<meta property=\"og:description\" content=\"Barokn\u00ed kl\u00e1\u0161ter ve Svat\u00e9m Janu pod Skalou usazen\u00fd v hluboce za\u0159\u00edznut\u00e9m \u00fadol\u00ed pod mohutn\u00fdmi skalami - to je scen\u00e9rie, je\u017e nem\u00e1 v \u010cech\u00e1ch obdoby.\" \/>\n<meta property=\"og:url\" content=\"https:\/\/bookhouse.cz\/index.php\/2024\/10\/21\/svaty-jan-pod-skalou-karel-zak-jiri-sevcik-vaclav-cilek-martin-majer\/\" \/>\n<meta property=\"og:site_name\" content=\"BOOKHOUSE.cz\" \/>\n<meta property=\"article:publisher\" content=\"https:\/\/www.facebook.com\/bookhousecz\" \/>\n<meta property=\"article:published_time\" content=\"2024-10-20T22:01:00+00:00\" \/>\n<meta property=\"article:modified_time\" content=\"2024-10-20T13:13:48+00:00\" \/>\n<meta property=\"og:image\" content=\"https:\/\/bookhouse.cz\/wp-content\/uploads\/2024\/10\/Svaty-Jan-small.jpg\" \/>\n\t<meta property=\"og:image:width\" content=\"1500\" \/>\n\t<meta property=\"og:image:height\" content=\"811\" \/>\n\t<meta property=\"og:image:type\" content=\"image\/jpeg\" \/>\n<meta name=\"author\" content=\"Martina Pechov\u00e1\" \/>\n<meta name=\"twitter:card\" content=\"summary_large_image\" \/>\n<meta name=\"twitter:label1\" content=\"Napsal(a)\" \/>\n\t<meta name=\"twitter:data1\" content=\"Martina Pechov\u00e1\" \/>\n\t<meta name=\"twitter:label2\" content=\"Odhadovan\u00e1 doba \u010dten\u00ed\" \/>\n\t<meta name=\"twitter:data2\" content=\"2 minuty\" \/>\n<script type=\"application\/ld+json\" class=\"yoast-schema-graph\">{\"@context\":\"https:\/\/schema.org\",\"@graph\":[{\"@type\":\"Article\",\"@id\":\"https:\/\/bookhouse.cz\/index.php\/2024\/10\/21\/svaty-jan-pod-skalou-karel-zak-jiri-sevcik-vaclav-cilek-martin-majer\/#article\",\"isPartOf\":{\"@id\":\"https:\/\/bookhouse.cz\/index.php\/2024\/10\/21\/svaty-jan-pod-skalou-karel-zak-jiri-sevcik-vaclav-cilek-martin-majer\/\"},\"author\":{\"name\":\"Martina Pechov\u00e1\",\"@id\":\"https:\/\/bookhouse.cz\/#\/schema\/person\/f34350c4206dd14422181c0fbd0922a3\"},\"headline\":\"Svat\u00fd Jan pod Skalou | Karel \u017d\u00e1k, Ji\u0159\u00ed \u0160ev\u010d\u00edk, V\u00e1clav C\u00edlek, Martin Majer\",\"datePublished\":\"2024-10-20T22:01:00+00:00\",\"dateModified\":\"2024-10-20T13:13:48+00:00\",\"mainEntityOfPage\":{\"@id\":\"https:\/\/bookhouse.cz\/index.php\/2024\/10\/21\/svaty-jan-pod-skalou-karel-zak-jiri-sevcik-vaclav-cilek-martin-majer\/\"},\"wordCount\":270,\"publisher\":{\"@id\":\"https:\/\/bookhouse.cz\/#organization\"},\"articleSection\":[\"CESTOPISY\",\"HISTORIE\",\"NEWS\",\"ODBORN\u00c1\"],\"inLanguage\":\"cs\"},{\"@type\":\"WebPage\",\"@id\":\"https:\/\/bookhouse.cz\/index.php\/2024\/10\/21\/svaty-jan-pod-skalou-karel-zak-jiri-sevcik-vaclav-cilek-martin-majer\/\",\"url\":\"https:\/\/bookhouse.cz\/index.php\/2024\/10\/21\/svaty-jan-pod-skalou-karel-zak-jiri-sevcik-vaclav-cilek-martin-majer\/\",\"name\":\"Svat\u00fd Jan pod Skalou | Karel \u017d\u00e1k, Ji\u0159\u00ed \u0160ev\u010d\u00edk, V\u00e1clav C\u00edlek, Martin Majer - BOOKHOUSE.cz\",\"isPartOf\":{\"@id\":\"https:\/\/bookhouse.cz\/#website\"},\"datePublished\":\"2024-10-20T22:01:00+00:00\",\"dateModified\":\"2024-10-20T13:13:48+00:00\",\"description\":\"Barokn\u00ed kl\u00e1\u0161ter ve Svat\u00e9m Janu pod Skalou usazen\u00fd v hluboce za\u0159\u00edznut\u00e9m \u00fadol\u00ed pod mohutn\u00fdmi skalami - to je scen\u00e9rie, je\u017e nem\u00e1 v \u010cech\u00e1ch obdoby.\",\"breadcrumb\":{\"@id\":\"https:\/\/bookhouse.cz\/index.php\/2024\/10\/21\/svaty-jan-pod-skalou-karel-zak-jiri-sevcik-vaclav-cilek-martin-majer\/#breadcrumb\"},\"inLanguage\":\"cs\",\"potentialAction\":[{\"@type\":\"ReadAction\",\"target\":[\"https:\/\/bookhouse.cz\/index.php\/2024\/10\/21\/svaty-jan-pod-skalou-karel-zak-jiri-sevcik-vaclav-cilek-martin-majer\/\"]}]},{\"@type\":\"BreadcrumbList\",\"@id\":\"https:\/\/bookhouse.cz\/index.php\/2024\/10\/21\/svaty-jan-pod-skalou-karel-zak-jiri-sevcik-vaclav-cilek-martin-majer\/#breadcrumb\",\"itemListElement\":[{\"@type\":\"ListItem\",\"position\":1,\"name\":\"Dom\u016f\",\"item\":\"https:\/\/bookhouse.cz\/\"},{\"@type\":\"ListItem\",\"position\":2,\"name\":\"Svat\u00fd Jan pod Skalou | Karel \u017d\u00e1k, Ji\u0159\u00ed \u0160ev\u010d\u00edk, V\u00e1clav C\u00edlek, Martin Majer\"}]},{\"@type\":\"WebSite\",\"@id\":\"https:\/\/bookhouse.cz\/#website\",\"url\":\"https:\/\/bookhouse.cz\/\",\"name\":\"BOOKHOUSE.cz\",\"description\":\"Port\u00e1l o kni\u017en\u00edch novink\u00e1ch.\",\"publisher\":{\"@id\":\"https:\/\/bookhouse.cz\/#organization\"},\"potentialAction\":[{\"@type\":\"SearchAction\",\"target\":{\"@type\":\"EntryPoint\",\"urlTemplate\":\"https:\/\/bookhouse.cz\/?s={search_term_string}\"},\"query-input\":\"required name=search_term_string\"}],\"inLanguage\":\"cs\"},{\"@type\":\"Organization\",\"@id\":\"https:\/\/bookhouse.cz\/#organization\",\"name\":\"BOOKHOUSE.cz\",\"url\":\"https:\/\/bookhouse.cz\/\",\"logo\":{\"@type\":\"ImageObject\",\"inLanguage\":\"cs\",\"@id\":\"https:\/\/bookhouse.cz\/#\/schema\/logo\/image\/\",\"url\":\"https:\/\/bookhouse.cz\/wp-content\/uploads\/2024\/12\/cropped-Logo_BookHouse.jpg\",\"contentUrl\":\"https:\/\/bookhouse.cz\/wp-content\/uploads\/2024\/12\/cropped-Logo_BookHouse.jpg\",\"width\":938,\"height\":513,\"caption\":\"BOOKHOUSE.cz\"},\"image\":{\"@id\":\"https:\/\/bookhouse.cz\/#\/schema\/logo\/image\/\"},\"sameAs\":[\"https:\/\/www.facebook.com\/bookhousecz\",\"https:\/\/www.instagram.com\/bookhousecz\"]},{\"@type\":\"Person\",\"@id\":\"https:\/\/bookhouse.cz\/#\/schema\/person\/f34350c4206dd14422181c0fbd0922a3\",\"name\":\"Martina Pechov\u00e1\",\"image\":{\"@type\":\"ImageObject\",\"inLanguage\":\"cs\",\"@id\":\"https:\/\/bookhouse.cz\/#\/schema\/person\/image\/\",\"url\":\"https:\/\/secure.gravatar.com\/avatar\/d3ad7f43789eed68b221d01c6d7ac4e5?s=96&d=mm&r=g\",\"contentUrl\":\"https:\/\/secure.gravatar.com\/avatar\/d3ad7f43789eed68b221d01c6d7ac4e5?s=96&d=mm&r=g\",\"caption\":\"Martina Pechov\u00e1\"},\"sameAs\":[\"http:\/\/BOOKHOUSE.cz\"],\"url\":\"https:\/\/bookhouse.cz\/index.php\/author\/marpech\/\"}]}<\/script>\n<!-- \/ Yoast SEO plugin. -->","yoast_head_json":{"title":"Svat\u00fd Jan pod Skalou | Karel \u017d\u00e1k, Ji\u0159\u00ed \u0160ev\u010d\u00edk, V\u00e1clav C\u00edlek, Martin Majer - BOOKHOUSE.cz","description":"Barokn\u00ed kl\u00e1\u0161ter ve Svat\u00e9m Janu pod Skalou usazen\u00fd v hluboce za\u0159\u00edznut\u00e9m \u00fadol\u00ed pod mohutn\u00fdmi skalami - to je scen\u00e9rie, je\u017e nem\u00e1 v \u010cech\u00e1ch obdoby.","robots":{"index":"index","follow":"follow","max-snippet":"max-snippet:-1","max-image-preview":"max-image-preview:large","max-video-preview":"max-video-preview:-1"},"canonical":"https:\/\/bookhouse.cz\/index.php\/2024\/10\/21\/svaty-jan-pod-skalou-karel-zak-jiri-sevcik-vaclav-cilek-martin-majer\/","og_locale":"cs_CZ","og_type":"article","og_title":"Svat\u00fd Jan pod Skalou | Karel \u017d\u00e1k, Ji\u0159\u00ed \u0160ev\u010d\u00edk, V\u00e1clav C\u00edlek, Martin Majer - BOOKHOUSE.cz","og_description":"Barokn\u00ed kl\u00e1\u0161ter ve Svat\u00e9m Janu pod Skalou usazen\u00fd v hluboce za\u0159\u00edznut\u00e9m \u00fadol\u00ed pod mohutn\u00fdmi skalami - to je scen\u00e9rie, je\u017e nem\u00e1 v \u010cech\u00e1ch obdoby.","og_url":"https:\/\/bookhouse.cz\/index.php\/2024\/10\/21\/svaty-jan-pod-skalou-karel-zak-jiri-sevcik-vaclav-cilek-martin-majer\/","og_site_name":"BOOKHOUSE.cz","article_publisher":"https:\/\/www.facebook.com\/bookhousecz","article_published_time":"2024-10-20T22:01:00+00:00","article_modified_time":"2024-10-20T13:13:48+00:00","og_image":[{"width":1500,"height":811,"url":"https:\/\/bookhouse.cz\/wp-content\/uploads\/2024\/10\/Svaty-Jan-small.jpg","type":"image\/jpeg"}],"author":"Martina Pechov\u00e1","twitter_card":"summary_large_image","twitter_misc":{"Napsal(a)":"Martina Pechov\u00e1","Odhadovan\u00e1 doba \u010dten\u00ed":"2 minuty"},"schema":{"@context":"https:\/\/schema.org","@graph":[{"@type":"Article","@id":"https:\/\/bookhouse.cz\/index.php\/2024\/10\/21\/svaty-jan-pod-skalou-karel-zak-jiri-sevcik-vaclav-cilek-martin-majer\/#article","isPartOf":{"@id":"https:\/\/bookhouse.cz\/index.php\/2024\/10\/21\/svaty-jan-pod-skalou-karel-zak-jiri-sevcik-vaclav-cilek-martin-majer\/"},"author":{"name":"Martina Pechov\u00e1","@id":"https:\/\/bookhouse.cz\/#\/schema\/person\/f34350c4206dd14422181c0fbd0922a3"},"headline":"Svat\u00fd Jan pod Skalou | Karel \u017d\u00e1k, Ji\u0159\u00ed \u0160ev\u010d\u00edk, V\u00e1clav C\u00edlek, Martin Majer","datePublished":"2024-10-20T22:01:00+00:00","dateModified":"2024-10-20T13:13:48+00:00","mainEntityOfPage":{"@id":"https:\/\/bookhouse.cz\/index.php\/2024\/10\/21\/svaty-jan-pod-skalou-karel-zak-jiri-sevcik-vaclav-cilek-martin-majer\/"},"wordCount":270,"publisher":{"@id":"https:\/\/bookhouse.cz\/#organization"},"articleSection":["CESTOPISY","HISTORIE","NEWS","ODBORN\u00c1"],"inLanguage":"cs"},{"@type":"WebPage","@id":"https:\/\/bookhouse.cz\/index.php\/2024\/10\/21\/svaty-jan-pod-skalou-karel-zak-jiri-sevcik-vaclav-cilek-martin-majer\/","url":"https:\/\/bookhouse.cz\/index.php\/2024\/10\/21\/svaty-jan-pod-skalou-karel-zak-jiri-sevcik-vaclav-cilek-martin-majer\/","name":"Svat\u00fd Jan pod Skalou | Karel \u017d\u00e1k, Ji\u0159\u00ed \u0160ev\u010d\u00edk, V\u00e1clav C\u00edlek, Martin Majer - BOOKHOUSE.cz","isPartOf":{"@id":"https:\/\/bookhouse.cz\/#website"},"datePublished":"2024-10-20T22:01:00+00:00","dateModified":"2024-10-20T13:13:48+00:00","description":"Barokn\u00ed kl\u00e1\u0161ter ve Svat\u00e9m Janu pod Skalou usazen\u00fd v hluboce za\u0159\u00edznut\u00e9m \u00fadol\u00ed pod mohutn\u00fdmi skalami - to je scen\u00e9rie, je\u017e nem\u00e1 v \u010cech\u00e1ch obdoby.","breadcrumb":{"@id":"https:\/\/bookhouse.cz\/index.php\/2024\/10\/21\/svaty-jan-pod-skalou-karel-zak-jiri-sevcik-vaclav-cilek-martin-majer\/#breadcrumb"},"inLanguage":"cs","potentialAction":[{"@type":"ReadAction","target":["https:\/\/bookhouse.cz\/index.php\/2024\/10\/21\/svaty-jan-pod-skalou-karel-zak-jiri-sevcik-vaclav-cilek-martin-majer\/"]}]},{"@type":"BreadcrumbList","@id":"https:\/\/bookhouse.cz\/index.php\/2024\/10\/21\/svaty-jan-pod-skalou-karel-zak-jiri-sevcik-vaclav-cilek-martin-majer\/#breadcrumb","itemListElement":[{"@type":"ListItem","position":1,"name":"Dom\u016f","item":"https:\/\/bookhouse.cz\/"},{"@type":"ListItem","position":2,"name":"Svat\u00fd Jan pod Skalou | Karel \u017d\u00e1k, Ji\u0159\u00ed \u0160ev\u010d\u00edk, V\u00e1clav C\u00edlek, Martin Majer"}]},{"@type":"WebSite","@id":"https:\/\/bookhouse.cz\/#website","url":"https:\/\/bookhouse.cz\/","name":"BOOKHOUSE.cz","description":"Port\u00e1l o kni\u017en\u00edch novink\u00e1ch.","publisher":{"@id":"https:\/\/bookhouse.cz\/#organization"},"potentialAction":[{"@type":"SearchAction","target":{"@type":"EntryPoint","urlTemplate":"https:\/\/bookhouse.cz\/?s={search_term_string}"},"query-input":"required name=search_term_string"}],"inLanguage":"cs"},{"@type":"Organization","@id":"https:\/\/bookhouse.cz\/#organization","name":"BOOKHOUSE.cz","url":"https:\/\/bookhouse.cz\/","logo":{"@type":"ImageObject","inLanguage":"cs","@id":"https:\/\/bookhouse.cz\/#\/schema\/logo\/image\/","url":"https:\/\/bookhouse.cz\/wp-content\/uploads\/2024\/12\/cropped-Logo_BookHouse.jpg","contentUrl":"https:\/\/bookhouse.cz\/wp-content\/uploads\/2024\/12\/cropped-Logo_BookHouse.jpg","width":938,"height":513,"caption":"BOOKHOUSE.cz"},"image":{"@id":"https:\/\/bookhouse.cz\/#\/schema\/logo\/image\/"},"sameAs":["https:\/\/www.facebook.com\/bookhousecz","https:\/\/www.instagram.com\/bookhousecz"]},{"@type":"Person","@id":"https:\/\/bookhouse.cz\/#\/schema\/person\/f34350c4206dd14422181c0fbd0922a3","name":"Martina Pechov\u00e1","image":{"@type":"ImageObject","inLanguage":"cs","@id":"https:\/\/bookhouse.cz\/#\/schema\/person\/image\/","url":"https:\/\/secure.gravatar.com\/avatar\/d3ad7f43789eed68b221d01c6d7ac4e5?s=96&d=mm&r=g","contentUrl":"https:\/\/secure.gravatar.com\/avatar\/d3ad7f43789eed68b221d01c6d7ac4e5?s=96&d=mm&r=g","caption":"Martina Pechov\u00e1"},"sameAs":["http:\/\/BOOKHOUSE.cz"],"url":"https:\/\/bookhouse.cz\/index.php\/author\/marpech\/"}]}},"_links":{"self":[{"href":"https:\/\/bookhouse.cz\/index.php\/wp-json\/wp\/v2\/posts\/7634"}],"collection":[{"href":"https:\/\/bookhouse.cz\/index.php\/wp-json\/wp\/v2\/posts"}],"about":[{"href":"https:\/\/bookhouse.cz\/index.php\/wp-json\/wp\/v2\/types\/post"}],"author":[{"embeddable":true,"href":"https:\/\/bookhouse.cz\/index.php\/wp-json\/wp\/v2\/users\/8"}],"replies":[{"embeddable":true,"href":"https:\/\/bookhouse.cz\/index.php\/wp-json\/wp\/v2\/comments?post=7634"}],"version-history":[{"count":3,"href":"https:\/\/bookhouse.cz\/index.php\/wp-json\/wp\/v2\/posts\/7634\/revisions"}],"predecessor-version":[{"id":7738,"href":"https:\/\/bookhouse.cz\/index.php\/wp-json\/wp\/v2\/posts\/7634\/revisions\/7738"}],"wp:featuredmedia":[{"embeddable":true,"href":"https:\/\/bookhouse.cz\/index.php\/wp-json\/wp\/v2\/media\/7635"}],"wp:attachment":[{"href":"https:\/\/bookhouse.cz\/index.php\/wp-json\/wp\/v2\/media?parent=7634"}],"wp:term":[{"taxonomy":"category","embeddable":true,"href":"https:\/\/bookhouse.cz\/index.php\/wp-json\/wp\/v2\/categories?post=7634"},{"taxonomy":"post_tag","embeddable":true,"href":"https:\/\/bookhouse.cz\/index.php\/wp-json\/wp\/v2\/tags?post=7634"}],"curies":[{"name":"wp","href":"https:\/\/api.w.org\/{rel}","templated":true}]}}