{"id":7474,"date":"2024-09-27T00:01:00","date_gmt":"2024-09-26T22:01:00","guid":{"rendered":"https:\/\/bookhouse.cz\/?p=7474"},"modified":"2024-09-27T04:06:52","modified_gmt":"2024-09-27T02:06:52","slug":"milan-rastislav-stefanik-michal-ksinan","status":"publish","type":"post","link":"https:\/\/bookhouse.cz\/index.php\/2024\/09\/27\/milan-rastislav-stefanik-michal-ksinan\/","title":{"rendered":"Milan Rastislav \u0160tef\u00e1nik |\u00a0Michal K\u0161i\u0148an"},"content":{"rendered":"\n<div style=\"height:45px\" aria-hidden=\"true\" class=\"wp-block-spacer\"><\/div>\n\n\n\n<p><strong>V \u010desk\u00e9m prost\u0159ed\u00ed je Milan Rastislav \u0160tef\u00e1nik nahl\u00ed\u017een t\u00e9m\u011b\u0159 v\u00fdhradn\u011b v souvislosti s jeho pod\u00edlem na vzniku \u010ceskoslovenska v roce 1918.<\/strong><\/p>\n\n\n\n<div style=\"height:45px\" aria-hidden=\"true\" class=\"wp-block-spacer\"><\/div>\n\n\n<div class=\"wp-block-image\">\n<figure class=\"aligncenter size-full\"><img loading=\"lazy\" decoding=\"async\" width=\"850\" height=\"410\" src=\"https:\/\/bookhouse.cz\/wp-content\/uploads\/2024\/09\/526412_bg-2.jpg\" alt=\"Milan Rastislav \u0160tef\u00e1nik |\u00a0Michal K\u0161i\u0148an\" class=\"wp-image-7475\" srcset=\"https:\/\/bookhouse.cz\/wp-content\/uploads\/2024\/09\/526412_bg-2.jpg 850w, https:\/\/bookhouse.cz\/wp-content\/uploads\/2024\/09\/526412_bg-2-300x145.jpg 300w, https:\/\/bookhouse.cz\/wp-content\/uploads\/2024\/09\/526412_bg-2-768x370.jpg 768w\" sizes=\"(max-width: 850px) 100vw, 850px\" \/><\/figure><\/div>\n\n\n<div style=\"height:45px\" aria-hidden=\"true\" class=\"wp-block-spacer\"><\/div>\n\n\n\n<p>Ve skute\u010dnosti byl ale jeho \u017eivot mnohem bohat\u0161\u00ed. V biograficky pojat\u00e9 monografii se Michal K\u0161i\u0148an sna\u017e\u00ed postihnout v\u0161echny aspekty \u0160tef\u00e1nikovy osobnosti. Prvn\u00ed velk\u00fd \u0160tef\u00e1nik\u016fv \u017eivotopis je zalo\u017een na zevrubn\u00e9m studiu dochovan\u00fdch pramen\u016f, v\u010detn\u011b dobov\u00e9ho tisku, fotografi\u00ed i intimn\u00edch egodokument\u016f. Na rozd\u00edl od v\u011bt\u0161iny politik\u016f p\u0159elomu 19. a 20. stolet\u00ed z\u00edskal M. R. \u0160tef\u00e1nik kvalitn\u00ed technick\u00e9 vzd\u011bl\u00e1n\u00ed, kter\u00e9 si n\u00e1sledn\u011b doplnil v\u0161estrann\u00fdm studiem fyziky a astronomie. D\u00edky nim mohl p\u0159ed prvn\u00ed sv\u011btovou v\u00e1lkou nav\u0161t\u00edvit t\u00e9m\u011b\u0159 v\u0161echny sv\u011btad\u00edly. Jako skute\u010dn\u00fd sv\u011btob\u011b\u017en\u00edk z\u00edskal ohromn\u00e9 zku\u0161enosti, je\u017e uplatnil jak b\u011bhem prvn\u00ed sv\u011btov\u00e9 v\u00e1lky, tak p\u0159edev\u0161\u00edm p\u0159i pov\u00e1le\u010dn\u00fdch vyjedn\u00e1v\u00e1n\u00edch ve prosp\u011bch nov\u011b se rod\u00edc\u00edho \u010ceskoslovenska.<br>Autor v t\u00e9to souvislosti ukazuje, v \u010dem se \u0160tef\u00e1nikovy politick\u00e9 n\u00e1zory li\u0161ily od p\u0159edstav Masarykov\u00fdch a Bene\u0161ov\u00fdch. Oproti Bene\u0161ovi byl ale \u0160tef\u00e1nik skute\u010dn\u011b charizmatick\u00fdm mu\u017eem, jen\u017e dok\u00e1zal okouzlit nejen nejv\u00fdznamn\u011bj\u0161\u00ed evropsk\u00e9 politiky, ale i jejich man\u017eelky. Vedle politick\u00fdch aktivit ale K\u0161i\u0148an v\u011bnuje nemen\u0161\u00ed pozornost i \u0160tef\u00e1nikovu pod\u00edlu na utv\u00e1\u0159en\u00ed se slovensk\u00e9 n\u00e1rodn\u00ed identity na konci 19. stolet\u00ed, resp. v prvn\u00edch desetilet\u00edch stolet\u00ed n\u00e1sleduj\u00edc\u00edho. Stranou p\u0159itom nenech\u00e1v\u00e1 ani \u0160tef\u00e1nik\u016fv druh\u00fd \u017eivot v podob\u011b zneu\u017e\u00edv\u00e1n\u00ed jeho osobnosti v ideologick\u00fdch st\u0159etech p\u0159edv\u00e1le\u010dn\u00e9ho i pov\u00e1le\u010dn\u00e9ho \u010ceskoslovenska, je\u017e v mnoha ohledech zatemnily jeho pravou tv\u00e1\u0159.<\/p>\n\n\n\n<p>Vyd\u00e1n\u00ed knihy podpo\u0159ilo Slovensk\u00e9 liter\u00e1rn\u00ed centrum.<\/p>\n\n\n\n<div style=\"height:45px\" aria-hidden=\"true\" class=\"wp-block-spacer\"><\/div>\n\n\n<div class=\"wp-block-image\">\n<figure class=\"aligncenter size-large\"><img loading=\"lazy\" decoding=\"async\" width=\"720\" height=\"1024\" src=\"https:\/\/bookhouse.cz\/wp-content\/uploads\/2024\/09\/526412_bg-720x1024.jpg\" alt=\"Milan Rastislav \u0160tef\u00e1nik |\u00a0Michal K\u0161i\u0148an\" class=\"wp-image-7476\" srcset=\"https:\/\/bookhouse.cz\/wp-content\/uploads\/2024\/09\/526412_bg-720x1024.jpg 720w, https:\/\/bookhouse.cz\/wp-content\/uploads\/2024\/09\/526412_bg-211x300.jpg 211w, https:\/\/bookhouse.cz\/wp-content\/uploads\/2024\/09\/526412_bg-768x1092.jpg 768w, https:\/\/bookhouse.cz\/wp-content\/uploads\/2024\/09\/526412_bg.jpg 850w\" sizes=\"(max-width: 720px) 100vw, 720px\" \/><\/figure><\/div>\n\n\n<div style=\"height:45px\" aria-hidden=\"true\" class=\"wp-block-spacer\"><\/div>\n\n\n\n<h2 class=\"wp-block-heading\" id=\"block-d5099aaf-fc1f-4aea-9eb1-4e097e5ca5da\">N\u00e1zev knihy: Milan Rastislav \u0160tef\u00e1nik<\/h2>\n\n\n\n<div style=\"height:45px\" aria-hidden=\"true\" class=\"wp-block-spacer\"><\/div>\n\n\n\n<p id=\"block-f563f394-4ca1-47f0-b136-5ffe5b4f4d1c\"><strong>Autor:<\/strong>&nbsp;Michal K\u0161i\u0148an<\/p>\n\n\n\n<p id=\"block-30e75497-0af9-41c7-9cd2-0d7e7f286ca8\"><strong>Po\u010det stran \/ vazba:<\/strong>&nbsp;320 stran \/ V\u00e1zan\u00e1<\/p>\n\n\n\n<p id=\"block-6061cabd-fa38-4434-b0be-477ed69294ec\"><strong>Doporu\u010den\u00e1<\/strong>&nbsp;<strong>cena:<\/strong>&nbsp;498 K\u010d<\/p>\n\n\n\n<p id=\"block-bf00762f-3f26-4bb9-9a78-6955ce7d639d\"><strong>Vydalo<\/strong>:&nbsp;Nakladatelstv\u00ed Argo<\/p>\n\n\n\n<p><strong>V\u00edce informac\u00ed na:&nbsp;<\/strong><a href=\"http:\/\/www.argo.cz\/\"><strong>www.argo.cz<\/strong><\/a><\/p>\n\n\n\n<div style=\"height:45px\" aria-hidden=\"true\" class=\"wp-block-spacer\"><\/div>\n\n\n\n<p id=\"block-78735c9f-8b0d-4f1e-a3f4-81a23eadb822\"><strong>Zdroj foto:<\/strong>&nbsp;Argo<\/p>\n\n\n\n<div style=\"height:150px\" aria-hidden=\"true\" class=\"wp-block-spacer\"><\/div>\n","protected":false},"excerpt":{"rendered":"<p>V \u010desk\u00e9m prost\u0159ed\u00ed je Milan Rastislav \u0160tef\u00e1nik nahl\u00ed\u017een t\u00e9m\u011b\u0159 v\u00fdhradn\u011b v souvislosti s jeho pod\u00edlem na vzniku \u010ceskoslovenska v roce 1918. Ve skute\u010dnosti byl ale jeho \u017eivot mnohem bohat\u0161\u00ed. V biograficky pojat\u00e9 monografii se&#46;&#46;&#46;<\/p>\n","protected":false},"author":8,"featured_media":7475,"comment_status":"closed","ping_status":"closed","sticky":false,"template":"","format":"standard","meta":{"_monsterinsights_skip_tracking":false,"_monsterinsights_sitenote_active":false,"_monsterinsights_sitenote_note":"","_monsterinsights_sitenote_category":0,"footnotes":""},"categories":[35,22,3],"tags":[],"yoast_head":"<!-- This site is optimized with the Yoast SEO plugin v21.5 - https:\/\/yoast.com\/wordpress\/plugins\/seo\/ -->\n<title>Milan Rastislav \u0160tef\u00e1nik |\u00a0Michal K\u0161i\u0148an - BOOKHOUSE.cz<\/title>\n<meta name=\"description\" content=\"V \u010desk\u00e9m prost\u0159ed\u00ed je Milan Rastislav \u0160tef\u00e1nik nahl\u00ed\u017een t\u00e9m\u011b\u0159 v\u00fdhradn\u011b v souvislosti s jeho pod\u00edlem na vzniku \u010ceskoslovenska v roce 1918.\" \/>\n<meta name=\"robots\" content=\"index, follow, max-snippet:-1, max-image-preview:large, max-video-preview:-1\" \/>\n<link rel=\"canonical\" href=\"https:\/\/bookhouse.cz\/index.php\/2024\/09\/27\/milan-rastislav-stefanik-michal-ksinan\/\" \/>\n<meta property=\"og:locale\" content=\"cs_CZ\" \/>\n<meta property=\"og:type\" content=\"article\" \/>\n<meta property=\"og:title\" content=\"Milan Rastislav \u0160tef\u00e1nik |\u00a0Michal K\u0161i\u0148an - BOOKHOUSE.cz\" \/>\n<meta property=\"og:description\" content=\"V \u010desk\u00e9m prost\u0159ed\u00ed je Milan Rastislav \u0160tef\u00e1nik nahl\u00ed\u017een t\u00e9m\u011b\u0159 v\u00fdhradn\u011b v souvislosti s jeho pod\u00edlem na vzniku \u010ceskoslovenska v roce 1918.\" \/>\n<meta property=\"og:url\" content=\"https:\/\/bookhouse.cz\/index.php\/2024\/09\/27\/milan-rastislav-stefanik-michal-ksinan\/\" \/>\n<meta property=\"og:site_name\" content=\"BOOKHOUSE.cz\" \/>\n<meta property=\"article:publisher\" content=\"https:\/\/www.facebook.com\/bookhousecz\" \/>\n<meta property=\"article:published_time\" content=\"2024-09-26T22:01:00+00:00\" \/>\n<meta property=\"article:modified_time\" content=\"2024-09-27T02:06:52+00:00\" \/>\n<meta property=\"og:image\" content=\"https:\/\/bookhouse.cz\/wp-content\/uploads\/2024\/09\/526412_bg-2.jpg\" \/>\n\t<meta property=\"og:image:width\" content=\"850\" \/>\n\t<meta property=\"og:image:height\" content=\"410\" \/>\n\t<meta property=\"og:image:type\" content=\"image\/jpeg\" \/>\n<meta name=\"author\" content=\"Martina Pechov\u00e1\" \/>\n<meta name=\"twitter:card\" content=\"summary_large_image\" \/>\n<meta name=\"twitter:label1\" content=\"Napsal(a)\" \/>\n\t<meta name=\"twitter:data1\" content=\"Martina Pechov\u00e1\" \/>\n\t<meta name=\"twitter:label2\" content=\"Odhadovan\u00e1 doba \u010dten\u00ed\" \/>\n\t<meta name=\"twitter:data2\" content=\"2 minuty\" \/>\n<script type=\"application\/ld+json\" class=\"yoast-schema-graph\">{\"@context\":\"https:\/\/schema.org\",\"@graph\":[{\"@type\":\"Article\",\"@id\":\"https:\/\/bookhouse.cz\/index.php\/2024\/09\/27\/milan-rastislav-stefanik-michal-ksinan\/#article\",\"isPartOf\":{\"@id\":\"https:\/\/bookhouse.cz\/index.php\/2024\/09\/27\/milan-rastislav-stefanik-michal-ksinan\/\"},\"author\":{\"name\":\"Martina Pechov\u00e1\",\"@id\":\"https:\/\/bookhouse.cz\/#\/schema\/person\/f34350c4206dd14422181c0fbd0922a3\"},\"headline\":\"Milan Rastislav \u0160tef\u00e1nik |\u00a0Michal K\u0161i\u0148an\",\"datePublished\":\"2024-09-26T22:01:00+00:00\",\"dateModified\":\"2024-09-27T02:06:52+00:00\",\"mainEntityOfPage\":{\"@id\":\"https:\/\/bookhouse.cz\/index.php\/2024\/09\/27\/milan-rastislav-stefanik-michal-ksinan\/\"},\"wordCount\":374,\"publisher\":{\"@id\":\"https:\/\/bookhouse.cz\/#organization\"},\"articleSection\":[\"BIOGRAFIE A MEMO\u00c1RY\",\"HISTORIE\",\"NEWS\"],\"inLanguage\":\"cs\"},{\"@type\":\"WebPage\",\"@id\":\"https:\/\/bookhouse.cz\/index.php\/2024\/09\/27\/milan-rastislav-stefanik-michal-ksinan\/\",\"url\":\"https:\/\/bookhouse.cz\/index.php\/2024\/09\/27\/milan-rastislav-stefanik-michal-ksinan\/\",\"name\":\"Milan Rastislav \u0160tef\u00e1nik |\u00a0Michal K\u0161i\u0148an - BOOKHOUSE.cz\",\"isPartOf\":{\"@id\":\"https:\/\/bookhouse.cz\/#website\"},\"datePublished\":\"2024-09-26T22:01:00+00:00\",\"dateModified\":\"2024-09-27T02:06:52+00:00\",\"description\":\"V \u010desk\u00e9m prost\u0159ed\u00ed je Milan Rastislav \u0160tef\u00e1nik nahl\u00ed\u017een t\u00e9m\u011b\u0159 v\u00fdhradn\u011b v souvislosti s jeho pod\u00edlem na vzniku \u010ceskoslovenska v roce 1918.\",\"breadcrumb\":{\"@id\":\"https:\/\/bookhouse.cz\/index.php\/2024\/09\/27\/milan-rastislav-stefanik-michal-ksinan\/#breadcrumb\"},\"inLanguage\":\"cs\",\"potentialAction\":[{\"@type\":\"ReadAction\",\"target\":[\"https:\/\/bookhouse.cz\/index.php\/2024\/09\/27\/milan-rastislav-stefanik-michal-ksinan\/\"]}]},{\"@type\":\"BreadcrumbList\",\"@id\":\"https:\/\/bookhouse.cz\/index.php\/2024\/09\/27\/milan-rastislav-stefanik-michal-ksinan\/#breadcrumb\",\"itemListElement\":[{\"@type\":\"ListItem\",\"position\":1,\"name\":\"Dom\u016f\",\"item\":\"https:\/\/bookhouse.cz\/\"},{\"@type\":\"ListItem\",\"position\":2,\"name\":\"Milan Rastislav \u0160tef\u00e1nik |\u00a0Michal K\u0161i\u0148an\"}]},{\"@type\":\"WebSite\",\"@id\":\"https:\/\/bookhouse.cz\/#website\",\"url\":\"https:\/\/bookhouse.cz\/\",\"name\":\"BOOKHOUSE.cz\",\"description\":\"Port\u00e1l o kni\u017en\u00edch novink\u00e1ch.\",\"publisher\":{\"@id\":\"https:\/\/bookhouse.cz\/#organization\"},\"potentialAction\":[{\"@type\":\"SearchAction\",\"target\":{\"@type\":\"EntryPoint\",\"urlTemplate\":\"https:\/\/bookhouse.cz\/?s={search_term_string}\"},\"query-input\":\"required name=search_term_string\"}],\"inLanguage\":\"cs\"},{\"@type\":\"Organization\",\"@id\":\"https:\/\/bookhouse.cz\/#organization\",\"name\":\"BOOKHOUSE.cz\",\"url\":\"https:\/\/bookhouse.cz\/\",\"logo\":{\"@type\":\"ImageObject\",\"inLanguage\":\"cs\",\"@id\":\"https:\/\/bookhouse.cz\/#\/schema\/logo\/image\/\",\"url\":\"https:\/\/bookhouse.cz\/wp-content\/uploads\/2024\/12\/cropped-Logo_BookHouse.jpg\",\"contentUrl\":\"https:\/\/bookhouse.cz\/wp-content\/uploads\/2024\/12\/cropped-Logo_BookHouse.jpg\",\"width\":938,\"height\":513,\"caption\":\"BOOKHOUSE.cz\"},\"image\":{\"@id\":\"https:\/\/bookhouse.cz\/#\/schema\/logo\/image\/\"},\"sameAs\":[\"https:\/\/www.facebook.com\/bookhousecz\",\"https:\/\/www.instagram.com\/bookhousecz\"]},{\"@type\":\"Person\",\"@id\":\"https:\/\/bookhouse.cz\/#\/schema\/person\/f34350c4206dd14422181c0fbd0922a3\",\"name\":\"Martina Pechov\u00e1\",\"image\":{\"@type\":\"ImageObject\",\"inLanguage\":\"cs\",\"@id\":\"https:\/\/bookhouse.cz\/#\/schema\/person\/image\/\",\"url\":\"https:\/\/secure.gravatar.com\/avatar\/d3ad7f43789eed68b221d01c6d7ac4e5?s=96&d=mm&r=g\",\"contentUrl\":\"https:\/\/secure.gravatar.com\/avatar\/d3ad7f43789eed68b221d01c6d7ac4e5?s=96&d=mm&r=g\",\"caption\":\"Martina Pechov\u00e1\"},\"sameAs\":[\"http:\/\/BOOKHOUSE.cz\"],\"url\":\"https:\/\/bookhouse.cz\/index.php\/author\/marpech\/\"}]}<\/script>\n<!-- \/ Yoast SEO plugin. -->","yoast_head_json":{"title":"Milan Rastislav \u0160tef\u00e1nik |\u00a0Michal K\u0161i\u0148an - BOOKHOUSE.cz","description":"V \u010desk\u00e9m prost\u0159ed\u00ed je Milan Rastislav \u0160tef\u00e1nik nahl\u00ed\u017een t\u00e9m\u011b\u0159 v\u00fdhradn\u011b v souvislosti s jeho pod\u00edlem na vzniku \u010ceskoslovenska v roce 1918.","robots":{"index":"index","follow":"follow","max-snippet":"max-snippet:-1","max-image-preview":"max-image-preview:large","max-video-preview":"max-video-preview:-1"},"canonical":"https:\/\/bookhouse.cz\/index.php\/2024\/09\/27\/milan-rastislav-stefanik-michal-ksinan\/","og_locale":"cs_CZ","og_type":"article","og_title":"Milan Rastislav \u0160tef\u00e1nik |\u00a0Michal K\u0161i\u0148an - BOOKHOUSE.cz","og_description":"V \u010desk\u00e9m prost\u0159ed\u00ed je Milan Rastislav \u0160tef\u00e1nik nahl\u00ed\u017een t\u00e9m\u011b\u0159 v\u00fdhradn\u011b v souvislosti s jeho pod\u00edlem na vzniku \u010ceskoslovenska v roce 1918.","og_url":"https:\/\/bookhouse.cz\/index.php\/2024\/09\/27\/milan-rastislav-stefanik-michal-ksinan\/","og_site_name":"BOOKHOUSE.cz","article_publisher":"https:\/\/www.facebook.com\/bookhousecz","article_published_time":"2024-09-26T22:01:00+00:00","article_modified_time":"2024-09-27T02:06:52+00:00","og_image":[{"width":850,"height":410,"url":"https:\/\/bookhouse.cz\/wp-content\/uploads\/2024\/09\/526412_bg-2.jpg","type":"image\/jpeg"}],"author":"Martina Pechov\u00e1","twitter_card":"summary_large_image","twitter_misc":{"Napsal(a)":"Martina Pechov\u00e1","Odhadovan\u00e1 doba \u010dten\u00ed":"2 minuty"},"schema":{"@context":"https:\/\/schema.org","@graph":[{"@type":"Article","@id":"https:\/\/bookhouse.cz\/index.php\/2024\/09\/27\/milan-rastislav-stefanik-michal-ksinan\/#article","isPartOf":{"@id":"https:\/\/bookhouse.cz\/index.php\/2024\/09\/27\/milan-rastislav-stefanik-michal-ksinan\/"},"author":{"name":"Martina Pechov\u00e1","@id":"https:\/\/bookhouse.cz\/#\/schema\/person\/f34350c4206dd14422181c0fbd0922a3"},"headline":"Milan Rastislav \u0160tef\u00e1nik |\u00a0Michal K\u0161i\u0148an","datePublished":"2024-09-26T22:01:00+00:00","dateModified":"2024-09-27T02:06:52+00:00","mainEntityOfPage":{"@id":"https:\/\/bookhouse.cz\/index.php\/2024\/09\/27\/milan-rastislav-stefanik-michal-ksinan\/"},"wordCount":374,"publisher":{"@id":"https:\/\/bookhouse.cz\/#organization"},"articleSection":["BIOGRAFIE A MEMO\u00c1RY","HISTORIE","NEWS"],"inLanguage":"cs"},{"@type":"WebPage","@id":"https:\/\/bookhouse.cz\/index.php\/2024\/09\/27\/milan-rastislav-stefanik-michal-ksinan\/","url":"https:\/\/bookhouse.cz\/index.php\/2024\/09\/27\/milan-rastislav-stefanik-michal-ksinan\/","name":"Milan Rastislav \u0160tef\u00e1nik |\u00a0Michal K\u0161i\u0148an - BOOKHOUSE.cz","isPartOf":{"@id":"https:\/\/bookhouse.cz\/#website"},"datePublished":"2024-09-26T22:01:00+00:00","dateModified":"2024-09-27T02:06:52+00:00","description":"V \u010desk\u00e9m prost\u0159ed\u00ed je Milan Rastislav \u0160tef\u00e1nik nahl\u00ed\u017een t\u00e9m\u011b\u0159 v\u00fdhradn\u011b v souvislosti s jeho pod\u00edlem na vzniku \u010ceskoslovenska v roce 1918.","breadcrumb":{"@id":"https:\/\/bookhouse.cz\/index.php\/2024\/09\/27\/milan-rastislav-stefanik-michal-ksinan\/#breadcrumb"},"inLanguage":"cs","potentialAction":[{"@type":"ReadAction","target":["https:\/\/bookhouse.cz\/index.php\/2024\/09\/27\/milan-rastislav-stefanik-michal-ksinan\/"]}]},{"@type":"BreadcrumbList","@id":"https:\/\/bookhouse.cz\/index.php\/2024\/09\/27\/milan-rastislav-stefanik-michal-ksinan\/#breadcrumb","itemListElement":[{"@type":"ListItem","position":1,"name":"Dom\u016f","item":"https:\/\/bookhouse.cz\/"},{"@type":"ListItem","position":2,"name":"Milan Rastislav \u0160tef\u00e1nik |\u00a0Michal K\u0161i\u0148an"}]},{"@type":"WebSite","@id":"https:\/\/bookhouse.cz\/#website","url":"https:\/\/bookhouse.cz\/","name":"BOOKHOUSE.cz","description":"Port\u00e1l o kni\u017en\u00edch novink\u00e1ch.","publisher":{"@id":"https:\/\/bookhouse.cz\/#organization"},"potentialAction":[{"@type":"SearchAction","target":{"@type":"EntryPoint","urlTemplate":"https:\/\/bookhouse.cz\/?s={search_term_string}"},"query-input":"required name=search_term_string"}],"inLanguage":"cs"},{"@type":"Organization","@id":"https:\/\/bookhouse.cz\/#organization","name":"BOOKHOUSE.cz","url":"https:\/\/bookhouse.cz\/","logo":{"@type":"ImageObject","inLanguage":"cs","@id":"https:\/\/bookhouse.cz\/#\/schema\/logo\/image\/","url":"https:\/\/bookhouse.cz\/wp-content\/uploads\/2024\/12\/cropped-Logo_BookHouse.jpg","contentUrl":"https:\/\/bookhouse.cz\/wp-content\/uploads\/2024\/12\/cropped-Logo_BookHouse.jpg","width":938,"height":513,"caption":"BOOKHOUSE.cz"},"image":{"@id":"https:\/\/bookhouse.cz\/#\/schema\/logo\/image\/"},"sameAs":["https:\/\/www.facebook.com\/bookhousecz","https:\/\/www.instagram.com\/bookhousecz"]},{"@type":"Person","@id":"https:\/\/bookhouse.cz\/#\/schema\/person\/f34350c4206dd14422181c0fbd0922a3","name":"Martina Pechov\u00e1","image":{"@type":"ImageObject","inLanguage":"cs","@id":"https:\/\/bookhouse.cz\/#\/schema\/person\/image\/","url":"https:\/\/secure.gravatar.com\/avatar\/d3ad7f43789eed68b221d01c6d7ac4e5?s=96&d=mm&r=g","contentUrl":"https:\/\/secure.gravatar.com\/avatar\/d3ad7f43789eed68b221d01c6d7ac4e5?s=96&d=mm&r=g","caption":"Martina Pechov\u00e1"},"sameAs":["http:\/\/BOOKHOUSE.cz"],"url":"https:\/\/bookhouse.cz\/index.php\/author\/marpech\/"}]}},"_links":{"self":[{"href":"https:\/\/bookhouse.cz\/index.php\/wp-json\/wp\/v2\/posts\/7474"}],"collection":[{"href":"https:\/\/bookhouse.cz\/index.php\/wp-json\/wp\/v2\/posts"}],"about":[{"href":"https:\/\/bookhouse.cz\/index.php\/wp-json\/wp\/v2\/types\/post"}],"author":[{"embeddable":true,"href":"https:\/\/bookhouse.cz\/index.php\/wp-json\/wp\/v2\/users\/8"}],"replies":[{"embeddable":true,"href":"https:\/\/bookhouse.cz\/index.php\/wp-json\/wp\/v2\/comments?post=7474"}],"version-history":[{"count":2,"href":"https:\/\/bookhouse.cz\/index.php\/wp-json\/wp\/v2\/posts\/7474\/revisions"}],"predecessor-version":[{"id":7566,"href":"https:\/\/bookhouse.cz\/index.php\/wp-json\/wp\/v2\/posts\/7474\/revisions\/7566"}],"wp:featuredmedia":[{"embeddable":true,"href":"https:\/\/bookhouse.cz\/index.php\/wp-json\/wp\/v2\/media\/7475"}],"wp:attachment":[{"href":"https:\/\/bookhouse.cz\/index.php\/wp-json\/wp\/v2\/media?parent=7474"}],"wp:term":[{"taxonomy":"category","embeddable":true,"href":"https:\/\/bookhouse.cz\/index.php\/wp-json\/wp\/v2\/categories?post=7474"},{"taxonomy":"post_tag","embeddable":true,"href":"https:\/\/bookhouse.cz\/index.php\/wp-json\/wp\/v2\/tags?post=7474"}],"curies":[{"name":"wp","href":"https:\/\/api.w.org\/{rel}","templated":true}]}}