{"id":7361,"date":"2024-09-02T00:01:00","date_gmt":"2024-09-01T22:01:00","guid":{"rendered":"https:\/\/bookhouse.cz\/?p=7361"},"modified":"2024-09-02T04:36:54","modified_gmt":"2024-09-02T02:36:54","slug":"mrtvy-na-pekelnem-vrchu-juraj-cervenak","status":"publish","type":"post","link":"https:\/\/bookhouse.cz\/index.php\/2024\/09\/02\/mrtvy-na-pekelnem-vrchu-juraj-cervenak\/","title":{"rendered":"Mrtv\u00fd na Pekeln\u00e9m vrchu |\u00a0Juraj \u010cerven\u00e1k"},"content":{"rendered":"\n<div style=\"height:45px\" aria-hidden=\"true\" class=\"wp-block-spacer\"><\/div>\n\n\n\n<p><strong>Kapit\u00e1n Stein a not\u00e1\u0159 Barbari\u010d na stop\u011b zlo\u010dinu v habsbursk\u00e9m c\u00edsa\u0159stv\u00ed za vl\u00e1dy Rudolfa II.Kapit\u00e1n Stein a not\u00e1\u0159 Barbari\u010d na stop\u011b zlo\u010dinu v habsbursk\u00e9m c\u00edsa\u0159stv\u00ed za vl\u00e1dy Rudolfa II.<\/strong><\/p>\n\n\n\n<div style=\"height:45px\" aria-hidden=\"true\" class=\"wp-block-spacer\"><\/div>\n\n\n<div class=\"wp-block-image\">\n<figure class=\"aligncenter size-full\"><img loading=\"lazy\" decoding=\"async\" width=\"793\" height=\"437\" src=\"https:\/\/bookhouse.cz\/wp-content\/uploads\/2024\/08\/541339_bg-2.jpg\" alt=\"Mrtv\u00fd na Pekeln\u00e9m vrchu\" class=\"wp-image-7362\" srcset=\"https:\/\/bookhouse.cz\/wp-content\/uploads\/2024\/08\/541339_bg-2.jpg 793w, https:\/\/bookhouse.cz\/wp-content\/uploads\/2024\/08\/541339_bg-2-300x165.jpg 300w, https:\/\/bookhouse.cz\/wp-content\/uploads\/2024\/08\/541339_bg-2-768x423.jpg 768w\" sizes=\"(max-width: 793px) 100vw, 793px\" \/><\/figure><\/div>\n\n\n<div style=\"height:45px\" aria-hidden=\"true\" class=\"wp-block-spacer\"><\/div>\n\n\n\n<p>Prvn\u00ed z \u0159ady historick\u00fdch detektivek s prvky \u0161pion\u00e1\u017en\u00edho a konspira\u010dn\u00edho thrilleru, ale i hororu a mysteri\u00f3zn\u00edho \u010di dobrodru\u017en\u00e9ho rom\u00e1nu. Hrdinami jsou kapit\u00e1n Joachim Stein (v\u00e1le\u010dn\u00fd veter\u00e1n, drsn\u00fd, p\u0159\u00edmo\u010dar\u00fd, \u010dasto prosto\u0159ek\u00fd, zru\u010dn\u00fd se zbran\u011bmi v\u0161ech druh\u016fv) a not\u00e1\u0159 Mat\u011bj Barbari\u010d (pr\u00e1vnik, vzd\u011blanec, diplomat, cestovatel&#8230; av\u0161ak se slabost\u00ed pro \u201e\u017eeny a v\u00edno\u201c).Odehr\u00e1v\u00e1 sa na \u00fazem\u00ed Horn\u00edch Uher v oblasti kr\u00e1lovsk\u00fdch horn\u00edch m\u011bst, do kter\u00fdch se pokou\u0161\u00ed proniknout Turci. Z\u00e1pletka se t\u00fdk\u00e1 odhalen\u00ed velezrady mezi vysoce postaven\u00fdmi p\u0159edstaviteli Svazu horn\u00edch m\u011bst \u2013 kdo se nechal podplatit Osmany a pos\u00edl\u00e1 jim informace o rozm\u00edst\u011bn\u00ed vojsk a horsk\u00fdch cest\u00e1ch? P\u0159\u00edpad se propl\u00e9t\u00e1 s vra\u017edou \u0161tiavnick\u00e9ho \u0161lechtice a stra\u0161ideln\u00fdmi p\u0159\u00edb\u011bhy o proklet\u00e9 me\u0161\u0165ance Barbo\u0159e Rosselov\u00e9, jej\u00ed\u017e duch se \u00fadajn\u011b zjevuje v doprovodu pekeln\u00fdch ps\u016f.<\/p>\n\n\n\n<div style=\"height:48px\" aria-hidden=\"true\" class=\"wp-block-spacer\"><\/div>\n\n\n<div class=\"wp-block-image\">\n<figure class=\"aligncenter size-large\"><img loading=\"lazy\" decoding=\"async\" width=\"688\" height=\"1024\" src=\"https:\/\/bookhouse.cz\/wp-content\/uploads\/2024\/08\/541339_bg-688x1024.jpg\" alt=\"Mrtv\u00fd na Pekeln\u00e9m vrchu\" class=\"wp-image-7363\" srcset=\"https:\/\/bookhouse.cz\/wp-content\/uploads\/2024\/08\/541339_bg-688x1024.jpg 688w, https:\/\/bookhouse.cz\/wp-content\/uploads\/2024\/08\/541339_bg-201x300.jpg 201w, https:\/\/bookhouse.cz\/wp-content\/uploads\/2024\/08\/541339_bg-768x1144.jpg 768w, https:\/\/bookhouse.cz\/wp-content\/uploads\/2024\/08\/541339_bg.jpg 793w\" sizes=\"(max-width: 688px) 100vw, 688px\" \/><\/figure><\/div>\n\n\n<div style=\"height:45px\" aria-hidden=\"true\" class=\"wp-block-spacer\"><\/div>\n\n\n\n<h2 class=\"wp-block-heading\" id=\"block-d5099aaf-fc1f-4aea-9eb1-4e097e5ca5da\">N\u00e1zev knihy: Mrtv\u00fd na Pekeln\u00e9m vrchu<\/h2>\n\n\n\n<div style=\"height:45px\" aria-hidden=\"true\" class=\"wp-block-spacer\"><\/div>\n\n\n\n<p id=\"block-f563f394-4ca1-47f0-b136-5ffe5b4f4d1c\"><strong>Autor:<\/strong>\u00a0Juraj \u010cerven\u00e1k<\/p>\n\n\n\n<p id=\"block-30e75497-0af9-41c7-9cd2-0d7e7f286ca8\"><strong>Po\u010det stran \/ vazba:<\/strong>\u00a0288 stran \/ V\u00e1zan\u00e1<\/p>\n\n\n\n<p id=\"block-6061cabd-fa38-4434-b0be-477ed69294ec\"><strong>Doporu\u010den\u00e1<\/strong>&nbsp;<strong>cena:<\/strong>&nbsp;398 K\u010d<\/p>\n\n\n\n<p id=\"block-bf00762f-3f26-4bb9-9a78-6955ce7d639d\"><strong>Vydalo<\/strong>:&nbsp;Nakladatelstv\u00ed Argo<\/p>\n\n\n\n<p><strong>V\u00edce informac\u00ed na:\u00a0<\/strong><a href=\"http:\/\/www.argo.cz\/\"><strong>www.argo.cz<\/strong><\/a><\/p>\n\n\n\n<div style=\"height:45px\" aria-hidden=\"true\" class=\"wp-block-spacer\"><\/div>\n\n\n\n<p id=\"block-78735c9f-8b0d-4f1e-a3f4-81a23eadb822\"><strong>Zdroj foto:<\/strong>\u00a0Argo<\/p>\n\n\n\n<div style=\"height:45px\" aria-hidden=\"true\" class=\"wp-block-spacer\"><\/div>\n","protected":false},"excerpt":{"rendered":"<p>Kapit\u00e1n Stein a not\u00e1\u0159 Barbari\u010d na stop\u011b zlo\u010dinu v habsbursk\u00e9m c\u00edsa\u0159stv\u00ed za vl\u00e1dy Rudolfa II.Kapit\u00e1n Stein a not\u00e1\u0159 Barbari\u010d na stop\u011b zlo\u010dinu v habsbursk\u00e9m c\u00edsa\u0159stv\u00ed za vl\u00e1dy Rudolfa II. Prvn\u00ed z \u0159ady historick\u00fdch detektivek&#46;&#46;&#46;<\/p>\n","protected":false},"author":8,"featured_media":7362,"comment_status":"closed","ping_status":"closed","sticky":false,"template":"","format":"standard","meta":{"_monsterinsights_skip_tracking":false,"_monsterinsights_sitenote_active":false,"_monsterinsights_sitenote_note":"","_monsterinsights_sitenote_category":0,"footnotes":""},"categories":[42,41,26,3,23],"tags":[],"yoast_head":"<!-- This site is optimized with the Yoast SEO plugin v21.5 - https:\/\/yoast.com\/wordpress\/plugins\/seo\/ -->\n<title>Mrtv\u00fd na Pekeln\u00e9m vrchu |\u00a0Juraj \u010cerven\u00e1k - BOOKHOUSE.cz<\/title>\n<meta name=\"description\" content=\"Kapit\u00e1n Stein a not\u00e1\u0159 Barbari\u010d na stop\u011b zlo\u010dinu v habsbursk\u00e9m c\u00edsa\u0159stv\u00ed za vl\u00e1dy Rudolfa II.Prvn\u00ed z \u0159ady historick\u00fdch detektivek.\" \/>\n<meta name=\"robots\" content=\"index, follow, max-snippet:-1, max-image-preview:large, max-video-preview:-1\" \/>\n<link rel=\"canonical\" href=\"https:\/\/bookhouse.cz\/index.php\/2024\/09\/02\/mrtvy-na-pekelnem-vrchu-juraj-cervenak\/\" \/>\n<meta property=\"og:locale\" content=\"cs_CZ\" \/>\n<meta property=\"og:type\" content=\"article\" \/>\n<meta property=\"og:title\" content=\"Mrtv\u00fd na Pekeln\u00e9m vrchu |\u00a0Juraj \u010cerven\u00e1k - BOOKHOUSE.cz\" \/>\n<meta property=\"og:description\" content=\"Kapit\u00e1n Stein a not\u00e1\u0159 Barbari\u010d na stop\u011b zlo\u010dinu v habsbursk\u00e9m c\u00edsa\u0159stv\u00ed za vl\u00e1dy Rudolfa II.Prvn\u00ed z \u0159ady historick\u00fdch detektivek.\" \/>\n<meta property=\"og:url\" content=\"https:\/\/bookhouse.cz\/index.php\/2024\/09\/02\/mrtvy-na-pekelnem-vrchu-juraj-cervenak\/\" \/>\n<meta property=\"og:site_name\" content=\"BOOKHOUSE.cz\" \/>\n<meta property=\"article:publisher\" content=\"https:\/\/www.facebook.com\/bookhousecz\" \/>\n<meta property=\"article:published_time\" content=\"2024-09-01T22:01:00+00:00\" \/>\n<meta property=\"article:modified_time\" content=\"2024-09-02T02:36:54+00:00\" \/>\n<meta property=\"og:image\" content=\"https:\/\/bookhouse.cz\/wp-content\/uploads\/2024\/08\/541339_bg-2.jpg\" \/>\n\t<meta property=\"og:image:width\" content=\"793\" \/>\n\t<meta property=\"og:image:height\" content=\"437\" \/>\n\t<meta property=\"og:image:type\" content=\"image\/jpeg\" \/>\n<meta name=\"author\" content=\"Martina Pechov\u00e1\" \/>\n<meta name=\"twitter:card\" content=\"summary_large_image\" \/>\n<meta name=\"twitter:label1\" content=\"Napsal(a)\" \/>\n\t<meta name=\"twitter:data1\" content=\"Martina Pechov\u00e1\" \/>\n\t<meta name=\"twitter:label2\" content=\"Odhadovan\u00e1 doba \u010dten\u00ed\" \/>\n\t<meta name=\"twitter:data2\" content=\"2 minuty\" \/>\n<script type=\"application\/ld+json\" class=\"yoast-schema-graph\">{\"@context\":\"https:\/\/schema.org\",\"@graph\":[{\"@type\":\"Article\",\"@id\":\"https:\/\/bookhouse.cz\/index.php\/2024\/09\/02\/mrtvy-na-pekelnem-vrchu-juraj-cervenak\/#article\",\"isPartOf\":{\"@id\":\"https:\/\/bookhouse.cz\/index.php\/2024\/09\/02\/mrtvy-na-pekelnem-vrchu-juraj-cervenak\/\"},\"author\":{\"name\":\"Martina Pechov\u00e1\",\"@id\":\"https:\/\/bookhouse.cz\/#\/schema\/person\/f34350c4206dd14422181c0fbd0922a3\"},\"headline\":\"Mrtv\u00fd na Pekeln\u00e9m vrchu |\u00a0Juraj \u010cerven\u00e1k\",\"datePublished\":\"2024-09-01T22:01:00+00:00\",\"dateModified\":\"2024-09-02T02:36:54+00:00\",\"mainEntityOfPage\":{\"@id\":\"https:\/\/bookhouse.cz\/index.php\/2024\/09\/02\/mrtvy-na-pekelnem-vrchu-juraj-cervenak\/\"},\"wordCount\":262,\"publisher\":{\"@id\":\"https:\/\/bookhouse.cz\/#organization\"},\"articleSection\":[\"DETEKTIVKY\",\"HISTORICK\u00c9\",\"KRIMIN\u00c1LKY\",\"NEWS\",\"ROM\u00c1NY\"],\"inLanguage\":\"cs\"},{\"@type\":\"WebPage\",\"@id\":\"https:\/\/bookhouse.cz\/index.php\/2024\/09\/02\/mrtvy-na-pekelnem-vrchu-juraj-cervenak\/\",\"url\":\"https:\/\/bookhouse.cz\/index.php\/2024\/09\/02\/mrtvy-na-pekelnem-vrchu-juraj-cervenak\/\",\"name\":\"Mrtv\u00fd na Pekeln\u00e9m vrchu |\u00a0Juraj \u010cerven\u00e1k - BOOKHOUSE.cz\",\"isPartOf\":{\"@id\":\"https:\/\/bookhouse.cz\/#website\"},\"datePublished\":\"2024-09-01T22:01:00+00:00\",\"dateModified\":\"2024-09-02T02:36:54+00:00\",\"description\":\"Kapit\u00e1n Stein a not\u00e1\u0159 Barbari\u010d na stop\u011b zlo\u010dinu v habsbursk\u00e9m c\u00edsa\u0159stv\u00ed za vl\u00e1dy Rudolfa II.Prvn\u00ed z \u0159ady historick\u00fdch detektivek.\",\"breadcrumb\":{\"@id\":\"https:\/\/bookhouse.cz\/index.php\/2024\/09\/02\/mrtvy-na-pekelnem-vrchu-juraj-cervenak\/#breadcrumb\"},\"inLanguage\":\"cs\",\"potentialAction\":[{\"@type\":\"ReadAction\",\"target\":[\"https:\/\/bookhouse.cz\/index.php\/2024\/09\/02\/mrtvy-na-pekelnem-vrchu-juraj-cervenak\/\"]}]},{\"@type\":\"BreadcrumbList\",\"@id\":\"https:\/\/bookhouse.cz\/index.php\/2024\/09\/02\/mrtvy-na-pekelnem-vrchu-juraj-cervenak\/#breadcrumb\",\"itemListElement\":[{\"@type\":\"ListItem\",\"position\":1,\"name\":\"Dom\u016f\",\"item\":\"https:\/\/bookhouse.cz\/\"},{\"@type\":\"ListItem\",\"position\":2,\"name\":\"Mrtv\u00fd na Pekeln\u00e9m vrchu |\u00a0Juraj \u010cerven\u00e1k\"}]},{\"@type\":\"WebSite\",\"@id\":\"https:\/\/bookhouse.cz\/#website\",\"url\":\"https:\/\/bookhouse.cz\/\",\"name\":\"BOOKHOUSE.cz\",\"description\":\"Port\u00e1l o kni\u017en\u00edch novink\u00e1ch.\",\"publisher\":{\"@id\":\"https:\/\/bookhouse.cz\/#organization\"},\"potentialAction\":[{\"@type\":\"SearchAction\",\"target\":{\"@type\":\"EntryPoint\",\"urlTemplate\":\"https:\/\/bookhouse.cz\/?s={search_term_string}\"},\"query-input\":\"required name=search_term_string\"}],\"inLanguage\":\"cs\"},{\"@type\":\"Organization\",\"@id\":\"https:\/\/bookhouse.cz\/#organization\",\"name\":\"BOOKHOUSE.cz\",\"url\":\"https:\/\/bookhouse.cz\/\",\"logo\":{\"@type\":\"ImageObject\",\"inLanguage\":\"cs\",\"@id\":\"https:\/\/bookhouse.cz\/#\/schema\/logo\/image\/\",\"url\":\"https:\/\/bookhouse.cz\/wp-content\/uploads\/2024\/12\/cropped-Logo_BookHouse.jpg\",\"contentUrl\":\"https:\/\/bookhouse.cz\/wp-content\/uploads\/2024\/12\/cropped-Logo_BookHouse.jpg\",\"width\":938,\"height\":513,\"caption\":\"BOOKHOUSE.cz\"},\"image\":{\"@id\":\"https:\/\/bookhouse.cz\/#\/schema\/logo\/image\/\"},\"sameAs\":[\"https:\/\/www.facebook.com\/bookhousecz\",\"https:\/\/www.instagram.com\/bookhousecz\"]},{\"@type\":\"Person\",\"@id\":\"https:\/\/bookhouse.cz\/#\/schema\/person\/f34350c4206dd14422181c0fbd0922a3\",\"name\":\"Martina Pechov\u00e1\",\"image\":{\"@type\":\"ImageObject\",\"inLanguage\":\"cs\",\"@id\":\"https:\/\/bookhouse.cz\/#\/schema\/person\/image\/\",\"url\":\"https:\/\/secure.gravatar.com\/avatar\/d3ad7f43789eed68b221d01c6d7ac4e5?s=96&d=mm&r=g\",\"contentUrl\":\"https:\/\/secure.gravatar.com\/avatar\/d3ad7f43789eed68b221d01c6d7ac4e5?s=96&d=mm&r=g\",\"caption\":\"Martina Pechov\u00e1\"},\"sameAs\":[\"http:\/\/BOOKHOUSE.cz\"],\"url\":\"https:\/\/bookhouse.cz\/index.php\/author\/marpech\/\"}]}<\/script>\n<!-- \/ Yoast SEO plugin. -->","yoast_head_json":{"title":"Mrtv\u00fd na Pekeln\u00e9m vrchu |\u00a0Juraj \u010cerven\u00e1k - BOOKHOUSE.cz","description":"Kapit\u00e1n Stein a not\u00e1\u0159 Barbari\u010d na stop\u011b zlo\u010dinu v habsbursk\u00e9m c\u00edsa\u0159stv\u00ed za vl\u00e1dy Rudolfa II.Prvn\u00ed z \u0159ady historick\u00fdch detektivek.","robots":{"index":"index","follow":"follow","max-snippet":"max-snippet:-1","max-image-preview":"max-image-preview:large","max-video-preview":"max-video-preview:-1"},"canonical":"https:\/\/bookhouse.cz\/index.php\/2024\/09\/02\/mrtvy-na-pekelnem-vrchu-juraj-cervenak\/","og_locale":"cs_CZ","og_type":"article","og_title":"Mrtv\u00fd na Pekeln\u00e9m vrchu |\u00a0Juraj \u010cerven\u00e1k - BOOKHOUSE.cz","og_description":"Kapit\u00e1n Stein a not\u00e1\u0159 Barbari\u010d na stop\u011b zlo\u010dinu v habsbursk\u00e9m c\u00edsa\u0159stv\u00ed za vl\u00e1dy Rudolfa II.Prvn\u00ed z \u0159ady historick\u00fdch detektivek.","og_url":"https:\/\/bookhouse.cz\/index.php\/2024\/09\/02\/mrtvy-na-pekelnem-vrchu-juraj-cervenak\/","og_site_name":"BOOKHOUSE.cz","article_publisher":"https:\/\/www.facebook.com\/bookhousecz","article_published_time":"2024-09-01T22:01:00+00:00","article_modified_time":"2024-09-02T02:36:54+00:00","og_image":[{"width":793,"height":437,"url":"https:\/\/bookhouse.cz\/wp-content\/uploads\/2024\/08\/541339_bg-2.jpg","type":"image\/jpeg"}],"author":"Martina Pechov\u00e1","twitter_card":"summary_large_image","twitter_misc":{"Napsal(a)":"Martina Pechov\u00e1","Odhadovan\u00e1 doba \u010dten\u00ed":"2 minuty"},"schema":{"@context":"https:\/\/schema.org","@graph":[{"@type":"Article","@id":"https:\/\/bookhouse.cz\/index.php\/2024\/09\/02\/mrtvy-na-pekelnem-vrchu-juraj-cervenak\/#article","isPartOf":{"@id":"https:\/\/bookhouse.cz\/index.php\/2024\/09\/02\/mrtvy-na-pekelnem-vrchu-juraj-cervenak\/"},"author":{"name":"Martina Pechov\u00e1","@id":"https:\/\/bookhouse.cz\/#\/schema\/person\/f34350c4206dd14422181c0fbd0922a3"},"headline":"Mrtv\u00fd na Pekeln\u00e9m vrchu |\u00a0Juraj \u010cerven\u00e1k","datePublished":"2024-09-01T22:01:00+00:00","dateModified":"2024-09-02T02:36:54+00:00","mainEntityOfPage":{"@id":"https:\/\/bookhouse.cz\/index.php\/2024\/09\/02\/mrtvy-na-pekelnem-vrchu-juraj-cervenak\/"},"wordCount":262,"publisher":{"@id":"https:\/\/bookhouse.cz\/#organization"},"articleSection":["DETEKTIVKY","HISTORICK\u00c9","KRIMIN\u00c1LKY","NEWS","ROM\u00c1NY"],"inLanguage":"cs"},{"@type":"WebPage","@id":"https:\/\/bookhouse.cz\/index.php\/2024\/09\/02\/mrtvy-na-pekelnem-vrchu-juraj-cervenak\/","url":"https:\/\/bookhouse.cz\/index.php\/2024\/09\/02\/mrtvy-na-pekelnem-vrchu-juraj-cervenak\/","name":"Mrtv\u00fd na Pekeln\u00e9m vrchu |\u00a0Juraj \u010cerven\u00e1k - BOOKHOUSE.cz","isPartOf":{"@id":"https:\/\/bookhouse.cz\/#website"},"datePublished":"2024-09-01T22:01:00+00:00","dateModified":"2024-09-02T02:36:54+00:00","description":"Kapit\u00e1n Stein a not\u00e1\u0159 Barbari\u010d na stop\u011b zlo\u010dinu v habsbursk\u00e9m c\u00edsa\u0159stv\u00ed za vl\u00e1dy Rudolfa II.Prvn\u00ed z \u0159ady historick\u00fdch detektivek.","breadcrumb":{"@id":"https:\/\/bookhouse.cz\/index.php\/2024\/09\/02\/mrtvy-na-pekelnem-vrchu-juraj-cervenak\/#breadcrumb"},"inLanguage":"cs","potentialAction":[{"@type":"ReadAction","target":["https:\/\/bookhouse.cz\/index.php\/2024\/09\/02\/mrtvy-na-pekelnem-vrchu-juraj-cervenak\/"]}]},{"@type":"BreadcrumbList","@id":"https:\/\/bookhouse.cz\/index.php\/2024\/09\/02\/mrtvy-na-pekelnem-vrchu-juraj-cervenak\/#breadcrumb","itemListElement":[{"@type":"ListItem","position":1,"name":"Dom\u016f","item":"https:\/\/bookhouse.cz\/"},{"@type":"ListItem","position":2,"name":"Mrtv\u00fd na Pekeln\u00e9m vrchu |\u00a0Juraj \u010cerven\u00e1k"}]},{"@type":"WebSite","@id":"https:\/\/bookhouse.cz\/#website","url":"https:\/\/bookhouse.cz\/","name":"BOOKHOUSE.cz","description":"Port\u00e1l o kni\u017en\u00edch novink\u00e1ch.","publisher":{"@id":"https:\/\/bookhouse.cz\/#organization"},"potentialAction":[{"@type":"SearchAction","target":{"@type":"EntryPoint","urlTemplate":"https:\/\/bookhouse.cz\/?s={search_term_string}"},"query-input":"required name=search_term_string"}],"inLanguage":"cs"},{"@type":"Organization","@id":"https:\/\/bookhouse.cz\/#organization","name":"BOOKHOUSE.cz","url":"https:\/\/bookhouse.cz\/","logo":{"@type":"ImageObject","inLanguage":"cs","@id":"https:\/\/bookhouse.cz\/#\/schema\/logo\/image\/","url":"https:\/\/bookhouse.cz\/wp-content\/uploads\/2024\/12\/cropped-Logo_BookHouse.jpg","contentUrl":"https:\/\/bookhouse.cz\/wp-content\/uploads\/2024\/12\/cropped-Logo_BookHouse.jpg","width":938,"height":513,"caption":"BOOKHOUSE.cz"},"image":{"@id":"https:\/\/bookhouse.cz\/#\/schema\/logo\/image\/"},"sameAs":["https:\/\/www.facebook.com\/bookhousecz","https:\/\/www.instagram.com\/bookhousecz"]},{"@type":"Person","@id":"https:\/\/bookhouse.cz\/#\/schema\/person\/f34350c4206dd14422181c0fbd0922a3","name":"Martina Pechov\u00e1","image":{"@type":"ImageObject","inLanguage":"cs","@id":"https:\/\/bookhouse.cz\/#\/schema\/person\/image\/","url":"https:\/\/secure.gravatar.com\/avatar\/d3ad7f43789eed68b221d01c6d7ac4e5?s=96&d=mm&r=g","contentUrl":"https:\/\/secure.gravatar.com\/avatar\/d3ad7f43789eed68b221d01c6d7ac4e5?s=96&d=mm&r=g","caption":"Martina Pechov\u00e1"},"sameAs":["http:\/\/BOOKHOUSE.cz"],"url":"https:\/\/bookhouse.cz\/index.php\/author\/marpech\/"}]}},"_links":{"self":[{"href":"https:\/\/bookhouse.cz\/index.php\/wp-json\/wp\/v2\/posts\/7361"}],"collection":[{"href":"https:\/\/bookhouse.cz\/index.php\/wp-json\/wp\/v2\/posts"}],"about":[{"href":"https:\/\/bookhouse.cz\/index.php\/wp-json\/wp\/v2\/types\/post"}],"author":[{"embeddable":true,"href":"https:\/\/bookhouse.cz\/index.php\/wp-json\/wp\/v2\/users\/8"}],"replies":[{"embeddable":true,"href":"https:\/\/bookhouse.cz\/index.php\/wp-json\/wp\/v2\/comments?post=7361"}],"version-history":[{"count":1,"href":"https:\/\/bookhouse.cz\/index.php\/wp-json\/wp\/v2\/posts\/7361\/revisions"}],"predecessor-version":[{"id":7364,"href":"https:\/\/bookhouse.cz\/index.php\/wp-json\/wp\/v2\/posts\/7361\/revisions\/7364"}],"wp:featuredmedia":[{"embeddable":true,"href":"https:\/\/bookhouse.cz\/index.php\/wp-json\/wp\/v2\/media\/7362"}],"wp:attachment":[{"href":"https:\/\/bookhouse.cz\/index.php\/wp-json\/wp\/v2\/media?parent=7361"}],"wp:term":[{"taxonomy":"category","embeddable":true,"href":"https:\/\/bookhouse.cz\/index.php\/wp-json\/wp\/v2\/categories?post=7361"},{"taxonomy":"post_tag","embeddable":true,"href":"https:\/\/bookhouse.cz\/index.php\/wp-json\/wp\/v2\/tags?post=7361"}],"curies":[{"name":"wp","href":"https:\/\/api.w.org\/{rel}","templated":true}]}}