{"id":7246,"date":"2024-08-06T00:01:00","date_gmt":"2024-08-05T22:01:00","guid":{"rendered":"https:\/\/bookhouse.cz\/?p=7246"},"modified":"2024-08-06T17:55:46","modified_gmt":"2024-08-06T15:55:46","slug":"tradiar-2025-martina-boledovicova-martina-viktorie-kopecka","status":"publish","type":"post","link":"https:\/\/bookhouse.cz\/index.php\/2024\/08\/06\/tradiar-2025-martina-boledovicova-martina-viktorie-kopecka\/","title":{"rendered":"TraDi\u00e1\u0159 2025\u00a0|\u00a0Martina Boledovi\u010dov\u00e1, Martina Viktorie Kopeck\u00e1"},"content":{"rendered":"\n<div style=\"height:45px\" aria-hidden=\"true\" class=\"wp-block-spacer\"><\/div>\n\n\n\n<p><strong>Pro milovn\u00edky tradi\u010dn\u00edch pap\u00edrov\u00fdch di\u00e1\u0159\u016f autorky Martina Viktorie Kopeck\u00e1 a Martina Boledovi\u010dov\u00e1 p\u0159ipravili ji\u017e pot\u0159et\u00ed di\u00e1\u0159 zam\u011b\u0159en\u00fd na sv\u00e1tky a tradice. Di\u00e1\u0159 se znovu zam\u011b\u0159uje na sv\u00e1tky a tradice v kolob\u011bhu roku.<\/strong><\/p>\n\n\n\n<div style=\"height:45px\" aria-hidden=\"true\" class=\"wp-block-spacer\"><\/div>\n\n\n<div class=\"wp-block-image\">\n<figure class=\"aligncenter size-large\"><img loading=\"lazy\" decoding=\"async\" width=\"1024\" height=\"566\" src=\"https:\/\/bookhouse.cz\/wp-content\/uploads\/2024\/07\/Snimek-obrazovky-2024-07-19-160311-1024x566.png\" alt=\"TraDi\u00e1\u0159 2025\" class=\"wp-image-7247\" srcset=\"https:\/\/bookhouse.cz\/wp-content\/uploads\/2024\/07\/Snimek-obrazovky-2024-07-19-160311-1024x566.png 1024w, https:\/\/bookhouse.cz\/wp-content\/uploads\/2024\/07\/Snimek-obrazovky-2024-07-19-160311-300x166.png 300w, https:\/\/bookhouse.cz\/wp-content\/uploads\/2024\/07\/Snimek-obrazovky-2024-07-19-160311-768x424.png 768w, https:\/\/bookhouse.cz\/wp-content\/uploads\/2024\/07\/Snimek-obrazovky-2024-07-19-160311.png 1500w\" sizes=\"(max-width: 1024px) 100vw, 1024px\" \/><\/figure><\/div>\n\n\n<div style=\"height:45px\" aria-hidden=\"true\" class=\"wp-block-spacer\"><\/div>\n\n\n\n<p>N\u00e1\u0161 TraDi\u00e1\u0159 spojuje kalend\u00e1\u0159 jmenn\u00fd, ob\u010dansk\u00fd a&nbsp;liturgick\u00fd s&nbsp;cyklem p\u0159\u00edrody a&nbsp;zem\u011bd\u011blsk\u00fdm rokem a&nbsp;na n\u011b navazuj\u00edc\u00edmi sv\u00e1tky a&nbsp;tradi\u010dn\u00edmi zvyky. Sou\u010d\u00e1st\u00ed TraDi\u00e1\u0159e je 12 text\u016f far\u00e1\u0159ky&nbsp;<strong>Martiny Viktorie Kopeck\u00e9,<\/strong>&nbsp;kter\u00e9 n\u00e1s za\u010d\u00e1tkem ka\u017ed\u00e9ho m\u011bs\u00edce vyb\u00edzej\u00ed k&nbsp;zamy\u0161len\u00ed nad kolob\u011bhem roku, jeho tradicemi a&nbsp;sv\u00e1tky. V&nbsp;ka\u017ed\u00e9m m\u011bs\u00edci najdete tak\u00e9 rady Hanky Zemanov\u00e9 z&nbsp;Rytmu roku, t\u00fdkaj\u00edc\u00ed se sez\u00f3nn\u00ed stravy a&nbsp;nab\u00edzej\u00edc\u00ed nalad\u011bn\u00ed se na rytmus p\u0159\u00edrody. Nov\u011b do di\u00e1\u0159e p\u0159ibyde i&nbsp;osevn\u00ed kalend\u00e1\u0159, kter\u00fd p\u0159ipomene ten nejlep\u0161\u00ed \u010das, kdy co s\u00e1zet a&nbsp;skl\u00edzet.<\/p>\n\n\n\n<p>Tento di\u00e1\u0159 porad\u00ed, jak za\u0159adit do \u017eivota denn\u00ed, t\u00fddenn\u00ed, m\u011bs\u00ed\u010dn\u00ed i&nbsp;ro\u010dn\u00ed ritu\u00e1ly a&nbsp;jak neprome\u0161kat v\u00fdznamn\u00e9 dny a&nbsp;sv\u00e1tky a&nbsp;p\u0159\u00edpravu na n\u011b. Budeme tak v\u011bd\u011bt, kdy a&nbsp;co je Tu\u010dn\u00fd \u010dtvrtek nebo Popele\u010dn\u00ed st\u0159eda, jak se jmenuj\u00ed postn\u00ed ned\u011ble, kdy se vyn\u00e1\u0161\u00ed zima, kdy n\u00e1s \u010dek\u00e1 svatomartinsk\u00e9 posv\u00edcen\u00ed nebo svatoj\u00e1nsk\u00e1 noc a&nbsp;jak se slavi\u00ed, kdy za\u010d\u00edn\u00e1 advent nebo kde se vzal Den matek. \u017divot v&nbsp;cyklech a&nbsp;ritu\u00e1lech m\u016f\u017ee pomoci v&nbsp;nejist\u00e9 dob\u011b. Budeme se tak m\u00edt na co t\u011b\u0161it a&nbsp;chu\u0165 pl\u00e1novat nejen pr\u00e1ci a&nbsp;povinnosti, ale i&nbsp;radosti a&nbsp;z\u00e1bavu.<\/p>\n\n\n\n<p>TraDI\u00c1\u0158 je ur\u010den pro v\u0161echny milovn\u00edky tradic, hod\u00ed se do ka\u017ed\u00e9 rodiny \u2013 pro maminky, babi\u010dky i\u00a0pro ty, kte\u0159\u00ed d\u011bti nemaj\u00ed. \u00a0Pro v\u0161echny, kte\u0159\u00ed r\u00e1di pou\u017e\u00edvaj\u00ed ti\u0161t\u011bn\u00e9 di\u00e1\u0159e a\u00a0cht\u011bj\u00ed se dozv\u011bd\u011bt n\u011bco\u00a0v\u00edc a\u00a0pomoc\u00ed tradic se znovu napojit na p\u0159\u00edrodu a\u00a0komunitu lid\u00ed kolem sebe.<\/p>\n\n\n\n<p>D\u00edky pozitivn\u00ed zp\u011btn\u00e9 vazb\u011b od \u010dten\u00e1\u0159\u016f a&nbsp;u\u017eivatel\u016f bude di\u00e1\u0159 znovu v&nbsp;polotuh\u00e9 vazb\u011b a&nbsp;men\u0161\u00edm form\u00e1tu 135 \u00d7 190 mm se speci\u00e1ln\u00ed laminac\u00ed proti po\u0161kr\u00e1b\u00e1n\u00ed. Na rozd\u00edl od p\u0159edchoz\u00edch dvou variant ob\u00e1lky bude ob\u00e1lka jen jedna, ta obl\u00edben\u011bj\u0161\u00ed, fotografick\u00e1. Po&nbsp;p\u0159edlo\u0148sk\u00e9 \u010derven\u00e9 makov\u00e9 a&nbsp;lo\u0148sk\u00e9 chrpov\u011b modr\u00e9 se m\u016f\u017eete t\u011b\u0161it na zelen\u00fd TraDi\u00e1\u0159 se sedmikr\u00e1skami, nejskromn\u011bj\u0161\u00edmi kv\u00edtky zdej\u0161\u00ed p\u0159\u00edrody, kter\u00e9 vytrvale zdob\u00ed na\u0161e tr\u00e1vn\u00edky od brzk\u00e9ho jara a\u017e do hlubok\u00e9ho podzimu.<\/p>\n\n\n\n<div style=\"height:45px\" aria-hidden=\"true\" class=\"wp-block-spacer\"><\/div>\n\n\n<div class=\"wp-block-image\">\n<figure class=\"aligncenter size-large\"><img loading=\"lazy\" decoding=\"async\" width=\"726\" height=\"1024\" src=\"https:\/\/bookhouse.cz\/wp-content\/uploads\/2024\/07\/Snimek-obrazovky-2024-07-19-160311-2-726x1024.png\" alt=\"TraDi\u00e1\u0159 2025\" class=\"wp-image-7248\" srcset=\"https:\/\/bookhouse.cz\/wp-content\/uploads\/2024\/07\/Snimek-obrazovky-2024-07-19-160311-2-726x1024.png 726w, https:\/\/bookhouse.cz\/wp-content\/uploads\/2024\/07\/Snimek-obrazovky-2024-07-19-160311-2-213x300.png 213w, https:\/\/bookhouse.cz\/wp-content\/uploads\/2024\/07\/Snimek-obrazovky-2024-07-19-160311-2-768x1084.png 768w, https:\/\/bookhouse.cz\/wp-content\/uploads\/2024\/07\/Snimek-obrazovky-2024-07-19-160311-2-1088x1536.png 1088w, https:\/\/bookhouse.cz\/wp-content\/uploads\/2024\/07\/Snimek-obrazovky-2024-07-19-160311-2-1451x2048.png 1451w, https:\/\/bookhouse.cz\/wp-content\/uploads\/2024\/07\/Snimek-obrazovky-2024-07-19-160311-2.png 1500w\" sizes=\"(max-width: 726px) 100vw, 726px\" \/><\/figure><\/div>\n\n\n<div style=\"height:45px\" aria-hidden=\"true\" class=\"wp-block-spacer\"><\/div>\n\n\n\n<h4 class=\"wp-block-heading\">N\u00e1zev knihy: TraDi\u00e1\u0159 2025<\/h4>\n\n\n\n<div style=\"height:45px\" aria-hidden=\"true\" class=\"wp-block-spacer\"><\/div>\n\n\n\n<p><strong>Autor:&nbsp;<\/strong>Martina Boledovi\u010dov\u00e1, Martina Viktorie Kopeck\u00e1<\/p>\n\n\n\n<p><strong>Po\u010det stran \/ vazba<\/strong>:&nbsp;176 stran \/ Pol\u00f3tuh\u00e1 flexo<\/p>\n\n\n\n<p><strong>Doporu\u010den\u00e1<\/strong>&nbsp;<strong>cena:<\/strong>&nbsp;449 K\u010d<\/p>\n\n\n\n<p><strong>Vydalo:<\/strong>&nbsp;Nakladatelstv\u00ed<strong>&nbsp;<\/strong>Smart Press<\/p>\n\n\n\n<p><strong>V\u00edce informac\u00ed na:&nbsp;<a href=\"http:\/\/ww.smartpress.cz\/\">ww.smartpress.cz<\/a><\/strong><\/p>\n\n\n\n<div style=\"height:45px\" aria-hidden=\"true\" class=\"wp-block-spacer\"><\/div>\n\n\n\n<p><strong>Zdroj foto:&nbsp;<\/strong>Smart Press<\/p>\n\n\n\n<div style=\"height:45px\" aria-hidden=\"true\" class=\"wp-block-spacer\"><\/div>\n","protected":false},"excerpt":{"rendered":"<p>Pro milovn\u00edky tradi\u010dn\u00edch pap\u00edrov\u00fdch di\u00e1\u0159\u016f autorky Martina Viktorie Kopeck\u00e1 a Martina Boledovi\u010dov\u00e1 p\u0159ipravili ji\u017e pot\u0159et\u00ed di\u00e1\u0159 zam\u011b\u0159en\u00fd na sv\u00e1tky a tradice. Di\u00e1\u0159 se znovu zam\u011b\u0159uje na sv\u00e1tky a tradice v kolob\u011bhu roku. N\u00e1\u0161 TraDi\u00e1\u0159&#46;&#46;&#46;<\/p>\n","protected":false},"author":8,"featured_media":7247,"comment_status":"closed","ping_status":"closed","sticky":false,"template":"","format":"standard","meta":{"_monsterinsights_skip_tracking":false,"_monsterinsights_sitenote_active":false,"_monsterinsights_sitenote_note":"","_monsterinsights_sitenote_category":0,"footnotes":""},"categories":[14,3],"tags":[],"yoast_head":"<!-- This site is optimized with the Yoast SEO plugin v21.5 - https:\/\/yoast.com\/wordpress\/plugins\/seo\/ -->\n<title>TraDi\u00e1\u0159 2025\u00a0|\u00a0Martina Boledovi\u010dov\u00e1, Martina Viktorie Kopeck\u00e1 - BOOKHOUSE.cz<\/title>\n<meta name=\"description\" content=\"Autorky Martina Viktorie Kopeck\u00e1 a Martina Boledovi\u010dov\u00e1 p\u0159ipravili ji\u017e pot\u0159et\u00ed di\u00e1\u0159 zam\u011b\u0159en\u00fd na sv\u00e1tky a tradice.\" \/>\n<meta name=\"robots\" content=\"index, follow, max-snippet:-1, max-image-preview:large, max-video-preview:-1\" \/>\n<link rel=\"canonical\" href=\"https:\/\/bookhouse.cz\/index.php\/2024\/08\/06\/tradiar-2025-martina-boledovicova-martina-viktorie-kopecka\/\" \/>\n<meta property=\"og:locale\" content=\"cs_CZ\" \/>\n<meta property=\"og:type\" content=\"article\" \/>\n<meta property=\"og:title\" content=\"TraDi\u00e1\u0159 2025\u00a0|\u00a0Martina Boledovi\u010dov\u00e1, Martina Viktorie Kopeck\u00e1 - BOOKHOUSE.cz\" \/>\n<meta property=\"og:description\" content=\"Autorky Martina Viktorie Kopeck\u00e1 a Martina Boledovi\u010dov\u00e1 p\u0159ipravili ji\u017e pot\u0159et\u00ed di\u00e1\u0159 zam\u011b\u0159en\u00fd na sv\u00e1tky a tradice.\" \/>\n<meta property=\"og:url\" content=\"https:\/\/bookhouse.cz\/index.php\/2024\/08\/06\/tradiar-2025-martina-boledovicova-martina-viktorie-kopecka\/\" \/>\n<meta property=\"og:site_name\" content=\"BOOKHOUSE.cz\" \/>\n<meta property=\"article:publisher\" content=\"https:\/\/www.facebook.com\/bookhousecz\" \/>\n<meta property=\"article:published_time\" content=\"2024-08-05T22:01:00+00:00\" \/>\n<meta property=\"article:modified_time\" content=\"2024-08-06T15:55:46+00:00\" \/>\n<meta property=\"og:image\" content=\"https:\/\/bookhouse.cz\/wp-content\/uploads\/2024\/07\/Snimek-obrazovky-2024-07-19-160311.png\" \/>\n\t<meta property=\"og:image:width\" content=\"1500\" \/>\n\t<meta property=\"og:image:height\" content=\"829\" \/>\n\t<meta property=\"og:image:type\" content=\"image\/png\" \/>\n<meta name=\"author\" content=\"Martina Pechov\u00e1\" \/>\n<meta name=\"twitter:card\" content=\"summary_large_image\" \/>\n<meta name=\"twitter:label1\" content=\"Napsal(a)\" \/>\n\t<meta name=\"twitter:data1\" content=\"Martina Pechov\u00e1\" \/>\n\t<meta name=\"twitter:label2\" content=\"Odhadovan\u00e1 doba \u010dten\u00ed\" \/>\n\t<meta name=\"twitter:data2\" content=\"3 minuty\" \/>\n<script type=\"application\/ld+json\" class=\"yoast-schema-graph\">{\"@context\":\"https:\/\/schema.org\",\"@graph\":[{\"@type\":\"Article\",\"@id\":\"https:\/\/bookhouse.cz\/index.php\/2024\/08\/06\/tradiar-2025-martina-boledovicova-martina-viktorie-kopecka\/#article\",\"isPartOf\":{\"@id\":\"https:\/\/bookhouse.cz\/index.php\/2024\/08\/06\/tradiar-2025-martina-boledovicova-martina-viktorie-kopecka\/\"},\"author\":{\"name\":\"Martina Pechov\u00e1\",\"@id\":\"https:\/\/bookhouse.cz\/#\/schema\/person\/f34350c4206dd14422181c0fbd0922a3\"},\"headline\":\"TraDi\u00e1\u0159 2025\u00a0|\u00a0Martina Boledovi\u010dov\u00e1, Martina Viktorie Kopeck\u00e1\",\"datePublished\":\"2024-08-05T22:01:00+00:00\",\"dateModified\":\"2024-08-06T15:55:46+00:00\",\"mainEntityOfPage\":{\"@id\":\"https:\/\/bookhouse.cz\/index.php\/2024\/08\/06\/tradiar-2025-martina-boledovicova-martina-viktorie-kopecka\/\"},\"wordCount\":540,\"publisher\":{\"@id\":\"https:\/\/bookhouse.cz\/#organization\"},\"articleSection\":[\"LIFESTYLE\",\"NEWS\"],\"inLanguage\":\"cs\"},{\"@type\":\"WebPage\",\"@id\":\"https:\/\/bookhouse.cz\/index.php\/2024\/08\/06\/tradiar-2025-martina-boledovicova-martina-viktorie-kopecka\/\",\"url\":\"https:\/\/bookhouse.cz\/index.php\/2024\/08\/06\/tradiar-2025-martina-boledovicova-martina-viktorie-kopecka\/\",\"name\":\"TraDi\u00e1\u0159 2025\u00a0|\u00a0Martina Boledovi\u010dov\u00e1, Martina Viktorie Kopeck\u00e1 - BOOKHOUSE.cz\",\"isPartOf\":{\"@id\":\"https:\/\/bookhouse.cz\/#website\"},\"datePublished\":\"2024-08-05T22:01:00+00:00\",\"dateModified\":\"2024-08-06T15:55:46+00:00\",\"description\":\"Autorky Martina Viktorie Kopeck\u00e1 a Martina Boledovi\u010dov\u00e1 p\u0159ipravili ji\u017e pot\u0159et\u00ed di\u00e1\u0159 zam\u011b\u0159en\u00fd na sv\u00e1tky a tradice.\",\"breadcrumb\":{\"@id\":\"https:\/\/bookhouse.cz\/index.php\/2024\/08\/06\/tradiar-2025-martina-boledovicova-martina-viktorie-kopecka\/#breadcrumb\"},\"inLanguage\":\"cs\",\"potentialAction\":[{\"@type\":\"ReadAction\",\"target\":[\"https:\/\/bookhouse.cz\/index.php\/2024\/08\/06\/tradiar-2025-martina-boledovicova-martina-viktorie-kopecka\/\"]}]},{\"@type\":\"BreadcrumbList\",\"@id\":\"https:\/\/bookhouse.cz\/index.php\/2024\/08\/06\/tradiar-2025-martina-boledovicova-martina-viktorie-kopecka\/#breadcrumb\",\"itemListElement\":[{\"@type\":\"ListItem\",\"position\":1,\"name\":\"Dom\u016f\",\"item\":\"https:\/\/bookhouse.cz\/\"},{\"@type\":\"ListItem\",\"position\":2,\"name\":\"TraDi\u00e1\u0159 2025\u00a0|\u00a0Martina Boledovi\u010dov\u00e1, Martina Viktorie Kopeck\u00e1\"}]},{\"@type\":\"WebSite\",\"@id\":\"https:\/\/bookhouse.cz\/#website\",\"url\":\"https:\/\/bookhouse.cz\/\",\"name\":\"BOOKHOUSE.cz\",\"description\":\"Port\u00e1l o kni\u017en\u00edch novink\u00e1ch.\",\"publisher\":{\"@id\":\"https:\/\/bookhouse.cz\/#organization\"},\"potentialAction\":[{\"@type\":\"SearchAction\",\"target\":{\"@type\":\"EntryPoint\",\"urlTemplate\":\"https:\/\/bookhouse.cz\/?s={search_term_string}\"},\"query-input\":\"required name=search_term_string\"}],\"inLanguage\":\"cs\"},{\"@type\":\"Organization\",\"@id\":\"https:\/\/bookhouse.cz\/#organization\",\"name\":\"BOOKHOUSE.cz\",\"url\":\"https:\/\/bookhouse.cz\/\",\"logo\":{\"@type\":\"ImageObject\",\"inLanguage\":\"cs\",\"@id\":\"https:\/\/bookhouse.cz\/#\/schema\/logo\/image\/\",\"url\":\"https:\/\/bookhouse.cz\/wp-content\/uploads\/2024\/12\/cropped-Logo_BookHouse.jpg\",\"contentUrl\":\"https:\/\/bookhouse.cz\/wp-content\/uploads\/2024\/12\/cropped-Logo_BookHouse.jpg\",\"width\":938,\"height\":513,\"caption\":\"BOOKHOUSE.cz\"},\"image\":{\"@id\":\"https:\/\/bookhouse.cz\/#\/schema\/logo\/image\/\"},\"sameAs\":[\"https:\/\/www.facebook.com\/bookhousecz\",\"https:\/\/www.instagram.com\/bookhousecz\"]},{\"@type\":\"Person\",\"@id\":\"https:\/\/bookhouse.cz\/#\/schema\/person\/f34350c4206dd14422181c0fbd0922a3\",\"name\":\"Martina Pechov\u00e1\",\"image\":{\"@type\":\"ImageObject\",\"inLanguage\":\"cs\",\"@id\":\"https:\/\/bookhouse.cz\/#\/schema\/person\/image\/\",\"url\":\"https:\/\/secure.gravatar.com\/avatar\/d3ad7f43789eed68b221d01c6d7ac4e5?s=96&d=mm&r=g\",\"contentUrl\":\"https:\/\/secure.gravatar.com\/avatar\/d3ad7f43789eed68b221d01c6d7ac4e5?s=96&d=mm&r=g\",\"caption\":\"Martina Pechov\u00e1\"},\"sameAs\":[\"http:\/\/BOOKHOUSE.cz\"],\"url\":\"https:\/\/bookhouse.cz\/index.php\/author\/marpech\/\"}]}<\/script>\n<!-- \/ Yoast SEO plugin. -->","yoast_head_json":{"title":"TraDi\u00e1\u0159 2025\u00a0|\u00a0Martina Boledovi\u010dov\u00e1, Martina Viktorie Kopeck\u00e1 - BOOKHOUSE.cz","description":"Autorky Martina Viktorie Kopeck\u00e1 a Martina Boledovi\u010dov\u00e1 p\u0159ipravili ji\u017e pot\u0159et\u00ed di\u00e1\u0159 zam\u011b\u0159en\u00fd na sv\u00e1tky a tradice.","robots":{"index":"index","follow":"follow","max-snippet":"max-snippet:-1","max-image-preview":"max-image-preview:large","max-video-preview":"max-video-preview:-1"},"canonical":"https:\/\/bookhouse.cz\/index.php\/2024\/08\/06\/tradiar-2025-martina-boledovicova-martina-viktorie-kopecka\/","og_locale":"cs_CZ","og_type":"article","og_title":"TraDi\u00e1\u0159 2025\u00a0|\u00a0Martina Boledovi\u010dov\u00e1, Martina Viktorie Kopeck\u00e1 - BOOKHOUSE.cz","og_description":"Autorky Martina Viktorie Kopeck\u00e1 a Martina Boledovi\u010dov\u00e1 p\u0159ipravili ji\u017e pot\u0159et\u00ed di\u00e1\u0159 zam\u011b\u0159en\u00fd na sv\u00e1tky a tradice.","og_url":"https:\/\/bookhouse.cz\/index.php\/2024\/08\/06\/tradiar-2025-martina-boledovicova-martina-viktorie-kopecka\/","og_site_name":"BOOKHOUSE.cz","article_publisher":"https:\/\/www.facebook.com\/bookhousecz","article_published_time":"2024-08-05T22:01:00+00:00","article_modified_time":"2024-08-06T15:55:46+00:00","og_image":[{"width":1500,"height":829,"url":"https:\/\/bookhouse.cz\/wp-content\/uploads\/2024\/07\/Snimek-obrazovky-2024-07-19-160311.png","type":"image\/png"}],"author":"Martina Pechov\u00e1","twitter_card":"summary_large_image","twitter_misc":{"Napsal(a)":"Martina Pechov\u00e1","Odhadovan\u00e1 doba \u010dten\u00ed":"3 minuty"},"schema":{"@context":"https:\/\/schema.org","@graph":[{"@type":"Article","@id":"https:\/\/bookhouse.cz\/index.php\/2024\/08\/06\/tradiar-2025-martina-boledovicova-martina-viktorie-kopecka\/#article","isPartOf":{"@id":"https:\/\/bookhouse.cz\/index.php\/2024\/08\/06\/tradiar-2025-martina-boledovicova-martina-viktorie-kopecka\/"},"author":{"name":"Martina Pechov\u00e1","@id":"https:\/\/bookhouse.cz\/#\/schema\/person\/f34350c4206dd14422181c0fbd0922a3"},"headline":"TraDi\u00e1\u0159 2025\u00a0|\u00a0Martina Boledovi\u010dov\u00e1, Martina Viktorie Kopeck\u00e1","datePublished":"2024-08-05T22:01:00+00:00","dateModified":"2024-08-06T15:55:46+00:00","mainEntityOfPage":{"@id":"https:\/\/bookhouse.cz\/index.php\/2024\/08\/06\/tradiar-2025-martina-boledovicova-martina-viktorie-kopecka\/"},"wordCount":540,"publisher":{"@id":"https:\/\/bookhouse.cz\/#organization"},"articleSection":["LIFESTYLE","NEWS"],"inLanguage":"cs"},{"@type":"WebPage","@id":"https:\/\/bookhouse.cz\/index.php\/2024\/08\/06\/tradiar-2025-martina-boledovicova-martina-viktorie-kopecka\/","url":"https:\/\/bookhouse.cz\/index.php\/2024\/08\/06\/tradiar-2025-martina-boledovicova-martina-viktorie-kopecka\/","name":"TraDi\u00e1\u0159 2025\u00a0|\u00a0Martina Boledovi\u010dov\u00e1, Martina Viktorie Kopeck\u00e1 - BOOKHOUSE.cz","isPartOf":{"@id":"https:\/\/bookhouse.cz\/#website"},"datePublished":"2024-08-05T22:01:00+00:00","dateModified":"2024-08-06T15:55:46+00:00","description":"Autorky Martina Viktorie Kopeck\u00e1 a Martina Boledovi\u010dov\u00e1 p\u0159ipravili ji\u017e pot\u0159et\u00ed di\u00e1\u0159 zam\u011b\u0159en\u00fd na sv\u00e1tky a tradice.","breadcrumb":{"@id":"https:\/\/bookhouse.cz\/index.php\/2024\/08\/06\/tradiar-2025-martina-boledovicova-martina-viktorie-kopecka\/#breadcrumb"},"inLanguage":"cs","potentialAction":[{"@type":"ReadAction","target":["https:\/\/bookhouse.cz\/index.php\/2024\/08\/06\/tradiar-2025-martina-boledovicova-martina-viktorie-kopecka\/"]}]},{"@type":"BreadcrumbList","@id":"https:\/\/bookhouse.cz\/index.php\/2024\/08\/06\/tradiar-2025-martina-boledovicova-martina-viktorie-kopecka\/#breadcrumb","itemListElement":[{"@type":"ListItem","position":1,"name":"Dom\u016f","item":"https:\/\/bookhouse.cz\/"},{"@type":"ListItem","position":2,"name":"TraDi\u00e1\u0159 2025\u00a0|\u00a0Martina Boledovi\u010dov\u00e1, Martina Viktorie Kopeck\u00e1"}]},{"@type":"WebSite","@id":"https:\/\/bookhouse.cz\/#website","url":"https:\/\/bookhouse.cz\/","name":"BOOKHOUSE.cz","description":"Port\u00e1l o kni\u017en\u00edch novink\u00e1ch.","publisher":{"@id":"https:\/\/bookhouse.cz\/#organization"},"potentialAction":[{"@type":"SearchAction","target":{"@type":"EntryPoint","urlTemplate":"https:\/\/bookhouse.cz\/?s={search_term_string}"},"query-input":"required name=search_term_string"}],"inLanguage":"cs"},{"@type":"Organization","@id":"https:\/\/bookhouse.cz\/#organization","name":"BOOKHOUSE.cz","url":"https:\/\/bookhouse.cz\/","logo":{"@type":"ImageObject","inLanguage":"cs","@id":"https:\/\/bookhouse.cz\/#\/schema\/logo\/image\/","url":"https:\/\/bookhouse.cz\/wp-content\/uploads\/2024\/12\/cropped-Logo_BookHouse.jpg","contentUrl":"https:\/\/bookhouse.cz\/wp-content\/uploads\/2024\/12\/cropped-Logo_BookHouse.jpg","width":938,"height":513,"caption":"BOOKHOUSE.cz"},"image":{"@id":"https:\/\/bookhouse.cz\/#\/schema\/logo\/image\/"},"sameAs":["https:\/\/www.facebook.com\/bookhousecz","https:\/\/www.instagram.com\/bookhousecz"]},{"@type":"Person","@id":"https:\/\/bookhouse.cz\/#\/schema\/person\/f34350c4206dd14422181c0fbd0922a3","name":"Martina Pechov\u00e1","image":{"@type":"ImageObject","inLanguage":"cs","@id":"https:\/\/bookhouse.cz\/#\/schema\/person\/image\/","url":"https:\/\/secure.gravatar.com\/avatar\/d3ad7f43789eed68b221d01c6d7ac4e5?s=96&d=mm&r=g","contentUrl":"https:\/\/secure.gravatar.com\/avatar\/d3ad7f43789eed68b221d01c6d7ac4e5?s=96&d=mm&r=g","caption":"Martina Pechov\u00e1"},"sameAs":["http:\/\/BOOKHOUSE.cz"],"url":"https:\/\/bookhouse.cz\/index.php\/author\/marpech\/"}]}},"_links":{"self":[{"href":"https:\/\/bookhouse.cz\/index.php\/wp-json\/wp\/v2\/posts\/7246"}],"collection":[{"href":"https:\/\/bookhouse.cz\/index.php\/wp-json\/wp\/v2\/posts"}],"about":[{"href":"https:\/\/bookhouse.cz\/index.php\/wp-json\/wp\/v2\/types\/post"}],"author":[{"embeddable":true,"href":"https:\/\/bookhouse.cz\/index.php\/wp-json\/wp\/v2\/users\/8"}],"replies":[{"embeddable":true,"href":"https:\/\/bookhouse.cz\/index.php\/wp-json\/wp\/v2\/comments?post=7246"}],"version-history":[{"count":2,"href":"https:\/\/bookhouse.cz\/index.php\/wp-json\/wp\/v2\/posts\/7246\/revisions"}],"predecessor-version":[{"id":7250,"href":"https:\/\/bookhouse.cz\/index.php\/wp-json\/wp\/v2\/posts\/7246\/revisions\/7250"}],"wp:featuredmedia":[{"embeddable":true,"href":"https:\/\/bookhouse.cz\/index.php\/wp-json\/wp\/v2\/media\/7247"}],"wp:attachment":[{"href":"https:\/\/bookhouse.cz\/index.php\/wp-json\/wp\/v2\/media?parent=7246"}],"wp:term":[{"taxonomy":"category","embeddable":true,"href":"https:\/\/bookhouse.cz\/index.php\/wp-json\/wp\/v2\/categories?post=7246"},{"taxonomy":"post_tag","embeddable":true,"href":"https:\/\/bookhouse.cz\/index.php\/wp-json\/wp\/v2\/tags?post=7246"}],"curies":[{"name":"wp","href":"https:\/\/api.w.org\/{rel}","templated":true}]}}