{"id":7177,"date":"2024-07-24T00:01:00","date_gmt":"2024-07-23T22:01:00","guid":{"rendered":"https:\/\/bookhouse.cz\/?p=7177"},"modified":"2024-07-24T03:02:35","modified_gmt":"2024-07-24T01:02:35","slug":"pivni-brno-filip-vrana","status":"publish","type":"post","link":"https:\/\/bookhouse.cz\/index.php\/2024\/07\/24\/pivni-brno-filip-vrana\/","title":{"rendered":"Pivn\u00ed Brno | Filip Vr\u00e1na"},"content":{"rendered":"\n<div style=\"height:45px\" aria-hidden=\"true\" class=\"wp-block-spacer\"><\/div>\n\n\n\n<p><strong>Za fenom\u00e9nem pivn\u00edho Brna s pr\u016fvodcem a historikem pivovarnictv\u00ed.<\/strong><\/p>\n\n\n\n<div style=\"height:45px\" aria-hidden=\"true\" class=\"wp-block-spacer\"><\/div>\n\n\n<div class=\"wp-block-image\">\n<figure class=\"aligncenter size-full\"><img loading=\"lazy\" decoding=\"async\" width=\"813\" height=\"451\" src=\"https:\/\/bookhouse.cz\/wp-content\/uploads\/2024\/06\/cover_book-2.jpg\" alt=\"Pivn\u00ed Brno | Filip Vr\u00e1na\" class=\"wp-image-7178\" srcset=\"https:\/\/bookhouse.cz\/wp-content\/uploads\/2024\/06\/cover_book-2.jpg 813w, https:\/\/bookhouse.cz\/wp-content\/uploads\/2024\/06\/cover_book-2-300x166.jpg 300w, https:\/\/bookhouse.cz\/wp-content\/uploads\/2024\/06\/cover_book-2-768x426.jpg 768w\" sizes=\"(max-width: 813px) 100vw, 813px\" \/><\/figure><\/div>\n\n\n<div style=\"height:45px\" aria-hidden=\"true\" class=\"wp-block-spacer\"><\/div>\n\n\n\n<p>Nad p\u011bniv\u00fdm mokem se uzav\u00edraj\u00ed dohody, zakl\u00e1daj\u00ed politick\u00e9 strany, \u0159e\u0161\u00ed se sv\u011btov\u00fd m\u00edr a lze v&nbsp;podstat\u011b \u0159\u00edct, \u017ee co se v&nbsp;\u010cech\u00e1ch a na Morav\u011b nedomluv\u00ed u piva, jako by snad ani neexistovalo. Na\u0161e pivn\u00ed kultura pr\u00e1vem vstoupila do d\u011bjin.<\/p>\n\n\n\n<p>Brno je spojov\u00e1no s&nbsp;lec\u010d\u00edm: s&nbsp;funkcionalistickou architekturou, k\u00e1vou, speci\u00e1ln\u00edm orlojem, pro mnoh\u00e9 nesrozumiteln\u00fdm jazykem a \u2013 pivem!&nbsp;<em>Pivn\u00ed Brno<\/em>&nbsp;je kniha, kter\u00e1 by nem\u011bla chyb\u011bt v&nbsp;\u017e\u00e1dn\u00e9 knihovn\u011b a je vlastn\u011b \u00fapln\u011b jedno, jestli jste konzumentem piva, nebo se mu (zcela nepochopiteln\u011b) vyh\u00fdb\u00e1te. A d\u016fvod? Je naprosto jednoduch\u00fd \u2013 s pivovarnictv\u00edm a hospodami nen\u00ed toti\u017e spojena jen ona kultura setk\u00e1v\u00e1n\u00ed se, ale v nemal\u00e9 m\u00ed\u0159e z nich vych\u00e1z\u00ed celkov\u00e1 podoba m\u011bsta: ka\u017ed\u00fd den p\u0159i sv\u00fdch cest\u00e1ch m\u00edj\u00edte budovy, kter\u00e9 jsou s va\u0159en\u00edm a \u010depov\u00e1n\u00edm chmelov\u00e9ho moku neodmysliteln\u011b spojeny a daly Brnu jeho sou\u010dasnou tv\u00e1\u0159.&nbsp;<\/p>\n\n\n\n<p>Pr\u016fvodce pivn\u00edm Brnem \u010dten\u00e1\u0159\u016fm v&nbsp;jednotliv\u00fdch kapitol\u00e1ch p\u0159edstav\u00ed slavn\u00e9 brn\u011bnsk\u00e9 osobnosti, kter\u00e9 se zaslou\u017eily o rozvoj pivovarnictv\u00ed, sezn\u00e1m\u00ed v\u00e1s s&nbsp;histori\u00ed i sou\u010dasnost\u00ed pivn\u00ed sc\u00e9ny a tak\u00e9 odhal\u00ed spoustu zaj\u00edmav\u00fdch informac\u00ed, kter\u00e9 v\u00e1s minim\u00e1ln\u011b p\u0159ekvap\u00ed. V\u011bd\u011bli jste, \u017ee se kvalita piva posuzovala podle p\u0159ilepen\u00fdch kalhot k&nbsp;lavici, \u017ee v&nbsp;Brn\u011b va\u0159ily pivo jepti\u0161ky nebo \u017ee su\u0161\u00e1rny sladu byly z&nbsp;preventivn\u00edch d\u016fvod\u016f vyk\u00e1z\u00e1ny za hradby a byla tu i nejstar\u0161\u00ed sladovnick\u00e1 \u0161kola v&nbsp;Evrop\u011b?<\/p>\n\n\n\n<p><strong>Nachystejte si po\u0159\u00e1dn\u011b vymyt\u00fd kr\u00fdgl a vydejte se na fascinuj\u00edc\u00ed objevitelskou cestu m\u011bstem, kter\u00e9 dalo \u010desk\u00e9mu pivu takov\u00e9 osobnosti, jako byl Franti\u0161ek Ond\u0159ej Poup\u011b nebo Bohumil Hrabal. Rozhodn\u011b nebudete zklam\u00e1ni!<\/strong><\/p>\n\n\n\n<div style=\"height:45px\" aria-hidden=\"true\" class=\"wp-block-spacer\"><\/div>\n\n\n\n<h2 class=\"wp-block-heading\">V\u011bd\u011bli jste, \u017ee<\/h2>\n\n\n\n<div style=\"height:21px\" aria-hidden=\"true\" class=\"wp-block-spacer\"><\/div>\n\n\n\n<ul>\n<li>v Brn\u011b p\u016fsobil nejslavn\u011bj\u0161\u00ed sl\u00e1dek \u010desk\u00e9 historie?<\/li>\n\n\n\n<li>fenom\u00e9n zelen\u00e9ho piva za\u010dal vlastn\u011b v Brn\u011b?<\/li>\n\n\n\n<li>katedr\u00e1la na Petrov\u011b skr\u00fdv\u00e1 i n\u00e1hrobek sladovn\u00edka?<\/li>\n\n\n\n<li>v Brn\u011b byla nejstar\u0161\u00ed sladovnick\u00e1 \u0161kola v Evrop\u011b?<\/li>\n\n\n\n<li>v centru Brna funguje nejstar\u0161\u00ed \u010desk\u00fd minipivovar?<\/li>\n\n\n\n<li>Mendel p\u011bstoval sv\u00e9 hrachy ve st\u00ednu pivovaru?<\/li>\n\n\n\n<li>v centru Brna byly i kl\u00e1\u0161tern\u00ed pivovary?<\/li>\n\n\n\n<li>ve st\u0159edov\u011bku se brn\u011bnsk\u00e9 pivo nedalo skoro p\u00edt?<\/li>\n<\/ul>\n\n\n\n<div style=\"height:45px\" aria-hidden=\"true\" class=\"wp-block-spacer\"><\/div>\n\n\n<div class=\"wp-block-image\">\n<figure class=\"aligncenter size-large\"><img loading=\"lazy\" decoding=\"async\" width=\"725\" height=\"1024\" src=\"https:\/\/bookhouse.cz\/wp-content\/uploads\/2024\/06\/cover_book-725x1024.jpg\" alt=\"Pivn\u00ed Brno | Filip Vr\u00e1na\" class=\"wp-image-7179\" srcset=\"https:\/\/bookhouse.cz\/wp-content\/uploads\/2024\/06\/cover_book-725x1024.jpg 725w, https:\/\/bookhouse.cz\/wp-content\/uploads\/2024\/06\/cover_book-212x300.jpg 212w, https:\/\/bookhouse.cz\/wp-content\/uploads\/2024\/06\/cover_book-768x1084.jpg 768w, https:\/\/bookhouse.cz\/wp-content\/uploads\/2024\/06\/cover_book.jpg 813w\" sizes=\"(max-width: 725px) 100vw, 725px\" \/><\/figure><\/div>\n\n\n<div style=\"height:45px\" aria-hidden=\"true\" class=\"wp-block-spacer\"><\/div>\n\n\n\n<h2 class=\"wp-block-heading\">N\u00e1zev knihy: Pivn\u00ed Brno<\/h2>\n\n\n\n<div style=\"height:45px\" aria-hidden=\"true\" class=\"wp-block-spacer\"><\/div>\n\n\n\n<p id=\"block-e13c0c76-06eb-47c7-af5e-4593f9de51ef\"><strong>Autor:<\/strong>\u00a0Filip Vr\u00e1na<\/p>\n\n\n\n<p id=\"block-72efbc0b-3f12-41a5-9a5d-ebce1e1ff051\"><strong>Po\u010det stran \/ vazba:<\/strong>\u00a0208 stran \/ Pevn\u00e1 s p\u0159ebalem<\/p>\n\n\n\n<p id=\"block-b8178a98-d366-4045-9154-07b767337d57\"><strong>Doporu\u010den\u00e1<\/strong>\u00a0<strong>cena:<\/strong>\u00a0498 K\u010d<\/p>\n\n\n\n<p id=\"block-1eb0f05c-40c8-44bd-9f1e-559ef549ce61\"><strong>Vydalo<\/strong>:&nbsp;Nakladatelstv\u00ed Jota<\/p>\n\n\n\n<p id=\"block-3cc584a6-5ba6-4954-b13f-564f0162d02e\"><strong>V\u00edce informac\u00ed na:\u00a0<a href=\"http:\/\/www.jota.cz\/\">www.jota.cz<\/a><\/strong><\/p>\n\n\n\n<div style=\"height:45px\" aria-hidden=\"true\" class=\"wp-block-spacer\"><\/div>\n\n\n\n<p><strong>Zdroj foto:<\/strong>\u00a0Jota<\/p>\n\n\n\n<div style=\"height:45px\" aria-hidden=\"true\" class=\"wp-block-spacer\"><\/div>\n","protected":false},"excerpt":{"rendered":"<p>Za fenom\u00e9nem pivn\u00edho Brna s pr\u016fvodcem a historikem pivovarnictv\u00ed. Nad p\u011bniv\u00fdm mokem se uzav\u00edraj\u00ed dohody, zakl\u00e1daj\u00ed politick\u00e9 strany, \u0159e\u0161\u00ed se sv\u011btov\u00fd m\u00edr a lze v&nbsp;podstat\u011b \u0159\u00edct, \u017ee co se v&nbsp;\u010cech\u00e1ch a na Morav\u011b nedomluv\u00ed&#46;&#46;&#46;<\/p>\n","protected":false},"author":8,"featured_media":7178,"comment_status":"closed","ping_status":"closed","sticky":false,"template":"","format":"standard","meta":{"_monsterinsights_skip_tracking":false,"_monsterinsights_sitenote_active":false,"_monsterinsights_sitenote_note":"","_monsterinsights_sitenote_category":0,"footnotes":""},"categories":[22,3,5],"tags":[],"yoast_head":"<!-- This site is optimized with the Yoast SEO plugin v21.5 - https:\/\/yoast.com\/wordpress\/plugins\/seo\/ -->\n<title>Pivn\u00ed Brno | Filip Vr\u00e1na - BOOKHOUSE.cz<\/title>\n<meta name=\"description\" content=\"Nad p\u011bniv\u00fdm mokem se uzav\u00edraj\u00ed dohody, zakl\u00e1daj\u00ed politick\u00e9 strany, \u0159e\u0161\u00ed se sv\u011btov\u00fd m\u00edr, co se nedomluv\u00ed u piva, jako by ani neexistovalo.\" \/>\n<meta name=\"robots\" content=\"index, follow, max-snippet:-1, max-image-preview:large, max-video-preview:-1\" \/>\n<link rel=\"canonical\" href=\"https:\/\/bookhouse.cz\/index.php\/2024\/07\/24\/pivni-brno-filip-vrana\/\" \/>\n<meta property=\"og:locale\" content=\"cs_CZ\" \/>\n<meta property=\"og:type\" content=\"article\" \/>\n<meta property=\"og:title\" content=\"Pivn\u00ed Brno | Filip Vr\u00e1na - BOOKHOUSE.cz\" \/>\n<meta property=\"og:description\" content=\"Nad p\u011bniv\u00fdm mokem se uzav\u00edraj\u00ed dohody, zakl\u00e1daj\u00ed politick\u00e9 strany, \u0159e\u0161\u00ed se sv\u011btov\u00fd m\u00edr, co se nedomluv\u00ed u piva, jako by ani neexistovalo.\" \/>\n<meta property=\"og:url\" content=\"https:\/\/bookhouse.cz\/index.php\/2024\/07\/24\/pivni-brno-filip-vrana\/\" \/>\n<meta property=\"og:site_name\" content=\"BOOKHOUSE.cz\" \/>\n<meta property=\"article:publisher\" content=\"https:\/\/www.facebook.com\/bookhousecz\" \/>\n<meta property=\"article:published_time\" content=\"2024-07-23T22:01:00+00:00\" \/>\n<meta property=\"article:modified_time\" content=\"2024-07-24T01:02:35+00:00\" \/>\n<meta property=\"og:image\" content=\"https:\/\/bookhouse.cz\/wp-content\/uploads\/2024\/06\/cover_book-2.jpg\" \/>\n\t<meta property=\"og:image:width\" content=\"813\" \/>\n\t<meta property=\"og:image:height\" content=\"451\" \/>\n\t<meta property=\"og:image:type\" content=\"image\/jpeg\" \/>\n<meta name=\"author\" content=\"Martina Pechov\u00e1\" \/>\n<meta name=\"twitter:card\" content=\"summary_large_image\" \/>\n<meta name=\"twitter:label1\" content=\"Napsal(a)\" \/>\n\t<meta name=\"twitter:data1\" content=\"Martina Pechov\u00e1\" \/>\n\t<meta name=\"twitter:label2\" content=\"Odhadovan\u00e1 doba \u010dten\u00ed\" \/>\n\t<meta name=\"twitter:data2\" content=\"3 minuty\" \/>\n<script type=\"application\/ld+json\" class=\"yoast-schema-graph\">{\"@context\":\"https:\/\/schema.org\",\"@graph\":[{\"@type\":\"Article\",\"@id\":\"https:\/\/bookhouse.cz\/index.php\/2024\/07\/24\/pivni-brno-filip-vrana\/#article\",\"isPartOf\":{\"@id\":\"https:\/\/bookhouse.cz\/index.php\/2024\/07\/24\/pivni-brno-filip-vrana\/\"},\"author\":{\"name\":\"Martina Pechov\u00e1\",\"@id\":\"https:\/\/bookhouse.cz\/#\/schema\/person\/f34350c4206dd14422181c0fbd0922a3\"},\"headline\":\"Pivn\u00ed Brno | Filip Vr\u00e1na\",\"datePublished\":\"2024-07-23T22:01:00+00:00\",\"dateModified\":\"2024-07-24T01:02:35+00:00\",\"mainEntityOfPage\":{\"@id\":\"https:\/\/bookhouse.cz\/index.php\/2024\/07\/24\/pivni-brno-filip-vrana\/\"},\"wordCount\":459,\"publisher\":{\"@id\":\"https:\/\/bookhouse.cz\/#organization\"},\"articleSection\":[\"HISTORIE\",\"NEWS\",\"ODBORN\u00c1\"],\"inLanguage\":\"cs\"},{\"@type\":\"WebPage\",\"@id\":\"https:\/\/bookhouse.cz\/index.php\/2024\/07\/24\/pivni-brno-filip-vrana\/\",\"url\":\"https:\/\/bookhouse.cz\/index.php\/2024\/07\/24\/pivni-brno-filip-vrana\/\",\"name\":\"Pivn\u00ed Brno | Filip Vr\u00e1na - BOOKHOUSE.cz\",\"isPartOf\":{\"@id\":\"https:\/\/bookhouse.cz\/#website\"},\"datePublished\":\"2024-07-23T22:01:00+00:00\",\"dateModified\":\"2024-07-24T01:02:35+00:00\",\"description\":\"Nad p\u011bniv\u00fdm mokem se uzav\u00edraj\u00ed dohody, zakl\u00e1daj\u00ed politick\u00e9 strany, \u0159e\u0161\u00ed se sv\u011btov\u00fd m\u00edr, co se nedomluv\u00ed u piva, jako by ani neexistovalo.\",\"breadcrumb\":{\"@id\":\"https:\/\/bookhouse.cz\/index.php\/2024\/07\/24\/pivni-brno-filip-vrana\/#breadcrumb\"},\"inLanguage\":\"cs\",\"potentialAction\":[{\"@type\":\"ReadAction\",\"target\":[\"https:\/\/bookhouse.cz\/index.php\/2024\/07\/24\/pivni-brno-filip-vrana\/\"]}]},{\"@type\":\"BreadcrumbList\",\"@id\":\"https:\/\/bookhouse.cz\/index.php\/2024\/07\/24\/pivni-brno-filip-vrana\/#breadcrumb\",\"itemListElement\":[{\"@type\":\"ListItem\",\"position\":1,\"name\":\"Dom\u016f\",\"item\":\"https:\/\/bookhouse.cz\/\"},{\"@type\":\"ListItem\",\"position\":2,\"name\":\"Pivn\u00ed Brno | Filip Vr\u00e1na\"}]},{\"@type\":\"WebSite\",\"@id\":\"https:\/\/bookhouse.cz\/#website\",\"url\":\"https:\/\/bookhouse.cz\/\",\"name\":\"BOOKHOUSE.cz\",\"description\":\"Port\u00e1l o kni\u017en\u00edch novink\u00e1ch.\",\"publisher\":{\"@id\":\"https:\/\/bookhouse.cz\/#organization\"},\"potentialAction\":[{\"@type\":\"SearchAction\",\"target\":{\"@type\":\"EntryPoint\",\"urlTemplate\":\"https:\/\/bookhouse.cz\/?s={search_term_string}\"},\"query-input\":\"required name=search_term_string\"}],\"inLanguage\":\"cs\"},{\"@type\":\"Organization\",\"@id\":\"https:\/\/bookhouse.cz\/#organization\",\"name\":\"BOOKHOUSE.cz\",\"url\":\"https:\/\/bookhouse.cz\/\",\"logo\":{\"@type\":\"ImageObject\",\"inLanguage\":\"cs\",\"@id\":\"https:\/\/bookhouse.cz\/#\/schema\/logo\/image\/\",\"url\":\"https:\/\/bookhouse.cz\/wp-content\/uploads\/2024\/12\/cropped-Logo_BookHouse.jpg\",\"contentUrl\":\"https:\/\/bookhouse.cz\/wp-content\/uploads\/2024\/12\/cropped-Logo_BookHouse.jpg\",\"width\":938,\"height\":513,\"caption\":\"BOOKHOUSE.cz\"},\"image\":{\"@id\":\"https:\/\/bookhouse.cz\/#\/schema\/logo\/image\/\"},\"sameAs\":[\"https:\/\/www.facebook.com\/bookhousecz\",\"https:\/\/www.instagram.com\/bookhousecz\"]},{\"@type\":\"Person\",\"@id\":\"https:\/\/bookhouse.cz\/#\/schema\/person\/f34350c4206dd14422181c0fbd0922a3\",\"name\":\"Martina Pechov\u00e1\",\"image\":{\"@type\":\"ImageObject\",\"inLanguage\":\"cs\",\"@id\":\"https:\/\/bookhouse.cz\/#\/schema\/person\/image\/\",\"url\":\"https:\/\/secure.gravatar.com\/avatar\/d3ad7f43789eed68b221d01c6d7ac4e5?s=96&d=mm&r=g\",\"contentUrl\":\"https:\/\/secure.gravatar.com\/avatar\/d3ad7f43789eed68b221d01c6d7ac4e5?s=96&d=mm&r=g\",\"caption\":\"Martina Pechov\u00e1\"},\"sameAs\":[\"http:\/\/BOOKHOUSE.cz\"],\"url\":\"https:\/\/bookhouse.cz\/index.php\/author\/marpech\/\"}]}<\/script>\n<!-- \/ Yoast SEO plugin. -->","yoast_head_json":{"title":"Pivn\u00ed Brno | Filip Vr\u00e1na - BOOKHOUSE.cz","description":"Nad p\u011bniv\u00fdm mokem se uzav\u00edraj\u00ed dohody, zakl\u00e1daj\u00ed politick\u00e9 strany, \u0159e\u0161\u00ed se sv\u011btov\u00fd m\u00edr, co se nedomluv\u00ed u piva, jako by ani neexistovalo.","robots":{"index":"index","follow":"follow","max-snippet":"max-snippet:-1","max-image-preview":"max-image-preview:large","max-video-preview":"max-video-preview:-1"},"canonical":"https:\/\/bookhouse.cz\/index.php\/2024\/07\/24\/pivni-brno-filip-vrana\/","og_locale":"cs_CZ","og_type":"article","og_title":"Pivn\u00ed Brno | Filip Vr\u00e1na - BOOKHOUSE.cz","og_description":"Nad p\u011bniv\u00fdm mokem se uzav\u00edraj\u00ed dohody, zakl\u00e1daj\u00ed politick\u00e9 strany, \u0159e\u0161\u00ed se sv\u011btov\u00fd m\u00edr, co se nedomluv\u00ed u piva, jako by ani neexistovalo.","og_url":"https:\/\/bookhouse.cz\/index.php\/2024\/07\/24\/pivni-brno-filip-vrana\/","og_site_name":"BOOKHOUSE.cz","article_publisher":"https:\/\/www.facebook.com\/bookhousecz","article_published_time":"2024-07-23T22:01:00+00:00","article_modified_time":"2024-07-24T01:02:35+00:00","og_image":[{"width":813,"height":451,"url":"https:\/\/bookhouse.cz\/wp-content\/uploads\/2024\/06\/cover_book-2.jpg","type":"image\/jpeg"}],"author":"Martina Pechov\u00e1","twitter_card":"summary_large_image","twitter_misc":{"Napsal(a)":"Martina Pechov\u00e1","Odhadovan\u00e1 doba \u010dten\u00ed":"3 minuty"},"schema":{"@context":"https:\/\/schema.org","@graph":[{"@type":"Article","@id":"https:\/\/bookhouse.cz\/index.php\/2024\/07\/24\/pivni-brno-filip-vrana\/#article","isPartOf":{"@id":"https:\/\/bookhouse.cz\/index.php\/2024\/07\/24\/pivni-brno-filip-vrana\/"},"author":{"name":"Martina Pechov\u00e1","@id":"https:\/\/bookhouse.cz\/#\/schema\/person\/f34350c4206dd14422181c0fbd0922a3"},"headline":"Pivn\u00ed Brno | Filip Vr\u00e1na","datePublished":"2024-07-23T22:01:00+00:00","dateModified":"2024-07-24T01:02:35+00:00","mainEntityOfPage":{"@id":"https:\/\/bookhouse.cz\/index.php\/2024\/07\/24\/pivni-brno-filip-vrana\/"},"wordCount":459,"publisher":{"@id":"https:\/\/bookhouse.cz\/#organization"},"articleSection":["HISTORIE","NEWS","ODBORN\u00c1"],"inLanguage":"cs"},{"@type":"WebPage","@id":"https:\/\/bookhouse.cz\/index.php\/2024\/07\/24\/pivni-brno-filip-vrana\/","url":"https:\/\/bookhouse.cz\/index.php\/2024\/07\/24\/pivni-brno-filip-vrana\/","name":"Pivn\u00ed Brno | Filip Vr\u00e1na - BOOKHOUSE.cz","isPartOf":{"@id":"https:\/\/bookhouse.cz\/#website"},"datePublished":"2024-07-23T22:01:00+00:00","dateModified":"2024-07-24T01:02:35+00:00","description":"Nad p\u011bniv\u00fdm mokem se uzav\u00edraj\u00ed dohody, zakl\u00e1daj\u00ed politick\u00e9 strany, \u0159e\u0161\u00ed se sv\u011btov\u00fd m\u00edr, co se nedomluv\u00ed u piva, jako by ani neexistovalo.","breadcrumb":{"@id":"https:\/\/bookhouse.cz\/index.php\/2024\/07\/24\/pivni-brno-filip-vrana\/#breadcrumb"},"inLanguage":"cs","potentialAction":[{"@type":"ReadAction","target":["https:\/\/bookhouse.cz\/index.php\/2024\/07\/24\/pivni-brno-filip-vrana\/"]}]},{"@type":"BreadcrumbList","@id":"https:\/\/bookhouse.cz\/index.php\/2024\/07\/24\/pivni-brno-filip-vrana\/#breadcrumb","itemListElement":[{"@type":"ListItem","position":1,"name":"Dom\u016f","item":"https:\/\/bookhouse.cz\/"},{"@type":"ListItem","position":2,"name":"Pivn\u00ed Brno | Filip Vr\u00e1na"}]},{"@type":"WebSite","@id":"https:\/\/bookhouse.cz\/#website","url":"https:\/\/bookhouse.cz\/","name":"BOOKHOUSE.cz","description":"Port\u00e1l o kni\u017en\u00edch novink\u00e1ch.","publisher":{"@id":"https:\/\/bookhouse.cz\/#organization"},"potentialAction":[{"@type":"SearchAction","target":{"@type":"EntryPoint","urlTemplate":"https:\/\/bookhouse.cz\/?s={search_term_string}"},"query-input":"required name=search_term_string"}],"inLanguage":"cs"},{"@type":"Organization","@id":"https:\/\/bookhouse.cz\/#organization","name":"BOOKHOUSE.cz","url":"https:\/\/bookhouse.cz\/","logo":{"@type":"ImageObject","inLanguage":"cs","@id":"https:\/\/bookhouse.cz\/#\/schema\/logo\/image\/","url":"https:\/\/bookhouse.cz\/wp-content\/uploads\/2024\/12\/cropped-Logo_BookHouse.jpg","contentUrl":"https:\/\/bookhouse.cz\/wp-content\/uploads\/2024\/12\/cropped-Logo_BookHouse.jpg","width":938,"height":513,"caption":"BOOKHOUSE.cz"},"image":{"@id":"https:\/\/bookhouse.cz\/#\/schema\/logo\/image\/"},"sameAs":["https:\/\/www.facebook.com\/bookhousecz","https:\/\/www.instagram.com\/bookhousecz"]},{"@type":"Person","@id":"https:\/\/bookhouse.cz\/#\/schema\/person\/f34350c4206dd14422181c0fbd0922a3","name":"Martina Pechov\u00e1","image":{"@type":"ImageObject","inLanguage":"cs","@id":"https:\/\/bookhouse.cz\/#\/schema\/person\/image\/","url":"https:\/\/secure.gravatar.com\/avatar\/d3ad7f43789eed68b221d01c6d7ac4e5?s=96&d=mm&r=g","contentUrl":"https:\/\/secure.gravatar.com\/avatar\/d3ad7f43789eed68b221d01c6d7ac4e5?s=96&d=mm&r=g","caption":"Martina Pechov\u00e1"},"sameAs":["http:\/\/BOOKHOUSE.cz"],"url":"https:\/\/bookhouse.cz\/index.php\/author\/marpech\/"}]}},"_links":{"self":[{"href":"https:\/\/bookhouse.cz\/index.php\/wp-json\/wp\/v2\/posts\/7177"}],"collection":[{"href":"https:\/\/bookhouse.cz\/index.php\/wp-json\/wp\/v2\/posts"}],"about":[{"href":"https:\/\/bookhouse.cz\/index.php\/wp-json\/wp\/v2\/types\/post"}],"author":[{"embeddable":true,"href":"https:\/\/bookhouse.cz\/index.php\/wp-json\/wp\/v2\/users\/8"}],"replies":[{"embeddable":true,"href":"https:\/\/bookhouse.cz\/index.php\/wp-json\/wp\/v2\/comments?post=7177"}],"version-history":[{"count":1,"href":"https:\/\/bookhouse.cz\/index.php\/wp-json\/wp\/v2\/posts\/7177\/revisions"}],"predecessor-version":[{"id":7180,"href":"https:\/\/bookhouse.cz\/index.php\/wp-json\/wp\/v2\/posts\/7177\/revisions\/7180"}],"wp:featuredmedia":[{"embeddable":true,"href":"https:\/\/bookhouse.cz\/index.php\/wp-json\/wp\/v2\/media\/7178"}],"wp:attachment":[{"href":"https:\/\/bookhouse.cz\/index.php\/wp-json\/wp\/v2\/media?parent=7177"}],"wp:term":[{"taxonomy":"category","embeddable":true,"href":"https:\/\/bookhouse.cz\/index.php\/wp-json\/wp\/v2\/categories?post=7177"},{"taxonomy":"post_tag","embeddable":true,"href":"https:\/\/bookhouse.cz\/index.php\/wp-json\/wp\/v2\/tags?post=7177"}],"curies":[{"name":"wp","href":"https:\/\/api.w.org\/{rel}","templated":true}]}}