{"id":6761,"date":"2024-04-22T00:01:00","date_gmt":"2024-04-21T22:01:00","guid":{"rendered":"https:\/\/bookhouse.cz\/?p=6761"},"modified":"2024-04-20T16:06:02","modified_gmt":"2024-04-20T14:06:02","slug":"bohemane-jan-hrdina","status":"publish","type":"post","link":"https:\/\/bookhouse.cz\/index.php\/2024\/04\/22\/bohemane-jan-hrdina\/","title":{"rendered":"Boheman\u00e9\u00a0|\u00a0Jan Hrdina"},"content":{"rendered":"\n<div style=\"height:45px\" aria-hidden=\"true\" class=\"wp-block-spacer\"><\/div>\n\n\n\n<p><strong>Kolik n\u00e1m toho zanechali kelt\u0161t\u00ed B\u00f3jov\u00e9? Jakou \u00falohu sehr\u00e1ly germ\u00e1nsk\u00e9 kmeny v\u00a0na\u0161ich d\u011bjin\u00e1ch? Pro\u010d na \u010desk\u00e9m \u00fazem\u00ed nevznikla provincie \u0159\u00edmsk\u00e9ho imp\u00e9ria? Plnil franck\u00fd kupec S\u00e1mo tajn\u00fd \u00fakol? Co znamenala vra\u017eda kn\u00ed\u017eete V\u00e1clava pro \u010desk\u00fd st\u00e1t?<\/strong><\/p>\n\n\n\n<div style=\"height:45px\" aria-hidden=\"true\" class=\"wp-block-spacer\"><\/div>\n\n\n<div class=\"wp-block-image\">\n<figure class=\"aligncenter size-full\"><img loading=\"lazy\" decoding=\"async\" width=\"813\" height=\"427\" src=\"https:\/\/bookhouse.cz\/wp-content\/uploads\/2024\/04\/13662_Bohemane_Hrdina_Grada_600_0_fit.jpg\" alt=\"Boheman\u00e9\u00a0|\u00a0Jan Hrdina\" class=\"wp-image-6762\" srcset=\"https:\/\/bookhouse.cz\/wp-content\/uploads\/2024\/04\/13662_Bohemane_Hrdina_Grada_600_0_fit.jpg 813w, https:\/\/bookhouse.cz\/wp-content\/uploads\/2024\/04\/13662_Bohemane_Hrdina_Grada_600_0_fit-300x158.jpg 300w, https:\/\/bookhouse.cz\/wp-content\/uploads\/2024\/04\/13662_Bohemane_Hrdina_Grada_600_0_fit-768x403.jpg 768w\" sizes=\"(max-width: 813px) 100vw, 813px\" \/><\/figure><\/div>\n\n\n<div style=\"height:45px\" aria-hidden=\"true\" class=\"wp-block-spacer\"><\/div>\n\n\n\n<p>Nejstar\u0161\u00ed \u010desk\u00e9 d\u011bjiny jsou pln\u00e9 ot\u00e1zek. Na \u0159adu z&nbsp;nich tato kniha odpov\u00edd\u00e1 a p\u0159edstavuje na\u0161i ranou historii v nej\u0161ir\u0161\u00edch souvislostech \u010dtiv\u00fdm, z\u00e1rove\u0148 v\u0161ak fakty podlo\u017een\u00fdm vypr\u00e1v\u011bn\u00edm. Kniha je z\u00e1rove\u0148 pr\u016fvodcem po nejv\u00fdznamn\u011bj\u0161\u00edch a nejpozoruhodn\u011bj\u0161\u00edch m\u00edstech na\u0161\u00ed d\u00e1vn\u00e9 minulosti.<\/p>\n\n\n\n<div style=\"height:45px\" aria-hidden=\"true\" class=\"wp-block-spacer\"><\/div>\n\n\n<div class=\"wp-block-image\">\n<figure class=\"aligncenter size-large\"><img loading=\"lazy\" decoding=\"async\" width=\"747\" height=\"1024\" src=\"https:\/\/bookhouse.cz\/wp-content\/uploads\/2024\/04\/13662_Bohemane_Hrdina_Grada_600_0_fit-2-747x1024.jpg\" alt=\"Boheman\u00e9\u00a0|\u00a0Jan Hrdina\" class=\"wp-image-6763\" srcset=\"https:\/\/bookhouse.cz\/wp-content\/uploads\/2024\/04\/13662_Bohemane_Hrdina_Grada_600_0_fit-2-747x1024.jpg 747w, https:\/\/bookhouse.cz\/wp-content\/uploads\/2024\/04\/13662_Bohemane_Hrdina_Grada_600_0_fit-2-219x300.jpg 219w, https:\/\/bookhouse.cz\/wp-content\/uploads\/2024\/04\/13662_Bohemane_Hrdina_Grada_600_0_fit-2-768x1052.jpg 768w, https:\/\/bookhouse.cz\/wp-content\/uploads\/2024\/04\/13662_Bohemane_Hrdina_Grada_600_0_fit-2.jpg 813w\" sizes=\"(max-width: 747px) 100vw, 747px\" \/><\/figure><\/div>\n\n\n<div style=\"height:45px\" aria-hidden=\"true\" class=\"wp-block-spacer\"><\/div>\n\n\n\n<h2 class=\"wp-block-heading\" id=\"block-d5099aaf-fc1f-4aea-9eb1-4e097e5ca5da\">N\u00e1zev knihy: Boheman\u00e9<\/h2>\n\n\n\n<div style=\"height:45px\" aria-hidden=\"true\" class=\"wp-block-spacer\"><\/div>\n\n\n\n<p id=\"block-f563f394-4ca1-47f0-b136-5ffe5b4f4d1c\"><strong>Autor:<\/strong>&nbsp;Jan Hrdina<\/p>\n\n\n\n<p id=\"block-30e75497-0af9-41c7-9cd2-0d7e7f286ca8\"><strong>Po\u010det stran \/ vazba:<\/strong>&nbsp;384 stran \/ Bro\u017eovan\u00e1 vazba s klopami<\/p>\n\n\n\n<p id=\"block-6061cabd-fa38-4434-b0be-477ed69294ec\"><strong>Doporu\u010den\u00e1<\/strong>&nbsp;<strong>cena:<\/strong>&nbsp;499 K\u010d<\/p>\n\n\n\n<p id=\"block-bf00762f-3f26-4bb9-9a78-6955ce7d639d\"><strong>Vydalo<\/strong>:&nbsp;Nakladatelstv\u00ed Grada<\/p>\n\n\n\n<p><strong>V\u00edce informac\u00ed na:&nbsp;<\/strong><a href=\"http:\/\/www.grada.cz\/\"><strong>www.grada.cz<\/strong><\/a><\/p>\n\n\n\n<div style=\"height:45px\" aria-hidden=\"true\" class=\"wp-block-spacer\"><\/div>\n\n\n\n<p id=\"block-78735c9f-8b0d-4f1e-a3f4-81a23eadb822\"><strong>Zdroj foto:<\/strong>&nbsp;Grada<\/p>\n\n\n\n<div style=\"height:45px\" aria-hidden=\"true\" class=\"wp-block-spacer\"><\/div>\n","protected":false},"excerpt":{"rendered":"<p>Kolik n\u00e1m toho zanechali kelt\u0161t\u00ed B\u00f3jov\u00e9? Jakou \u00falohu sehr\u00e1ly germ\u00e1nsk\u00e9 kmeny v\u00a0na\u0161ich d\u011bjin\u00e1ch? Pro\u010d na \u010desk\u00e9m \u00fazem\u00ed nevznikla provincie \u0159\u00edmsk\u00e9ho imp\u00e9ria? Plnil franck\u00fd kupec S\u00e1mo tajn\u00fd \u00fakol? Co znamenala vra\u017eda kn\u00ed\u017eete V\u00e1clava pro \u010desk\u00fd&#46;&#46;&#46;<\/p>\n","protected":false},"author":8,"featured_media":6762,"comment_status":"closed","ping_status":"closed","sticky":false,"template":"","format":"standard","meta":{"_monsterinsights_skip_tracking":false,"_monsterinsights_sitenote_active":false,"_monsterinsights_sitenote_note":"","_monsterinsights_sitenote_category":0,"footnotes":""},"categories":[22,3,19],"tags":[],"yoast_head":"<!-- This site is optimized with the Yoast SEO plugin v21.5 - https:\/\/yoast.com\/wordpress\/plugins\/seo\/ -->\n<title>Boheman\u00e9\u00a0|\u00a0Jan Hrdina - BOOKHOUSE.cz<\/title>\n<meta name=\"description\" content=\"Kolik n\u00e1m toho zanechali kelt\u0161t\u00ed B\u00f3jov\u00e9? Jakou \u00falohu sehr\u00e1ly germ\u00e1nsk\u00e9 kmeny v\u00a0na\u0161ich d\u011bjin\u00e1ch? Pro\u010d na \u010desk\u00e9m \u00fazem\u00ed nevznikla provincie?\" \/>\n<meta name=\"robots\" content=\"index, follow, max-snippet:-1, max-image-preview:large, max-video-preview:-1\" \/>\n<link rel=\"canonical\" href=\"https:\/\/bookhouse.cz\/index.php\/2024\/04\/22\/bohemane-jan-hrdina\/\" \/>\n<meta property=\"og:locale\" content=\"cs_CZ\" \/>\n<meta property=\"og:type\" content=\"article\" \/>\n<meta property=\"og:title\" content=\"Boheman\u00e9\u00a0|\u00a0Jan Hrdina - BOOKHOUSE.cz\" \/>\n<meta property=\"og:description\" content=\"Kolik n\u00e1m toho zanechali kelt\u0161t\u00ed B\u00f3jov\u00e9? Jakou \u00falohu sehr\u00e1ly germ\u00e1nsk\u00e9 kmeny v\u00a0na\u0161ich d\u011bjin\u00e1ch? Pro\u010d na \u010desk\u00e9m \u00fazem\u00ed nevznikla provincie?\" \/>\n<meta property=\"og:url\" content=\"https:\/\/bookhouse.cz\/index.php\/2024\/04\/22\/bohemane-jan-hrdina\/\" \/>\n<meta property=\"og:site_name\" content=\"BOOKHOUSE.cz\" \/>\n<meta property=\"article:publisher\" content=\"https:\/\/www.facebook.com\/bookhousecz\" \/>\n<meta property=\"article:published_time\" content=\"2024-04-21T22:01:00+00:00\" \/>\n<meta property=\"article:modified_time\" content=\"2024-04-20T14:06:02+00:00\" \/>\n<meta property=\"og:image\" content=\"https:\/\/bookhouse.cz\/wp-content\/uploads\/2024\/04\/13662_Bohemane_Hrdina_Grada_600_0_fit.jpg\" \/>\n\t<meta property=\"og:image:width\" content=\"813\" \/>\n\t<meta property=\"og:image:height\" content=\"427\" \/>\n\t<meta property=\"og:image:type\" content=\"image\/jpeg\" \/>\n<meta name=\"author\" content=\"Martina Pechov\u00e1\" \/>\n<meta name=\"twitter:card\" content=\"summary_large_image\" \/>\n<meta name=\"twitter:label1\" content=\"Napsal(a)\" \/>\n\t<meta name=\"twitter:data1\" content=\"Martina Pechov\u00e1\" \/>\n\t<meta name=\"twitter:label2\" content=\"Odhadovan\u00e1 doba \u010dten\u00ed\" \/>\n\t<meta name=\"twitter:data2\" content=\"1 minuta\" \/>\n<script type=\"application\/ld+json\" class=\"yoast-schema-graph\">{\"@context\":\"https:\/\/schema.org\",\"@graph\":[{\"@type\":\"Article\",\"@id\":\"https:\/\/bookhouse.cz\/index.php\/2024\/04\/22\/bohemane-jan-hrdina\/#article\",\"isPartOf\":{\"@id\":\"https:\/\/bookhouse.cz\/index.php\/2024\/04\/22\/bohemane-jan-hrdina\/\"},\"author\":{\"name\":\"Martina Pechov\u00e1\",\"@id\":\"https:\/\/bookhouse.cz\/#\/schema\/person\/f34350c4206dd14422181c0fbd0922a3\"},\"headline\":\"Boheman\u00e9\u00a0|\u00a0Jan Hrdina\",\"datePublished\":\"2024-04-21T22:01:00+00:00\",\"dateModified\":\"2024-04-20T14:06:02+00:00\",\"mainEntityOfPage\":{\"@id\":\"https:\/\/bookhouse.cz\/index.php\/2024\/04\/22\/bohemane-jan-hrdina\/\"},\"wordCount\":160,\"publisher\":{\"@id\":\"https:\/\/bookhouse.cz\/#organization\"},\"articleSection\":[\"HISTORIE\",\"NEWS\",\"TIPY NA KNIHY\"],\"inLanguage\":\"cs\"},{\"@type\":\"WebPage\",\"@id\":\"https:\/\/bookhouse.cz\/index.php\/2024\/04\/22\/bohemane-jan-hrdina\/\",\"url\":\"https:\/\/bookhouse.cz\/index.php\/2024\/04\/22\/bohemane-jan-hrdina\/\",\"name\":\"Boheman\u00e9\u00a0|\u00a0Jan Hrdina - BOOKHOUSE.cz\",\"isPartOf\":{\"@id\":\"https:\/\/bookhouse.cz\/#website\"},\"datePublished\":\"2024-04-21T22:01:00+00:00\",\"dateModified\":\"2024-04-20T14:06:02+00:00\",\"description\":\"Kolik n\u00e1m toho zanechali kelt\u0161t\u00ed B\u00f3jov\u00e9? Jakou \u00falohu sehr\u00e1ly germ\u00e1nsk\u00e9 kmeny v\u00a0na\u0161ich d\u011bjin\u00e1ch? Pro\u010d na \u010desk\u00e9m \u00fazem\u00ed nevznikla provincie?\",\"breadcrumb\":{\"@id\":\"https:\/\/bookhouse.cz\/index.php\/2024\/04\/22\/bohemane-jan-hrdina\/#breadcrumb\"},\"inLanguage\":\"cs\",\"potentialAction\":[{\"@type\":\"ReadAction\",\"target\":[\"https:\/\/bookhouse.cz\/index.php\/2024\/04\/22\/bohemane-jan-hrdina\/\"]}]},{\"@type\":\"BreadcrumbList\",\"@id\":\"https:\/\/bookhouse.cz\/index.php\/2024\/04\/22\/bohemane-jan-hrdina\/#breadcrumb\",\"itemListElement\":[{\"@type\":\"ListItem\",\"position\":1,\"name\":\"Dom\u016f\",\"item\":\"https:\/\/bookhouse.cz\/\"},{\"@type\":\"ListItem\",\"position\":2,\"name\":\"Boheman\u00e9\u00a0|\u00a0Jan Hrdina\"}]},{\"@type\":\"WebSite\",\"@id\":\"https:\/\/bookhouse.cz\/#website\",\"url\":\"https:\/\/bookhouse.cz\/\",\"name\":\"BOOKHOUSE.cz\",\"description\":\"Port\u00e1l o kni\u017en\u00edch novink\u00e1ch.\",\"publisher\":{\"@id\":\"https:\/\/bookhouse.cz\/#organization\"},\"potentialAction\":[{\"@type\":\"SearchAction\",\"target\":{\"@type\":\"EntryPoint\",\"urlTemplate\":\"https:\/\/bookhouse.cz\/?s={search_term_string}\"},\"query-input\":\"required name=search_term_string\"}],\"inLanguage\":\"cs\"},{\"@type\":\"Organization\",\"@id\":\"https:\/\/bookhouse.cz\/#organization\",\"name\":\"BOOKHOUSE.cz\",\"url\":\"https:\/\/bookhouse.cz\/\",\"logo\":{\"@type\":\"ImageObject\",\"inLanguage\":\"cs\",\"@id\":\"https:\/\/bookhouse.cz\/#\/schema\/logo\/image\/\",\"url\":\"https:\/\/bookhouse.cz\/wp-content\/uploads\/2024\/12\/cropped-Logo_BookHouse.jpg\",\"contentUrl\":\"https:\/\/bookhouse.cz\/wp-content\/uploads\/2024\/12\/cropped-Logo_BookHouse.jpg\",\"width\":938,\"height\":513,\"caption\":\"BOOKHOUSE.cz\"},\"image\":{\"@id\":\"https:\/\/bookhouse.cz\/#\/schema\/logo\/image\/\"},\"sameAs\":[\"https:\/\/www.facebook.com\/bookhousecz\",\"https:\/\/www.instagram.com\/bookhousecz\"]},{\"@type\":\"Person\",\"@id\":\"https:\/\/bookhouse.cz\/#\/schema\/person\/f34350c4206dd14422181c0fbd0922a3\",\"name\":\"Martina Pechov\u00e1\",\"image\":{\"@type\":\"ImageObject\",\"inLanguage\":\"cs\",\"@id\":\"https:\/\/bookhouse.cz\/#\/schema\/person\/image\/\",\"url\":\"https:\/\/secure.gravatar.com\/avatar\/d3ad7f43789eed68b221d01c6d7ac4e5?s=96&d=mm&r=g\",\"contentUrl\":\"https:\/\/secure.gravatar.com\/avatar\/d3ad7f43789eed68b221d01c6d7ac4e5?s=96&d=mm&r=g\",\"caption\":\"Martina Pechov\u00e1\"},\"sameAs\":[\"http:\/\/BOOKHOUSE.cz\"],\"url\":\"https:\/\/bookhouse.cz\/index.php\/author\/marpech\/\"}]}<\/script>\n<!-- \/ Yoast SEO plugin. -->","yoast_head_json":{"title":"Boheman\u00e9\u00a0|\u00a0Jan Hrdina - BOOKHOUSE.cz","description":"Kolik n\u00e1m toho zanechali kelt\u0161t\u00ed B\u00f3jov\u00e9? Jakou \u00falohu sehr\u00e1ly germ\u00e1nsk\u00e9 kmeny v\u00a0na\u0161ich d\u011bjin\u00e1ch? Pro\u010d na \u010desk\u00e9m \u00fazem\u00ed nevznikla provincie?","robots":{"index":"index","follow":"follow","max-snippet":"max-snippet:-1","max-image-preview":"max-image-preview:large","max-video-preview":"max-video-preview:-1"},"canonical":"https:\/\/bookhouse.cz\/index.php\/2024\/04\/22\/bohemane-jan-hrdina\/","og_locale":"cs_CZ","og_type":"article","og_title":"Boheman\u00e9\u00a0|\u00a0Jan Hrdina - BOOKHOUSE.cz","og_description":"Kolik n\u00e1m toho zanechali kelt\u0161t\u00ed B\u00f3jov\u00e9? Jakou \u00falohu sehr\u00e1ly germ\u00e1nsk\u00e9 kmeny v\u00a0na\u0161ich d\u011bjin\u00e1ch? Pro\u010d na \u010desk\u00e9m \u00fazem\u00ed nevznikla provincie?","og_url":"https:\/\/bookhouse.cz\/index.php\/2024\/04\/22\/bohemane-jan-hrdina\/","og_site_name":"BOOKHOUSE.cz","article_publisher":"https:\/\/www.facebook.com\/bookhousecz","article_published_time":"2024-04-21T22:01:00+00:00","article_modified_time":"2024-04-20T14:06:02+00:00","og_image":[{"width":813,"height":427,"url":"https:\/\/bookhouse.cz\/wp-content\/uploads\/2024\/04\/13662_Bohemane_Hrdina_Grada_600_0_fit.jpg","type":"image\/jpeg"}],"author":"Martina Pechov\u00e1","twitter_card":"summary_large_image","twitter_misc":{"Napsal(a)":"Martina Pechov\u00e1","Odhadovan\u00e1 doba \u010dten\u00ed":"1 minuta"},"schema":{"@context":"https:\/\/schema.org","@graph":[{"@type":"Article","@id":"https:\/\/bookhouse.cz\/index.php\/2024\/04\/22\/bohemane-jan-hrdina\/#article","isPartOf":{"@id":"https:\/\/bookhouse.cz\/index.php\/2024\/04\/22\/bohemane-jan-hrdina\/"},"author":{"name":"Martina Pechov\u00e1","@id":"https:\/\/bookhouse.cz\/#\/schema\/person\/f34350c4206dd14422181c0fbd0922a3"},"headline":"Boheman\u00e9\u00a0|\u00a0Jan Hrdina","datePublished":"2024-04-21T22:01:00+00:00","dateModified":"2024-04-20T14:06:02+00:00","mainEntityOfPage":{"@id":"https:\/\/bookhouse.cz\/index.php\/2024\/04\/22\/bohemane-jan-hrdina\/"},"wordCount":160,"publisher":{"@id":"https:\/\/bookhouse.cz\/#organization"},"articleSection":["HISTORIE","NEWS","TIPY NA KNIHY"],"inLanguage":"cs"},{"@type":"WebPage","@id":"https:\/\/bookhouse.cz\/index.php\/2024\/04\/22\/bohemane-jan-hrdina\/","url":"https:\/\/bookhouse.cz\/index.php\/2024\/04\/22\/bohemane-jan-hrdina\/","name":"Boheman\u00e9\u00a0|\u00a0Jan Hrdina - BOOKHOUSE.cz","isPartOf":{"@id":"https:\/\/bookhouse.cz\/#website"},"datePublished":"2024-04-21T22:01:00+00:00","dateModified":"2024-04-20T14:06:02+00:00","description":"Kolik n\u00e1m toho zanechali kelt\u0161t\u00ed B\u00f3jov\u00e9? Jakou \u00falohu sehr\u00e1ly germ\u00e1nsk\u00e9 kmeny v\u00a0na\u0161ich d\u011bjin\u00e1ch? Pro\u010d na \u010desk\u00e9m \u00fazem\u00ed nevznikla provincie?","breadcrumb":{"@id":"https:\/\/bookhouse.cz\/index.php\/2024\/04\/22\/bohemane-jan-hrdina\/#breadcrumb"},"inLanguage":"cs","potentialAction":[{"@type":"ReadAction","target":["https:\/\/bookhouse.cz\/index.php\/2024\/04\/22\/bohemane-jan-hrdina\/"]}]},{"@type":"BreadcrumbList","@id":"https:\/\/bookhouse.cz\/index.php\/2024\/04\/22\/bohemane-jan-hrdina\/#breadcrumb","itemListElement":[{"@type":"ListItem","position":1,"name":"Dom\u016f","item":"https:\/\/bookhouse.cz\/"},{"@type":"ListItem","position":2,"name":"Boheman\u00e9\u00a0|\u00a0Jan Hrdina"}]},{"@type":"WebSite","@id":"https:\/\/bookhouse.cz\/#website","url":"https:\/\/bookhouse.cz\/","name":"BOOKHOUSE.cz","description":"Port\u00e1l o kni\u017en\u00edch novink\u00e1ch.","publisher":{"@id":"https:\/\/bookhouse.cz\/#organization"},"potentialAction":[{"@type":"SearchAction","target":{"@type":"EntryPoint","urlTemplate":"https:\/\/bookhouse.cz\/?s={search_term_string}"},"query-input":"required name=search_term_string"}],"inLanguage":"cs"},{"@type":"Organization","@id":"https:\/\/bookhouse.cz\/#organization","name":"BOOKHOUSE.cz","url":"https:\/\/bookhouse.cz\/","logo":{"@type":"ImageObject","inLanguage":"cs","@id":"https:\/\/bookhouse.cz\/#\/schema\/logo\/image\/","url":"https:\/\/bookhouse.cz\/wp-content\/uploads\/2024\/12\/cropped-Logo_BookHouse.jpg","contentUrl":"https:\/\/bookhouse.cz\/wp-content\/uploads\/2024\/12\/cropped-Logo_BookHouse.jpg","width":938,"height":513,"caption":"BOOKHOUSE.cz"},"image":{"@id":"https:\/\/bookhouse.cz\/#\/schema\/logo\/image\/"},"sameAs":["https:\/\/www.facebook.com\/bookhousecz","https:\/\/www.instagram.com\/bookhousecz"]},{"@type":"Person","@id":"https:\/\/bookhouse.cz\/#\/schema\/person\/f34350c4206dd14422181c0fbd0922a3","name":"Martina Pechov\u00e1","image":{"@type":"ImageObject","inLanguage":"cs","@id":"https:\/\/bookhouse.cz\/#\/schema\/person\/image\/","url":"https:\/\/secure.gravatar.com\/avatar\/d3ad7f43789eed68b221d01c6d7ac4e5?s=96&d=mm&r=g","contentUrl":"https:\/\/secure.gravatar.com\/avatar\/d3ad7f43789eed68b221d01c6d7ac4e5?s=96&d=mm&r=g","caption":"Martina Pechov\u00e1"},"sameAs":["http:\/\/BOOKHOUSE.cz"],"url":"https:\/\/bookhouse.cz\/index.php\/author\/marpech\/"}]}},"_links":{"self":[{"href":"https:\/\/bookhouse.cz\/index.php\/wp-json\/wp\/v2\/posts\/6761"}],"collection":[{"href":"https:\/\/bookhouse.cz\/index.php\/wp-json\/wp\/v2\/posts"}],"about":[{"href":"https:\/\/bookhouse.cz\/index.php\/wp-json\/wp\/v2\/types\/post"}],"author":[{"embeddable":true,"href":"https:\/\/bookhouse.cz\/index.php\/wp-json\/wp\/v2\/users\/8"}],"replies":[{"embeddable":true,"href":"https:\/\/bookhouse.cz\/index.php\/wp-json\/wp\/v2\/comments?post=6761"}],"version-history":[{"count":2,"href":"https:\/\/bookhouse.cz\/index.php\/wp-json\/wp\/v2\/posts\/6761\/revisions"}],"predecessor-version":[{"id":6766,"href":"https:\/\/bookhouse.cz\/index.php\/wp-json\/wp\/v2\/posts\/6761\/revisions\/6766"}],"wp:featuredmedia":[{"embeddable":true,"href":"https:\/\/bookhouse.cz\/index.php\/wp-json\/wp\/v2\/media\/6762"}],"wp:attachment":[{"href":"https:\/\/bookhouse.cz\/index.php\/wp-json\/wp\/v2\/media?parent=6761"}],"wp:term":[{"taxonomy":"category","embeddable":true,"href":"https:\/\/bookhouse.cz\/index.php\/wp-json\/wp\/v2\/categories?post=6761"},{"taxonomy":"post_tag","embeddable":true,"href":"https:\/\/bookhouse.cz\/index.php\/wp-json\/wp\/v2\/tags?post=6761"}],"curies":[{"name":"wp","href":"https:\/\/api.w.org\/{rel}","templated":true}]}}