{"id":6694,"date":"2024-04-01T00:01:00","date_gmt":"2024-03-31T22:01:00","guid":{"rendered":"https:\/\/bookhouse.cz\/?p=6694"},"modified":"2024-04-02T00:56:01","modified_gmt":"2024-04-01T22:56:01","slug":"vesele-velikonoce-editorial","status":"publish","type":"post","link":"https:\/\/bookhouse.cz\/index.php\/2024\/04\/01\/vesele-velikonoce-editorial\/","title":{"rendered":"Vesel\u00e9 Velikonoce! | Editorial"},"content":{"rendered":"\n<div style=\"height:51px\" aria-hidden=\"true\" class=\"wp-block-spacer\"><\/div>\n\n\n\n<p><strong>Jaro se probouz\u00ed a s n\u00edm p\u0159ich\u00e1z\u00ed i radostn\u00e9 Velikonoce. Dny se prodlu\u017euj\u00ed, slunce h\u0159eje siln\u011bji a p\u0159\u00edroda se obl\u00e9k\u00e1 do zelen\u00e9ho kab\u00e1tu. Je to \u010das pro oslavu nov\u00e9ho \u017eivota a \u0161t\u011bst\u00ed.<\/strong><\/p>\n\n\n\n<div style=\"height:51px\" aria-hidden=\"true\" class=\"wp-block-spacer\"><\/div>\n\n\n<div class=\"wp-block-image\">\n<figure class=\"aligncenter size-large\"><img loading=\"lazy\" decoding=\"async\" width=\"1024\" height=\"777\" src=\"https:\/\/bookhouse.cz\/wp-content\/uploads\/2024\/04\/Velikonoce-2-1024x777.jpg\" alt=\"Vesel\u00e9 Velikonoce! | Editorial\" class=\"wp-image-6696\" srcset=\"https:\/\/bookhouse.cz\/wp-content\/uploads\/2024\/04\/Velikonoce-2-1024x777.jpg 1024w, https:\/\/bookhouse.cz\/wp-content\/uploads\/2024\/04\/Velikonoce-2-300x228.jpg 300w, https:\/\/bookhouse.cz\/wp-content\/uploads\/2024\/04\/Velikonoce-2-768x583.jpg 768w, https:\/\/bookhouse.cz\/wp-content\/uploads\/2024\/04\/Velikonoce-2.jpg 1450w\" sizes=\"(max-width: 1024px) 100vw, 1024px\" \/><\/figure><\/div>\n\n\n<div style=\"height:51px\" aria-hidden=\"true\" class=\"wp-block-spacer\"><\/div>\n\n\n\n<p><strong>P\u0159eji v\u00e1m kr\u00e1sn\u00e9 velikono\u010dn\u00ed sv\u00e1tky pln\u00e9 pohody a radosti.<\/strong> U\u017eijte si \u010das s rodinou a p\u0159\u00e1teli, a\u0165 u\u017e u velikono\u010dn\u00edho stolu, na poml\u00e1zce, nebo na proch\u00e1zce v jarn\u00ed p\u0159\u00edrod\u011b \u010di na Pra\u017esk\u00fdch P\u0159\u00edkopech&#8230;<\/p>\n\n\n\n<div style=\"height:50px\" aria-hidden=\"true\" class=\"wp-block-spacer\"><\/div>\n\n\n<div class=\"wp-block-image\">\n<figure class=\"aligncenter size-large\"><img decoding=\"async\" src=\"https:\/\/prazskeprikopy.cz\/wp-content\/uploads\/2024\/04\/Velikonoce-3-1024x777.jpg\" alt=\"Vesel\u00e9 Velikonoce na Pra\u017esk\u00fdch P\u0159\u00edkopech! | Editorial\" class=\"wp-image-4669\"\/><\/figure><\/div>\n\n\n<div style=\"height:50px\" aria-hidden=\"true\" class=\"wp-block-spacer\"><\/div>\n\n\n\n<p>A nezapome\u0148te, \u017ee na <a href=\"https:\/\/www.prazskeprikopy.cz\"><strong>Pra\u017esk\u00fdch P\u0159\u00edkopech<\/strong><\/a> si m\u016f\u017eete Velikonoce u\u017e\u00edt i gurm\u00e1nsky v nespo\u010dtu \u00fa\u017easn\u00fdch restaurac\u00edch.<\/p>\n\n\n\n<p><strong>Nezapome\u0148te tak\u00e9 na tradi\u010dn\u00ed velikono\u010dn\u00ed symboly:<\/strong> malovan\u00e1 vaj\u00ed\u010dka, ber\u00e1nka a jid\u00e1\u0161e. Vaj\u00ed\u010dka symbolizuj\u00ed nov\u00fd \u017eivot, ber\u00e1nek je symbolem \u010distoty a jid\u00e1\u0161e p\u0159edstavuj\u00ed sladk\u00e9 poku\u0161en\u00ed.<\/p>\n\n\n\n<div style=\"height:50px\" aria-hidden=\"true\" class=\"wp-block-spacer\"><\/div>\n\n\n\n<figure class=\"wp-block-image size-large\"><img decoding=\"async\" src=\"https:\/\/prazskeprikopy.cz\/wp-content\/uploads\/2024\/04\/Velikonoce-1024x777.jpg\" alt=\"Vesel\u00e9 Velikonoce na Pra\u017esk\u00fdch P\u0159\u00edkopech! | Editorial\" class=\"wp-image-4665\"\/><\/figure>\n\n\n\n<div style=\"height:25px\" aria-hidden=\"true\" class=\"wp-block-spacer\"><\/div>\n\n\n\n<h2 class=\"wp-block-heading\"><strong>A\u0165 v\u00e1m Velikonoce p\u0159inesou:<\/strong><\/h2>\n\n\n\n<div style=\"height:21px\" aria-hidden=\"true\" class=\"wp-block-spacer\"><\/div>\n\n\n\n<ul>\n<li><strong>Mnoho radosti a \u0161t\u011bst\u00ed<\/strong><\/li>\n\n\n\n<li><strong>Pohodu a klid v du\u0161i<\/strong><\/li>\n\n\n\n<li><strong>Zdrav\u00ed a l\u00e1sku<\/strong><\/li>\n\n\n\n<li><strong>Hojnost na stole<\/strong><\/li>\n\n\n\n<li><strong>A kr\u00e1sn\u00e9 jarn\u00ed po\u010das\u00ed<\/strong><\/li>\n<\/ul>\n\n\n\n<div style=\"height:96px\" aria-hidden=\"true\" class=\"wp-block-spacer\"><\/div>\n\n\n\n<p class=\"has-text-align-right\"><strong>S p\u0159\u00e1n\u00edm Vesel\u00fdch Velikonoc Mikol\u00e1\u0161ek Ivo \u2013 \u0161\u00e9fredaktor HMG<\/strong><\/p>\n\n\n\n<div style=\"height:100px\" aria-hidden=\"true\" class=\"wp-block-spacer\"><\/div>\n","protected":false},"excerpt":{"rendered":"<p>Jaro se probouz\u00ed a s n\u00edm p\u0159ich\u00e1z\u00ed i radostn\u00e9 Velikonoce. Dny se prodlu\u017euj\u00ed, slunce h\u0159eje siln\u011bji a p\u0159\u00edroda se obl\u00e9k\u00e1 do zelen\u00e9ho kab\u00e1tu. Je to \u010das pro oslavu nov\u00e9ho \u017eivota a \u0161t\u011bst\u00ed. P\u0159eji v\u00e1m&#46;&#46;&#46;<\/p>\n","protected":false},"author":1,"featured_media":6697,"comment_status":"closed","ping_status":"closed","sticky":false,"template":"","format":"standard","meta":{"_monsterinsights_skip_tracking":false,"_monsterinsights_sitenote_active":false,"_monsterinsights_sitenote_note":"","_monsterinsights_sitenote_category":0,"footnotes":""},"categories":[13,14,3],"tags":[],"yoast_head":"<!-- This site is optimized with the Yoast SEO plugin v21.5 - https:\/\/yoast.com\/wordpress\/plugins\/seo\/ -->\n<title>Vesel\u00e9 Velikonoce! | Editorial - BOOKHOUSE.cz<\/title>\n<meta name=\"description\" content=\"Jaro se probouz\u00ed a s n\u00edm p\u0159ich\u00e1z\u00ed i radostn\u00e9 Velikonoce. Dny se prodlu\u017euj\u00ed, slunce h\u0159eje siln\u011bji a p\u0159\u00edroda se obl\u00e9k\u00e1 do zelen\u00e9ho kab\u00e1tu. Je to \u010das pro oslavu nov\u00e9ho \u017eivota a \u0161t\u011bst\u00ed.\" \/>\n<meta name=\"robots\" content=\"index, follow, max-snippet:-1, max-image-preview:large, max-video-preview:-1\" \/>\n<link rel=\"canonical\" href=\"https:\/\/bookhouse.cz\/index.php\/2024\/04\/01\/vesele-velikonoce-editorial\/\" \/>\n<meta property=\"og:locale\" content=\"cs_CZ\" \/>\n<meta property=\"og:type\" content=\"article\" \/>\n<meta property=\"og:title\" content=\"Vesel\u00e9 Velikonoce! | Editorial - BOOKHOUSE.cz\" \/>\n<meta property=\"og:description\" content=\"Jaro se probouz\u00ed a s n\u00edm p\u0159ich\u00e1z\u00ed i radostn\u00e9 Velikonoce. Dny se prodlu\u017euj\u00ed, slunce h\u0159eje siln\u011bji a p\u0159\u00edroda se obl\u00e9k\u00e1 do zelen\u00e9ho kab\u00e1tu. Je to \u010das pro oslavu nov\u00e9ho \u017eivota a \u0161t\u011bst\u00ed.\" \/>\n<meta property=\"og:url\" content=\"https:\/\/bookhouse.cz\/index.php\/2024\/04\/01\/vesele-velikonoce-editorial\/\" \/>\n<meta property=\"og:site_name\" content=\"BOOKHOUSE.cz\" \/>\n<meta property=\"article:publisher\" content=\"https:\/\/www.facebook.com\/bookhousecz\" \/>\n<meta property=\"article:published_time\" content=\"2024-03-31T22:01:00+00:00\" \/>\n<meta property=\"article:modified_time\" content=\"2024-04-01T22:56:01+00:00\" \/>\n<meta property=\"og:image\" content=\"https:\/\/bookhouse.cz\/wp-content\/uploads\/2024\/04\/Velikonoce-2-1.jpg\" \/>\n\t<meta property=\"og:image:width\" content=\"1450\" \/>\n\t<meta property=\"og:image:height\" content=\"1100\" \/>\n\t<meta property=\"og:image:type\" content=\"image\/jpeg\" \/>\n<meta name=\"author\" content=\"Ivomik\" \/>\n<meta name=\"twitter:card\" content=\"summary_large_image\" \/>\n<meta name=\"twitter:label1\" content=\"Napsal(a)\" \/>\n\t<meta name=\"twitter:data1\" content=\"Ivomik\" \/>\n\t<meta name=\"twitter:label2\" content=\"Odhadovan\u00e1 doba \u010dten\u00ed\" \/>\n\t<meta name=\"twitter:data2\" content=\"2 minuty\" \/>\n<script type=\"application\/ld+json\" class=\"yoast-schema-graph\">{\"@context\":\"https:\/\/schema.org\",\"@graph\":[{\"@type\":\"Article\",\"@id\":\"https:\/\/bookhouse.cz\/index.php\/2024\/04\/01\/vesele-velikonoce-editorial\/#article\",\"isPartOf\":{\"@id\":\"https:\/\/bookhouse.cz\/index.php\/2024\/04\/01\/vesele-velikonoce-editorial\/\"},\"author\":{\"name\":\"Ivomik\",\"@id\":\"https:\/\/bookhouse.cz\/#\/schema\/person\/82b5c11e83a0c223ae7426bd33becb3d\"},\"headline\":\"Vesel\u00e9 Velikonoce! | Editorial\",\"datePublished\":\"2024-03-31T22:01:00+00:00\",\"dateModified\":\"2024-04-01T22:56:01+00:00\",\"mainEntityOfPage\":{\"@id\":\"https:\/\/bookhouse.cz\/index.php\/2024\/04\/01\/vesele-velikonoce-editorial\/\"},\"wordCount\":198,\"publisher\":{\"@id\":\"https:\/\/bookhouse.cz\/#organization\"},\"articleSection\":[\"EDITORIAL\",\"LIFESTYLE\",\"NEWS\"],\"inLanguage\":\"cs\"},{\"@type\":\"WebPage\",\"@id\":\"https:\/\/bookhouse.cz\/index.php\/2024\/04\/01\/vesele-velikonoce-editorial\/\",\"url\":\"https:\/\/bookhouse.cz\/index.php\/2024\/04\/01\/vesele-velikonoce-editorial\/\",\"name\":\"Vesel\u00e9 Velikonoce! | Editorial - BOOKHOUSE.cz\",\"isPartOf\":{\"@id\":\"https:\/\/bookhouse.cz\/#website\"},\"datePublished\":\"2024-03-31T22:01:00+00:00\",\"dateModified\":\"2024-04-01T22:56:01+00:00\",\"description\":\"Jaro se probouz\u00ed a s n\u00edm p\u0159ich\u00e1z\u00ed i radostn\u00e9 Velikonoce. Dny se prodlu\u017euj\u00ed, slunce h\u0159eje siln\u011bji a p\u0159\u00edroda se obl\u00e9k\u00e1 do zelen\u00e9ho kab\u00e1tu. Je to \u010das pro oslavu nov\u00e9ho \u017eivota a \u0161t\u011bst\u00ed.\",\"breadcrumb\":{\"@id\":\"https:\/\/bookhouse.cz\/index.php\/2024\/04\/01\/vesele-velikonoce-editorial\/#breadcrumb\"},\"inLanguage\":\"cs\",\"potentialAction\":[{\"@type\":\"ReadAction\",\"target\":[\"https:\/\/bookhouse.cz\/index.php\/2024\/04\/01\/vesele-velikonoce-editorial\/\"]}]},{\"@type\":\"BreadcrumbList\",\"@id\":\"https:\/\/bookhouse.cz\/index.php\/2024\/04\/01\/vesele-velikonoce-editorial\/#breadcrumb\",\"itemListElement\":[{\"@type\":\"ListItem\",\"position\":1,\"name\":\"Dom\u016f\",\"item\":\"https:\/\/bookhouse.cz\/\"},{\"@type\":\"ListItem\",\"position\":2,\"name\":\"Vesel\u00e9 Velikonoce! | Editorial\"}]},{\"@type\":\"WebSite\",\"@id\":\"https:\/\/bookhouse.cz\/#website\",\"url\":\"https:\/\/bookhouse.cz\/\",\"name\":\"BOOKHOUSE.cz\",\"description\":\"Port\u00e1l o kni\u017en\u00edch novink\u00e1ch.\",\"publisher\":{\"@id\":\"https:\/\/bookhouse.cz\/#organization\"},\"potentialAction\":[{\"@type\":\"SearchAction\",\"target\":{\"@type\":\"EntryPoint\",\"urlTemplate\":\"https:\/\/bookhouse.cz\/?s={search_term_string}\"},\"query-input\":\"required name=search_term_string\"}],\"inLanguage\":\"cs\"},{\"@type\":\"Organization\",\"@id\":\"https:\/\/bookhouse.cz\/#organization\",\"name\":\"BOOKHOUSE.cz\",\"url\":\"https:\/\/bookhouse.cz\/\",\"logo\":{\"@type\":\"ImageObject\",\"inLanguage\":\"cs\",\"@id\":\"https:\/\/bookhouse.cz\/#\/schema\/logo\/image\/\",\"url\":\"https:\/\/bookhouse.cz\/wp-content\/uploads\/2024\/12\/cropped-Logo_BookHouse.jpg\",\"contentUrl\":\"https:\/\/bookhouse.cz\/wp-content\/uploads\/2024\/12\/cropped-Logo_BookHouse.jpg\",\"width\":938,\"height\":513,\"caption\":\"BOOKHOUSE.cz\"},\"image\":{\"@id\":\"https:\/\/bookhouse.cz\/#\/schema\/logo\/image\/\"},\"sameAs\":[\"https:\/\/www.facebook.com\/bookhousecz\",\"https:\/\/www.instagram.com\/bookhousecz\"]},{\"@type\":\"Person\",\"@id\":\"https:\/\/bookhouse.cz\/#\/schema\/person\/82b5c11e83a0c223ae7426bd33becb3d\",\"name\":\"Ivomik\",\"image\":{\"@type\":\"ImageObject\",\"inLanguage\":\"cs\",\"@id\":\"https:\/\/bookhouse.cz\/#\/schema\/person\/image\/\",\"url\":\"https:\/\/secure.gravatar.com\/avatar\/1c8a35f186d8baabb0513b2bdd8e53cd?s=96&d=mm&r=g\",\"contentUrl\":\"https:\/\/secure.gravatar.com\/avatar\/1c8a35f186d8baabb0513b2bdd8e53cd?s=96&d=mm&r=g\",\"caption\":\"Ivomik\"},\"url\":\"https:\/\/bookhouse.cz\/index.php\/author\/ivomik\/\"}]}<\/script>\n<!-- \/ Yoast SEO plugin. -->","yoast_head_json":{"title":"Vesel\u00e9 Velikonoce! | Editorial - BOOKHOUSE.cz","description":"Jaro se probouz\u00ed a s n\u00edm p\u0159ich\u00e1z\u00ed i radostn\u00e9 Velikonoce. Dny se prodlu\u017euj\u00ed, slunce h\u0159eje siln\u011bji a p\u0159\u00edroda se obl\u00e9k\u00e1 do zelen\u00e9ho kab\u00e1tu. Je to \u010das pro oslavu nov\u00e9ho \u017eivota a \u0161t\u011bst\u00ed.","robots":{"index":"index","follow":"follow","max-snippet":"max-snippet:-1","max-image-preview":"max-image-preview:large","max-video-preview":"max-video-preview:-1"},"canonical":"https:\/\/bookhouse.cz\/index.php\/2024\/04\/01\/vesele-velikonoce-editorial\/","og_locale":"cs_CZ","og_type":"article","og_title":"Vesel\u00e9 Velikonoce! | Editorial - BOOKHOUSE.cz","og_description":"Jaro se probouz\u00ed a s n\u00edm p\u0159ich\u00e1z\u00ed i radostn\u00e9 Velikonoce. Dny se prodlu\u017euj\u00ed, slunce h\u0159eje siln\u011bji a p\u0159\u00edroda se obl\u00e9k\u00e1 do zelen\u00e9ho kab\u00e1tu. Je to \u010das pro oslavu nov\u00e9ho \u017eivota a \u0161t\u011bst\u00ed.","og_url":"https:\/\/bookhouse.cz\/index.php\/2024\/04\/01\/vesele-velikonoce-editorial\/","og_site_name":"BOOKHOUSE.cz","article_publisher":"https:\/\/www.facebook.com\/bookhousecz","article_published_time":"2024-03-31T22:01:00+00:00","article_modified_time":"2024-04-01T22:56:01+00:00","og_image":[{"width":1450,"height":1100,"url":"https:\/\/bookhouse.cz\/wp-content\/uploads\/2024\/04\/Velikonoce-2-1.jpg","type":"image\/jpeg"}],"author":"Ivomik","twitter_card":"summary_large_image","twitter_misc":{"Napsal(a)":"Ivomik","Odhadovan\u00e1 doba \u010dten\u00ed":"2 minuty"},"schema":{"@context":"https:\/\/schema.org","@graph":[{"@type":"Article","@id":"https:\/\/bookhouse.cz\/index.php\/2024\/04\/01\/vesele-velikonoce-editorial\/#article","isPartOf":{"@id":"https:\/\/bookhouse.cz\/index.php\/2024\/04\/01\/vesele-velikonoce-editorial\/"},"author":{"name":"Ivomik","@id":"https:\/\/bookhouse.cz\/#\/schema\/person\/82b5c11e83a0c223ae7426bd33becb3d"},"headline":"Vesel\u00e9 Velikonoce! | Editorial","datePublished":"2024-03-31T22:01:00+00:00","dateModified":"2024-04-01T22:56:01+00:00","mainEntityOfPage":{"@id":"https:\/\/bookhouse.cz\/index.php\/2024\/04\/01\/vesele-velikonoce-editorial\/"},"wordCount":198,"publisher":{"@id":"https:\/\/bookhouse.cz\/#organization"},"articleSection":["EDITORIAL","LIFESTYLE","NEWS"],"inLanguage":"cs"},{"@type":"WebPage","@id":"https:\/\/bookhouse.cz\/index.php\/2024\/04\/01\/vesele-velikonoce-editorial\/","url":"https:\/\/bookhouse.cz\/index.php\/2024\/04\/01\/vesele-velikonoce-editorial\/","name":"Vesel\u00e9 Velikonoce! | Editorial - BOOKHOUSE.cz","isPartOf":{"@id":"https:\/\/bookhouse.cz\/#website"},"datePublished":"2024-03-31T22:01:00+00:00","dateModified":"2024-04-01T22:56:01+00:00","description":"Jaro se probouz\u00ed a s n\u00edm p\u0159ich\u00e1z\u00ed i radostn\u00e9 Velikonoce. Dny se prodlu\u017euj\u00ed, slunce h\u0159eje siln\u011bji a p\u0159\u00edroda se obl\u00e9k\u00e1 do zelen\u00e9ho kab\u00e1tu. Je to \u010das pro oslavu nov\u00e9ho \u017eivota a \u0161t\u011bst\u00ed.","breadcrumb":{"@id":"https:\/\/bookhouse.cz\/index.php\/2024\/04\/01\/vesele-velikonoce-editorial\/#breadcrumb"},"inLanguage":"cs","potentialAction":[{"@type":"ReadAction","target":["https:\/\/bookhouse.cz\/index.php\/2024\/04\/01\/vesele-velikonoce-editorial\/"]}]},{"@type":"BreadcrumbList","@id":"https:\/\/bookhouse.cz\/index.php\/2024\/04\/01\/vesele-velikonoce-editorial\/#breadcrumb","itemListElement":[{"@type":"ListItem","position":1,"name":"Dom\u016f","item":"https:\/\/bookhouse.cz\/"},{"@type":"ListItem","position":2,"name":"Vesel\u00e9 Velikonoce! | Editorial"}]},{"@type":"WebSite","@id":"https:\/\/bookhouse.cz\/#website","url":"https:\/\/bookhouse.cz\/","name":"BOOKHOUSE.cz","description":"Port\u00e1l o kni\u017en\u00edch novink\u00e1ch.","publisher":{"@id":"https:\/\/bookhouse.cz\/#organization"},"potentialAction":[{"@type":"SearchAction","target":{"@type":"EntryPoint","urlTemplate":"https:\/\/bookhouse.cz\/?s={search_term_string}"},"query-input":"required name=search_term_string"}],"inLanguage":"cs"},{"@type":"Organization","@id":"https:\/\/bookhouse.cz\/#organization","name":"BOOKHOUSE.cz","url":"https:\/\/bookhouse.cz\/","logo":{"@type":"ImageObject","inLanguage":"cs","@id":"https:\/\/bookhouse.cz\/#\/schema\/logo\/image\/","url":"https:\/\/bookhouse.cz\/wp-content\/uploads\/2024\/12\/cropped-Logo_BookHouse.jpg","contentUrl":"https:\/\/bookhouse.cz\/wp-content\/uploads\/2024\/12\/cropped-Logo_BookHouse.jpg","width":938,"height":513,"caption":"BOOKHOUSE.cz"},"image":{"@id":"https:\/\/bookhouse.cz\/#\/schema\/logo\/image\/"},"sameAs":["https:\/\/www.facebook.com\/bookhousecz","https:\/\/www.instagram.com\/bookhousecz"]},{"@type":"Person","@id":"https:\/\/bookhouse.cz\/#\/schema\/person\/82b5c11e83a0c223ae7426bd33becb3d","name":"Ivomik","image":{"@type":"ImageObject","inLanguage":"cs","@id":"https:\/\/bookhouse.cz\/#\/schema\/person\/image\/","url":"https:\/\/secure.gravatar.com\/avatar\/1c8a35f186d8baabb0513b2bdd8e53cd?s=96&d=mm&r=g","contentUrl":"https:\/\/secure.gravatar.com\/avatar\/1c8a35f186d8baabb0513b2bdd8e53cd?s=96&d=mm&r=g","caption":"Ivomik"},"url":"https:\/\/bookhouse.cz\/index.php\/author\/ivomik\/"}]}},"_links":{"self":[{"href":"https:\/\/bookhouse.cz\/index.php\/wp-json\/wp\/v2\/posts\/6694"}],"collection":[{"href":"https:\/\/bookhouse.cz\/index.php\/wp-json\/wp\/v2\/posts"}],"about":[{"href":"https:\/\/bookhouse.cz\/index.php\/wp-json\/wp\/v2\/types\/post"}],"author":[{"embeddable":true,"href":"https:\/\/bookhouse.cz\/index.php\/wp-json\/wp\/v2\/users\/1"}],"replies":[{"embeddable":true,"href":"https:\/\/bookhouse.cz\/index.php\/wp-json\/wp\/v2\/comments?post=6694"}],"version-history":[{"count":1,"href":"https:\/\/bookhouse.cz\/index.php\/wp-json\/wp\/v2\/posts\/6694\/revisions"}],"predecessor-version":[{"id":6698,"href":"https:\/\/bookhouse.cz\/index.php\/wp-json\/wp\/v2\/posts\/6694\/revisions\/6698"}],"wp:featuredmedia":[{"embeddable":true,"href":"https:\/\/bookhouse.cz\/index.php\/wp-json\/wp\/v2\/media\/6697"}],"wp:attachment":[{"href":"https:\/\/bookhouse.cz\/index.php\/wp-json\/wp\/v2\/media?parent=6694"}],"wp:term":[{"taxonomy":"category","embeddable":true,"href":"https:\/\/bookhouse.cz\/index.php\/wp-json\/wp\/v2\/categories?post=6694"},{"taxonomy":"post_tag","embeddable":true,"href":"https:\/\/bookhouse.cz\/index.php\/wp-json\/wp\/v2\/tags?post=6694"}],"curies":[{"name":"wp","href":"https:\/\/api.w.org\/{rel}","templated":true}]}}