{"id":5930,"date":"2023-12-05T00:01:00","date_gmt":"2023-12-04T23:01:00","guid":{"rendered":"https:\/\/bookhouse.cz\/?p=5930"},"modified":"2023-12-05T01:23:27","modified_gmt":"2023-12-05T00:23:27","slug":"audiokniha-radio-1-zivot-v-eteru-jana-komankova","status":"publish","type":"post","link":"https:\/\/bookhouse.cz\/index.php\/2023\/12\/05\/audiokniha-radio-1-zivot-v-eteru-jana-komankova\/","title":{"rendered":"Audiokniha: Radio 1: \u017divot v \u00e9teru | Jana Kom\u00e1nkov\u00e1"},"content":{"rendered":"\n<div style=\"height:40px\" aria-hidden=\"true\" class=\"wp-block-spacer\"><\/div>\n\n\n\n<p><strong>P\u0159\u00edb\u011bh prvn\u00edho \u010desk\u00e9ho soukrom\u00e9ho r\u00e1dia.<\/strong><\/p>\n\n\n\n<p><strong>Unik\u00e1tn\u00ed kniha mapuj\u00edc\u00ed historii Radia 1 a po\u010d\u00e1tky nest\u00e1tn\u00edho rozhlasov\u00e9ho vys\u00edl\u00e1n\u00ed v \u010cesku. Jak je mo\u017en\u00e9, \u017ee divok\u00e1 devades\u00e1tkov\u00e1 stanice p\u0159e\u017eila dodnes a po\u0159\u00e1d se j\u00ed da\u0159\u00ed? Co je na r\u00e1di\u00edch vlastn\u011b tak skv\u011bl\u00e9ho a jakou maj\u00ed budoucnost?<\/strong><\/p>\n\n\n\n<div style=\"height:40px\" aria-hidden=\"true\" class=\"wp-block-spacer\"><\/div>\n\n\n\n<figure class=\"wp-block-image size-large\"><img loading=\"lazy\" decoding=\"async\" width=\"1024\" height=\"438\" src=\"https:\/\/bookhouse.cz\/wp-content\/uploads\/2023\/12\/R1-audio_-2-1024x438.jpg\" alt=\"\" class=\"wp-image-5932\" srcset=\"https:\/\/bookhouse.cz\/wp-content\/uploads\/2023\/12\/R1-audio_-2-1024x438.jpg 1024w, https:\/\/bookhouse.cz\/wp-content\/uploads\/2023\/12\/R1-audio_-2-300x128.jpg 300w, https:\/\/bookhouse.cz\/wp-content\/uploads\/2023\/12\/R1-audio_-2-768x329.jpg 768w, https:\/\/bookhouse.cz\/wp-content\/uploads\/2023\/12\/R1-audio_-2.jpg 1250w\" sizes=\"(max-width: 1024px) 100vw, 1024px\" \/><\/figure>\n\n\n\n<div style=\"height:40px\" aria-hidden=\"true\" class=\"wp-block-spacer\"><\/div>\n\n\n\n<p><strong>JANA KOM\u00c1NKOV\u00c1<\/strong><\/p>\n\n\n\n<p>Knihu napsala hudebn\u00ed novin\u00e1\u0159ka Jana Kom\u00e1nkov\u00e1, kter\u00e1 o hudb\u011b a m\u00e9di\u00edch p\u00ed\u0161e od roku 1992 a v Radiu 1 p\u016fsob\u00ed od roku 1993 &#8211; vypr\u00e1v\u011bn\u00ed tak p\u0159ibli\u017euje fenom\u00e9n l\u00e1sky k r\u00e1diu \u201czevnit\u0159\u201d.<br>Kronika kultu 90. let, kter\u00fd p\u0159e\u017eil svou dobu. Vzpom\u00ednky des\u00edtek r\u00e1diov\u00fdch osobnost\u00ed i v\u00fdhledy do budoucna.<\/p>\n\n\n\n<p><strong>JITKA JE\u017dKOV\u00c1<\/strong><\/p>\n\n\n\n<p>Vyhled\u00e1van\u00e1 here\u010dka, dab\u00e9rka a interpretka audioknih. Vystudovala hereckou konzervato\u0159 a a teorii kultury na FF UK. Pro\u0161la i Radiem 1 a byla vybr\u00e1na i pro siln\u00fd vztah k t\u00e9matu. Excelovala v \u0159ad\u011b film\u016f a sei\u00e1l\u016f jako B\u00e1je\u010dn\u00e1 l\u00e9ta pod psa nebo P\u0159\u00edpady 1. odd\u011blen\u00ed.<\/p>\n\n\n\n<p><strong>VASIL FRIDRICH<\/strong><\/p>\n\n\n\n<p>Obl\u00edben\u00fd herec, absolvent DAMU. M\u00e1 vlastn\u00ed no\u010dn\u00ed po\u0159ad v rozhlase, hr\u00e1l v \u0159ad\u011b \u010desk\u00fdch film\u016f a seri\u00e1l\u016f, vynikl nap\u0159\u00edklad v seri\u00e1lu Devades\u00e1tky.<\/p>\n\n\n\n<div style=\"height:40px\" aria-hidden=\"true\" class=\"wp-block-spacer\"><\/div>\n\n\n<div class=\"wp-block-image\">\n<figure class=\"aligncenter size-large\"><img loading=\"lazy\" decoding=\"async\" width=\"1024\" height=\"1024\" src=\"https:\/\/bookhouse.cz\/wp-content\/uploads\/2023\/12\/R1-audio_-1024x1024.jpg\" alt=\"\" class=\"wp-image-5933\" srcset=\"https:\/\/bookhouse.cz\/wp-content\/uploads\/2023\/12\/R1-audio_-1024x1024.jpg 1024w, https:\/\/bookhouse.cz\/wp-content\/uploads\/2023\/12\/R1-audio_-300x300.jpg 300w, https:\/\/bookhouse.cz\/wp-content\/uploads\/2023\/12\/R1-audio_-150x150.jpg 150w, https:\/\/bookhouse.cz\/wp-content\/uploads\/2023\/12\/R1-audio_-768x768.jpg 768w, https:\/\/bookhouse.cz\/wp-content\/uploads\/2023\/12\/R1-audio_-80x80.jpg 80w, https:\/\/bookhouse.cz\/wp-content\/uploads\/2023\/12\/R1-audio_-320x320.jpg 320w, https:\/\/bookhouse.cz\/wp-content\/uploads\/2023\/12\/R1-audio_.jpg 1250w\" sizes=\"(max-width: 1024px) 100vw, 1024px\" \/><\/figure><\/div>\n\n\n<div style=\"height:83px\" aria-hidden=\"true\" class=\"wp-block-spacer\"><\/div>\n\n\n\n<h2 class=\"wp-block-heading\">N\u00e1zev knihy: Radio 1: \u017divot v \u00e9teru<\/h2>\n\n\n\n<div style=\"height:40px\" aria-hidden=\"true\" class=\"wp-block-spacer\"><\/div>\n\n\n\n<p><strong>Autor: <\/strong>Jana Kom\u00e1nkov\u00e1<\/p>\n\n\n\n<p><strong>Interpreti: <\/strong>Jitka Je\u017ekov\u00e1, Vasil Fridrich<\/p>\n\n\n\n<p><strong>D\u00e9lka:<\/strong> 7 hodin 44 minut<\/p>\n\n\n\n<p><strong>Hudba:<\/strong> Jan \u010cechtick\u00fd (Ohm Square, ex-Sebastians)<\/p>\n\n\n\n<p><strong>Re\u017eie:<\/strong> Jan Drbohlav<\/p>\n\n\n\n<p><strong>Mix a mastering:<\/strong> Vladim\u00edr Srb<\/p>\n\n\n\n<p><strong>Cena:<\/strong> 469 K\u010d, \u010dlensk\u00e1 cena 375 K\u010d.<\/p>\n\n\n\n<p><strong>N\u00e1kup + uk\u00e1zka:<\/strong> <a href=\"https:\/\/audioteka.com\/cz\/audiobook\/radio-1\"><u>Radio 1: \u017divot v \u00e9teru : Vzpom\u00ednky a biografie : Nejlep\u0161\u00ed audioknihy &#8211; Audioteka.cz<\/u><\/a><\/p>\n\n\n\n<p><strong>Vydavatel:<\/strong> <a href=\"https:\/\/audioteka.com\/cz\/search\/publisher?query=Proti%C5%A1edi\">Proti\u0161edi<\/a> <\/p>\n\n\n\n<p><strong>V\u00edce naleznete na&nbsp;<\/strong><a href=\"http:\/\/www.zivotveteru.cz\/\"><u>www.zivotveteru.cz<\/u><\/a><\/p>\n\n\n\n<div style=\"height:116px\" aria-hidden=\"true\" class=\"wp-block-spacer\"><\/div>\n","protected":false},"excerpt":{"rendered":"<p>P\u0159\u00edb\u011bh prvn\u00edho \u010desk\u00e9ho soukrom\u00e9ho r\u00e1dia. Unik\u00e1tn\u00ed kniha mapuj\u00edc\u00ed historii Radia 1 a po\u010d\u00e1tky nest\u00e1tn\u00edho rozhlasov\u00e9ho vys\u00edl\u00e1n\u00ed v \u010cesku. Jak je mo\u017en\u00e9, \u017ee divok\u00e1 devades\u00e1tkov\u00e1 stanice p\u0159e\u017eila dodnes a po\u0159\u00e1d se j\u00ed da\u0159\u00ed? Co je&#46;&#46;&#46;<\/p>\n","protected":false},"author":8,"featured_media":5932,"comment_status":"closed","ping_status":"closed","sticky":false,"template":"","format":"standard","meta":{"_monsterinsights_skip_tracking":false,"_monsterinsights_sitenote_active":false,"_monsterinsights_sitenote_note":"","_monsterinsights_sitenote_category":0,"footnotes":""},"categories":[8,35,3],"tags":[],"yoast_head":"<!-- This site is optimized with the Yoast SEO plugin v21.5 - https:\/\/yoast.com\/wordpress\/plugins\/seo\/ -->\n<title>Audiokniha: Radio 1: \u017divot v \u00e9teru | Jana Kom\u00e1nkov\u00e1 - BOOKHOUSE.cz<\/title>\n<meta name=\"description\" content=\"P\u0159\u00edb\u011bh prvn\u00edho \u010desk\u00e9ho soukrom\u00e9ho r\u00e1dia.Unik\u00e1tn\u00ed kniha mapuj\u00edc\u00ed historii Radia 1 a po\u010d\u00e1tky nest\u00e1tn\u00edho rozhlasov\u00e9ho vys\u00edl\u00e1n\u00ed v \u010cesku. Jak je mo\u017en\u00e9, \u017ee divok\u00e1 devades\u00e1tkov\u00e1 stanice p\u0159e\u017eila dodnes a po\u0159\u00e1d se j\u00ed da\u0159\u00ed? Co je na r\u00e1di\u00edch vlastn\u011b tak skv\u011bl\u00e9ho a jakou maj\u00ed budoucnost?\" \/>\n<meta name=\"robots\" content=\"index, follow, max-snippet:-1, max-image-preview:large, max-video-preview:-1\" \/>\n<link rel=\"canonical\" href=\"https:\/\/bookhouse.cz\/index.php\/2023\/12\/05\/audiokniha-radio-1-zivot-v-eteru-jana-komankova\/\" \/>\n<meta property=\"og:locale\" content=\"cs_CZ\" \/>\n<meta property=\"og:type\" content=\"article\" \/>\n<meta property=\"og:title\" content=\"Audiokniha: Radio 1: \u017divot v \u00e9teru | Jana Kom\u00e1nkov\u00e1 - BOOKHOUSE.cz\" \/>\n<meta property=\"og:description\" content=\"P\u0159\u00edb\u011bh prvn\u00edho \u010desk\u00e9ho soukrom\u00e9ho r\u00e1dia.Unik\u00e1tn\u00ed kniha mapuj\u00edc\u00ed historii Radia 1 a po\u010d\u00e1tky nest\u00e1tn\u00edho rozhlasov\u00e9ho vys\u00edl\u00e1n\u00ed v \u010cesku. Jak je mo\u017en\u00e9, \u017ee divok\u00e1 devades\u00e1tkov\u00e1 stanice p\u0159e\u017eila dodnes a po\u0159\u00e1d se j\u00ed da\u0159\u00ed? Co je na r\u00e1di\u00edch vlastn\u011b tak skv\u011bl\u00e9ho a jakou maj\u00ed budoucnost?\" \/>\n<meta property=\"og:url\" content=\"https:\/\/bookhouse.cz\/index.php\/2023\/12\/05\/audiokniha-radio-1-zivot-v-eteru-jana-komankova\/\" \/>\n<meta property=\"og:site_name\" content=\"BOOKHOUSE.cz\" \/>\n<meta property=\"article:publisher\" content=\"https:\/\/www.facebook.com\/bookhousecz\" \/>\n<meta property=\"article:published_time\" content=\"2023-12-04T23:01:00+00:00\" \/>\n<meta property=\"article:modified_time\" content=\"2023-12-05T00:23:27+00:00\" \/>\n<meta property=\"og:image\" content=\"https:\/\/bookhouse.cz\/wp-content\/uploads\/2023\/12\/R1-audio_-2.jpg\" \/>\n\t<meta property=\"og:image:width\" content=\"1250\" \/>\n\t<meta property=\"og:image:height\" content=\"535\" \/>\n\t<meta property=\"og:image:type\" content=\"image\/jpeg\" \/>\n<meta name=\"author\" content=\"Martina Pechov\u00e1\" \/>\n<meta name=\"twitter:card\" content=\"summary_large_image\" \/>\n<meta name=\"twitter:label1\" content=\"Napsal(a)\" \/>\n\t<meta name=\"twitter:data1\" content=\"Martina Pechov\u00e1\" \/>\n\t<meta name=\"twitter:label2\" content=\"Odhadovan\u00e1 doba \u010dten\u00ed\" \/>\n\t<meta name=\"twitter:data2\" content=\"2 minuty\" \/>\n<script type=\"application\/ld+json\" class=\"yoast-schema-graph\">{\"@context\":\"https:\/\/schema.org\",\"@graph\":[{\"@type\":\"Article\",\"@id\":\"https:\/\/bookhouse.cz\/index.php\/2023\/12\/05\/audiokniha-radio-1-zivot-v-eteru-jana-komankova\/#article\",\"isPartOf\":{\"@id\":\"https:\/\/bookhouse.cz\/index.php\/2023\/12\/05\/audiokniha-radio-1-zivot-v-eteru-jana-komankova\/\"},\"author\":{\"name\":\"Martina Pechov\u00e1\",\"@id\":\"https:\/\/bookhouse.cz\/#\/schema\/person\/f34350c4206dd14422181c0fbd0922a3\"},\"headline\":\"Audiokniha: Radio 1: \u017divot v \u00e9teru | Jana Kom\u00e1nkov\u00e1\",\"datePublished\":\"2023-12-04T23:01:00+00:00\",\"dateModified\":\"2023-12-05T00:23:27+00:00\",\"mainEntityOfPage\":{\"@id\":\"https:\/\/bookhouse.cz\/index.php\/2023\/12\/05\/audiokniha-radio-1-zivot-v-eteru-jana-komankova\/\"},\"wordCount\":300,\"publisher\":{\"@id\":\"https:\/\/bookhouse.cz\/#organization\"},\"articleSection\":[\"AUDIOKNIHY\",\"BIOGRAFIE A MEMO\u00c1RY\",\"NEWS\"],\"inLanguage\":\"cs\"},{\"@type\":\"WebPage\",\"@id\":\"https:\/\/bookhouse.cz\/index.php\/2023\/12\/05\/audiokniha-radio-1-zivot-v-eteru-jana-komankova\/\",\"url\":\"https:\/\/bookhouse.cz\/index.php\/2023\/12\/05\/audiokniha-radio-1-zivot-v-eteru-jana-komankova\/\",\"name\":\"Audiokniha: Radio 1: \u017divot v \u00e9teru | Jana Kom\u00e1nkov\u00e1 - BOOKHOUSE.cz\",\"isPartOf\":{\"@id\":\"https:\/\/bookhouse.cz\/#website\"},\"datePublished\":\"2023-12-04T23:01:00+00:00\",\"dateModified\":\"2023-12-05T00:23:27+00:00\",\"description\":\"P\u0159\u00edb\u011bh prvn\u00edho \u010desk\u00e9ho soukrom\u00e9ho r\u00e1dia.Unik\u00e1tn\u00ed kniha mapuj\u00edc\u00ed historii Radia 1 a po\u010d\u00e1tky nest\u00e1tn\u00edho rozhlasov\u00e9ho vys\u00edl\u00e1n\u00ed v \u010cesku. Jak je mo\u017en\u00e9, \u017ee divok\u00e1 devades\u00e1tkov\u00e1 stanice p\u0159e\u017eila dodnes a po\u0159\u00e1d se j\u00ed da\u0159\u00ed? Co je na r\u00e1di\u00edch vlastn\u011b tak skv\u011bl\u00e9ho a jakou maj\u00ed budoucnost?\",\"breadcrumb\":{\"@id\":\"https:\/\/bookhouse.cz\/index.php\/2023\/12\/05\/audiokniha-radio-1-zivot-v-eteru-jana-komankova\/#breadcrumb\"},\"inLanguage\":\"cs\",\"potentialAction\":[{\"@type\":\"ReadAction\",\"target\":[\"https:\/\/bookhouse.cz\/index.php\/2023\/12\/05\/audiokniha-radio-1-zivot-v-eteru-jana-komankova\/\"]}]},{\"@type\":\"BreadcrumbList\",\"@id\":\"https:\/\/bookhouse.cz\/index.php\/2023\/12\/05\/audiokniha-radio-1-zivot-v-eteru-jana-komankova\/#breadcrumb\",\"itemListElement\":[{\"@type\":\"ListItem\",\"position\":1,\"name\":\"Dom\u016f\",\"item\":\"https:\/\/bookhouse.cz\/\"},{\"@type\":\"ListItem\",\"position\":2,\"name\":\"Audiokniha: Radio 1: \u017divot v \u00e9teru | Jana Kom\u00e1nkov\u00e1\"}]},{\"@type\":\"WebSite\",\"@id\":\"https:\/\/bookhouse.cz\/#website\",\"url\":\"https:\/\/bookhouse.cz\/\",\"name\":\"BOOKHOUSE.cz\",\"description\":\"Port\u00e1l o kni\u017en\u00edch novink\u00e1ch.\",\"publisher\":{\"@id\":\"https:\/\/bookhouse.cz\/#organization\"},\"potentialAction\":[{\"@type\":\"SearchAction\",\"target\":{\"@type\":\"EntryPoint\",\"urlTemplate\":\"https:\/\/bookhouse.cz\/?s={search_term_string}\"},\"query-input\":\"required name=search_term_string\"}],\"inLanguage\":\"cs\"},{\"@type\":\"Organization\",\"@id\":\"https:\/\/bookhouse.cz\/#organization\",\"name\":\"BOOKHOUSE.cz\",\"url\":\"https:\/\/bookhouse.cz\/\",\"logo\":{\"@type\":\"ImageObject\",\"inLanguage\":\"cs\",\"@id\":\"https:\/\/bookhouse.cz\/#\/schema\/logo\/image\/\",\"url\":\"https:\/\/bookhouse.cz\/wp-content\/uploads\/2024\/12\/cropped-Logo_BookHouse.jpg\",\"contentUrl\":\"https:\/\/bookhouse.cz\/wp-content\/uploads\/2024\/12\/cropped-Logo_BookHouse.jpg\",\"width\":938,\"height\":513,\"caption\":\"BOOKHOUSE.cz\"},\"image\":{\"@id\":\"https:\/\/bookhouse.cz\/#\/schema\/logo\/image\/\"},\"sameAs\":[\"https:\/\/www.facebook.com\/bookhousecz\",\"https:\/\/www.instagram.com\/bookhousecz\"]},{\"@type\":\"Person\",\"@id\":\"https:\/\/bookhouse.cz\/#\/schema\/person\/f34350c4206dd14422181c0fbd0922a3\",\"name\":\"Martina Pechov\u00e1\",\"image\":{\"@type\":\"ImageObject\",\"inLanguage\":\"cs\",\"@id\":\"https:\/\/bookhouse.cz\/#\/schema\/person\/image\/\",\"url\":\"https:\/\/secure.gravatar.com\/avatar\/d3ad7f43789eed68b221d01c6d7ac4e5?s=96&d=mm&r=g\",\"contentUrl\":\"https:\/\/secure.gravatar.com\/avatar\/d3ad7f43789eed68b221d01c6d7ac4e5?s=96&d=mm&r=g\",\"caption\":\"Martina Pechov\u00e1\"},\"sameAs\":[\"http:\/\/BOOKHOUSE.cz\"],\"url\":\"https:\/\/bookhouse.cz\/index.php\/author\/marpech\/\"}]}<\/script>\n<!-- \/ Yoast SEO plugin. -->","yoast_head_json":{"title":"Audiokniha: Radio 1: \u017divot v \u00e9teru | Jana Kom\u00e1nkov\u00e1 - BOOKHOUSE.cz","description":"P\u0159\u00edb\u011bh prvn\u00edho \u010desk\u00e9ho soukrom\u00e9ho r\u00e1dia.Unik\u00e1tn\u00ed kniha mapuj\u00edc\u00ed historii Radia 1 a po\u010d\u00e1tky nest\u00e1tn\u00edho rozhlasov\u00e9ho vys\u00edl\u00e1n\u00ed v \u010cesku. Jak je mo\u017en\u00e9, \u017ee divok\u00e1 devades\u00e1tkov\u00e1 stanice p\u0159e\u017eila dodnes a po\u0159\u00e1d se j\u00ed da\u0159\u00ed? Co je na r\u00e1di\u00edch vlastn\u011b tak skv\u011bl\u00e9ho a jakou maj\u00ed budoucnost?","robots":{"index":"index","follow":"follow","max-snippet":"max-snippet:-1","max-image-preview":"max-image-preview:large","max-video-preview":"max-video-preview:-1"},"canonical":"https:\/\/bookhouse.cz\/index.php\/2023\/12\/05\/audiokniha-radio-1-zivot-v-eteru-jana-komankova\/","og_locale":"cs_CZ","og_type":"article","og_title":"Audiokniha: Radio 1: \u017divot v \u00e9teru | Jana Kom\u00e1nkov\u00e1 - BOOKHOUSE.cz","og_description":"P\u0159\u00edb\u011bh prvn\u00edho \u010desk\u00e9ho soukrom\u00e9ho r\u00e1dia.Unik\u00e1tn\u00ed kniha mapuj\u00edc\u00ed historii Radia 1 a po\u010d\u00e1tky nest\u00e1tn\u00edho rozhlasov\u00e9ho vys\u00edl\u00e1n\u00ed v \u010cesku. Jak je mo\u017en\u00e9, \u017ee divok\u00e1 devades\u00e1tkov\u00e1 stanice p\u0159e\u017eila dodnes a po\u0159\u00e1d se j\u00ed da\u0159\u00ed? Co je na r\u00e1di\u00edch vlastn\u011b tak skv\u011bl\u00e9ho a jakou maj\u00ed budoucnost?","og_url":"https:\/\/bookhouse.cz\/index.php\/2023\/12\/05\/audiokniha-radio-1-zivot-v-eteru-jana-komankova\/","og_site_name":"BOOKHOUSE.cz","article_publisher":"https:\/\/www.facebook.com\/bookhousecz","article_published_time":"2023-12-04T23:01:00+00:00","article_modified_time":"2023-12-05T00:23:27+00:00","og_image":[{"width":1250,"height":535,"url":"https:\/\/bookhouse.cz\/wp-content\/uploads\/2023\/12\/R1-audio_-2.jpg","type":"image\/jpeg"}],"author":"Martina Pechov\u00e1","twitter_card":"summary_large_image","twitter_misc":{"Napsal(a)":"Martina Pechov\u00e1","Odhadovan\u00e1 doba \u010dten\u00ed":"2 minuty"},"schema":{"@context":"https:\/\/schema.org","@graph":[{"@type":"Article","@id":"https:\/\/bookhouse.cz\/index.php\/2023\/12\/05\/audiokniha-radio-1-zivot-v-eteru-jana-komankova\/#article","isPartOf":{"@id":"https:\/\/bookhouse.cz\/index.php\/2023\/12\/05\/audiokniha-radio-1-zivot-v-eteru-jana-komankova\/"},"author":{"name":"Martina Pechov\u00e1","@id":"https:\/\/bookhouse.cz\/#\/schema\/person\/f34350c4206dd14422181c0fbd0922a3"},"headline":"Audiokniha: Radio 1: \u017divot v \u00e9teru | Jana Kom\u00e1nkov\u00e1","datePublished":"2023-12-04T23:01:00+00:00","dateModified":"2023-12-05T00:23:27+00:00","mainEntityOfPage":{"@id":"https:\/\/bookhouse.cz\/index.php\/2023\/12\/05\/audiokniha-radio-1-zivot-v-eteru-jana-komankova\/"},"wordCount":300,"publisher":{"@id":"https:\/\/bookhouse.cz\/#organization"},"articleSection":["AUDIOKNIHY","BIOGRAFIE A MEMO\u00c1RY","NEWS"],"inLanguage":"cs"},{"@type":"WebPage","@id":"https:\/\/bookhouse.cz\/index.php\/2023\/12\/05\/audiokniha-radio-1-zivot-v-eteru-jana-komankova\/","url":"https:\/\/bookhouse.cz\/index.php\/2023\/12\/05\/audiokniha-radio-1-zivot-v-eteru-jana-komankova\/","name":"Audiokniha: Radio 1: \u017divot v \u00e9teru | Jana Kom\u00e1nkov\u00e1 - BOOKHOUSE.cz","isPartOf":{"@id":"https:\/\/bookhouse.cz\/#website"},"datePublished":"2023-12-04T23:01:00+00:00","dateModified":"2023-12-05T00:23:27+00:00","description":"P\u0159\u00edb\u011bh prvn\u00edho \u010desk\u00e9ho soukrom\u00e9ho r\u00e1dia.Unik\u00e1tn\u00ed kniha mapuj\u00edc\u00ed historii Radia 1 a po\u010d\u00e1tky nest\u00e1tn\u00edho rozhlasov\u00e9ho vys\u00edl\u00e1n\u00ed v \u010cesku. Jak je mo\u017en\u00e9, \u017ee divok\u00e1 devades\u00e1tkov\u00e1 stanice p\u0159e\u017eila dodnes a po\u0159\u00e1d se j\u00ed da\u0159\u00ed? Co je na r\u00e1di\u00edch vlastn\u011b tak skv\u011bl\u00e9ho a jakou maj\u00ed budoucnost?","breadcrumb":{"@id":"https:\/\/bookhouse.cz\/index.php\/2023\/12\/05\/audiokniha-radio-1-zivot-v-eteru-jana-komankova\/#breadcrumb"},"inLanguage":"cs","potentialAction":[{"@type":"ReadAction","target":["https:\/\/bookhouse.cz\/index.php\/2023\/12\/05\/audiokniha-radio-1-zivot-v-eteru-jana-komankova\/"]}]},{"@type":"BreadcrumbList","@id":"https:\/\/bookhouse.cz\/index.php\/2023\/12\/05\/audiokniha-radio-1-zivot-v-eteru-jana-komankova\/#breadcrumb","itemListElement":[{"@type":"ListItem","position":1,"name":"Dom\u016f","item":"https:\/\/bookhouse.cz\/"},{"@type":"ListItem","position":2,"name":"Audiokniha: Radio 1: \u017divot v \u00e9teru | Jana Kom\u00e1nkov\u00e1"}]},{"@type":"WebSite","@id":"https:\/\/bookhouse.cz\/#website","url":"https:\/\/bookhouse.cz\/","name":"BOOKHOUSE.cz","description":"Port\u00e1l o kni\u017en\u00edch novink\u00e1ch.","publisher":{"@id":"https:\/\/bookhouse.cz\/#organization"},"potentialAction":[{"@type":"SearchAction","target":{"@type":"EntryPoint","urlTemplate":"https:\/\/bookhouse.cz\/?s={search_term_string}"},"query-input":"required name=search_term_string"}],"inLanguage":"cs"},{"@type":"Organization","@id":"https:\/\/bookhouse.cz\/#organization","name":"BOOKHOUSE.cz","url":"https:\/\/bookhouse.cz\/","logo":{"@type":"ImageObject","inLanguage":"cs","@id":"https:\/\/bookhouse.cz\/#\/schema\/logo\/image\/","url":"https:\/\/bookhouse.cz\/wp-content\/uploads\/2024\/12\/cropped-Logo_BookHouse.jpg","contentUrl":"https:\/\/bookhouse.cz\/wp-content\/uploads\/2024\/12\/cropped-Logo_BookHouse.jpg","width":938,"height":513,"caption":"BOOKHOUSE.cz"},"image":{"@id":"https:\/\/bookhouse.cz\/#\/schema\/logo\/image\/"},"sameAs":["https:\/\/www.facebook.com\/bookhousecz","https:\/\/www.instagram.com\/bookhousecz"]},{"@type":"Person","@id":"https:\/\/bookhouse.cz\/#\/schema\/person\/f34350c4206dd14422181c0fbd0922a3","name":"Martina Pechov\u00e1","image":{"@type":"ImageObject","inLanguage":"cs","@id":"https:\/\/bookhouse.cz\/#\/schema\/person\/image\/","url":"https:\/\/secure.gravatar.com\/avatar\/d3ad7f43789eed68b221d01c6d7ac4e5?s=96&d=mm&r=g","contentUrl":"https:\/\/secure.gravatar.com\/avatar\/d3ad7f43789eed68b221d01c6d7ac4e5?s=96&d=mm&r=g","caption":"Martina Pechov\u00e1"},"sameAs":["http:\/\/BOOKHOUSE.cz"],"url":"https:\/\/bookhouse.cz\/index.php\/author\/marpech\/"}]}},"_links":{"self":[{"href":"https:\/\/bookhouse.cz\/index.php\/wp-json\/wp\/v2\/posts\/5930"}],"collection":[{"href":"https:\/\/bookhouse.cz\/index.php\/wp-json\/wp\/v2\/posts"}],"about":[{"href":"https:\/\/bookhouse.cz\/index.php\/wp-json\/wp\/v2\/types\/post"}],"author":[{"embeddable":true,"href":"https:\/\/bookhouse.cz\/index.php\/wp-json\/wp\/v2\/users\/8"}],"replies":[{"embeddable":true,"href":"https:\/\/bookhouse.cz\/index.php\/wp-json\/wp\/v2\/comments?post=5930"}],"version-history":[{"count":7,"href":"https:\/\/bookhouse.cz\/index.php\/wp-json\/wp\/v2\/posts\/5930\/revisions"}],"predecessor-version":[{"id":5943,"href":"https:\/\/bookhouse.cz\/index.php\/wp-json\/wp\/v2\/posts\/5930\/revisions\/5943"}],"wp:featuredmedia":[{"embeddable":true,"href":"https:\/\/bookhouse.cz\/index.php\/wp-json\/wp\/v2\/media\/5932"}],"wp:attachment":[{"href":"https:\/\/bookhouse.cz\/index.php\/wp-json\/wp\/v2\/media?parent=5930"}],"wp:term":[{"taxonomy":"category","embeddable":true,"href":"https:\/\/bookhouse.cz\/index.php\/wp-json\/wp\/v2\/categories?post=5930"},{"taxonomy":"post_tag","embeddable":true,"href":"https:\/\/bookhouse.cz\/index.php\/wp-json\/wp\/v2\/tags?post=5930"}],"curies":[{"name":"wp","href":"https:\/\/api.w.org\/{rel}","templated":true}]}}