{"id":5312,"date":"2023-09-09T00:19:19","date_gmt":"2023-09-08T22:19:19","guid":{"rendered":"https:\/\/bookhouse.cz\/?p=5312"},"modified":"2023-09-09T00:19:20","modified_gmt":"2023-09-08T22:19:20","slug":"dum-snu-vrcholy-a-pady-berlina-po-prvni-svetove-valce","status":"publish","type":"post","link":"https:\/\/bookhouse.cz\/index.php\/2023\/09\/09\/dum-snu-vrcholy-a-pady-berlina-po-prvni-svetove-valce\/","title":{"rendered":"D\u016fm sn\u016f: Vrcholy a p\u00e1dy Berl\u00edna po prvn\u00ed sv\u011btov\u00e9 v\u00e1lce"},"content":{"rendered":"\n<div style=\"height:65px\" aria-hidden=\"true\" class=\"wp-block-spacer\"><\/div>\n\n\n\n<p><strong>Jeden z nejv\u011bt\u0161\u00edch n\u011bmeck\u00fdch televizn\u00edch hit\u016f posledn\u00edch let m\u00ed\u0159\u00ed i na \u010desk\u00e9 obrazovky. Seri\u00e1l D\u016fm sn\u016f odehr\u00e1vaj\u00edc\u00ed se v Berl\u00edn\u011b ve 20. letech minul\u00e9ho stolet\u00ed p\u0159edstav\u00ed \u0159adu postav, z nich\u017e n\u011bkter\u00e9 skute\u010dn\u011b existovaly. Prvn\u00ed d\u00edl uvede exkluz\u00edvn\u011b stanice <a href=\"https:\/\/www.epicdrama.cz\/\">Epic Drama<\/a> u\u017e v ned\u011bli 10. z\u00e1\u0159\u00ed.<\/strong><\/p>\n\n\n\n<div style=\"height:34px\" aria-hidden=\"true\" class=\"wp-block-spacer\"><\/div>\n\n\n\n<div class=\"wp-block-image\"><figure class=\"aligncenter size-large\"><img decoding=\"async\" src=\"https:\/\/cinemahouse.cz\/wp-content\/uploads\/2023\/09\/HOP_Epic_Keyart_Landscape@0.5x-1024x733.png\" alt=\"\" class=\"wp-image-5326\"\/><\/figure><\/div>\n\n\n\n<div style=\"height:34px\" aria-hidden=\"true\" class=\"wp-block-spacer\"><\/div>\n\n\n\n<h2 class=\"wp-block-heading\"><strong>Jak dopadne t\u0159\u00eddn\u011b nesourod\u00fd vztah?<\/strong><\/h2>\n\n\n\n<div style=\"height:20px\" aria-hidden=\"true\" class=\"wp-block-spacer\"><\/div>\n\n\n\n<p>Berl\u00edn byl po prvn\u00ed sv\u011btov\u00e9 v\u00e1lce poznamen\u00e1n chudobou a s n\u00ed spojenou kriminalitou. P\u0159esto do m\u011bsta p\u0159ij\u00ed\u017ed\u00ed mlad\u00e1 d\u00edvka z venkova jm\u00e9nem Vicky, aby zde na\u0161la pr\u00e1ci. Jen\u017ee jej\u00ed sny se rozpl\u00fdvaj\u00ed ihned po p\u0159\u00edjezdu. Nem\u00e1 pen\u00edze ani nem\u00e1 kde bydlet. Proto p\u0159ijme pr\u00e1ci v nov\u00e9m obchodn\u00edm dom\u011b Jonass. Jeho zakladatel\u00e9 v\u0161ak tak\u00e9 bojuj\u00ed o p\u0159e\u017eit\u00ed. Vicky se brzy zamiluje do chud\u00e9ho pianisty Harryho, ale jak se brzy uk\u00e1\u017ee, nejde o nikoho jin\u00e9ho ne\u017e o syna majitele obchodn\u00edho domu. M\u00e1 vztah \u0161anci? T\u0159\u00eddn\u00ed rozd\u00edl mezi ob\u011bma zamilovan\u00fdmi je propastn\u00fd a Harryho otec s n\u00edm rozhodn\u011b nesouhlas\u00ed. Zd\u00e1nliv\u011b jednoduch\u00e1 z\u00e1pletka seri\u00e1lu v\u0161ak otev\u00edr\u00e1 cestu pro zkoum\u00e1n\u00ed hlub\u0161\u00edch t\u00e9mat, jako jsou genderov\u00e9 rozd\u00edly, rodinn\u00e1 traumata, chudoba \u010di smysl v\u00e1lky.<\/p>\n\n\n\n<div style=\"height:36px\" aria-hidden=\"true\" class=\"wp-block-spacer\"><\/div>\n\n\n\n<div class=\"wp-block-image\"><figure class=\"aligncenter size-large\"><img decoding=\"async\" src=\"https:\/\/cinemahouse.cz\/wp-content\/uploads\/2023\/09\/09_BetaFilm_House_of_Promises_S01E09_copyright__RTL_X_Filme_Stefan_Erhard@0.3x-1024x683.png\" alt=\"\" class=\"wp-image-5324\"\/><\/figure><\/div>\n\n\n\n<div style=\"height:36px\" aria-hidden=\"true\" class=\"wp-block-spacer\"><\/div>\n\n\n\n<h2 class=\"wp-block-heading\"><strong>Plej\u00e1da postav i dokonal\u00e9 dobov\u00e9 kulisy<\/strong><\/h2>\n\n\n\n<div style=\"height:20px\" aria-hidden=\"true\" class=\"wp-block-spacer\"><\/div>\n\n\n\n<p>Seri\u00e1l vznikl na motivy rom\u00e1nu Torstra\u00dfe 1 n\u011bmeck\u00e9 spisovatelky Sybil Volks. Vicky ztv\u00e1rnila Naemi Florez. Jednalo se o jej\u00ed v\u016fbec prvn\u00ed velkou roli. Jako Harry se p\u0159edstavil o n\u011bco ost\u0159\u00edlen\u011bj\u0161\u00ed, ale mlad\u0161\u00ed Ludwig Simon. Drama je v\u0161ak pln\u00e9 dal\u0161\u00edch hrdin\u016f, a\u0165 u\u017e fiktivn\u00edch tak re\u00e1ln\u00fdch. Dohromady se v seri\u00e1lu objev\u00ed 108 postav. O jejich autenticitu se se sv\u00fdm t\u00fdmem postarala zku\u0161en\u00e1 re\u017eis\u00e9rka Sherry Hormann.<\/p>\n\n\n\n<div style=\"height:36px\" aria-hidden=\"true\" class=\"wp-block-spacer\"><\/div>\n\n\n\n<div class=\"wp-block-image\"><figure class=\"aligncenter size-large\"><img decoding=\"async\" src=\"https:\/\/cinemahouse.cz\/wp-content\/uploads\/2023\/09\/08_BetaFilm_House_of_Promises_S01E03_copyright__RTL_X_Filme_Stefan_Erhard-1024x683.png\" alt=\"\" class=\"wp-image-5323\"\/><\/figure><\/div>\n\n\n\n<div style=\"height:36px\" aria-hidden=\"true\" class=\"wp-block-spacer\"><\/div>\n\n\n\n<p>Nat\u00e1\u010den\u00ed seri\u00e1lu za\u010dalo v roce 2021 a trvalo dev\u011bt m\u011bs\u00edc\u016f. Producenti se po celou dobu sna\u017eili zachovat autenticitu m\u00edstn\u00edch re\u00e1li\u00ed, a proto co nejv\u00edce nat\u00e1\u010deli v berl\u00ednsk\u00e9 \u010dtvrti Scheunenviertel. Z\u00e1b\u011bry z interi\u00e9ru a okol\u00ed obchodn\u00edho domu Jonass byly ve skute\u010dnosti nato\u010deny v obchodn\u00edm dom\u011b ve m\u011bst\u011b G\u00f6rlitz , kter\u00fd byl v secesn\u00edm stylu postaven v roce 1913. Jedn\u00e1 se toti\u017e o jedin\u00fd n\u011bmeck\u00fd obchodn\u00ed d\u016fm sv\u00e9 doby, kter\u00fd dodnes existuje ve sv\u00e9 p\u016fvodn\u00ed podob\u011b. Div\u00e1ky jist\u011b zaujme jeho kolos\u00e1lnost.<\/p>\n\n\n\n<div style=\"height:35px\" aria-hidden=\"true\" class=\"wp-block-spacer\"><\/div>\n\n\n\n<div class=\"wp-block-image\"><figure class=\"aligncenter size-large\"><img decoding=\"async\" src=\"https:\/\/cinemahouse.cz\/wp-content\/uploads\/2023\/09\/05_BetaFilm_House_of_Promises_S01E11_copyright__RTL_X_Filme_Stefan_Erhard@0.3x-1024x683.png\" alt=\"\" class=\"wp-image-5320\"\/><\/figure><\/div>\n\n\n\n<div style=\"height:35px\" aria-hidden=\"true\" class=\"wp-block-spacer\"><\/div>\n\n\n\n<p>I p\u0159es co nejv\u011bt\u0161\u00ed snahu zachov\u00e1n\u00ed autenticity nelze v\u0161e po sto letech nat\u00e1\u010det ve skute\u010dn\u00e9m m\u011bst\u011b. I proto se na p\u0159\u00edprav\u011b seri\u00e1lu pod\u00edlelo 80 kulis\u00e1\u0159\u016f. Dal\u0161\u00edch 50 tvo\u0159ilo dobov\u00e9 kost\u00fdmy z l\u00e1tek m\u00f3dn\u00edho n\u00e1vrh\u00e1\u0159e Driese van Notena. Jen pro role hlavn\u00edho a vedlej\u0161\u00edho obsazen\u00ed bylo vytvo\u0159eno zhruba tis\u00edc kost\u00fdm\u016f. Komparzist\u00e9 jich dokonce pot\u0159ebovali \u010dty\u0159i tis\u00edcovky. I proto byly p\u0159i nat\u00e1\u010den\u00ed p\u0159\u00edtomny \u0161vadleny, kter\u00e9 prov\u00e1d\u011bly \u00fapravy st\u0159ih\u016f hned na m\u00edst\u011b.<\/p>\n\n\n\n<p>Jak dob\u0159e p\u0159i nat\u00e1\u010den\u00ed prob\u011bhlo propojen\u00ed minulosti se sou\u010dasnost\u00ed vypr\u00e1v\u00ed re\u017eis\u00e9rka Sherry Hormann: \u201eProm\u011bnili jsme polovinu centra G\u00f6rlitzu ve sv\u011bt sv\u00e9 doby. A jakmile se ulice zaplnily komparzisty, automobily, zv\u00ed\u0159aty, j\u00eddlem a v\u016fn\u011bmi, najednou se v tom objevily v\u0161echny ty osobn\u00ed p\u0159\u00edb\u011bhy. P\u0159i\u0161el za mnou mal\u00fd kluk, ten den byl jedn\u00edm z 250 komparzist\u016f, a \u0159ekl, \u017ee z\u016fstane bos. Zeptala jsem se ho pro\u010d a on odpov\u011bd\u011bl, \u017ee mus\u00ed \u017eebrat, proto\u017ee nem\u00e1 pen\u00edze na boty. A stejn\u011b tak v\u0161ichni ostatn\u00ed byli sou\u010d\u00e1st\u00ed cesty, b\u011bhem n\u00ed\u017e o\u017eivili p\u0159\u00edb\u011bhy sv\u00fdch prarodi\u010d\u016f.\u201c<\/p>\n\n\n\n<div style=\"height:36px\" aria-hidden=\"true\" class=\"wp-block-spacer\"><\/div>\n\n\n\n<figure class=\"wp-block-embed is-type-video is-provider-youtube wp-block-embed-youtube wp-embed-aspect-16-9 wp-has-aspect-ratio\"><div class=\"wp-block-embed__wrapper\">\n<div class=\"video-container\"><iframe loading=\"lazy\" title=\"Dum Snu na Epic Drama\" width=\"500\" height=\"281\" src=\"https:\/\/www.youtube.com\/embed\/F5BY3B0Bd1M?feature=oembed&#038;wmode=opaque\" frameborder=\"0\" allow=\"accelerometer; autoplay; clipboard-write; encrypted-media; gyroscope; picture-in-picture; web-share\" allowfullscreen><\/iframe><\/div>\n<\/div><\/figure>\n\n\n\n<div style=\"height:36px\" aria-hidden=\"true\" class=\"wp-block-spacer\"><\/div>\n\n\n\n<p>Prvn\u00ed \u010d\u00e1st velkolep\u00e9ho <strong>romantick\u00e9ho dramatu D\u016fm sn\u016f<\/strong> m\u016f\u017eete sledovat ji\u017e v ned\u011bli <strong>10. z\u00e1\u0159\u00ed 2023 od 21 hodin na <\/strong><a href=\"https:\/\/www.epicdrama.cz\/\"><strong>Epic Drama<\/strong><\/a>.<\/p>\n\n\n\n<div style=\"height:100px\" aria-hidden=\"true\" class=\"wp-block-spacer\"><\/div>\n\n\n\n<figure class=\"wp-block-gallery columns-2 is-cropped wp-block-gallery-1 is-layout-flex wp-block-gallery-is-layout-flex\"><ul class=\"blocks-gallery-grid\"><li class=\"blocks-gallery-item\"><figure><img decoding=\"async\" src=\"https:\/\/cinemahouse.cz\/wp-content\/uploads\/2023\/09\/09_BetaFilm_House_of_Promises_S01E09_copyright__RTL_X_Filme_Stefan_Erhard@0.3x-1024x683.png\" alt=\"\" data-id=\"5324\" data-full-url=\"https:\/\/cinemahouse.cz\/wp-content\/uploads\/2023\/09\/09_BetaFilm_House_of_Promises_S01E09_copyright__RTL_X_Filme_Stefan_Erhard@0.3x.png\" data-link=\"https:\/\/cinemahouse.cz\/?attachment_id=5324\" class=\"wp-image-5324\"\/><\/figure><\/li><li class=\"blocks-gallery-item\"><figure><img decoding=\"async\" src=\"https:\/\/cinemahouse.cz\/wp-content\/uploads\/2023\/09\/05_BetaFilm_House_of_Promises_S01E11_copyright__RTL_X_Filme_Stefan_Erhard@0.3x-1024x683.png\" alt=\"\" data-id=\"5320\" data-full-url=\"https:\/\/cinemahouse.cz\/wp-content\/uploads\/2023\/09\/05_BetaFilm_House_of_Promises_S01E11_copyright__RTL_X_Filme_Stefan_Erhard@0.3x.png\" data-link=\"https:\/\/cinemahouse.cz\/?attachment_id=5320\" class=\"wp-image-5320\"\/><\/figure><\/li><li class=\"blocks-gallery-item\"><figure><img decoding=\"async\" src=\"https:\/\/cinemahouse.cz\/wp-content\/uploads\/2023\/09\/08_BetaFilm_House_of_Promises_S01E03_copyright__RTL_X_Filme_Stefan_Erhard-1024x683.png\" alt=\"\" data-id=\"5323\" data-full-url=\"https:\/\/cinemahouse.cz\/wp-content\/uploads\/2023\/09\/08_BetaFilm_House_of_Promises_S01E03_copyright__RTL_X_Filme_Stefan_Erhard.png\" data-link=\"https:\/\/cinemahouse.cz\/?attachment_id=5323\" class=\"wp-image-5323\"\/><\/figure><\/li><li class=\"blocks-gallery-item\"><figure><img decoding=\"async\" src=\"https:\/\/cinemahouse.cz\/wp-content\/uploads\/2023\/09\/07_BetaFilm_House_of_Promises_S01E12_copyright__RTL_X_Filme_Stefan_Erhard-1024x683.png\" alt=\"\" data-id=\"5322\" data-full-url=\"https:\/\/cinemahouse.cz\/wp-content\/uploads\/2023\/09\/07_BetaFilm_House_of_Promises_S01E12_copyright__RTL_X_Filme_Stefan_Erhard.png\" data-link=\"https:\/\/cinemahouse.cz\/?attachment_id=5322\" class=\"wp-image-5322\"\/><\/figure><\/li><li class=\"blocks-gallery-item\"><figure><img decoding=\"async\" src=\"https:\/\/cinemahouse.cz\/wp-content\/uploads\/2023\/09\/07_BetaFilm_House_of_Promises_S01E02_copyright__RTL_X_Filme_Stefan_Erhard-1024x683.png\" alt=\"\" data-id=\"5321\" data-full-url=\"https:\/\/cinemahouse.cz\/wp-content\/uploads\/2023\/09\/07_BetaFilm_House_of_Promises_S01E02_copyright__RTL_X_Filme_Stefan_Erhard.png\" data-link=\"https:\/\/cinemahouse.cz\/?attachment_id=5321\" class=\"wp-image-5321\"\/><\/figure><\/li><li class=\"blocks-gallery-item\"><figure><img decoding=\"async\" src=\"https:\/\/cinemahouse.cz\/wp-content\/uploads\/2023\/09\/13_BetaFilm_House_of_Promises_S01E09_copyright__RTL_X_Filme_Stephanie_Kulbach-1024x683.png\" alt=\"\" data-id=\"5325\" data-full-url=\"https:\/\/cinemahouse.cz\/wp-content\/uploads\/2023\/09\/13_BetaFilm_House_of_Promises_S01E09_copyright__RTL_X_Filme_Stephanie_Kulbach.png\" data-link=\"https:\/\/cinemahouse.cz\/?attachment_id=5325\" class=\"wp-image-5325\"\/><\/figure><\/li><li class=\"blocks-gallery-item\"><figure><img decoding=\"async\" src=\"https:\/\/cinemahouse.cz\/wp-content\/uploads\/2023\/09\/01_BetaFilm_House_of_Promises_S01E03_copyright__RTL_X_Filme_Stefan_Erhard-1024x683.png\" alt=\"\" data-id=\"5319\" data-full-url=\"https:\/\/cinemahouse.cz\/wp-content\/uploads\/2023\/09\/01_BetaFilm_House_of_Promises_S01E03_copyright__RTL_X_Filme_Stefan_Erhard.png\" data-link=\"https:\/\/cinemahouse.cz\/?attachment_id=5319\" class=\"wp-image-5319\"\/><\/figure><\/li><li class=\"blocks-gallery-item\"><figure><img decoding=\"async\" src=\"https:\/\/cinemahouse.cz\/wp-content\/uploads\/2023\/09\/HOP_Epic_Keyart_Landscape@0.5x-1024x733.png\" alt=\"\" data-id=\"5326\" data-full-url=\"https:\/\/cinemahouse.cz\/wp-content\/uploads\/2023\/09\/HOP_Epic_Keyart_Landscape@0.5x.png\" data-link=\"https:\/\/cinemahouse.cz\/?attachment_id=5326\" class=\"wp-image-5326\"\/><\/figure><\/li><\/ul><\/figure>\n\n\n\n<p><strong>Zdroj foto a video: <\/strong>Epic Drama<\/p>\n\n\n\n<div style=\"height:100px\" aria-hidden=\"true\" class=\"wp-block-spacer\"><\/div>\n","protected":false},"excerpt":{"rendered":"<p>Jeden z nejv\u011bt\u0161\u00edch n\u011bmeck\u00fdch televizn\u00edch hit\u016f posledn\u00edch let m\u00ed\u0159\u00ed i na \u010desk\u00e9 obrazovky. Seri\u00e1l D\u016fm sn\u016f odehr\u00e1vaj\u00edc\u00ed se v Berl\u00edn\u011b ve 20. letech minul\u00e9ho stolet\u00ed p\u0159edstav\u00ed \u0159adu postav, z nich\u017e n\u011bkter\u00e9 skute\u010dn\u011b existovaly. Prvn\u00ed&#46;&#46;&#46;<\/p>\n","protected":false},"author":3,"featured_media":5313,"comment_status":"closed","ping_status":"closed","sticky":false,"template":"","format":"standard","meta":{"_monsterinsights_skip_tracking":false,"_monsterinsights_sitenote_active":false,"_monsterinsights_sitenote_note":"","_monsterinsights_sitenote_category":0,"footnotes":""},"categories":[22,27,14,3,23],"tags":[],"yoast_head":"<!-- This site is optimized with the Yoast SEO plugin v21.5 - https:\/\/yoast.com\/wordpress\/plugins\/seo\/ -->\n<title>D\u016fm sn\u016f: Vrcholy a p\u00e1dy Berl\u00edna po prvn\u00ed sv\u011btov\u00e9 v\u00e1lce - BOOKHOUSE.cz<\/title>\n<meta name=\"robots\" content=\"index, follow, max-snippet:-1, max-image-preview:large, max-video-preview:-1\" \/>\n<link rel=\"canonical\" href=\"https:\/\/bookhouse.cz\/index.php\/2023\/09\/09\/dum-snu-vrcholy-a-pady-berlina-po-prvni-svetove-valce\/\" \/>\n<meta property=\"og:locale\" content=\"cs_CZ\" \/>\n<meta property=\"og:type\" content=\"article\" \/>\n<meta property=\"og:title\" content=\"D\u016fm sn\u016f: Vrcholy a p\u00e1dy Berl\u00edna po prvn\u00ed sv\u011btov\u00e9 v\u00e1lce - BOOKHOUSE.cz\" \/>\n<meta property=\"og:description\" content=\"Jeden z nejv\u011bt\u0161\u00edch n\u011bmeck\u00fdch televizn\u00edch hit\u016f posledn\u00edch let m\u00ed\u0159\u00ed i na \u010desk\u00e9 obrazovky. Seri\u00e1l D\u016fm sn\u016f odehr\u00e1vaj\u00edc\u00ed se v Berl\u00edn\u011b ve 20. letech minul\u00e9ho stolet\u00ed p\u0159edstav\u00ed \u0159adu postav, z nich\u017e n\u011bkter\u00e9 skute\u010dn\u011b existovaly. Prvn\u00ed&#046;&#046;&#046;\" \/>\n<meta property=\"og:url\" content=\"https:\/\/bookhouse.cz\/index.php\/2023\/09\/09\/dum-snu-vrcholy-a-pady-berlina-po-prvni-svetove-valce\/\" \/>\n<meta property=\"og:site_name\" content=\"BOOKHOUSE.cz\" \/>\n<meta property=\"article:publisher\" content=\"https:\/\/www.facebook.com\/bookhousecz\" \/>\n<meta property=\"article:published_time\" content=\"2023-09-08T22:19:19+00:00\" \/>\n<meta property=\"article:modified_time\" content=\"2023-09-08T22:19:20+00:00\" \/>\n<meta property=\"og:image\" content=\"https:\/\/bookhouse.cz\/wp-content\/uploads\/2023\/09\/HOP_Epic_Keyart_Landscape@0.5x-1024x733.png\" \/>\n\t<meta property=\"og:image:width\" content=\"1024\" \/>\n\t<meta property=\"og:image:height\" content=\"733\" \/>\n\t<meta property=\"og:image:type\" content=\"image\/png\" \/>\n<meta name=\"author\" content=\"Jolana Hol\u00e1\u0148ov\u00e1\" \/>\n<meta name=\"twitter:card\" content=\"summary_large_image\" \/>\n<meta name=\"twitter:label1\" content=\"Napsal(a)\" \/>\n\t<meta name=\"twitter:data1\" content=\"Jolana Hol\u00e1\u0148ov\u00e1\" \/>\n\t<meta name=\"twitter:label2\" content=\"Odhadovan\u00e1 doba \u010dten\u00ed\" \/>\n\t<meta name=\"twitter:data2\" content=\"3 minuty\" \/>\n<script type=\"application\/ld+json\" class=\"yoast-schema-graph\">{\"@context\":\"https:\/\/schema.org\",\"@graph\":[{\"@type\":\"Article\",\"@id\":\"https:\/\/bookhouse.cz\/index.php\/2023\/09\/09\/dum-snu-vrcholy-a-pady-berlina-po-prvni-svetove-valce\/#article\",\"isPartOf\":{\"@id\":\"https:\/\/bookhouse.cz\/index.php\/2023\/09\/09\/dum-snu-vrcholy-a-pady-berlina-po-prvni-svetove-valce\/\"},\"author\":{\"name\":\"Jolana Hol\u00e1\u0148ov\u00e1\",\"@id\":\"https:\/\/bookhouse.cz\/#\/schema\/person\/92706019a8c9280785ef6e38ea35e04c\"},\"headline\":\"D\u016fm sn\u016f: Vrcholy a p\u00e1dy Berl\u00edna po prvn\u00ed sv\u011btov\u00e9 v\u00e1lce\",\"datePublished\":\"2023-09-08T22:19:19+00:00\",\"dateModified\":\"2023-09-08T22:19:20+00:00\",\"mainEntityOfPage\":{\"@id\":\"https:\/\/bookhouse.cz\/index.php\/2023\/09\/09\/dum-snu-vrcholy-a-pady-berlina-po-prvni-svetove-valce\/\"},\"wordCount\":694,\"publisher\":{\"@id\":\"https:\/\/bookhouse.cz\/#organization\"},\"articleSection\":[\"HISTORIE\",\"KINO &amp; TV\",\"LIFESTYLE\",\"NEWS\",\"ROM\u00c1NY\"],\"inLanguage\":\"cs\"},{\"@type\":\"WebPage\",\"@id\":\"https:\/\/bookhouse.cz\/index.php\/2023\/09\/09\/dum-snu-vrcholy-a-pady-berlina-po-prvni-svetove-valce\/\",\"url\":\"https:\/\/bookhouse.cz\/index.php\/2023\/09\/09\/dum-snu-vrcholy-a-pady-berlina-po-prvni-svetove-valce\/\",\"name\":\"D\u016fm sn\u016f: Vrcholy a p\u00e1dy Berl\u00edna po prvn\u00ed sv\u011btov\u00e9 v\u00e1lce - BOOKHOUSE.cz\",\"isPartOf\":{\"@id\":\"https:\/\/bookhouse.cz\/#website\"},\"datePublished\":\"2023-09-08T22:19:19+00:00\",\"dateModified\":\"2023-09-08T22:19:20+00:00\",\"breadcrumb\":{\"@id\":\"https:\/\/bookhouse.cz\/index.php\/2023\/09\/09\/dum-snu-vrcholy-a-pady-berlina-po-prvni-svetove-valce\/#breadcrumb\"},\"inLanguage\":\"cs\",\"potentialAction\":[{\"@type\":\"ReadAction\",\"target\":[\"https:\/\/bookhouse.cz\/index.php\/2023\/09\/09\/dum-snu-vrcholy-a-pady-berlina-po-prvni-svetove-valce\/\"]}]},{\"@type\":\"BreadcrumbList\",\"@id\":\"https:\/\/bookhouse.cz\/index.php\/2023\/09\/09\/dum-snu-vrcholy-a-pady-berlina-po-prvni-svetove-valce\/#breadcrumb\",\"itemListElement\":[{\"@type\":\"ListItem\",\"position\":1,\"name\":\"Dom\u016f\",\"item\":\"https:\/\/bookhouse.cz\/\"},{\"@type\":\"ListItem\",\"position\":2,\"name\":\"D\u016fm sn\u016f: Vrcholy a p\u00e1dy Berl\u00edna po prvn\u00ed sv\u011btov\u00e9 v\u00e1lce\"}]},{\"@type\":\"WebSite\",\"@id\":\"https:\/\/bookhouse.cz\/#website\",\"url\":\"https:\/\/bookhouse.cz\/\",\"name\":\"BOOKHOUSE.cz\",\"description\":\"Port\u00e1l o kni\u017en\u00edch novink\u00e1ch.\",\"publisher\":{\"@id\":\"https:\/\/bookhouse.cz\/#organization\"},\"potentialAction\":[{\"@type\":\"SearchAction\",\"target\":{\"@type\":\"EntryPoint\",\"urlTemplate\":\"https:\/\/bookhouse.cz\/?s={search_term_string}\"},\"query-input\":\"required name=search_term_string\"}],\"inLanguage\":\"cs\"},{\"@type\":\"Organization\",\"@id\":\"https:\/\/bookhouse.cz\/#organization\",\"name\":\"BOOKHOUSE.cz\",\"url\":\"https:\/\/bookhouse.cz\/\",\"logo\":{\"@type\":\"ImageObject\",\"inLanguage\":\"cs\",\"@id\":\"https:\/\/bookhouse.cz\/#\/schema\/logo\/image\/\",\"url\":\"https:\/\/bookhouse.cz\/wp-content\/uploads\/2024\/12\/cropped-Logo_BookHouse.jpg\",\"contentUrl\":\"https:\/\/bookhouse.cz\/wp-content\/uploads\/2024\/12\/cropped-Logo_BookHouse.jpg\",\"width\":938,\"height\":513,\"caption\":\"BOOKHOUSE.cz\"},\"image\":{\"@id\":\"https:\/\/bookhouse.cz\/#\/schema\/logo\/image\/\"},\"sameAs\":[\"https:\/\/www.facebook.com\/bookhousecz\",\"https:\/\/www.instagram.com\/bookhousecz\"]},{\"@type\":\"Person\",\"@id\":\"https:\/\/bookhouse.cz\/#\/schema\/person\/92706019a8c9280785ef6e38ea35e04c\",\"name\":\"Jolana Hol\u00e1\u0148ov\u00e1\",\"image\":{\"@type\":\"ImageObject\",\"inLanguage\":\"cs\",\"@id\":\"https:\/\/bookhouse.cz\/#\/schema\/person\/image\/\",\"url\":\"https:\/\/secure.gravatar.com\/avatar\/5863c504ed89cd419ff3a5e812c722ff?s=96&d=mm&r=g\",\"contentUrl\":\"https:\/\/secure.gravatar.com\/avatar\/5863c504ed89cd419ff3a5e812c722ff?s=96&d=mm&r=g\",\"caption\":\"Jolana Hol\u00e1\u0148ov\u00e1\"},\"sameAs\":[\"http:\/\/www.bookhouse.cz\"],\"url\":\"https:\/\/bookhouse.cz\/index.php\/author\/jolhol\/\"}]}<\/script>\n<!-- \/ Yoast SEO plugin. -->","yoast_head_json":{"title":"D\u016fm sn\u016f: Vrcholy a p\u00e1dy Berl\u00edna po prvn\u00ed sv\u011btov\u00e9 v\u00e1lce - BOOKHOUSE.cz","robots":{"index":"index","follow":"follow","max-snippet":"max-snippet:-1","max-image-preview":"max-image-preview:large","max-video-preview":"max-video-preview:-1"},"canonical":"https:\/\/bookhouse.cz\/index.php\/2023\/09\/09\/dum-snu-vrcholy-a-pady-berlina-po-prvni-svetove-valce\/","og_locale":"cs_CZ","og_type":"article","og_title":"D\u016fm sn\u016f: Vrcholy a p\u00e1dy Berl\u00edna po prvn\u00ed sv\u011btov\u00e9 v\u00e1lce - BOOKHOUSE.cz","og_description":"Jeden z nejv\u011bt\u0161\u00edch n\u011bmeck\u00fdch televizn\u00edch hit\u016f posledn\u00edch let m\u00ed\u0159\u00ed i na \u010desk\u00e9 obrazovky. Seri\u00e1l D\u016fm sn\u016f odehr\u00e1vaj\u00edc\u00ed se v Berl\u00edn\u011b ve 20. letech minul\u00e9ho stolet\u00ed p\u0159edstav\u00ed \u0159adu postav, z nich\u017e n\u011bkter\u00e9 skute\u010dn\u011b existovaly. Prvn\u00ed&#46;&#46;&#46;","og_url":"https:\/\/bookhouse.cz\/index.php\/2023\/09\/09\/dum-snu-vrcholy-a-pady-berlina-po-prvni-svetove-valce\/","og_site_name":"BOOKHOUSE.cz","article_publisher":"https:\/\/www.facebook.com\/bookhousecz","article_published_time":"2023-09-08T22:19:19+00:00","article_modified_time":"2023-09-08T22:19:20+00:00","og_image":[{"width":1024,"height":733,"url":"https:\/\/bookhouse.cz\/wp-content\/uploads\/2023\/09\/HOP_Epic_Keyart_Landscape@0.5x-1024x733.png","type":"image\/png"}],"author":"Jolana Hol\u00e1\u0148ov\u00e1","twitter_card":"summary_large_image","twitter_misc":{"Napsal(a)":"Jolana Hol\u00e1\u0148ov\u00e1","Odhadovan\u00e1 doba \u010dten\u00ed":"3 minuty"},"schema":{"@context":"https:\/\/schema.org","@graph":[{"@type":"Article","@id":"https:\/\/bookhouse.cz\/index.php\/2023\/09\/09\/dum-snu-vrcholy-a-pady-berlina-po-prvni-svetove-valce\/#article","isPartOf":{"@id":"https:\/\/bookhouse.cz\/index.php\/2023\/09\/09\/dum-snu-vrcholy-a-pady-berlina-po-prvni-svetove-valce\/"},"author":{"name":"Jolana Hol\u00e1\u0148ov\u00e1","@id":"https:\/\/bookhouse.cz\/#\/schema\/person\/92706019a8c9280785ef6e38ea35e04c"},"headline":"D\u016fm sn\u016f: Vrcholy a p\u00e1dy Berl\u00edna po prvn\u00ed sv\u011btov\u00e9 v\u00e1lce","datePublished":"2023-09-08T22:19:19+00:00","dateModified":"2023-09-08T22:19:20+00:00","mainEntityOfPage":{"@id":"https:\/\/bookhouse.cz\/index.php\/2023\/09\/09\/dum-snu-vrcholy-a-pady-berlina-po-prvni-svetove-valce\/"},"wordCount":694,"publisher":{"@id":"https:\/\/bookhouse.cz\/#organization"},"articleSection":["HISTORIE","KINO &amp; TV","LIFESTYLE","NEWS","ROM\u00c1NY"],"inLanguage":"cs"},{"@type":"WebPage","@id":"https:\/\/bookhouse.cz\/index.php\/2023\/09\/09\/dum-snu-vrcholy-a-pady-berlina-po-prvni-svetove-valce\/","url":"https:\/\/bookhouse.cz\/index.php\/2023\/09\/09\/dum-snu-vrcholy-a-pady-berlina-po-prvni-svetove-valce\/","name":"D\u016fm sn\u016f: Vrcholy a p\u00e1dy Berl\u00edna po prvn\u00ed sv\u011btov\u00e9 v\u00e1lce - BOOKHOUSE.cz","isPartOf":{"@id":"https:\/\/bookhouse.cz\/#website"},"datePublished":"2023-09-08T22:19:19+00:00","dateModified":"2023-09-08T22:19:20+00:00","breadcrumb":{"@id":"https:\/\/bookhouse.cz\/index.php\/2023\/09\/09\/dum-snu-vrcholy-a-pady-berlina-po-prvni-svetove-valce\/#breadcrumb"},"inLanguage":"cs","potentialAction":[{"@type":"ReadAction","target":["https:\/\/bookhouse.cz\/index.php\/2023\/09\/09\/dum-snu-vrcholy-a-pady-berlina-po-prvni-svetove-valce\/"]}]},{"@type":"BreadcrumbList","@id":"https:\/\/bookhouse.cz\/index.php\/2023\/09\/09\/dum-snu-vrcholy-a-pady-berlina-po-prvni-svetove-valce\/#breadcrumb","itemListElement":[{"@type":"ListItem","position":1,"name":"Dom\u016f","item":"https:\/\/bookhouse.cz\/"},{"@type":"ListItem","position":2,"name":"D\u016fm sn\u016f: Vrcholy a p\u00e1dy Berl\u00edna po prvn\u00ed sv\u011btov\u00e9 v\u00e1lce"}]},{"@type":"WebSite","@id":"https:\/\/bookhouse.cz\/#website","url":"https:\/\/bookhouse.cz\/","name":"BOOKHOUSE.cz","description":"Port\u00e1l o kni\u017en\u00edch novink\u00e1ch.","publisher":{"@id":"https:\/\/bookhouse.cz\/#organization"},"potentialAction":[{"@type":"SearchAction","target":{"@type":"EntryPoint","urlTemplate":"https:\/\/bookhouse.cz\/?s={search_term_string}"},"query-input":"required name=search_term_string"}],"inLanguage":"cs"},{"@type":"Organization","@id":"https:\/\/bookhouse.cz\/#organization","name":"BOOKHOUSE.cz","url":"https:\/\/bookhouse.cz\/","logo":{"@type":"ImageObject","inLanguage":"cs","@id":"https:\/\/bookhouse.cz\/#\/schema\/logo\/image\/","url":"https:\/\/bookhouse.cz\/wp-content\/uploads\/2024\/12\/cropped-Logo_BookHouse.jpg","contentUrl":"https:\/\/bookhouse.cz\/wp-content\/uploads\/2024\/12\/cropped-Logo_BookHouse.jpg","width":938,"height":513,"caption":"BOOKHOUSE.cz"},"image":{"@id":"https:\/\/bookhouse.cz\/#\/schema\/logo\/image\/"},"sameAs":["https:\/\/www.facebook.com\/bookhousecz","https:\/\/www.instagram.com\/bookhousecz"]},{"@type":"Person","@id":"https:\/\/bookhouse.cz\/#\/schema\/person\/92706019a8c9280785ef6e38ea35e04c","name":"Jolana Hol\u00e1\u0148ov\u00e1","image":{"@type":"ImageObject","inLanguage":"cs","@id":"https:\/\/bookhouse.cz\/#\/schema\/person\/image\/","url":"https:\/\/secure.gravatar.com\/avatar\/5863c504ed89cd419ff3a5e812c722ff?s=96&d=mm&r=g","contentUrl":"https:\/\/secure.gravatar.com\/avatar\/5863c504ed89cd419ff3a5e812c722ff?s=96&d=mm&r=g","caption":"Jolana Hol\u00e1\u0148ov\u00e1"},"sameAs":["http:\/\/www.bookhouse.cz"],"url":"https:\/\/bookhouse.cz\/index.php\/author\/jolhol\/"}]}},"_links":{"self":[{"href":"https:\/\/bookhouse.cz\/index.php\/wp-json\/wp\/v2\/posts\/5312"}],"collection":[{"href":"https:\/\/bookhouse.cz\/index.php\/wp-json\/wp\/v2\/posts"}],"about":[{"href":"https:\/\/bookhouse.cz\/index.php\/wp-json\/wp\/v2\/types\/post"}],"author":[{"embeddable":true,"href":"https:\/\/bookhouse.cz\/index.php\/wp-json\/wp\/v2\/users\/3"}],"replies":[{"embeddable":true,"href":"https:\/\/bookhouse.cz\/index.php\/wp-json\/wp\/v2\/comments?post=5312"}],"version-history":[{"count":1,"href":"https:\/\/bookhouse.cz\/index.php\/wp-json\/wp\/v2\/posts\/5312\/revisions"}],"predecessor-version":[{"id":5314,"href":"https:\/\/bookhouse.cz\/index.php\/wp-json\/wp\/v2\/posts\/5312\/revisions\/5314"}],"wp:featuredmedia":[{"embeddable":true,"href":"https:\/\/bookhouse.cz\/index.php\/wp-json\/wp\/v2\/media\/5313"}],"wp:attachment":[{"href":"https:\/\/bookhouse.cz\/index.php\/wp-json\/wp\/v2\/media?parent=5312"}],"wp:term":[{"taxonomy":"category","embeddable":true,"href":"https:\/\/bookhouse.cz\/index.php\/wp-json\/wp\/v2\/categories?post=5312"},{"taxonomy":"post_tag","embeddable":true,"href":"https:\/\/bookhouse.cz\/index.php\/wp-json\/wp\/v2\/tags?post=5312"}],"curies":[{"name":"wp","href":"https:\/\/api.w.org\/{rel}","templated":true}]}}