{"id":5262,"date":"2023-09-05T00:01:00","date_gmt":"2023-09-04T22:01:00","guid":{"rendered":"https:\/\/bookhouse.cz\/?p=5262"},"modified":"2023-09-05T00:49:53","modified_gmt":"2023-09-04T22:49:53","slug":"zarikavac-zvirat-wolfgang-schreil","status":"publish","type":"post","link":"https:\/\/bookhouse.cz\/index.php\/2023\/09\/05\/zarikavac-zvirat-wolfgang-schreil\/","title":{"rendered":"Za\u0159\u00edk\u00e1va\u010d zv\u00ed\u0159at | Wolfgang Schreil"},"content":{"rendered":"\n<div style=\"height:45px\" aria-hidden=\"true\" class=\"wp-block-spacer\"><\/div>\n\n\n\n<p><strong>O s\u00edle \u0161umavsk\u00e9 p\u0159\u00edrody a tajemstv\u00ed lesa<\/strong>.<\/p>\n\n\n\n<div style=\"height:35px\" aria-hidden=\"true\" class=\"wp-block-spacer\"><\/div>\n\n\n\n<div class=\"wp-block-image\"><figure class=\"aligncenter size-large\"><img loading=\"lazy\" decoding=\"async\" width=\"1024\" height=\"667\" src=\"https:\/\/bookhouse.cz\/wp-content\/uploads\/2023\/08\/7331_zarikavac-zvirat-titulka-04-1024x418-1-1024x667.jpg\" alt=\"\" class=\"wp-image-5269\" srcset=\"https:\/\/bookhouse.cz\/wp-content\/uploads\/2023\/08\/7331_zarikavac-zvirat-titulka-04-1024x418-1-1024x667.jpg 1024w, https:\/\/bookhouse.cz\/wp-content\/uploads\/2023\/08\/7331_zarikavac-zvirat-titulka-04-1024x418-1-300x195.jpg 300w, https:\/\/bookhouse.cz\/wp-content\/uploads\/2023\/08\/7331_zarikavac-zvirat-titulka-04-1024x418-1-768x500.jpg 768w, https:\/\/bookhouse.cz\/wp-content\/uploads\/2023\/08\/7331_zarikavac-zvirat-titulka-04-1024x418-1.jpg 1400w\" sizes=\"(max-width: 1024px) 100vw, 1024px\" \/><\/figure><\/div>\n\n\n\n<div style=\"height:35px\" aria-hidden=\"true\" class=\"wp-block-spacer\"><\/div>\n\n\n\n<p>Nechte se okouzlit poutav\u00fdmi zaj\u00edmavostmi ze \u017eivota zv\u00ed\u0159at a jejich fotografiemi. Wolfgang Schreil do nich vlo\u017eil hlubok\u00e9 znalosti o v\u0161em, co roste a \u017eije v lese v\u010detn\u011b pozn\u00e1n\u00ed, \u017ee nejv\u011bt\u0161\u00ed dary p\u0159\u00edrody se n\u00e1m odhaluj\u00ed samy, pokud si na n\u011b ud\u011bl\u00e1me \u010das. Jeho p\u0159\u00edb\u011bhy o \u017eivot\u011b v lese jsou nesm\u00edrn\u011b p\u0159ekvapiv\u00fdm a dobrodru\u017en\u00fdm z\u00e1\u017eitkem.<\/p>\n\n\n\n<div style=\"height:35px\" aria-hidden=\"true\" class=\"wp-block-spacer\"><\/div>\n\n\n\n<div class=\"wp-block-image\"><figure class=\"aligncenter size-large\"><img loading=\"lazy\" decoding=\"async\" width=\"635\" height=\"1024\" src=\"https:\/\/bookhouse.cz\/wp-content\/uploads\/2023\/08\/7331_zarikavac-zvirat-titulka-04-2-1024x1024-1-635x1024.jpg\" alt=\"\" class=\"wp-image-5271\" srcset=\"https:\/\/bookhouse.cz\/wp-content\/uploads\/2023\/08\/7331_zarikavac-zvirat-titulka-04-2-1024x1024-1-635x1024.jpg 635w, https:\/\/bookhouse.cz\/wp-content\/uploads\/2023\/08\/7331_zarikavac-zvirat-titulka-04-2-1024x1024-1-186x300.jpg 186w, https:\/\/bookhouse.cz\/wp-content\/uploads\/2023\/08\/7331_zarikavac-zvirat-titulka-04-2-1024x1024-1.jpg 744w\" sizes=\"(max-width: 635px) 100vw, 635px\" \/><\/figure><\/div>\n\n\n\n<div style=\"height:35px\" aria-hidden=\"true\" class=\"wp-block-spacer\"><\/div>\n\n\n\n<h2 class=\"wp-block-heading\" id=\"block-c7f9f94e-647b-46ba-9b0f-b86e60cfc739\">N\u00e1zev knihy: Za\u0159\u00edk\u00e1va\u010d zv\u00ed\u0159at<\/h2>\n\n\n\n<div style=\"height:45px\" aria-hidden=\"true\" class=\"wp-block-spacer\"><\/div>\n\n\n\n<p id=\"block-e13c0c76-06eb-47c7-af5e-4593f9de51ef\"><strong>Autor:<\/strong>&nbsp;Wolfgang Schreil<\/p>\n\n\n\n<p id=\"block-72efbc0b-3f12-41a5-9a5d-ebce1e1ff051\"><strong>Po\u010det stran \/ vazba:<\/strong>&nbsp;240 stran \/ Pevn\u00e1 s p\u0159ebalem<\/p>\n\n\n\n<p id=\"block-b8178a98-d366-4045-9154-07b767337d57\"><strong>Doporu\u010den\u00e1<\/strong>&nbsp;<strong>cena:<\/strong>&nbsp;449 K\u010d<\/p>\n\n\n\n<p id=\"block-1eb0f05c-40c8-44bd-9f1e-559ef549ce61\"><strong>Vydalo<\/strong>:&nbsp;Nakladatelstv\u00ed KAZDA<\/p>\n\n\n\n<p id=\"block-3cc584a6-5ba6-4954-b13f-564f0162d02e\"><strong>V\u00edce informac\u00ed na:<\/strong>&nbsp;<a href=\"http:\/\/www.knihykazda.cz\">www.knihykazda.cz<\/a><\/p>\n\n\n\n<div style=\"height:139px\" aria-hidden=\"true\" class=\"wp-block-spacer\"><\/div>\n\n\n\n<p id=\"block-72ddb2c3-e23f-4593-990a-b19a3166c809\"><strong>Zdroj foto:&nbsp;<\/strong>KAZDA<\/p>\n\n\n\n<div style=\"height:75px\" aria-hidden=\"true\" class=\"wp-block-spacer\"><\/div>\n\n\n\n<p><\/p>\n","protected":false},"excerpt":{"rendered":"<p>O s\u00edle \u0161umavsk\u00e9 p\u0159\u00edrody a tajemstv\u00ed lesa. Nechte se okouzlit poutav\u00fdmi zaj\u00edmavostmi ze \u017eivota zv\u00ed\u0159at a jejich fotografiemi. Wolfgang Schreil do nich vlo\u017eil hlubok\u00e9 znalosti o v\u0161em, co roste a \u017eije v lese v\u010detn\u011b&#46;&#46;&#46;<\/p>\n","protected":false},"author":8,"featured_media":5269,"comment_status":"closed","ping_status":"closed","sticky":false,"template":"","format":"standard","meta":{"_monsterinsights_skip_tracking":false,"_monsterinsights_sitenote_active":false,"_monsterinsights_sitenote_note":"","_monsterinsights_sitenote_category":0,"footnotes":""},"categories":[3,31,30],"tags":[],"yoast_head":"<!-- This site is optimized with the Yoast SEO plugin v21.5 - https:\/\/yoast.com\/wordpress\/plugins\/seo\/ -->\n<title>Za\u0159\u00edk\u00e1va\u010d zv\u00ed\u0159at | Wolfgang Schreil - BOOKHOUSE.cz<\/title>\n<meta name=\"robots\" content=\"index, follow, max-snippet:-1, max-image-preview:large, max-video-preview:-1\" \/>\n<link rel=\"canonical\" href=\"https:\/\/bookhouse.cz\/index.php\/2023\/09\/05\/zarikavac-zvirat-wolfgang-schreil\/\" \/>\n<meta property=\"og:locale\" content=\"cs_CZ\" \/>\n<meta property=\"og:type\" content=\"article\" \/>\n<meta property=\"og:title\" content=\"Za\u0159\u00edk\u00e1va\u010d zv\u00ed\u0159at | Wolfgang Schreil - BOOKHOUSE.cz\" \/>\n<meta property=\"og:description\" content=\"O s\u00edle \u0161umavsk\u00e9 p\u0159\u00edrody a tajemstv\u00ed lesa. Nechte se okouzlit poutav\u00fdmi zaj\u00edmavostmi ze \u017eivota zv\u00ed\u0159at a jejich fotografiemi. Wolfgang Schreil do nich vlo\u017eil hlubok\u00e9 znalosti o v\u0161em, co roste a \u017eije v lese v\u010detn\u011b&#046;&#046;&#046;\" \/>\n<meta property=\"og:url\" content=\"https:\/\/bookhouse.cz\/index.php\/2023\/09\/05\/zarikavac-zvirat-wolfgang-schreil\/\" \/>\n<meta property=\"og:site_name\" content=\"BOOKHOUSE.cz\" \/>\n<meta property=\"article:publisher\" content=\"https:\/\/www.facebook.com\/bookhousecz\" \/>\n<meta property=\"article:published_time\" content=\"2023-09-04T22:01:00+00:00\" \/>\n<meta property=\"article:modified_time\" content=\"2023-09-04T22:49:53+00:00\" \/>\n<meta property=\"og:image\" content=\"https:\/\/bookhouse.cz\/wp-content\/uploads\/2023\/08\/7331_zarikavac-zvirat-titulka-04-1024x418-1.jpg\" \/>\n\t<meta property=\"og:image:width\" content=\"1400\" \/>\n\t<meta property=\"og:image:height\" content=\"912\" \/>\n\t<meta property=\"og:image:type\" content=\"image\/jpeg\" \/>\n<meta name=\"author\" content=\"Martina Pechov\u00e1\" \/>\n<meta name=\"twitter:card\" content=\"summary_large_image\" \/>\n<meta name=\"twitter:label1\" content=\"Napsal(a)\" \/>\n\t<meta name=\"twitter:data1\" content=\"Martina Pechov\u00e1\" \/>\n\t<meta name=\"twitter:label2\" content=\"Odhadovan\u00e1 doba \u010dten\u00ed\" \/>\n\t<meta name=\"twitter:data2\" content=\"1 minuta\" \/>\n<script type=\"application\/ld+json\" class=\"yoast-schema-graph\">{\"@context\":\"https:\/\/schema.org\",\"@graph\":[{\"@type\":\"Article\",\"@id\":\"https:\/\/bookhouse.cz\/index.php\/2023\/09\/05\/zarikavac-zvirat-wolfgang-schreil\/#article\",\"isPartOf\":{\"@id\":\"https:\/\/bookhouse.cz\/index.php\/2023\/09\/05\/zarikavac-zvirat-wolfgang-schreil\/\"},\"author\":{\"name\":\"Martina Pechov\u00e1\",\"@id\":\"https:\/\/bookhouse.cz\/#\/schema\/person\/f34350c4206dd14422181c0fbd0922a3\"},\"headline\":\"Za\u0159\u00edk\u00e1va\u010d zv\u00ed\u0159at | Wolfgang Schreil\",\"datePublished\":\"2023-09-04T22:01:00+00:00\",\"dateModified\":\"2023-09-04T22:49:53+00:00\",\"mainEntityOfPage\":{\"@id\":\"https:\/\/bookhouse.cz\/index.php\/2023\/09\/05\/zarikavac-zvirat-wolfgang-schreil\/\"},\"wordCount\":134,\"publisher\":{\"@id\":\"https:\/\/bookhouse.cz\/#organization\"},\"articleSection\":[\"NEWS\",\"P\u0158\u00cdRODA\",\"ZV\u00cd\u0158ATA\"],\"inLanguage\":\"cs\"},{\"@type\":\"WebPage\",\"@id\":\"https:\/\/bookhouse.cz\/index.php\/2023\/09\/05\/zarikavac-zvirat-wolfgang-schreil\/\",\"url\":\"https:\/\/bookhouse.cz\/index.php\/2023\/09\/05\/zarikavac-zvirat-wolfgang-schreil\/\",\"name\":\"Za\u0159\u00edk\u00e1va\u010d zv\u00ed\u0159at | Wolfgang Schreil - BOOKHOUSE.cz\",\"isPartOf\":{\"@id\":\"https:\/\/bookhouse.cz\/#website\"},\"datePublished\":\"2023-09-04T22:01:00+00:00\",\"dateModified\":\"2023-09-04T22:49:53+00:00\",\"breadcrumb\":{\"@id\":\"https:\/\/bookhouse.cz\/index.php\/2023\/09\/05\/zarikavac-zvirat-wolfgang-schreil\/#breadcrumb\"},\"inLanguage\":\"cs\",\"potentialAction\":[{\"@type\":\"ReadAction\",\"target\":[\"https:\/\/bookhouse.cz\/index.php\/2023\/09\/05\/zarikavac-zvirat-wolfgang-schreil\/\"]}]},{\"@type\":\"BreadcrumbList\",\"@id\":\"https:\/\/bookhouse.cz\/index.php\/2023\/09\/05\/zarikavac-zvirat-wolfgang-schreil\/#breadcrumb\",\"itemListElement\":[{\"@type\":\"ListItem\",\"position\":1,\"name\":\"Dom\u016f\",\"item\":\"https:\/\/bookhouse.cz\/\"},{\"@type\":\"ListItem\",\"position\":2,\"name\":\"Za\u0159\u00edk\u00e1va\u010d zv\u00ed\u0159at | Wolfgang Schreil\"}]},{\"@type\":\"WebSite\",\"@id\":\"https:\/\/bookhouse.cz\/#website\",\"url\":\"https:\/\/bookhouse.cz\/\",\"name\":\"BOOKHOUSE.cz\",\"description\":\"Port\u00e1l o kni\u017en\u00edch novink\u00e1ch.\",\"publisher\":{\"@id\":\"https:\/\/bookhouse.cz\/#organization\"},\"potentialAction\":[{\"@type\":\"SearchAction\",\"target\":{\"@type\":\"EntryPoint\",\"urlTemplate\":\"https:\/\/bookhouse.cz\/?s={search_term_string}\"},\"query-input\":\"required name=search_term_string\"}],\"inLanguage\":\"cs\"},{\"@type\":\"Organization\",\"@id\":\"https:\/\/bookhouse.cz\/#organization\",\"name\":\"BOOKHOUSE.cz\",\"url\":\"https:\/\/bookhouse.cz\/\",\"logo\":{\"@type\":\"ImageObject\",\"inLanguage\":\"cs\",\"@id\":\"https:\/\/bookhouse.cz\/#\/schema\/logo\/image\/\",\"url\":\"https:\/\/bookhouse.cz\/wp-content\/uploads\/2024\/12\/cropped-Logo_BookHouse.jpg\",\"contentUrl\":\"https:\/\/bookhouse.cz\/wp-content\/uploads\/2024\/12\/cropped-Logo_BookHouse.jpg\",\"width\":938,\"height\":513,\"caption\":\"BOOKHOUSE.cz\"},\"image\":{\"@id\":\"https:\/\/bookhouse.cz\/#\/schema\/logo\/image\/\"},\"sameAs\":[\"https:\/\/www.facebook.com\/bookhousecz\",\"https:\/\/www.instagram.com\/bookhousecz\"]},{\"@type\":\"Person\",\"@id\":\"https:\/\/bookhouse.cz\/#\/schema\/person\/f34350c4206dd14422181c0fbd0922a3\",\"name\":\"Martina Pechov\u00e1\",\"image\":{\"@type\":\"ImageObject\",\"inLanguage\":\"cs\",\"@id\":\"https:\/\/bookhouse.cz\/#\/schema\/person\/image\/\",\"url\":\"https:\/\/secure.gravatar.com\/avatar\/d3ad7f43789eed68b221d01c6d7ac4e5?s=96&d=mm&r=g\",\"contentUrl\":\"https:\/\/secure.gravatar.com\/avatar\/d3ad7f43789eed68b221d01c6d7ac4e5?s=96&d=mm&r=g\",\"caption\":\"Martina Pechov\u00e1\"},\"sameAs\":[\"http:\/\/BOOKHOUSE.cz\"],\"url\":\"https:\/\/bookhouse.cz\/index.php\/author\/marpech\/\"}]}<\/script>\n<!-- \/ Yoast SEO plugin. -->","yoast_head_json":{"title":"Za\u0159\u00edk\u00e1va\u010d zv\u00ed\u0159at | Wolfgang Schreil - BOOKHOUSE.cz","robots":{"index":"index","follow":"follow","max-snippet":"max-snippet:-1","max-image-preview":"max-image-preview:large","max-video-preview":"max-video-preview:-1"},"canonical":"https:\/\/bookhouse.cz\/index.php\/2023\/09\/05\/zarikavac-zvirat-wolfgang-schreil\/","og_locale":"cs_CZ","og_type":"article","og_title":"Za\u0159\u00edk\u00e1va\u010d zv\u00ed\u0159at | Wolfgang Schreil - BOOKHOUSE.cz","og_description":"O s\u00edle \u0161umavsk\u00e9 p\u0159\u00edrody a tajemstv\u00ed lesa. Nechte se okouzlit poutav\u00fdmi zaj\u00edmavostmi ze \u017eivota zv\u00ed\u0159at a jejich fotografiemi. Wolfgang Schreil do nich vlo\u017eil hlubok\u00e9 znalosti o v\u0161em, co roste a \u017eije v lese v\u010detn\u011b&#46;&#46;&#46;","og_url":"https:\/\/bookhouse.cz\/index.php\/2023\/09\/05\/zarikavac-zvirat-wolfgang-schreil\/","og_site_name":"BOOKHOUSE.cz","article_publisher":"https:\/\/www.facebook.com\/bookhousecz","article_published_time":"2023-09-04T22:01:00+00:00","article_modified_time":"2023-09-04T22:49:53+00:00","og_image":[{"width":1400,"height":912,"url":"https:\/\/bookhouse.cz\/wp-content\/uploads\/2023\/08\/7331_zarikavac-zvirat-titulka-04-1024x418-1.jpg","type":"image\/jpeg"}],"author":"Martina Pechov\u00e1","twitter_card":"summary_large_image","twitter_misc":{"Napsal(a)":"Martina Pechov\u00e1","Odhadovan\u00e1 doba \u010dten\u00ed":"1 minuta"},"schema":{"@context":"https:\/\/schema.org","@graph":[{"@type":"Article","@id":"https:\/\/bookhouse.cz\/index.php\/2023\/09\/05\/zarikavac-zvirat-wolfgang-schreil\/#article","isPartOf":{"@id":"https:\/\/bookhouse.cz\/index.php\/2023\/09\/05\/zarikavac-zvirat-wolfgang-schreil\/"},"author":{"name":"Martina Pechov\u00e1","@id":"https:\/\/bookhouse.cz\/#\/schema\/person\/f34350c4206dd14422181c0fbd0922a3"},"headline":"Za\u0159\u00edk\u00e1va\u010d zv\u00ed\u0159at | Wolfgang Schreil","datePublished":"2023-09-04T22:01:00+00:00","dateModified":"2023-09-04T22:49:53+00:00","mainEntityOfPage":{"@id":"https:\/\/bookhouse.cz\/index.php\/2023\/09\/05\/zarikavac-zvirat-wolfgang-schreil\/"},"wordCount":134,"publisher":{"@id":"https:\/\/bookhouse.cz\/#organization"},"articleSection":["NEWS","P\u0158\u00cdRODA","ZV\u00cd\u0158ATA"],"inLanguage":"cs"},{"@type":"WebPage","@id":"https:\/\/bookhouse.cz\/index.php\/2023\/09\/05\/zarikavac-zvirat-wolfgang-schreil\/","url":"https:\/\/bookhouse.cz\/index.php\/2023\/09\/05\/zarikavac-zvirat-wolfgang-schreil\/","name":"Za\u0159\u00edk\u00e1va\u010d zv\u00ed\u0159at | Wolfgang Schreil - BOOKHOUSE.cz","isPartOf":{"@id":"https:\/\/bookhouse.cz\/#website"},"datePublished":"2023-09-04T22:01:00+00:00","dateModified":"2023-09-04T22:49:53+00:00","breadcrumb":{"@id":"https:\/\/bookhouse.cz\/index.php\/2023\/09\/05\/zarikavac-zvirat-wolfgang-schreil\/#breadcrumb"},"inLanguage":"cs","potentialAction":[{"@type":"ReadAction","target":["https:\/\/bookhouse.cz\/index.php\/2023\/09\/05\/zarikavac-zvirat-wolfgang-schreil\/"]}]},{"@type":"BreadcrumbList","@id":"https:\/\/bookhouse.cz\/index.php\/2023\/09\/05\/zarikavac-zvirat-wolfgang-schreil\/#breadcrumb","itemListElement":[{"@type":"ListItem","position":1,"name":"Dom\u016f","item":"https:\/\/bookhouse.cz\/"},{"@type":"ListItem","position":2,"name":"Za\u0159\u00edk\u00e1va\u010d zv\u00ed\u0159at | Wolfgang Schreil"}]},{"@type":"WebSite","@id":"https:\/\/bookhouse.cz\/#website","url":"https:\/\/bookhouse.cz\/","name":"BOOKHOUSE.cz","description":"Port\u00e1l o kni\u017en\u00edch novink\u00e1ch.","publisher":{"@id":"https:\/\/bookhouse.cz\/#organization"},"potentialAction":[{"@type":"SearchAction","target":{"@type":"EntryPoint","urlTemplate":"https:\/\/bookhouse.cz\/?s={search_term_string}"},"query-input":"required name=search_term_string"}],"inLanguage":"cs"},{"@type":"Organization","@id":"https:\/\/bookhouse.cz\/#organization","name":"BOOKHOUSE.cz","url":"https:\/\/bookhouse.cz\/","logo":{"@type":"ImageObject","inLanguage":"cs","@id":"https:\/\/bookhouse.cz\/#\/schema\/logo\/image\/","url":"https:\/\/bookhouse.cz\/wp-content\/uploads\/2024\/12\/cropped-Logo_BookHouse.jpg","contentUrl":"https:\/\/bookhouse.cz\/wp-content\/uploads\/2024\/12\/cropped-Logo_BookHouse.jpg","width":938,"height":513,"caption":"BOOKHOUSE.cz"},"image":{"@id":"https:\/\/bookhouse.cz\/#\/schema\/logo\/image\/"},"sameAs":["https:\/\/www.facebook.com\/bookhousecz","https:\/\/www.instagram.com\/bookhousecz"]},{"@type":"Person","@id":"https:\/\/bookhouse.cz\/#\/schema\/person\/f34350c4206dd14422181c0fbd0922a3","name":"Martina Pechov\u00e1","image":{"@type":"ImageObject","inLanguage":"cs","@id":"https:\/\/bookhouse.cz\/#\/schema\/person\/image\/","url":"https:\/\/secure.gravatar.com\/avatar\/d3ad7f43789eed68b221d01c6d7ac4e5?s=96&d=mm&r=g","contentUrl":"https:\/\/secure.gravatar.com\/avatar\/d3ad7f43789eed68b221d01c6d7ac4e5?s=96&d=mm&r=g","caption":"Martina Pechov\u00e1"},"sameAs":["http:\/\/BOOKHOUSE.cz"],"url":"https:\/\/bookhouse.cz\/index.php\/author\/marpech\/"}]}},"_links":{"self":[{"href":"https:\/\/bookhouse.cz\/index.php\/wp-json\/wp\/v2\/posts\/5262"}],"collection":[{"href":"https:\/\/bookhouse.cz\/index.php\/wp-json\/wp\/v2\/posts"}],"about":[{"href":"https:\/\/bookhouse.cz\/index.php\/wp-json\/wp\/v2\/types\/post"}],"author":[{"embeddable":true,"href":"https:\/\/bookhouse.cz\/index.php\/wp-json\/wp\/v2\/users\/8"}],"replies":[{"embeddable":true,"href":"https:\/\/bookhouse.cz\/index.php\/wp-json\/wp\/v2\/comments?post=5262"}],"version-history":[{"count":6,"href":"https:\/\/bookhouse.cz\/index.php\/wp-json\/wp\/v2\/posts\/5262\/revisions"}],"predecessor-version":[{"id":5310,"href":"https:\/\/bookhouse.cz\/index.php\/wp-json\/wp\/v2\/posts\/5262\/revisions\/5310"}],"wp:featuredmedia":[{"embeddable":true,"href":"https:\/\/bookhouse.cz\/index.php\/wp-json\/wp\/v2\/media\/5269"}],"wp:attachment":[{"href":"https:\/\/bookhouse.cz\/index.php\/wp-json\/wp\/v2\/media?parent=5262"}],"wp:term":[{"taxonomy":"category","embeddable":true,"href":"https:\/\/bookhouse.cz\/index.php\/wp-json\/wp\/v2\/categories?post=5262"},{"taxonomy":"post_tag","embeddable":true,"href":"https:\/\/bookhouse.cz\/index.php\/wp-json\/wp\/v2\/tags?post=5262"}],"curies":[{"name":"wp","href":"https:\/\/api.w.org\/{rel}","templated":true}]}}