{"id":4960,"date":"2023-07-28T00:01:00","date_gmt":"2023-07-27T22:01:00","guid":{"rendered":"https:\/\/bookhouse.cz\/?p=4960"},"modified":"2023-07-22T19:10:43","modified_gmt":"2023-07-22T17:10:43","slug":"lvov-zapomenuty-stred-evropy-lutz-c-kleveman","status":"publish","type":"post","link":"https:\/\/bookhouse.cz\/index.php\/2023\/07\/28\/lvov-zapomenuty-stred-evropy-lutz-c-kleveman\/","title":{"rendered":"Lvov: Zapomenut\u00fd st\u0159ed Evropy | Lutz C. Kleveman"},"content":{"rendered":"\n<div style=\"height:45px\" aria-hidden=\"true\" class=\"wp-block-spacer\"><\/div>\n\n\n\n<p><strong>Z\u00e1podoukrajinsk\u00fd Lvov, kdysi sou\u010d\u00e1st habsbursk\u00e9 \u0159\u00ed\u0161e, byl centrem mnoha kultur a d\u011bji\u0161t\u011bm mnoha sn\u016f a trag\u00e9di\u00ed&#8230;<\/strong><\/p>\n\n\n\n<div style=\"height:36px\" aria-hidden=\"true\" class=\"wp-block-spacer\"><\/div>\n\n\n\n<div class=\"wp-block-image\"><figure class=\"aligncenter size-large is-resized\"><img loading=\"lazy\" decoding=\"async\" src=\"https:\/\/bookhouse.cz\/wp-content\/uploads\/2023\/07\/512764_bg.jpg\" alt=\"\" class=\"wp-image-4961\" width=\"573\" height=\"285\" srcset=\"https:\/\/bookhouse.cz\/wp-content\/uploads\/2023\/07\/512764_bg.jpg 894w, https:\/\/bookhouse.cz\/wp-content\/uploads\/2023\/07\/512764_bg-300x150.jpg 300w, https:\/\/bookhouse.cz\/wp-content\/uploads\/2023\/07\/512764_bg-768x383.jpg 768w\" sizes=\"(max-width: 573px) 100vw, 573px\" \/><\/figure><\/div>\n\n\n\n<div style=\"height:36px\" aria-hidden=\"true\" class=\"wp-block-spacer\"><\/div>\n\n\n\n<p>Z\u00e1podoukrajinsk\u00fd Lvov, kdysi sou\u010d\u00e1st habsbursk\u00e9 \u0159\u00ed\u0161e, byl centrem mnoha kultur a d\u011bji\u0161t\u011bm mnoha sn\u016f a trag\u00e9di\u00ed. B\u00fdval pova\u017eov\u00e1n za &#8222;Jeruzal\u00e9m Evropy&#8220;, kde spole\u010dn\u011b \u017eili Pol\u00e1ci, \u017did\u00e9, Ukrajinci a N\u011bmci. Tamn\u00ed kulturn\u00ed i v\u011bdeck\u00e9 prost\u0159ed\u00ed si p\u0159ed druhou sv\u011btovou v\u00e1lkou v ni\u010dem nezadalo s Berl\u00ednem a V\u00eddn\u00ed, av\u0161ak jako mnoho jin\u00fdch st\u0159edoevropsk\u00fdch m\u011bst ztratil i Lvov t\u00e9m\u011b\u0159 v\u0161echno obyvatelstvo v d\u016fsledku v\u00e1lky, holokaustu a vyhn\u00e1n\u00ed &#8211; a s nimi pozbyl i pam\u011bti. O sedmdes\u00e1t let pozd\u011bji, roku 2017, se n\u011bmeck\u00fd historik a publicista Lutz C. Kleveman (*1974) sna\u017e\u00ed odhalit poh\u0159benou minulost tohoto fascinuj\u00edc\u00edho m\u011bsta, p\u0159i tom v\u0161ak objevuje i \u0161ir\u0161\u00ed d\u011bjinn\u00e9 souvislosti lvovsk\u00e9 historie a brilantn\u011b vypr\u00e1v\u00ed o d\u011bjin\u00e1ch Evropy a\u017e do dne\u0161n\u00edch dn\u016f.<\/p>\n\n\n\n<div style=\"height:36px\" aria-hidden=\"true\" class=\"wp-block-spacer\"><\/div>\n\n\n\n<div class=\"wp-block-image\"><figure class=\"aligncenter size-large is-resized\"><img loading=\"lazy\" decoding=\"async\" src=\"https:\/\/bookhouse.cz\/wp-content\/uploads\/2023\/07\/512764_bg-2-763x1024.jpg\" alt=\"\" class=\"wp-image-4962\" width=\"577\" height=\"774\" srcset=\"https:\/\/bookhouse.cz\/wp-content\/uploads\/2023\/07\/512764_bg-2-763x1024.jpg 763w, https:\/\/bookhouse.cz\/wp-content\/uploads\/2023\/07\/512764_bg-2-224x300.jpg 224w, https:\/\/bookhouse.cz\/wp-content\/uploads\/2023\/07\/512764_bg-2-768x1031.jpg 768w, https:\/\/bookhouse.cz\/wp-content\/uploads\/2023\/07\/512764_bg-2.jpg 894w\" sizes=\"(max-width: 577px) 100vw, 577px\" \/><\/figure><\/div>\n\n\n\n<div style=\"height:36px\" aria-hidden=\"true\" class=\"wp-block-spacer\"><\/div>\n\n\n\n<h2 class=\"wp-block-heading\">N\u00e1zev knihy: Lvov: Zapomenut\u00fd st\u0159ed Evropy <\/h2>\n\n\n\n<div style=\"height:36px\" aria-hidden=\"true\" class=\"wp-block-spacer\"><\/div>\n\n\n\n<p><strong>Autor:<\/strong>&nbsp;Lutz C. Kleveman<\/p>\n\n\n\n<p><strong>Po\u010det stran \/ vazba:<\/strong>&nbsp;348 stran \/ bro\u017eovan\u00e1 vazba<\/p>\n\n\n\n<p><strong>Doporu\u010den\u00e1<\/strong>&nbsp;<strong>cena:<\/strong>&nbsp;498 K\u010d<\/p>\n\n\n\n<p><strong>Vydalo<\/strong>:&nbsp;Nakladatelstv\u00ed Argo<\/p>\n\n\n\n<p><strong>V\u00edce informac\u00ed na:&nbsp;<\/strong><a href=\"http:\/\/www.argo.cz\" data-type=\"URL\" data-id=\"www.argo.cz\">www.argo.cz<\/a><\/p>\n\n\n\n<div style=\"height:100px\" aria-hidden=\"true\" class=\"wp-block-spacer\"><\/div>\n\n\n\n<p><strong>Zdroj foto:<\/strong>&nbsp;Argo<\/p>\n\n\n\n<div style=\"height:100px\" aria-hidden=\"true\" class=\"wp-block-spacer\"><\/div>\n\n\n\n<p><\/p>\n","protected":false},"excerpt":{"rendered":"<p>Z\u00e1podoukrajinsk\u00fd Lvov, kdysi sou\u010d\u00e1st habsbursk\u00e9 \u0159\u00ed\u0161e, byl centrem mnoha kultur a d\u011bji\u0161t\u011bm mnoha sn\u016f a trag\u00e9di\u00ed&#8230; Z\u00e1podoukrajinsk\u00fd Lvov, kdysi sou\u010d\u00e1st habsbursk\u00e9 \u0159\u00ed\u0161e, byl centrem mnoha kultur a d\u011bji\u0161t\u011bm mnoha sn\u016f a trag\u00e9di\u00ed. B\u00fdval pova\u017eov\u00e1n&#46;&#46;&#46;<\/p>\n","protected":false},"author":7,"featured_media":4961,"comment_status":"closed","ping_status":"closed","sticky":false,"template":"","format":"standard","meta":{"_monsterinsights_skip_tracking":false,"_monsterinsights_sitenote_active":false,"_monsterinsights_sitenote_note":"","_monsterinsights_sitenote_category":0,"footnotes":""},"categories":[22,3],"tags":[],"yoast_head":"<!-- This site is optimized with the Yoast SEO plugin v21.5 - https:\/\/yoast.com\/wordpress\/plugins\/seo\/ -->\n<title>Lvov: Zapomenut\u00fd st\u0159ed Evropy | Lutz C. Kleveman - BOOKHOUSE.cz<\/title>\n<meta name=\"robots\" content=\"index, follow, max-snippet:-1, max-image-preview:large, max-video-preview:-1\" \/>\n<link rel=\"canonical\" href=\"https:\/\/bookhouse.cz\/index.php\/2023\/07\/28\/lvov-zapomenuty-stred-evropy-lutz-c-kleveman\/\" \/>\n<meta property=\"og:locale\" content=\"cs_CZ\" \/>\n<meta property=\"og:type\" content=\"article\" \/>\n<meta property=\"og:title\" content=\"Lvov: Zapomenut\u00fd st\u0159ed Evropy | Lutz C. Kleveman - BOOKHOUSE.cz\" \/>\n<meta property=\"og:description\" content=\"Z\u00e1podoukrajinsk\u00fd Lvov, kdysi sou\u010d\u00e1st habsbursk\u00e9 \u0159\u00ed\u0161e, byl centrem mnoha kultur a d\u011bji\u0161t\u011bm mnoha sn\u016f a trag\u00e9di\u00ed&#8230; Z\u00e1podoukrajinsk\u00fd Lvov, kdysi sou\u010d\u00e1st habsbursk\u00e9 \u0159\u00ed\u0161e, byl centrem mnoha kultur a d\u011bji\u0161t\u011bm mnoha sn\u016f a trag\u00e9di\u00ed. B\u00fdval pova\u017eov\u00e1n&#046;&#046;&#046;\" \/>\n<meta property=\"og:url\" content=\"https:\/\/bookhouse.cz\/index.php\/2023\/07\/28\/lvov-zapomenuty-stred-evropy-lutz-c-kleveman\/\" \/>\n<meta property=\"og:site_name\" content=\"BOOKHOUSE.cz\" \/>\n<meta property=\"article:publisher\" content=\"https:\/\/www.facebook.com\/bookhousecz\" \/>\n<meta property=\"article:published_time\" content=\"2023-07-27T22:01:00+00:00\" \/>\n<meta property=\"article:modified_time\" content=\"2023-07-22T17:10:43+00:00\" \/>\n<meta property=\"og:image\" content=\"https:\/\/bookhouse.cz\/wp-content\/uploads\/2023\/07\/512764_bg.jpg\" \/>\n\t<meta property=\"og:image:width\" content=\"894\" \/>\n\t<meta property=\"og:image:height\" content=\"446\" \/>\n\t<meta property=\"og:image:type\" content=\"image\/jpeg\" \/>\n<meta name=\"author\" content=\"Jordana Pechov\u00e1\" \/>\n<meta name=\"twitter:card\" content=\"summary_large_image\" \/>\n<meta name=\"twitter:label1\" content=\"Napsal(a)\" \/>\n\t<meta name=\"twitter:data1\" content=\"Jordana Pechov\u00e1\" \/>\n\t<meta name=\"twitter:label2\" content=\"Odhadovan\u00e1 doba \u010dten\u00ed\" \/>\n\t<meta name=\"twitter:data2\" content=\"1 minuta\" \/>\n<script type=\"application\/ld+json\" class=\"yoast-schema-graph\">{\"@context\":\"https:\/\/schema.org\",\"@graph\":[{\"@type\":\"Article\",\"@id\":\"https:\/\/bookhouse.cz\/index.php\/2023\/07\/28\/lvov-zapomenuty-stred-evropy-lutz-c-kleveman\/#article\",\"isPartOf\":{\"@id\":\"https:\/\/bookhouse.cz\/index.php\/2023\/07\/28\/lvov-zapomenuty-stred-evropy-lutz-c-kleveman\/\"},\"author\":{\"name\":\"Jordana Pechov\u00e1\",\"@id\":\"https:\/\/bookhouse.cz\/#\/schema\/person\/9ae7ff6c213e87d0710d7b7283c1408d\"},\"headline\":\"Lvov: Zapomenut\u00fd st\u0159ed Evropy | Lutz C. Kleveman\",\"datePublished\":\"2023-07-27T22:01:00+00:00\",\"dateModified\":\"2023-07-22T17:10:43+00:00\",\"mainEntityOfPage\":{\"@id\":\"https:\/\/bookhouse.cz\/index.php\/2023\/07\/28\/lvov-zapomenuty-stred-evropy-lutz-c-kleveman\/\"},\"wordCount\":232,\"publisher\":{\"@id\":\"https:\/\/bookhouse.cz\/#organization\"},\"articleSection\":[\"HISTORIE\",\"NEWS\"],\"inLanguage\":\"cs\"},{\"@type\":\"WebPage\",\"@id\":\"https:\/\/bookhouse.cz\/index.php\/2023\/07\/28\/lvov-zapomenuty-stred-evropy-lutz-c-kleveman\/\",\"url\":\"https:\/\/bookhouse.cz\/index.php\/2023\/07\/28\/lvov-zapomenuty-stred-evropy-lutz-c-kleveman\/\",\"name\":\"Lvov: Zapomenut\u00fd st\u0159ed Evropy | Lutz C. Kleveman - BOOKHOUSE.cz\",\"isPartOf\":{\"@id\":\"https:\/\/bookhouse.cz\/#website\"},\"datePublished\":\"2023-07-27T22:01:00+00:00\",\"dateModified\":\"2023-07-22T17:10:43+00:00\",\"breadcrumb\":{\"@id\":\"https:\/\/bookhouse.cz\/index.php\/2023\/07\/28\/lvov-zapomenuty-stred-evropy-lutz-c-kleveman\/#breadcrumb\"},\"inLanguage\":\"cs\",\"potentialAction\":[{\"@type\":\"ReadAction\",\"target\":[\"https:\/\/bookhouse.cz\/index.php\/2023\/07\/28\/lvov-zapomenuty-stred-evropy-lutz-c-kleveman\/\"]}]},{\"@type\":\"BreadcrumbList\",\"@id\":\"https:\/\/bookhouse.cz\/index.php\/2023\/07\/28\/lvov-zapomenuty-stred-evropy-lutz-c-kleveman\/#breadcrumb\",\"itemListElement\":[{\"@type\":\"ListItem\",\"position\":1,\"name\":\"Dom\u016f\",\"item\":\"https:\/\/bookhouse.cz\/\"},{\"@type\":\"ListItem\",\"position\":2,\"name\":\"Lvov: Zapomenut\u00fd st\u0159ed Evropy | Lutz C. Kleveman\"}]},{\"@type\":\"WebSite\",\"@id\":\"https:\/\/bookhouse.cz\/#website\",\"url\":\"https:\/\/bookhouse.cz\/\",\"name\":\"BOOKHOUSE.cz\",\"description\":\"Port\u00e1l o kni\u017en\u00edch novink\u00e1ch.\",\"publisher\":{\"@id\":\"https:\/\/bookhouse.cz\/#organization\"},\"potentialAction\":[{\"@type\":\"SearchAction\",\"target\":{\"@type\":\"EntryPoint\",\"urlTemplate\":\"https:\/\/bookhouse.cz\/?s={search_term_string}\"},\"query-input\":\"required name=search_term_string\"}],\"inLanguage\":\"cs\"},{\"@type\":\"Organization\",\"@id\":\"https:\/\/bookhouse.cz\/#organization\",\"name\":\"BOOKHOUSE.cz\",\"url\":\"https:\/\/bookhouse.cz\/\",\"logo\":{\"@type\":\"ImageObject\",\"inLanguage\":\"cs\",\"@id\":\"https:\/\/bookhouse.cz\/#\/schema\/logo\/image\/\",\"url\":\"https:\/\/bookhouse.cz\/wp-content\/uploads\/2024\/12\/cropped-Logo_BookHouse.jpg\",\"contentUrl\":\"https:\/\/bookhouse.cz\/wp-content\/uploads\/2024\/12\/cropped-Logo_BookHouse.jpg\",\"width\":938,\"height\":513,\"caption\":\"BOOKHOUSE.cz\"},\"image\":{\"@id\":\"https:\/\/bookhouse.cz\/#\/schema\/logo\/image\/\"},\"sameAs\":[\"https:\/\/www.facebook.com\/bookhousecz\",\"https:\/\/www.instagram.com\/bookhousecz\"]},{\"@type\":\"Person\",\"@id\":\"https:\/\/bookhouse.cz\/#\/schema\/person\/9ae7ff6c213e87d0710d7b7283c1408d\",\"name\":\"Jordana Pechov\u00e1\",\"image\":{\"@type\":\"ImageObject\",\"inLanguage\":\"cs\",\"@id\":\"https:\/\/bookhouse.cz\/#\/schema\/person\/image\/\",\"url\":\"https:\/\/secure.gravatar.com\/avatar\/349e898f7fe64c4a4839cc48a802dd9a?s=96&d=mm&r=g\",\"contentUrl\":\"https:\/\/secure.gravatar.com\/avatar\/349e898f7fe64c4a4839cc48a802dd9a?s=96&d=mm&r=g\",\"caption\":\"Jordana Pechov\u00e1\"},\"sameAs\":[\"http:\/\/BOOKHOUSE.cz\"],\"url\":\"https:\/\/bookhouse.cz\/index.php\/author\/jorpech\/\"}]}<\/script>\n<!-- \/ Yoast SEO plugin. -->","yoast_head_json":{"title":"Lvov: Zapomenut\u00fd st\u0159ed Evropy | Lutz C. Kleveman - BOOKHOUSE.cz","robots":{"index":"index","follow":"follow","max-snippet":"max-snippet:-1","max-image-preview":"max-image-preview:large","max-video-preview":"max-video-preview:-1"},"canonical":"https:\/\/bookhouse.cz\/index.php\/2023\/07\/28\/lvov-zapomenuty-stred-evropy-lutz-c-kleveman\/","og_locale":"cs_CZ","og_type":"article","og_title":"Lvov: Zapomenut\u00fd st\u0159ed Evropy | Lutz C. Kleveman - BOOKHOUSE.cz","og_description":"Z\u00e1podoukrajinsk\u00fd Lvov, kdysi sou\u010d\u00e1st habsbursk\u00e9 \u0159\u00ed\u0161e, byl centrem mnoha kultur a d\u011bji\u0161t\u011bm mnoha sn\u016f a trag\u00e9di\u00ed&#8230; Z\u00e1podoukrajinsk\u00fd Lvov, kdysi sou\u010d\u00e1st habsbursk\u00e9 \u0159\u00ed\u0161e, byl centrem mnoha kultur a d\u011bji\u0161t\u011bm mnoha sn\u016f a trag\u00e9di\u00ed. B\u00fdval pova\u017eov\u00e1n&#46;&#46;&#46;","og_url":"https:\/\/bookhouse.cz\/index.php\/2023\/07\/28\/lvov-zapomenuty-stred-evropy-lutz-c-kleveman\/","og_site_name":"BOOKHOUSE.cz","article_publisher":"https:\/\/www.facebook.com\/bookhousecz","article_published_time":"2023-07-27T22:01:00+00:00","article_modified_time":"2023-07-22T17:10:43+00:00","og_image":[{"width":894,"height":446,"url":"https:\/\/bookhouse.cz\/wp-content\/uploads\/2023\/07\/512764_bg.jpg","type":"image\/jpeg"}],"author":"Jordana Pechov\u00e1","twitter_card":"summary_large_image","twitter_misc":{"Napsal(a)":"Jordana Pechov\u00e1","Odhadovan\u00e1 doba \u010dten\u00ed":"1 minuta"},"schema":{"@context":"https:\/\/schema.org","@graph":[{"@type":"Article","@id":"https:\/\/bookhouse.cz\/index.php\/2023\/07\/28\/lvov-zapomenuty-stred-evropy-lutz-c-kleveman\/#article","isPartOf":{"@id":"https:\/\/bookhouse.cz\/index.php\/2023\/07\/28\/lvov-zapomenuty-stred-evropy-lutz-c-kleveman\/"},"author":{"name":"Jordana Pechov\u00e1","@id":"https:\/\/bookhouse.cz\/#\/schema\/person\/9ae7ff6c213e87d0710d7b7283c1408d"},"headline":"Lvov: Zapomenut\u00fd st\u0159ed Evropy | Lutz C. Kleveman","datePublished":"2023-07-27T22:01:00+00:00","dateModified":"2023-07-22T17:10:43+00:00","mainEntityOfPage":{"@id":"https:\/\/bookhouse.cz\/index.php\/2023\/07\/28\/lvov-zapomenuty-stred-evropy-lutz-c-kleveman\/"},"wordCount":232,"publisher":{"@id":"https:\/\/bookhouse.cz\/#organization"},"articleSection":["HISTORIE","NEWS"],"inLanguage":"cs"},{"@type":"WebPage","@id":"https:\/\/bookhouse.cz\/index.php\/2023\/07\/28\/lvov-zapomenuty-stred-evropy-lutz-c-kleveman\/","url":"https:\/\/bookhouse.cz\/index.php\/2023\/07\/28\/lvov-zapomenuty-stred-evropy-lutz-c-kleveman\/","name":"Lvov: Zapomenut\u00fd st\u0159ed Evropy | Lutz C. Kleveman - BOOKHOUSE.cz","isPartOf":{"@id":"https:\/\/bookhouse.cz\/#website"},"datePublished":"2023-07-27T22:01:00+00:00","dateModified":"2023-07-22T17:10:43+00:00","breadcrumb":{"@id":"https:\/\/bookhouse.cz\/index.php\/2023\/07\/28\/lvov-zapomenuty-stred-evropy-lutz-c-kleveman\/#breadcrumb"},"inLanguage":"cs","potentialAction":[{"@type":"ReadAction","target":["https:\/\/bookhouse.cz\/index.php\/2023\/07\/28\/lvov-zapomenuty-stred-evropy-lutz-c-kleveman\/"]}]},{"@type":"BreadcrumbList","@id":"https:\/\/bookhouse.cz\/index.php\/2023\/07\/28\/lvov-zapomenuty-stred-evropy-lutz-c-kleveman\/#breadcrumb","itemListElement":[{"@type":"ListItem","position":1,"name":"Dom\u016f","item":"https:\/\/bookhouse.cz\/"},{"@type":"ListItem","position":2,"name":"Lvov: Zapomenut\u00fd st\u0159ed Evropy | Lutz C. Kleveman"}]},{"@type":"WebSite","@id":"https:\/\/bookhouse.cz\/#website","url":"https:\/\/bookhouse.cz\/","name":"BOOKHOUSE.cz","description":"Port\u00e1l o kni\u017en\u00edch novink\u00e1ch.","publisher":{"@id":"https:\/\/bookhouse.cz\/#organization"},"potentialAction":[{"@type":"SearchAction","target":{"@type":"EntryPoint","urlTemplate":"https:\/\/bookhouse.cz\/?s={search_term_string}"},"query-input":"required name=search_term_string"}],"inLanguage":"cs"},{"@type":"Organization","@id":"https:\/\/bookhouse.cz\/#organization","name":"BOOKHOUSE.cz","url":"https:\/\/bookhouse.cz\/","logo":{"@type":"ImageObject","inLanguage":"cs","@id":"https:\/\/bookhouse.cz\/#\/schema\/logo\/image\/","url":"https:\/\/bookhouse.cz\/wp-content\/uploads\/2024\/12\/cropped-Logo_BookHouse.jpg","contentUrl":"https:\/\/bookhouse.cz\/wp-content\/uploads\/2024\/12\/cropped-Logo_BookHouse.jpg","width":938,"height":513,"caption":"BOOKHOUSE.cz"},"image":{"@id":"https:\/\/bookhouse.cz\/#\/schema\/logo\/image\/"},"sameAs":["https:\/\/www.facebook.com\/bookhousecz","https:\/\/www.instagram.com\/bookhousecz"]},{"@type":"Person","@id":"https:\/\/bookhouse.cz\/#\/schema\/person\/9ae7ff6c213e87d0710d7b7283c1408d","name":"Jordana Pechov\u00e1","image":{"@type":"ImageObject","inLanguage":"cs","@id":"https:\/\/bookhouse.cz\/#\/schema\/person\/image\/","url":"https:\/\/secure.gravatar.com\/avatar\/349e898f7fe64c4a4839cc48a802dd9a?s=96&d=mm&r=g","contentUrl":"https:\/\/secure.gravatar.com\/avatar\/349e898f7fe64c4a4839cc48a802dd9a?s=96&d=mm&r=g","caption":"Jordana Pechov\u00e1"},"sameAs":["http:\/\/BOOKHOUSE.cz"],"url":"https:\/\/bookhouse.cz\/index.php\/author\/jorpech\/"}]}},"_links":{"self":[{"href":"https:\/\/bookhouse.cz\/index.php\/wp-json\/wp\/v2\/posts\/4960"}],"collection":[{"href":"https:\/\/bookhouse.cz\/index.php\/wp-json\/wp\/v2\/posts"}],"about":[{"href":"https:\/\/bookhouse.cz\/index.php\/wp-json\/wp\/v2\/types\/post"}],"author":[{"embeddable":true,"href":"https:\/\/bookhouse.cz\/index.php\/wp-json\/wp\/v2\/users\/7"}],"replies":[{"embeddable":true,"href":"https:\/\/bookhouse.cz\/index.php\/wp-json\/wp\/v2\/comments?post=4960"}],"version-history":[{"count":3,"href":"https:\/\/bookhouse.cz\/index.php\/wp-json\/wp\/v2\/posts\/4960\/revisions"}],"predecessor-version":[{"id":4971,"href":"https:\/\/bookhouse.cz\/index.php\/wp-json\/wp\/v2\/posts\/4960\/revisions\/4971"}],"wp:featuredmedia":[{"embeddable":true,"href":"https:\/\/bookhouse.cz\/index.php\/wp-json\/wp\/v2\/media\/4961"}],"wp:attachment":[{"href":"https:\/\/bookhouse.cz\/index.php\/wp-json\/wp\/v2\/media?parent=4960"}],"wp:term":[{"taxonomy":"category","embeddable":true,"href":"https:\/\/bookhouse.cz\/index.php\/wp-json\/wp\/v2\/categories?post=4960"},{"taxonomy":"post_tag","embeddable":true,"href":"https:\/\/bookhouse.cz\/index.php\/wp-json\/wp\/v2\/tags?post=4960"}],"curies":[{"name":"wp","href":"https:\/\/api.w.org\/{rel}","templated":true}]}}