{"id":4667,"date":"2023-06-05T00:01:00","date_gmt":"2023-06-04T22:01:00","guid":{"rendered":"https:\/\/bookhouse.cz\/?p=4667"},"modified":"2023-06-20T00:44:40","modified_gmt":"2023-06-19T22:44:40","slug":"oceneni-ze-svetove-souteze-gourmand-cookbook-awards-si-privezly-tri-ceske-knihy","status":"publish","type":"post","link":"https:\/\/bookhouse.cz\/index.php\/2023\/06\/05\/oceneni-ze-svetove-souteze-gourmand-cookbook-awards-si-privezly-tri-ceske-knihy\/","title":{"rendered":"Ocen\u011bn\u00ed ze sv\u011btov\u00e9 sout\u011b\u017ee Gourmand Cookbook Awards si p\u0159ivezly t\u0159i \u010desk\u00e9 knihy"},"content":{"rendered":"\n<div style=\"height:42px\" aria-hidden=\"true\" class=\"wp-block-spacer\"><\/div>\n\n\n\n<p><strong>Do sout\u011b\u017ee Gourmand Cookbook Awardsbyly nominov\u00e1ny \u010desk\u00e9 knihy Rytmus roku s Hankou Zemanovou, Postn\u00ed kucha\u0159ka \u0161\u00e9fkucha\u0159e Pavla Drdela a V\u00e1no\u010dn\u00ed Tradin\u00e1\u0159 far\u00e1\u0159ky Martiny Viktorie Kopeck\u00e9 a Martiny Boledovi\u010dov\u00e9.<\/strong><\/p>\n\n\n\n<div style=\"height:35px\" aria-hidden=\"true\" class=\"wp-block-spacer\"><\/div>\n\n\n\n<div class=\"wp-block-image\"><figure class=\"aligncenter size-large\"><img loading=\"lazy\" decoding=\"async\" width=\"830\" height=\"1024\" src=\"https:\/\/bookhouse.cz\/wp-content\/uploads\/2023\/06\/Edouard-Cointreau_organizator-souteze-a-Martina-Boledovicova_nakladatelka_2-830x1024.jpg\" alt=\"\" class=\"wp-image-4668\" srcset=\"https:\/\/bookhouse.cz\/wp-content\/uploads\/2023\/06\/Edouard-Cointreau_organizator-souteze-a-Martina-Boledovicova_nakladatelka_2-830x1024.jpg 830w, https:\/\/bookhouse.cz\/wp-content\/uploads\/2023\/06\/Edouard-Cointreau_organizator-souteze-a-Martina-Boledovicova_nakladatelka_2-243x300.jpg 243w, https:\/\/bookhouse.cz\/wp-content\/uploads\/2023\/06\/Edouard-Cointreau_organizator-souteze-a-Martina-Boledovicova_nakladatelka_2-768x948.jpg 768w, https:\/\/bookhouse.cz\/wp-content\/uploads\/2023\/06\/Edouard-Cointreau_organizator-souteze-a-Martina-Boledovicova_nakladatelka_2.jpg 932w\" sizes=\"(max-width: 830px) 100vw, 830px\" \/><\/figure><\/div>\n\n\n\n<div style=\"height:35px\" aria-hidden=\"true\" class=\"wp-block-spacer\"><\/div>\n\n\n\n<p>Leto\u0161n\u00ed vyhl\u00e1\u0161en\u00ed a fin\u00e1ln\u00ed ceremonie mezin\u00e1rodn\u00ed sout\u011b\u017ee Gourmand Cookbook Awards prob\u011bhlo v sobotu 27. 5. 2023 ve \u0161v\u00e9dsk\u00e9m m\u011bst\u011b Umea v&nbsp;r\u00e1mci n\u011bkolikadenn\u00edho setk\u00e1n\u00ed autor\u016f, fotograf\u016f a nakladatel\u016f nominovan\u00fdch publikac\u00ed.<\/p>\n\n\n\n<p>V\u00fdpravn\u00e1 publikace Rytmus roku s&nbsp;Hankou Zemanovou z\u00edskala dokonce ceny dv\u011b \u2013 1. m\u00edsto v&nbsp;kategorii V\u00fdchodn\u00ed Evropa a 2. m\u00edsto v&nbsp;kategorii Zdrav\u00ed a v\u00fd\u017eiva. Postn\u00ed kucha\u0159ka s&nbsp;podtitulem od ko\u0159ene po na\u0165 Pavla Drdela se um\u00edstila na 2. m\u00edst\u011b v&nbsp;kategorii \u0160\u00e9fkucha\u0159i a V\u00e1no\u010dn\u00ed Tradin\u00e1\u0159 Martiny Viktorie Kopeck\u00e9 a Martiny Boledovi\u010dov\u00e9 z\u00edskal 4. m\u00edsto v&nbsp;kategorii Pohostinnost.<\/p>\n\n\n\n<p>Ocen\u011bn\u00ed a diplomy za v\u00fd\u0161e jmenovan\u00e9 autory p\u0159evzala Martina Boledovi\u010dov\u00e1, zakladatelka nakladatelstv\u00ed Smart Press, kter\u00e9 knihy vydalo<strong>.<\/strong><\/p>\n\n\n\n<p>\u201e<em>T\u00e9matem leto\u0161n\u00edho 28. ro\u010dn\u00edku byla udr\u017eitelnost v&nbsp;gastronomii, ale i v&nbsp;jin\u00fdch oblastech \u017eivota. N\u011bkolikr\u00e1t b\u011bhem cel\u00e9ho sympozia zazn\u011blo, \u017ee t\u00edm, co j\u00edme, jak\u00e9 suroviny vol\u00edme, co va\u0159\u00edme a pro koho, ovliv\u0148ujeme nejen zdrav\u00ed na\u0161e, ale i cel\u00e9 planety. Bylo velmi zaj\u00edmav\u00e9 vid\u011bt, \u017ee t\u00e9ma \u0161etrn\u00e9ho va\u0159en\u00ed, va\u0159en\u00ed beze zbytku, ale i n\u00e1vraty ke ko\u0159en\u016fm a d\u016fle\u017eitost j\u00eddla jako mo\u017enosti propojov\u00e1n\u00ed lid\u00ed se objevuj\u00ed na cel\u00e9m sv\u011bt\u011b, a\u0165 je to na\u0161e republika, Turecko, Singapur \u010di Mexiko,\u201c <\/em>\u0159\u00edk\u00e1 Martina Boledovi\u010dov\u00e1, nakladatelka.<\/p>\n\n\n\n<div style=\"height:35px\" aria-hidden=\"true\" class=\"wp-block-spacer\"><\/div>\n\n\n\n<div style=\"height:35px\" aria-hidden=\"true\" class=\"wp-block-spacer\"><\/div>\n\n\n\n<div class=\"wp-block-image\"><figure class=\"aligncenter size-large\"><img loading=\"lazy\" decoding=\"async\" width=\"1024\" height=\"628\" src=\"https:\/\/bookhouse.cz\/wp-content\/uploads\/2023\/06\/4-1024x628.jpg\" alt=\"\" class=\"wp-image-4674\" srcset=\"https:\/\/bookhouse.cz\/wp-content\/uploads\/2023\/06\/4-1024x628.jpg 1024w, https:\/\/bookhouse.cz\/wp-content\/uploads\/2023\/06\/4-300x184.jpg 300w, https:\/\/bookhouse.cz\/wp-content\/uploads\/2023\/06\/4-768x471.jpg 768w, https:\/\/bookhouse.cz\/wp-content\/uploads\/2023\/06\/4-1536x943.jpg 1536w, https:\/\/bookhouse.cz\/wp-content\/uploads\/2023\/06\/4.jpg 1600w\" sizes=\"(max-width: 1024px) 100vw, 1024px\" \/><\/figure><\/div>\n\n\n\n<div style=\"height:35px\" aria-hidden=\"true\" class=\"wp-block-spacer\"><\/div>\n\n\n\n<p>Hanka Zemanov\u00e1, spisovatelka a autorka knihy Rytmus roku k&nbsp;ocen\u011bn\u00ed uvedla: <em>\u201eJe to ocen\u011bn\u00ed nejen pro m\u011b a cel\u00fd t\u00fdm nakladatelstv\u00ed Smart Press, ale i pro divokou p\u0159\u00edrodu a pro jej\u00ed dary, kter\u00e9 n\u00e1m ka\u017ed\u00fd m\u011bs\u00edc nab\u00edz\u00ed a kter\u00fdmi n\u00e1s l\u00e9\u010d\u00ed. Rytmus roku nenab\u00edz\u00ed jen rady do dom\u00e1c\u00ed l\u00e9k\u00e1rny, recepty na sez\u00f3nn\u00ed j\u00eddla a bylinn\u00e9 elix\u00edry. Rytmus roku je kniha, kter\u00e1 zm\u011bn\u00ed jednou pro v\u017edy va\u0161e vn\u00edm\u00e1n\u00ed p\u0159\u00edrody, j\u00eddla i zdrav\u00ed. Zamilujete se do v\u0161ech m\u011bs\u00edc\u016f v&nbsp;roce a v\u00e1\u0161 ka\u017edodenn\u00ed \u017eivot se stane jednodu\u0161\u0161\u00ed, ekologi\u010dt\u011bj\u0161\u00ed a po v\u0161ech str\u00e1nk\u00e1ch zdrav\u011bj\u0161\u00ed.\u201c<\/em><\/p>\n\n\n\n<p>Pavel Drdel, \u0161\u00e9fkucha\u0159 strakonick\u00e9 restaurace S\u016fl a \u0158epa a autor Postn\u00ed kucha\u0159ky poznamenal: <em>\u201eJe pro m\u011b velk\u00e1 pocta b\u00fdt sou\u010d\u00e1st\u00ed&nbsp;nakladatelstv\u00ed Smart Press, ale i t\u00e9to jedine\u010dn\u00e9 sout\u011b\u017ee. Velik\u00e9 d\u00edky v\u0161em, bez kter\u00fdch by tato kniha nikdy nevznikla.<\/em><\/p>\n\n\n\n<p>Far\u00e1\u0159ka Martina Viktorie Kopeck\u00e1, spoluautorka knihy V\u00e1no\u010dn\u00ed Tradin\u00e1\u0159 dod\u00e1v\u00e1:<em> \u201eUm\u00edst\u011bn\u00ed v&nbsp;celosv\u011btov\u00e9 sout\u011b\u017ei m\u011b pot\u011b\u0161ilo, proto\u017ee ukazuje, \u017ee nejen my autorky vn\u00edm\u00e1me d\u016fle\u017eitost propojov\u00e1n\u00ed tradic a j\u00eddla. V\u00e1no\u010dn\u00ed Tradin\u00e1\u0159 mi uk\u00e1zal dal\u0161\u00ed rozm\u011br v&nbsp;moj\u00ed pr\u00e1ci i to jak je d\u016fle\u017eit\u00e9 pro\u017e\u00edvat V\u00e1noce u rodinn\u00e9ho stolu.<\/em><\/p>\n\n\n\n<div style=\"height:35px\" aria-hidden=\"true\" class=\"wp-block-spacer\"><\/div>\n\n\n\n<figure class=\"wp-block-image size-large\"><img loading=\"lazy\" decoding=\"async\" width=\"1024\" height=\"768\" src=\"https:\/\/bookhouse.cz\/wp-content\/uploads\/2023\/06\/5-1024x768.jpg\" alt=\"\" class=\"wp-image-4675\" srcset=\"https:\/\/bookhouse.cz\/wp-content\/uploads\/2023\/06\/5-1024x768.jpg 1024w, https:\/\/bookhouse.cz\/wp-content\/uploads\/2023\/06\/5-300x225.jpg 300w, https:\/\/bookhouse.cz\/wp-content\/uploads\/2023\/06\/5-768x576.jpg 768w, https:\/\/bookhouse.cz\/wp-content\/uploads\/2023\/06\/5-1536x1152.jpg 1536w, https:\/\/bookhouse.cz\/wp-content\/uploads\/2023\/06\/5-2048x1536.jpg 2048w\" sizes=\"(max-width: 1024px) 100vw, 1024px\" \/><\/figure>\n\n\n\n<div style=\"height:35px\" aria-hidden=\"true\" class=\"wp-block-spacer\"><\/div>\n\n\n\n<div style=\"height:35px\" aria-hidden=\"true\" class=\"wp-block-spacer\"><\/div>\n\n\n\n<h3 class=\"wp-block-heading\"><strong>Ocen\u011bn\u00e9 knihy:<\/strong><\/h3>\n\n\n\n<p><strong>Rytmus roku s\u00a0Hankou Zemanovou:<\/strong> 1. m\u00edsto, kategorie V\u00fdchodn\u00ed Evropa (Eastern Europe) a a 2. m\u00edsto, kategorie Zdrav\u00ed a v\u00fd\u017eiva (Health &amp; Nutrition)<\/p>\n\n\n\n<p><strong>Postn\u00ed kucha\u0159ka od ko\u0159ene po na\u0165, Pavel Drdel:<\/strong> 2. m\u00edsto,\u00a0kategorie \u0160\u00e9fkucha\u0159i (Celebrity Chef)<\/p>\n\n\n\n<p><strong>V\u00e1no\u010dn\u00ed Tradin\u00e1\u0159 \u2013 od Du\u0161i\u010dek po\u00a0Hromnice, Martina Viktorie Kopeck\u00e1 a Martina Boledovi\u010dov\u00e1:<\/strong> 4. m\u00edsto, kategorie Pohostinnost (Entertaining)<\/p>\n\n\n\n<div style=\"height:34px\" aria-hidden=\"true\" class=\"wp-block-spacer\"><\/div>\n\n\n\n<figure class=\"wp-block-gallery columns-3 is-cropped wp-block-gallery-1 is-layout-flex wp-block-gallery-is-layout-flex\"><ul class=\"blocks-gallery-grid\"><li class=\"blocks-gallery-item\"><figure><img loading=\"lazy\" decoding=\"async\" width=\"972\" height=\"1024\" src=\"https:\/\/bookhouse.cz\/wp-content\/uploads\/2023\/06\/3-1-972x1024.jpg\" alt=\"\" data-id=\"4681\" data-full-url=\"https:\/\/bookhouse.cz\/wp-content\/uploads\/2023\/06\/3-1-scaled.jpg\" data-link=\"https:\/\/bookhouse.cz\/?attachment_id=4681\" class=\"wp-image-4681\" srcset=\"https:\/\/bookhouse.cz\/wp-content\/uploads\/2023\/06\/3-1-972x1024.jpg 972w, https:\/\/bookhouse.cz\/wp-content\/uploads\/2023\/06\/3-1-285x300.jpg 285w, https:\/\/bookhouse.cz\/wp-content\/uploads\/2023\/06\/3-1-768x809.jpg 768w, https:\/\/bookhouse.cz\/wp-content\/uploads\/2023\/06\/3-1-1459x1536.jpg 1459w, https:\/\/bookhouse.cz\/wp-content\/uploads\/2023\/06\/3-1-1945x2048.jpg 1945w\" sizes=\"(max-width: 972px) 100vw, 972px\" \/><\/figure><\/li><li class=\"blocks-gallery-item\"><figure><img loading=\"lazy\" decoding=\"async\" width=\"724\" height=\"1024\" src=\"https:\/\/bookhouse.cz\/wp-content\/uploads\/2023\/06\/2-724x1024.jpg\" alt=\"\" data-id=\"4676\" data-link=\"https:\/\/bookhouse.cz\/?attachment_id=4676\" class=\"wp-image-4676\" srcset=\"https:\/\/bookhouse.cz\/wp-content\/uploads\/2023\/06\/2-724x1024.jpg 724w, https:\/\/bookhouse.cz\/wp-content\/uploads\/2023\/06\/2-212x300.jpg 212w, https:\/\/bookhouse.cz\/wp-content\/uploads\/2023\/06\/2-768x1087.jpg 768w, https:\/\/bookhouse.cz\/wp-content\/uploads\/2023\/06\/2-1085x1536.jpg 1085w, https:\/\/bookhouse.cz\/wp-content\/uploads\/2023\/06\/2-1447x2048.jpg 1447w, https:\/\/bookhouse.cz\/wp-content\/uploads\/2023\/06\/2-scaled.jpg 1809w\" sizes=\"(max-width: 724px) 100vw, 724px\" \/><\/figure><\/li><li class=\"blocks-gallery-item\"><figure><img loading=\"lazy\" decoding=\"async\" width=\"1024\" height=\"1024\" src=\"https:\/\/bookhouse.cz\/wp-content\/uploads\/2023\/06\/6-1024x1024.jpg\" alt=\"\" data-id=\"4680\" data-link=\"https:\/\/bookhouse.cz\/?attachment_id=4680\" class=\"wp-image-4680\" srcset=\"https:\/\/bookhouse.cz\/wp-content\/uploads\/2023\/06\/6-1024x1024.jpg 1024w, https:\/\/bookhouse.cz\/wp-content\/uploads\/2023\/06\/6-300x300.jpg 300w, https:\/\/bookhouse.cz\/wp-content\/uploads\/2023\/06\/6-150x150.jpg 150w, https:\/\/bookhouse.cz\/wp-content\/uploads\/2023\/06\/6-768x768.jpg 768w, https:\/\/bookhouse.cz\/wp-content\/uploads\/2023\/06\/6-80x80.jpg 80w, https:\/\/bookhouse.cz\/wp-content\/uploads\/2023\/06\/6-320x320.jpg 320w, https:\/\/bookhouse.cz\/wp-content\/uploads\/2023\/06\/6.jpg 1270w\" sizes=\"(max-width: 1024px) 100vw, 1024px\" \/><\/figure><\/li><\/ul><\/figure>\n\n\n\n<div style=\"height:36px\" aria-hidden=\"true\" class=\"wp-block-spacer\"><\/div>\n\n\n\n<h3 class=\"wp-block-heading\"><br>O sout\u011b\u017ei<\/h3>\n\n\n\n<p>Presti\u017en\u00ed sout\u011b\u017e Gourmand Cookbook Awards byla zalo\u017eena v&nbsp;roce 1995. Jedn\u00e1 se o mezin\u00e1rodn\u00ed sout\u011b\u017e kucha\u0159ek a knih t\u00fdkaj\u00edc\u00ed se j\u00eddla a pit\u00ed z&nbsp;cel\u00e9ho sv\u011bta. Do sout\u011b\u017ee se ka\u017edoro\u010dn\u011b hl\u00e1s\u00ed des\u00edtky tis\u00edc titul\u016f od nejv\u011bt\u0161\u00edch nakladatelstv\u00edch sv\u011bta po knihy vydan\u00e9 vlastn\u00edm n\u00e1kladem. Knihy jsou rozd\u011bleny do kategori\u00ed a porota vol\u00ed u\u017e\u0161\u00ed v\u00fdb\u011br nominovan\u00fdch knih, kter\u00e9 postupuj\u00ed do celosv\u011btov\u00e9ho fin\u00e1le. Publikace se posuzuj\u00ed v&nbsp;jednotliv\u00fdch kategori\u00edch podle r\u016fzn\u00fdch krit\u00e9ri\u00ed, ale knihy postupuj\u00edc\u00ed do fin\u00e1le maj\u00ed jedno spole\u010dn\u00e9 \u2013 jsou p\u0159\u00ednosn\u00e9 pro mezin\u00e1rodn\u00ed publikum. Posuzuje se tak\u00e9 originalita, kvalita proveden\u00ed a fotografi\u00ed. Jak ale uv\u00e1d\u00ed zakladatel sout\u011b\u017ee Edouard Cointreau, je velmi t\u011b\u017ek\u00e9 zvolit ty nejlep\u0161\u00ed z&nbsp;nejlep\u0161\u00edch a tak\u00e9 srovn\u00e1vat knihy z&nbsp;r\u016fzn\u00fdch kout\u016f sv\u011bta, i proto p\u0159ib\u00fdvaj\u00ed st\u00e1le nov\u00e9 kategorie.<\/p>\n\n\n\n<p>Hlavn\u00edm t\u00e9matem byla letos udr\u017eitelnost, dal\u0161\u00edmi t\u00e9maty byly kuchyn\u011b p\u016fvodn\u00edch obyvatel a&nbsp;tak\u00e9 gastronomie v&nbsp;diplomacii. Vyhl\u00e1\u0161en\u00ed prob\u011bhlo v&nbsp;hlavn\u00edm m\u011bst\u011b severn\u00edho \u0160v\u00e9dska Umee, kam p\u0159ijelo p\u0159es 200 z\u00e1stupc\u016f z&nbsp;cel\u00e9ho sv\u011bta. Nejpo\u010detn\u011bj\u0161\u00ed byly ze \u0161pan\u011blsky mluv\u00edc\u00edch zem\u00ed v\u010detn\u011b Ji\u017en\u00ed Ameriky a jihov\u00fdchodn\u00ed Asie. Po\u010detn\u00e9 delegace p\u0159ijely tak\u00e9 z&nbsp;Jihoafrick\u00e9 republiky a Polska. Nechyb\u011bly ale ani Faersk\u00e9 ostrovy, Island a nap\u0159\u00edklad mal\u00fd ostrov Rota. Mezi ocen\u011bn\u00e9 projekty se dostaly i knihy s&nbsp;p\u0159esahem do oblasti charity, nap\u0159\u00edklad venezuelsk\u00e1 kucha\u0159ka s&nbsp;recepty z&nbsp;v\u00e1le\u010dn\u00fdch oblast\u00ed, nebo knihy o va\u0159en\u00ed pro d\u011bti v&nbsp;Etiopii.<\/p>\n\n\n\n<p>V&nbsp;p\u0159edchoz\u00edch letech z\u00edskaly ocen\u011bn\u00ed Gourmand Cookbook Awards tyto publikace nakladatelstv\u00ed Smart Press:<\/p>\n\n\n\n<p>2019: Julie Ku\u010derovsk\u00e1: Kucha\u0159ka pro teenagery \u2013 1. m\u00edsto (kategorie Rodina)<\/p>\n\n\n\n<p>2018: Dominika W. Ga\u0161parov\u00e1: \u0160v\u00e9dsk\u00e1 kucha\u0159ka \u2013 1. m\u00edsto (kategorie&nbsp;Skandin\u00e1vsk\u00e1 kuchyn\u011b)<\/p>\n\n\n\n<p>2015: Denisa Barto\u0161ov\u00e1 \u2013 L\u00e1skominy Denisy Barto\u0161ov\u00e9 \u2013 1. m\u00edsto (kategorie Z\u00e1bava)<\/p>\n\n\n\n<p>2014: Denisa Barto\u0161ov\u00e1 \u2013 L\u00e1ska proch\u00e1z\u00ed kuchyn\u00ed \u2013 1. m\u00edsto (kategorie Design)<\/p>\n\n\n\n<p>2013: Martin \u0160koda \u2013 \u0160koda neva\u0159it&nbsp;\u2013 3. m\u00edsto (kategorie Nejlep\u0161\u00ed prvotina)<\/p>\n\n\n\n<div style=\"height:35px\" aria-hidden=\"true\" class=\"wp-block-spacer\"><\/div>\n\n\n\n<figure class=\"wp-block-gallery columns-2 is-cropped wp-block-gallery-2 is-layout-flex wp-block-gallery-is-layout-flex\"><ul class=\"blocks-gallery-grid\"><li class=\"blocks-gallery-item\"><figure><img loading=\"lazy\" decoding=\"async\" width=\"830\" height=\"1024\" src=\"https:\/\/bookhouse.cz\/wp-content\/uploads\/2023\/06\/Edouard-Cointreau_organizator-souteze-a-Martina-Boledovicova_nakladatelka_2-830x1024.jpg\" alt=\"\" data-id=\"4668\" data-full-url=\"https:\/\/bookhouse.cz\/wp-content\/uploads\/2023\/06\/Edouard-Cointreau_organizator-souteze-a-Martina-Boledovicova_nakladatelka_2.jpg\" data-link=\"https:\/\/bookhouse.cz\/?attachment_id=4668\" class=\"wp-image-4668\" srcset=\"https:\/\/bookhouse.cz\/wp-content\/uploads\/2023\/06\/Edouard-Cointreau_organizator-souteze-a-Martina-Boledovicova_nakladatelka_2-830x1024.jpg 830w, https:\/\/bookhouse.cz\/wp-content\/uploads\/2023\/06\/Edouard-Cointreau_organizator-souteze-a-Martina-Boledovicova_nakladatelka_2-243x300.jpg 243w, https:\/\/bookhouse.cz\/wp-content\/uploads\/2023\/06\/Edouard-Cointreau_organizator-souteze-a-Martina-Boledovicova_nakladatelka_2-768x948.jpg 768w, https:\/\/bookhouse.cz\/wp-content\/uploads\/2023\/06\/Edouard-Cointreau_organizator-souteze-a-Martina-Boledovicova_nakladatelka_2.jpg 932w\" sizes=\"(max-width: 830px) 100vw, 830px\" \/><\/figure><\/li><li class=\"blocks-gallery-item\"><figure><img loading=\"lazy\" decoding=\"async\" width=\"1024\" height=\"628\" src=\"https:\/\/bookhouse.cz\/wp-content\/uploads\/2023\/06\/Rytmus-roku-s-Hankou-Zemanovou_1.-misto-1024x628.jpg\" alt=\"\" data-id=\"4671\" data-full-url=\"https:\/\/bookhouse.cz\/wp-content\/uploads\/2023\/06\/Rytmus-roku-s-Hankou-Zemanovou_1.-misto.jpg\" data-link=\"https:\/\/bookhouse.cz\/?attachment_id=4671\" class=\"wp-image-4671\" srcset=\"https:\/\/bookhouse.cz\/wp-content\/uploads\/2023\/06\/Rytmus-roku-s-Hankou-Zemanovou_1.-misto-1024x628.jpg 1024w, https:\/\/bookhouse.cz\/wp-content\/uploads\/2023\/06\/Rytmus-roku-s-Hankou-Zemanovou_1.-misto-300x184.jpg 300w, https:\/\/bookhouse.cz\/wp-content\/uploads\/2023\/06\/Rytmus-roku-s-Hankou-Zemanovou_1.-misto-768x471.jpg 768w, https:\/\/bookhouse.cz\/wp-content\/uploads\/2023\/06\/Rytmus-roku-s-Hankou-Zemanovou_1.-misto-1536x943.jpg 1536w, https:\/\/bookhouse.cz\/wp-content\/uploads\/2023\/06\/Rytmus-roku-s-Hankou-Zemanovou_1.-misto.jpg 1600w\" sizes=\"(max-width: 1024px) 100vw, 1024px\" \/><\/figure><\/li><li class=\"blocks-gallery-item\"><figure><img loading=\"lazy\" decoding=\"async\" width=\"1024\" height=\"768\" src=\"https:\/\/bookhouse.cz\/wp-content\/uploads\/2023\/06\/Rytmus-roku_1.-misto-1024x768.jpg\" alt=\"\" data-id=\"4672\" data-full-url=\"https:\/\/bookhouse.cz\/wp-content\/uploads\/2023\/06\/Rytmus-roku_1.-misto-scaled.jpg\" data-link=\"https:\/\/bookhouse.cz\/?attachment_id=4672\" class=\"wp-image-4672\" srcset=\"https:\/\/bookhouse.cz\/wp-content\/uploads\/2023\/06\/Rytmus-roku_1.-misto-1024x768.jpg 1024w, https:\/\/bookhouse.cz\/wp-content\/uploads\/2023\/06\/Rytmus-roku_1.-misto-300x225.jpg 300w, https:\/\/bookhouse.cz\/wp-content\/uploads\/2023\/06\/Rytmus-roku_1.-misto-768x576.jpg 768w, https:\/\/bookhouse.cz\/wp-content\/uploads\/2023\/06\/Rytmus-roku_1.-misto-1536x1152.jpg 1536w, https:\/\/bookhouse.cz\/wp-content\/uploads\/2023\/06\/Rytmus-roku_1.-misto-2048x1536.jpg 2048w\" sizes=\"(max-width: 1024px) 100vw, 1024px\" \/><\/figure><\/li><li class=\"blocks-gallery-item\"><figure><img loading=\"lazy\" decoding=\"async\" width=\"972\" height=\"1024\" src=\"https:\/\/bookhouse.cz\/wp-content\/uploads\/2023\/06\/Rytmus-roku-s-Hankou-Zemanovou-972x1024.jpg\" alt=\"\" data-id=\"4670\" data-full-url=\"https:\/\/bookhouse.cz\/wp-content\/uploads\/2023\/06\/Rytmus-roku-s-Hankou-Zemanovou-scaled.jpg\" data-link=\"https:\/\/bookhouse.cz\/?attachment_id=4670\" class=\"wp-image-4670\" srcset=\"https:\/\/bookhouse.cz\/wp-content\/uploads\/2023\/06\/Rytmus-roku-s-Hankou-Zemanovou-972x1024.jpg 972w, https:\/\/bookhouse.cz\/wp-content\/uploads\/2023\/06\/Rytmus-roku-s-Hankou-Zemanovou-285x300.jpg 285w, https:\/\/bookhouse.cz\/wp-content\/uploads\/2023\/06\/Rytmus-roku-s-Hankou-Zemanovou-768x809.jpg 768w\" sizes=\"(max-width: 972px) 100vw, 972px\" \/><\/figure><\/li><li class=\"blocks-gallery-item\"><figure><img loading=\"lazy\" decoding=\"async\" width=\"724\" height=\"1024\" src=\"https:\/\/bookhouse.cz\/wp-content\/uploads\/2023\/06\/2-724x1024.jpg\" alt=\"\" data-id=\"4676\" data-full-url=\"https:\/\/bookhouse.cz\/wp-content\/uploads\/2023\/06\/2-scaled.jpg\" data-link=\"https:\/\/bookhouse.cz\/?attachment_id=4676\" class=\"wp-image-4676\" srcset=\"https:\/\/bookhouse.cz\/wp-content\/uploads\/2023\/06\/2-724x1024.jpg 724w, https:\/\/bookhouse.cz\/wp-content\/uploads\/2023\/06\/2-212x300.jpg 212w, https:\/\/bookhouse.cz\/wp-content\/uploads\/2023\/06\/2-768x1087.jpg 768w, https:\/\/bookhouse.cz\/wp-content\/uploads\/2023\/06\/2-1085x1536.jpg 1085w, https:\/\/bookhouse.cz\/wp-content\/uploads\/2023\/06\/2-1447x2048.jpg 1447w, https:\/\/bookhouse.cz\/wp-content\/uploads\/2023\/06\/2-scaled.jpg 1809w\" sizes=\"(max-width: 724px) 100vw, 724px\" \/><\/figure><\/li><li class=\"blocks-gallery-item\"><figure><img loading=\"lazy\" decoding=\"async\" width=\"1024\" height=\"1024\" src=\"https:\/\/bookhouse.cz\/wp-content\/uploads\/2023\/06\/Vanocni-Tradinar-1024x1024.jpg\" alt=\"\" data-id=\"4673\" data-full-url=\"https:\/\/bookhouse.cz\/wp-content\/uploads\/2023\/06\/Vanocni-Tradinar.jpg\" data-link=\"https:\/\/bookhouse.cz\/?attachment_id=4673\" class=\"wp-image-4673\" srcset=\"https:\/\/bookhouse.cz\/wp-content\/uploads\/2023\/06\/Vanocni-Tradinar-1024x1024.jpg 1024w, https:\/\/bookhouse.cz\/wp-content\/uploads\/2023\/06\/Vanocni-Tradinar-300x300.jpg 300w, https:\/\/bookhouse.cz\/wp-content\/uploads\/2023\/06\/Vanocni-Tradinar-150x150.jpg 150w, https:\/\/bookhouse.cz\/wp-content\/uploads\/2023\/06\/Vanocni-Tradinar-768x768.jpg 768w, https:\/\/bookhouse.cz\/wp-content\/uploads\/2023\/06\/Vanocni-Tradinar-80x80.jpg 80w, https:\/\/bookhouse.cz\/wp-content\/uploads\/2023\/06\/Vanocni-Tradinar-320x320.jpg 320w, https:\/\/bookhouse.cz\/wp-content\/uploads\/2023\/06\/Vanocni-Tradinar.jpg 1270w\" sizes=\"(max-width: 1024px) 100vw, 1024px\" \/><\/figure><\/li><\/ul><\/figure>\n\n\n\n<p><strong>Zdroj foto:<\/strong> Nakladatelstv\u00ed Smart Press<\/p>\n\n\n\n<div style=\"height:100px\" aria-hidden=\"true\" class=\"wp-block-spacer\"><\/div>\n","protected":false},"excerpt":{"rendered":"<p>Do sout\u011b\u017ee Gourmand Cookbook Awardsbyly nominov\u00e1ny \u010desk\u00e9 knihy Rytmus roku s Hankou Zemanovou, Postn\u00ed kucha\u0159ka \u0161\u00e9fkucha\u0159e Pavla Drdela a V\u00e1no\u010dn\u00ed Tradin\u00e1\u0159 far\u00e1\u0159ky Martiny Viktorie Kopeck\u00e9 a Martiny Boledovi\u010dov\u00e9. Leto\u0161n\u00ed vyhl\u00e1\u0161en\u00ed a fin\u00e1ln\u00ed ceremonie mezin\u00e1rodn\u00ed&#46;&#46;&#46;<\/p>\n","protected":false},"author":7,"featured_media":4679,"comment_status":"closed","ping_status":"closed","sticky":false,"template":"","format":"standard","meta":{"_monsterinsights_skip_tracking":false,"_monsterinsights_sitenote_active":false,"_monsterinsights_sitenote_note":"","_monsterinsights_sitenote_category":0,"footnotes":""},"categories":[4,3],"tags":[],"yoast_head":"<!-- This site is optimized with the Yoast SEO plugin v21.5 - https:\/\/yoast.com\/wordpress\/plugins\/seo\/ -->\n<title>Ocen\u011bn\u00ed ze sv\u011btov\u00e9 sout\u011b\u017ee Gourmand Cookbook Awards si p\u0159ivezly t\u0159i \u010desk\u00e9 knihy - BOOKHOUSE.cz<\/title>\n<meta name=\"robots\" content=\"index, follow, max-snippet:-1, max-image-preview:large, max-video-preview:-1\" \/>\n<link rel=\"canonical\" href=\"https:\/\/bookhouse.cz\/index.php\/2023\/06\/05\/oceneni-ze-svetove-souteze-gourmand-cookbook-awards-si-privezly-tri-ceske-knihy\/\" \/>\n<meta property=\"og:locale\" content=\"cs_CZ\" \/>\n<meta property=\"og:type\" content=\"article\" \/>\n<meta property=\"og:title\" content=\"Ocen\u011bn\u00ed ze sv\u011btov\u00e9 sout\u011b\u017ee Gourmand Cookbook Awards si p\u0159ivezly t\u0159i \u010desk\u00e9 knihy - BOOKHOUSE.cz\" \/>\n<meta property=\"og:description\" content=\"Do sout\u011b\u017ee Gourmand Cookbook Awardsbyly nominov\u00e1ny \u010desk\u00e9 knihy Rytmus roku s Hankou Zemanovou, Postn\u00ed kucha\u0159ka \u0161\u00e9fkucha\u0159e Pavla Drdela a V\u00e1no\u010dn\u00ed Tradin\u00e1\u0159 far\u00e1\u0159ky Martiny Viktorie Kopeck\u00e9 a Martiny Boledovi\u010dov\u00e9. Leto\u0161n\u00ed vyhl\u00e1\u0161en\u00ed a fin\u00e1ln\u00ed ceremonie mezin\u00e1rodn\u00ed&#046;&#046;&#046;\" \/>\n<meta property=\"og:url\" content=\"https:\/\/bookhouse.cz\/index.php\/2023\/06\/05\/oceneni-ze-svetove-souteze-gourmand-cookbook-awards-si-privezly-tri-ceske-knihy\/\" \/>\n<meta property=\"og:site_name\" content=\"BOOKHOUSE.cz\" \/>\n<meta property=\"article:publisher\" content=\"https:\/\/www.facebook.com\/bookhousecz\" \/>\n<meta property=\"article:published_time\" content=\"2023-06-04T22:01:00+00:00\" \/>\n<meta property=\"article:modified_time\" content=\"2023-06-19T22:44:40+00:00\" \/>\n<meta property=\"og:image\" content=\"https:\/\/bookhouse.cz\/wp-content\/uploads\/2023\/06\/5-1-scaled.jpg\" \/>\n\t<meta property=\"og:image:width\" content=\"2560\" \/>\n\t<meta property=\"og:image:height\" content=\"1920\" \/>\n\t<meta property=\"og:image:type\" content=\"image\/jpeg\" \/>\n<meta name=\"author\" content=\"Jordana Pechov\u00e1\" \/>\n<meta name=\"twitter:card\" content=\"summary_large_image\" \/>\n<meta name=\"twitter:label1\" content=\"Napsal(a)\" \/>\n\t<meta name=\"twitter:data1\" content=\"Jordana Pechov\u00e1\" \/>\n\t<meta name=\"twitter:label2\" content=\"Odhadovan\u00e1 doba \u010dten\u00ed\" \/>\n\t<meta name=\"twitter:data2\" content=\"5 minut\" \/>\n<script type=\"application\/ld+json\" class=\"yoast-schema-graph\">{\"@context\":\"https:\/\/schema.org\",\"@graph\":[{\"@type\":\"Article\",\"@id\":\"https:\/\/bookhouse.cz\/index.php\/2023\/06\/05\/oceneni-ze-svetove-souteze-gourmand-cookbook-awards-si-privezly-tri-ceske-knihy\/#article\",\"isPartOf\":{\"@id\":\"https:\/\/bookhouse.cz\/index.php\/2023\/06\/05\/oceneni-ze-svetove-souteze-gourmand-cookbook-awards-si-privezly-tri-ceske-knihy\/\"},\"author\":{\"name\":\"Jordana Pechov\u00e1\",\"@id\":\"https:\/\/bookhouse.cz\/#\/schema\/person\/9ae7ff6c213e87d0710d7b7283c1408d\"},\"headline\":\"Ocen\u011bn\u00ed ze sv\u011btov\u00e9 sout\u011b\u017ee Gourmand Cookbook Awards si p\u0159ivezly t\u0159i \u010desk\u00e9 knihy\",\"datePublished\":\"2023-06-04T22:01:00+00:00\",\"dateModified\":\"2023-06-19T22:44:40+00:00\",\"mainEntityOfPage\":{\"@id\":\"https:\/\/bookhouse.cz\/index.php\/2023\/06\/05\/oceneni-ze-svetove-souteze-gourmand-cookbook-awards-si-privezly-tri-ceske-knihy\/\"},\"wordCount\":1026,\"publisher\":{\"@id\":\"https:\/\/bookhouse.cz\/#organization\"},\"articleSection\":[\"KUCHA\u0158KY\",\"NEWS\"],\"inLanguage\":\"cs\"},{\"@type\":\"WebPage\",\"@id\":\"https:\/\/bookhouse.cz\/index.php\/2023\/06\/05\/oceneni-ze-svetove-souteze-gourmand-cookbook-awards-si-privezly-tri-ceske-knihy\/\",\"url\":\"https:\/\/bookhouse.cz\/index.php\/2023\/06\/05\/oceneni-ze-svetove-souteze-gourmand-cookbook-awards-si-privezly-tri-ceske-knihy\/\",\"name\":\"Ocen\u011bn\u00ed ze sv\u011btov\u00e9 sout\u011b\u017ee Gourmand Cookbook Awards si p\u0159ivezly t\u0159i \u010desk\u00e9 knihy - BOOKHOUSE.cz\",\"isPartOf\":{\"@id\":\"https:\/\/bookhouse.cz\/#website\"},\"datePublished\":\"2023-06-04T22:01:00+00:00\",\"dateModified\":\"2023-06-19T22:44:40+00:00\",\"breadcrumb\":{\"@id\":\"https:\/\/bookhouse.cz\/index.php\/2023\/06\/05\/oceneni-ze-svetove-souteze-gourmand-cookbook-awards-si-privezly-tri-ceske-knihy\/#breadcrumb\"},\"inLanguage\":\"cs\",\"potentialAction\":[{\"@type\":\"ReadAction\",\"target\":[\"https:\/\/bookhouse.cz\/index.php\/2023\/06\/05\/oceneni-ze-svetove-souteze-gourmand-cookbook-awards-si-privezly-tri-ceske-knihy\/\"]}]},{\"@type\":\"BreadcrumbList\",\"@id\":\"https:\/\/bookhouse.cz\/index.php\/2023\/06\/05\/oceneni-ze-svetove-souteze-gourmand-cookbook-awards-si-privezly-tri-ceske-knihy\/#breadcrumb\",\"itemListElement\":[{\"@type\":\"ListItem\",\"position\":1,\"name\":\"Dom\u016f\",\"item\":\"https:\/\/bookhouse.cz\/\"},{\"@type\":\"ListItem\",\"position\":2,\"name\":\"Ocen\u011bn\u00ed ze sv\u011btov\u00e9 sout\u011b\u017ee Gourmand Cookbook Awards si p\u0159ivezly t\u0159i \u010desk\u00e9 knihy\"}]},{\"@type\":\"WebSite\",\"@id\":\"https:\/\/bookhouse.cz\/#website\",\"url\":\"https:\/\/bookhouse.cz\/\",\"name\":\"BOOKHOUSE.cz\",\"description\":\"Port\u00e1l o kni\u017en\u00edch novink\u00e1ch.\",\"publisher\":{\"@id\":\"https:\/\/bookhouse.cz\/#organization\"},\"potentialAction\":[{\"@type\":\"SearchAction\",\"target\":{\"@type\":\"EntryPoint\",\"urlTemplate\":\"https:\/\/bookhouse.cz\/?s={search_term_string}\"},\"query-input\":\"required name=search_term_string\"}],\"inLanguage\":\"cs\"},{\"@type\":\"Organization\",\"@id\":\"https:\/\/bookhouse.cz\/#organization\",\"name\":\"BOOKHOUSE.cz\",\"url\":\"https:\/\/bookhouse.cz\/\",\"logo\":{\"@type\":\"ImageObject\",\"inLanguage\":\"cs\",\"@id\":\"https:\/\/bookhouse.cz\/#\/schema\/logo\/image\/\",\"url\":\"https:\/\/bookhouse.cz\/wp-content\/uploads\/2024\/12\/cropped-Logo_BookHouse.jpg\",\"contentUrl\":\"https:\/\/bookhouse.cz\/wp-content\/uploads\/2024\/12\/cropped-Logo_BookHouse.jpg\",\"width\":938,\"height\":513,\"caption\":\"BOOKHOUSE.cz\"},\"image\":{\"@id\":\"https:\/\/bookhouse.cz\/#\/schema\/logo\/image\/\"},\"sameAs\":[\"https:\/\/www.facebook.com\/bookhousecz\",\"https:\/\/www.instagram.com\/bookhousecz\"]},{\"@type\":\"Person\",\"@id\":\"https:\/\/bookhouse.cz\/#\/schema\/person\/9ae7ff6c213e87d0710d7b7283c1408d\",\"name\":\"Jordana Pechov\u00e1\",\"image\":{\"@type\":\"ImageObject\",\"inLanguage\":\"cs\",\"@id\":\"https:\/\/bookhouse.cz\/#\/schema\/person\/image\/\",\"url\":\"https:\/\/secure.gravatar.com\/avatar\/349e898f7fe64c4a4839cc48a802dd9a?s=96&d=mm&r=g\",\"contentUrl\":\"https:\/\/secure.gravatar.com\/avatar\/349e898f7fe64c4a4839cc48a802dd9a?s=96&d=mm&r=g\",\"caption\":\"Jordana Pechov\u00e1\"},\"sameAs\":[\"http:\/\/BOOKHOUSE.cz\"],\"url\":\"https:\/\/bookhouse.cz\/index.php\/author\/jorpech\/\"}]}<\/script>\n<!-- \/ Yoast SEO plugin. -->","yoast_head_json":{"title":"Ocen\u011bn\u00ed ze sv\u011btov\u00e9 sout\u011b\u017ee Gourmand Cookbook Awards si p\u0159ivezly t\u0159i \u010desk\u00e9 knihy - BOOKHOUSE.cz","robots":{"index":"index","follow":"follow","max-snippet":"max-snippet:-1","max-image-preview":"max-image-preview:large","max-video-preview":"max-video-preview:-1"},"canonical":"https:\/\/bookhouse.cz\/index.php\/2023\/06\/05\/oceneni-ze-svetove-souteze-gourmand-cookbook-awards-si-privezly-tri-ceske-knihy\/","og_locale":"cs_CZ","og_type":"article","og_title":"Ocen\u011bn\u00ed ze sv\u011btov\u00e9 sout\u011b\u017ee Gourmand Cookbook Awards si p\u0159ivezly t\u0159i \u010desk\u00e9 knihy - BOOKHOUSE.cz","og_description":"Do sout\u011b\u017ee Gourmand Cookbook Awardsbyly nominov\u00e1ny \u010desk\u00e9 knihy Rytmus roku s Hankou Zemanovou, Postn\u00ed kucha\u0159ka \u0161\u00e9fkucha\u0159e Pavla Drdela a V\u00e1no\u010dn\u00ed Tradin\u00e1\u0159 far\u00e1\u0159ky Martiny Viktorie Kopeck\u00e9 a Martiny Boledovi\u010dov\u00e9. Leto\u0161n\u00ed vyhl\u00e1\u0161en\u00ed a fin\u00e1ln\u00ed ceremonie mezin\u00e1rodn\u00ed&#46;&#46;&#46;","og_url":"https:\/\/bookhouse.cz\/index.php\/2023\/06\/05\/oceneni-ze-svetove-souteze-gourmand-cookbook-awards-si-privezly-tri-ceske-knihy\/","og_site_name":"BOOKHOUSE.cz","article_publisher":"https:\/\/www.facebook.com\/bookhousecz","article_published_time":"2023-06-04T22:01:00+00:00","article_modified_time":"2023-06-19T22:44:40+00:00","og_image":[{"width":2560,"height":1920,"url":"https:\/\/bookhouse.cz\/wp-content\/uploads\/2023\/06\/5-1-scaled.jpg","type":"image\/jpeg"}],"author":"Jordana Pechov\u00e1","twitter_card":"summary_large_image","twitter_misc":{"Napsal(a)":"Jordana Pechov\u00e1","Odhadovan\u00e1 doba \u010dten\u00ed":"5 minut"},"schema":{"@context":"https:\/\/schema.org","@graph":[{"@type":"Article","@id":"https:\/\/bookhouse.cz\/index.php\/2023\/06\/05\/oceneni-ze-svetove-souteze-gourmand-cookbook-awards-si-privezly-tri-ceske-knihy\/#article","isPartOf":{"@id":"https:\/\/bookhouse.cz\/index.php\/2023\/06\/05\/oceneni-ze-svetove-souteze-gourmand-cookbook-awards-si-privezly-tri-ceske-knihy\/"},"author":{"name":"Jordana Pechov\u00e1","@id":"https:\/\/bookhouse.cz\/#\/schema\/person\/9ae7ff6c213e87d0710d7b7283c1408d"},"headline":"Ocen\u011bn\u00ed ze sv\u011btov\u00e9 sout\u011b\u017ee Gourmand Cookbook Awards si p\u0159ivezly t\u0159i \u010desk\u00e9 knihy","datePublished":"2023-06-04T22:01:00+00:00","dateModified":"2023-06-19T22:44:40+00:00","mainEntityOfPage":{"@id":"https:\/\/bookhouse.cz\/index.php\/2023\/06\/05\/oceneni-ze-svetove-souteze-gourmand-cookbook-awards-si-privezly-tri-ceske-knihy\/"},"wordCount":1026,"publisher":{"@id":"https:\/\/bookhouse.cz\/#organization"},"articleSection":["KUCHA\u0158KY","NEWS"],"inLanguage":"cs"},{"@type":"WebPage","@id":"https:\/\/bookhouse.cz\/index.php\/2023\/06\/05\/oceneni-ze-svetove-souteze-gourmand-cookbook-awards-si-privezly-tri-ceske-knihy\/","url":"https:\/\/bookhouse.cz\/index.php\/2023\/06\/05\/oceneni-ze-svetove-souteze-gourmand-cookbook-awards-si-privezly-tri-ceske-knihy\/","name":"Ocen\u011bn\u00ed ze sv\u011btov\u00e9 sout\u011b\u017ee Gourmand Cookbook Awards si p\u0159ivezly t\u0159i \u010desk\u00e9 knihy - BOOKHOUSE.cz","isPartOf":{"@id":"https:\/\/bookhouse.cz\/#website"},"datePublished":"2023-06-04T22:01:00+00:00","dateModified":"2023-06-19T22:44:40+00:00","breadcrumb":{"@id":"https:\/\/bookhouse.cz\/index.php\/2023\/06\/05\/oceneni-ze-svetove-souteze-gourmand-cookbook-awards-si-privezly-tri-ceske-knihy\/#breadcrumb"},"inLanguage":"cs","potentialAction":[{"@type":"ReadAction","target":["https:\/\/bookhouse.cz\/index.php\/2023\/06\/05\/oceneni-ze-svetove-souteze-gourmand-cookbook-awards-si-privezly-tri-ceske-knihy\/"]}]},{"@type":"BreadcrumbList","@id":"https:\/\/bookhouse.cz\/index.php\/2023\/06\/05\/oceneni-ze-svetove-souteze-gourmand-cookbook-awards-si-privezly-tri-ceske-knihy\/#breadcrumb","itemListElement":[{"@type":"ListItem","position":1,"name":"Dom\u016f","item":"https:\/\/bookhouse.cz\/"},{"@type":"ListItem","position":2,"name":"Ocen\u011bn\u00ed ze sv\u011btov\u00e9 sout\u011b\u017ee Gourmand Cookbook Awards si p\u0159ivezly t\u0159i \u010desk\u00e9 knihy"}]},{"@type":"WebSite","@id":"https:\/\/bookhouse.cz\/#website","url":"https:\/\/bookhouse.cz\/","name":"BOOKHOUSE.cz","description":"Port\u00e1l o kni\u017en\u00edch novink\u00e1ch.","publisher":{"@id":"https:\/\/bookhouse.cz\/#organization"},"potentialAction":[{"@type":"SearchAction","target":{"@type":"EntryPoint","urlTemplate":"https:\/\/bookhouse.cz\/?s={search_term_string}"},"query-input":"required name=search_term_string"}],"inLanguage":"cs"},{"@type":"Organization","@id":"https:\/\/bookhouse.cz\/#organization","name":"BOOKHOUSE.cz","url":"https:\/\/bookhouse.cz\/","logo":{"@type":"ImageObject","inLanguage":"cs","@id":"https:\/\/bookhouse.cz\/#\/schema\/logo\/image\/","url":"https:\/\/bookhouse.cz\/wp-content\/uploads\/2024\/12\/cropped-Logo_BookHouse.jpg","contentUrl":"https:\/\/bookhouse.cz\/wp-content\/uploads\/2024\/12\/cropped-Logo_BookHouse.jpg","width":938,"height":513,"caption":"BOOKHOUSE.cz"},"image":{"@id":"https:\/\/bookhouse.cz\/#\/schema\/logo\/image\/"},"sameAs":["https:\/\/www.facebook.com\/bookhousecz","https:\/\/www.instagram.com\/bookhousecz"]},{"@type":"Person","@id":"https:\/\/bookhouse.cz\/#\/schema\/person\/9ae7ff6c213e87d0710d7b7283c1408d","name":"Jordana Pechov\u00e1","image":{"@type":"ImageObject","inLanguage":"cs","@id":"https:\/\/bookhouse.cz\/#\/schema\/person\/image\/","url":"https:\/\/secure.gravatar.com\/avatar\/349e898f7fe64c4a4839cc48a802dd9a?s=96&d=mm&r=g","contentUrl":"https:\/\/secure.gravatar.com\/avatar\/349e898f7fe64c4a4839cc48a802dd9a?s=96&d=mm&r=g","caption":"Jordana Pechov\u00e1"},"sameAs":["http:\/\/BOOKHOUSE.cz"],"url":"https:\/\/bookhouse.cz\/index.php\/author\/jorpech\/"}]}},"_links":{"self":[{"href":"https:\/\/bookhouse.cz\/index.php\/wp-json\/wp\/v2\/posts\/4667"}],"collection":[{"href":"https:\/\/bookhouse.cz\/index.php\/wp-json\/wp\/v2\/posts"}],"about":[{"href":"https:\/\/bookhouse.cz\/index.php\/wp-json\/wp\/v2\/types\/post"}],"author":[{"embeddable":true,"href":"https:\/\/bookhouse.cz\/index.php\/wp-json\/wp\/v2\/users\/7"}],"replies":[{"embeddable":true,"href":"https:\/\/bookhouse.cz\/index.php\/wp-json\/wp\/v2\/comments?post=4667"}],"version-history":[{"count":2,"href":"https:\/\/bookhouse.cz\/index.php\/wp-json\/wp\/v2\/posts\/4667\/revisions"}],"predecessor-version":[{"id":4684,"href":"https:\/\/bookhouse.cz\/index.php\/wp-json\/wp\/v2\/posts\/4667\/revisions\/4684"}],"wp:featuredmedia":[{"embeddable":true,"href":"https:\/\/bookhouse.cz\/index.php\/wp-json\/wp\/v2\/media\/4679"}],"wp:attachment":[{"href":"https:\/\/bookhouse.cz\/index.php\/wp-json\/wp\/v2\/media?parent=4667"}],"wp:term":[{"taxonomy":"category","embeddable":true,"href":"https:\/\/bookhouse.cz\/index.php\/wp-json\/wp\/v2\/categories?post=4667"},{"taxonomy":"post_tag","embeddable":true,"href":"https:\/\/bookhouse.cz\/index.php\/wp-json\/wp\/v2\/tags?post=4667"}],"curies":[{"name":"wp","href":"https:\/\/api.w.org\/{rel}","templated":true}]}}