{"id":4418,"date":"2023-04-09T00:01:00","date_gmt":"2023-04-08T22:01:00","guid":{"rendered":"https:\/\/bookhouse.cz\/?p=4418"},"modified":"2023-04-06T15:41:21","modified_gmt":"2023-04-06T13:41:21","slug":"ghetto-ve-stinu-zlocinu-zdenek-grmolec","status":"publish","type":"post","link":"https:\/\/bookhouse.cz\/index.php\/2023\/04\/09\/ghetto-ve-stinu-zlocinu-zdenek-grmolec\/","title":{"rendered":"Ghetto ve st\u00ednu zlo\u010dinu | Zden\u011bk Grmolec"},"content":{"rendered":"\n<div style=\"height:42px\" aria-hidden=\"true\" class=\"wp-block-spacer\"><\/div>\n\n\n\n<p><strong>Za panov\u00e1n\u00ed c\u00edsa\u0159e Rudolfa II. doch\u00e1z\u00ed k velk\u00e9mu rozkv\u011btu v\u011bdy, kultury a um\u011bn\u00ed. Nast\u00e1v\u00e1i zlat\u00fd v\u011bk \u017eidovstva, p\u0159esto v Praze vznikaj\u00ed antisemick\u00e9 n\u00e1lady. Odp\u016frci tohoto n\u00e1roda se ne\u0161t\u00edt\u00ed ani vra\u017edy nevinn\u00e9 k\u0159es\u0165ansk\u00e9 d\u00edvky, aby zavdali p\u0159\u00ed\u010dinu k pogromu. <\/strong><\/p>\n\n\n\n<div style=\"height:19px\" aria-hidden=\"true\" class=\"wp-block-spacer\"><\/div>\n\n\n\n<div class=\"wp-block-image\"><figure class=\"aligncenter size-large\"><img loading=\"lazy\" decoding=\"async\" width=\"714\" height=\"573\" src=\"https:\/\/bookhouse.cz\/wp-content\/uploads\/2023\/04\/Ghetto-ve-stinu-zlocinu-2.jpg\" alt=\"\" class=\"wp-image-4419\" srcset=\"https:\/\/bookhouse.cz\/wp-content\/uploads\/2023\/04\/Ghetto-ve-stinu-zlocinu-2.jpg 714w, https:\/\/bookhouse.cz\/wp-content\/uploads\/2023\/04\/Ghetto-ve-stinu-zlocinu-2-300x241.jpg 300w\" sizes=\"(max-width: 714px) 100vw, 714px\" \/><\/figure><\/div>\n\n\n\n<div style=\"height:17px\" aria-hidden=\"true\" class=\"wp-block-spacer\"><\/div>\n\n\n\n<p>Za panov\u00e1n\u00ed c\u00edsa\u0159e Rudolfa II. doch\u00e1z\u00ed k velk\u00e9mu rozkv\u011btu v\u011bdy, kultury a um\u011bn\u00ed. Nast\u00e1v\u00e1i zlat\u00fd v\u011bk \u017eidovstva, p\u0159esto v Praze vznikaj\u00ed antisemick\u00e9 n\u00e1lady. Odp\u016frci tohoto n\u00e1roda se ne\u0161t\u00edt\u00ed ani vra\u017edy nevinn\u00e9 k\u0159es\u0165ansk\u00e9 d\u00edvky, aby zavdali p\u0159\u00ed\u010dinu k pogromu. Tomu se sna\u017e\u00ed v\u0161emi prost\u0159edky zabr\u00e1nit bohat\u00fd \u017eidovsk\u00fd bank\u00e9\u0159 Maisl. Pov\u011b\u0159\u00ed tak sv\u00e9ho syna Nathana, aby co nejd\u0159\u00edve celou situaci rozmotal a vyp\u00e1tral vraha Dorotky d\u0159\u00edv, ne\u017e ude\u0159\u00ed znovu\u2026<\/p>\n\n\n\n<div style=\"height:27px\" aria-hidden=\"true\" class=\"wp-block-spacer\"><\/div>\n\n\n\n<div class=\"wp-block-image\"><figure class=\"aligncenter size-large\"><img loading=\"lazy\" decoding=\"async\" width=\"583\" height=\"1025\" src=\"https:\/\/bookhouse.cz\/wp-content\/uploads\/2023\/04\/Ghetto-ve-stinu-zlocinu.jpg\" alt=\"\" class=\"wp-image-4420\" srcset=\"https:\/\/bookhouse.cz\/wp-content\/uploads\/2023\/04\/Ghetto-ve-stinu-zlocinu.jpg 583w, https:\/\/bookhouse.cz\/wp-content\/uploads\/2023\/04\/Ghetto-ve-stinu-zlocinu-171x300.jpg 171w\" sizes=\"(max-width: 583px) 100vw, 583px\" \/><\/figure><\/div>\n\n\n\n<div style=\"height:28px\" aria-hidden=\"true\" class=\"wp-block-spacer\"><\/div>\n\n\n\n<h3 class=\"wp-block-heading\">N\u00e1zev knihy:Ghetto ve st\u00ednu zlo\u010dinu <\/h3>\n\n\n\n<p><strong>Autor:<\/strong>&nbsp;Zden\u011bk Grmolec<\/p>\n\n\n\n<p><strong>Po\u010det stran \/ vazba<\/strong>: 232 stran \/ Pevn\u00e1<\/p>\n\n\n\n<p><strong>Doporu\u010den\u00e1<\/strong>&nbsp;<strong>cena:<\/strong>&nbsp;289 K\u010d<\/p>\n\n\n\n<p><strong>Vydalo<\/strong>:&nbsp;<strong>Nakladatelstv\u00ed Moba<\/strong><\/p>\n\n\n\n<p><strong>V\u00edce informac\u00ed na<\/strong>:&nbsp;<a href=\"https:\/\/www.mobaknihy.cz\/\">www.mobaknihy.cz<\/a><\/p>\n\n\n\n<p><strong>Zdroj foto:<\/strong>&nbsp;Moba<\/p>\n\n\n\n<div style=\"height:100px\" aria-hidden=\"true\" class=\"wp-block-spacer\"><\/div>\n","protected":false},"excerpt":{"rendered":"<p>Za panov\u00e1n\u00ed c\u00edsa\u0159e Rudolfa II. doch\u00e1z\u00ed k velk\u00e9mu rozkv\u011btu v\u011bdy, kultury a um\u011bn\u00ed. Nast\u00e1v\u00e1i zlat\u00fd v\u011bk \u017eidovstva, p\u0159esto v Praze vznikaj\u00ed antisemick\u00e9 n\u00e1lady. Odp\u016frci tohoto n\u00e1roda se ne\u0161t\u00edt\u00ed ani vra\u017edy nevinn\u00e9 k\u0159es\u0165ansk\u00e9 d\u00edvky, aby&#46;&#46;&#46;<\/p>\n","protected":false},"author":7,"featured_media":4419,"comment_status":"closed","ping_status":"closed","sticky":false,"template":"","format":"standard","meta":{"_monsterinsights_skip_tracking":false,"_monsterinsights_sitenote_active":false,"_monsterinsights_sitenote_note":"","_monsterinsights_sitenote_category":0,"footnotes":""},"categories":[2,22,3,23],"tags":[],"yoast_head":"<!-- This site is optimized with the Yoast SEO plugin v21.5 - https:\/\/yoast.com\/wordpress\/plugins\/seo\/ -->\n<title>Ghetto ve st\u00ednu zlo\u010dinu | Zden\u011bk Grmolec - BOOKHOUSE.cz<\/title>\n<meta name=\"robots\" content=\"index, follow, max-snippet:-1, max-image-preview:large, max-video-preview:-1\" \/>\n<link rel=\"canonical\" href=\"https:\/\/bookhouse.cz\/index.php\/2023\/04\/09\/ghetto-ve-stinu-zlocinu-zdenek-grmolec\/\" \/>\n<meta property=\"og:locale\" content=\"cs_CZ\" \/>\n<meta property=\"og:type\" content=\"article\" \/>\n<meta property=\"og:title\" content=\"Ghetto ve st\u00ednu zlo\u010dinu | Zden\u011bk Grmolec - BOOKHOUSE.cz\" \/>\n<meta property=\"og:description\" content=\"Za panov\u00e1n\u00ed c\u00edsa\u0159e Rudolfa II. doch\u00e1z\u00ed k velk\u00e9mu rozkv\u011btu v\u011bdy, kultury a um\u011bn\u00ed. Nast\u00e1v\u00e1i zlat\u00fd v\u011bk \u017eidovstva, p\u0159esto v Praze vznikaj\u00ed antisemick\u00e9 n\u00e1lady. Odp\u016frci tohoto n\u00e1roda se ne\u0161t\u00edt\u00ed ani vra\u017edy nevinn\u00e9 k\u0159es\u0165ansk\u00e9 d\u00edvky, aby&#046;&#046;&#046;\" \/>\n<meta property=\"og:url\" content=\"https:\/\/bookhouse.cz\/index.php\/2023\/04\/09\/ghetto-ve-stinu-zlocinu-zdenek-grmolec\/\" \/>\n<meta property=\"og:site_name\" content=\"BOOKHOUSE.cz\" \/>\n<meta property=\"article:publisher\" content=\"https:\/\/www.facebook.com\/bookhousecz\" \/>\n<meta property=\"article:published_time\" content=\"2023-04-08T22:01:00+00:00\" \/>\n<meta property=\"article:modified_time\" content=\"2023-04-06T13:41:21+00:00\" \/>\n<meta property=\"og:image\" content=\"https:\/\/bookhouse.cz\/wp-content\/uploads\/2023\/04\/Ghetto-ve-stinu-zlocinu-2.jpg\" \/>\n\t<meta property=\"og:image:width\" content=\"714\" \/>\n\t<meta property=\"og:image:height\" content=\"573\" \/>\n\t<meta property=\"og:image:type\" content=\"image\/jpeg\" \/>\n<meta name=\"author\" content=\"Jordana Pechov\u00e1\" \/>\n<meta name=\"twitter:card\" content=\"summary_large_image\" \/>\n<meta name=\"twitter:label1\" content=\"Napsal(a)\" \/>\n\t<meta name=\"twitter:data1\" content=\"Jordana Pechov\u00e1\" \/>\n\t<meta name=\"twitter:label2\" content=\"Odhadovan\u00e1 doba \u010dten\u00ed\" \/>\n\t<meta name=\"twitter:data2\" content=\"1 minuta\" \/>\n<script type=\"application\/ld+json\" class=\"yoast-schema-graph\">{\"@context\":\"https:\/\/schema.org\",\"@graph\":[{\"@type\":\"Article\",\"@id\":\"https:\/\/bookhouse.cz\/index.php\/2023\/04\/09\/ghetto-ve-stinu-zlocinu-zdenek-grmolec\/#article\",\"isPartOf\":{\"@id\":\"https:\/\/bookhouse.cz\/index.php\/2023\/04\/09\/ghetto-ve-stinu-zlocinu-zdenek-grmolec\/\"},\"author\":{\"name\":\"Jordana Pechov\u00e1\",\"@id\":\"https:\/\/bookhouse.cz\/#\/schema\/person\/9ae7ff6c213e87d0710d7b7283c1408d\"},\"headline\":\"Ghetto ve st\u00ednu zlo\u010dinu | Zden\u011bk Grmolec\",\"datePublished\":\"2023-04-08T22:01:00+00:00\",\"dateModified\":\"2023-04-06T13:41:21+00:00\",\"mainEntityOfPage\":{\"@id\":\"https:\/\/bookhouse.cz\/index.php\/2023\/04\/09\/ghetto-ve-stinu-zlocinu-zdenek-grmolec\/\"},\"wordCount\":207,\"publisher\":{\"@id\":\"https:\/\/bookhouse.cz\/#organization\"},\"articleSection\":[\"BELETRIE\",\"HISTORIE\",\"NEWS\",\"ROM\u00c1NY\"],\"inLanguage\":\"cs\"},{\"@type\":\"WebPage\",\"@id\":\"https:\/\/bookhouse.cz\/index.php\/2023\/04\/09\/ghetto-ve-stinu-zlocinu-zdenek-grmolec\/\",\"url\":\"https:\/\/bookhouse.cz\/index.php\/2023\/04\/09\/ghetto-ve-stinu-zlocinu-zdenek-grmolec\/\",\"name\":\"Ghetto ve st\u00ednu zlo\u010dinu | Zden\u011bk Grmolec - BOOKHOUSE.cz\",\"isPartOf\":{\"@id\":\"https:\/\/bookhouse.cz\/#website\"},\"datePublished\":\"2023-04-08T22:01:00+00:00\",\"dateModified\":\"2023-04-06T13:41:21+00:00\",\"breadcrumb\":{\"@id\":\"https:\/\/bookhouse.cz\/index.php\/2023\/04\/09\/ghetto-ve-stinu-zlocinu-zdenek-grmolec\/#breadcrumb\"},\"inLanguage\":\"cs\",\"potentialAction\":[{\"@type\":\"ReadAction\",\"target\":[\"https:\/\/bookhouse.cz\/index.php\/2023\/04\/09\/ghetto-ve-stinu-zlocinu-zdenek-grmolec\/\"]}]},{\"@type\":\"BreadcrumbList\",\"@id\":\"https:\/\/bookhouse.cz\/index.php\/2023\/04\/09\/ghetto-ve-stinu-zlocinu-zdenek-grmolec\/#breadcrumb\",\"itemListElement\":[{\"@type\":\"ListItem\",\"position\":1,\"name\":\"Dom\u016f\",\"item\":\"https:\/\/bookhouse.cz\/\"},{\"@type\":\"ListItem\",\"position\":2,\"name\":\"Ghetto ve st\u00ednu zlo\u010dinu | Zden\u011bk Grmolec\"}]},{\"@type\":\"WebSite\",\"@id\":\"https:\/\/bookhouse.cz\/#website\",\"url\":\"https:\/\/bookhouse.cz\/\",\"name\":\"BOOKHOUSE.cz\",\"description\":\"Port\u00e1l o kni\u017en\u00edch novink\u00e1ch.\",\"publisher\":{\"@id\":\"https:\/\/bookhouse.cz\/#organization\"},\"potentialAction\":[{\"@type\":\"SearchAction\",\"target\":{\"@type\":\"EntryPoint\",\"urlTemplate\":\"https:\/\/bookhouse.cz\/?s={search_term_string}\"},\"query-input\":\"required name=search_term_string\"}],\"inLanguage\":\"cs\"},{\"@type\":\"Organization\",\"@id\":\"https:\/\/bookhouse.cz\/#organization\",\"name\":\"BOOKHOUSE.cz\",\"url\":\"https:\/\/bookhouse.cz\/\",\"logo\":{\"@type\":\"ImageObject\",\"inLanguage\":\"cs\",\"@id\":\"https:\/\/bookhouse.cz\/#\/schema\/logo\/image\/\",\"url\":\"https:\/\/bookhouse.cz\/wp-content\/uploads\/2024\/12\/cropped-Logo_BookHouse.jpg\",\"contentUrl\":\"https:\/\/bookhouse.cz\/wp-content\/uploads\/2024\/12\/cropped-Logo_BookHouse.jpg\",\"width\":938,\"height\":513,\"caption\":\"BOOKHOUSE.cz\"},\"image\":{\"@id\":\"https:\/\/bookhouse.cz\/#\/schema\/logo\/image\/\"},\"sameAs\":[\"https:\/\/www.facebook.com\/bookhousecz\",\"https:\/\/www.instagram.com\/bookhousecz\"]},{\"@type\":\"Person\",\"@id\":\"https:\/\/bookhouse.cz\/#\/schema\/person\/9ae7ff6c213e87d0710d7b7283c1408d\",\"name\":\"Jordana Pechov\u00e1\",\"image\":{\"@type\":\"ImageObject\",\"inLanguage\":\"cs\",\"@id\":\"https:\/\/bookhouse.cz\/#\/schema\/person\/image\/\",\"url\":\"https:\/\/secure.gravatar.com\/avatar\/349e898f7fe64c4a4839cc48a802dd9a?s=96&d=mm&r=g\",\"contentUrl\":\"https:\/\/secure.gravatar.com\/avatar\/349e898f7fe64c4a4839cc48a802dd9a?s=96&d=mm&r=g\",\"caption\":\"Jordana Pechov\u00e1\"},\"sameAs\":[\"http:\/\/BOOKHOUSE.cz\"],\"url\":\"https:\/\/bookhouse.cz\/index.php\/author\/jorpech\/\"}]}<\/script>\n<!-- \/ Yoast SEO plugin. -->","yoast_head_json":{"title":"Ghetto ve st\u00ednu zlo\u010dinu | Zden\u011bk Grmolec - BOOKHOUSE.cz","robots":{"index":"index","follow":"follow","max-snippet":"max-snippet:-1","max-image-preview":"max-image-preview:large","max-video-preview":"max-video-preview:-1"},"canonical":"https:\/\/bookhouse.cz\/index.php\/2023\/04\/09\/ghetto-ve-stinu-zlocinu-zdenek-grmolec\/","og_locale":"cs_CZ","og_type":"article","og_title":"Ghetto ve st\u00ednu zlo\u010dinu | Zden\u011bk Grmolec - BOOKHOUSE.cz","og_description":"Za panov\u00e1n\u00ed c\u00edsa\u0159e Rudolfa II. doch\u00e1z\u00ed k velk\u00e9mu rozkv\u011btu v\u011bdy, kultury a um\u011bn\u00ed. Nast\u00e1v\u00e1i zlat\u00fd v\u011bk \u017eidovstva, p\u0159esto v Praze vznikaj\u00ed antisemick\u00e9 n\u00e1lady. Odp\u016frci tohoto n\u00e1roda se ne\u0161t\u00edt\u00ed ani vra\u017edy nevinn\u00e9 k\u0159es\u0165ansk\u00e9 d\u00edvky, aby&#46;&#46;&#46;","og_url":"https:\/\/bookhouse.cz\/index.php\/2023\/04\/09\/ghetto-ve-stinu-zlocinu-zdenek-grmolec\/","og_site_name":"BOOKHOUSE.cz","article_publisher":"https:\/\/www.facebook.com\/bookhousecz","article_published_time":"2023-04-08T22:01:00+00:00","article_modified_time":"2023-04-06T13:41:21+00:00","og_image":[{"width":714,"height":573,"url":"https:\/\/bookhouse.cz\/wp-content\/uploads\/2023\/04\/Ghetto-ve-stinu-zlocinu-2.jpg","type":"image\/jpeg"}],"author":"Jordana Pechov\u00e1","twitter_card":"summary_large_image","twitter_misc":{"Napsal(a)":"Jordana Pechov\u00e1","Odhadovan\u00e1 doba \u010dten\u00ed":"1 minuta"},"schema":{"@context":"https:\/\/schema.org","@graph":[{"@type":"Article","@id":"https:\/\/bookhouse.cz\/index.php\/2023\/04\/09\/ghetto-ve-stinu-zlocinu-zdenek-grmolec\/#article","isPartOf":{"@id":"https:\/\/bookhouse.cz\/index.php\/2023\/04\/09\/ghetto-ve-stinu-zlocinu-zdenek-grmolec\/"},"author":{"name":"Jordana Pechov\u00e1","@id":"https:\/\/bookhouse.cz\/#\/schema\/person\/9ae7ff6c213e87d0710d7b7283c1408d"},"headline":"Ghetto ve st\u00ednu zlo\u010dinu | Zden\u011bk Grmolec","datePublished":"2023-04-08T22:01:00+00:00","dateModified":"2023-04-06T13:41:21+00:00","mainEntityOfPage":{"@id":"https:\/\/bookhouse.cz\/index.php\/2023\/04\/09\/ghetto-ve-stinu-zlocinu-zdenek-grmolec\/"},"wordCount":207,"publisher":{"@id":"https:\/\/bookhouse.cz\/#organization"},"articleSection":["BELETRIE","HISTORIE","NEWS","ROM\u00c1NY"],"inLanguage":"cs"},{"@type":"WebPage","@id":"https:\/\/bookhouse.cz\/index.php\/2023\/04\/09\/ghetto-ve-stinu-zlocinu-zdenek-grmolec\/","url":"https:\/\/bookhouse.cz\/index.php\/2023\/04\/09\/ghetto-ve-stinu-zlocinu-zdenek-grmolec\/","name":"Ghetto ve st\u00ednu zlo\u010dinu | Zden\u011bk Grmolec - BOOKHOUSE.cz","isPartOf":{"@id":"https:\/\/bookhouse.cz\/#website"},"datePublished":"2023-04-08T22:01:00+00:00","dateModified":"2023-04-06T13:41:21+00:00","breadcrumb":{"@id":"https:\/\/bookhouse.cz\/index.php\/2023\/04\/09\/ghetto-ve-stinu-zlocinu-zdenek-grmolec\/#breadcrumb"},"inLanguage":"cs","potentialAction":[{"@type":"ReadAction","target":["https:\/\/bookhouse.cz\/index.php\/2023\/04\/09\/ghetto-ve-stinu-zlocinu-zdenek-grmolec\/"]}]},{"@type":"BreadcrumbList","@id":"https:\/\/bookhouse.cz\/index.php\/2023\/04\/09\/ghetto-ve-stinu-zlocinu-zdenek-grmolec\/#breadcrumb","itemListElement":[{"@type":"ListItem","position":1,"name":"Dom\u016f","item":"https:\/\/bookhouse.cz\/"},{"@type":"ListItem","position":2,"name":"Ghetto ve st\u00ednu zlo\u010dinu | Zden\u011bk Grmolec"}]},{"@type":"WebSite","@id":"https:\/\/bookhouse.cz\/#website","url":"https:\/\/bookhouse.cz\/","name":"BOOKHOUSE.cz","description":"Port\u00e1l o kni\u017en\u00edch novink\u00e1ch.","publisher":{"@id":"https:\/\/bookhouse.cz\/#organization"},"potentialAction":[{"@type":"SearchAction","target":{"@type":"EntryPoint","urlTemplate":"https:\/\/bookhouse.cz\/?s={search_term_string}"},"query-input":"required name=search_term_string"}],"inLanguage":"cs"},{"@type":"Organization","@id":"https:\/\/bookhouse.cz\/#organization","name":"BOOKHOUSE.cz","url":"https:\/\/bookhouse.cz\/","logo":{"@type":"ImageObject","inLanguage":"cs","@id":"https:\/\/bookhouse.cz\/#\/schema\/logo\/image\/","url":"https:\/\/bookhouse.cz\/wp-content\/uploads\/2024\/12\/cropped-Logo_BookHouse.jpg","contentUrl":"https:\/\/bookhouse.cz\/wp-content\/uploads\/2024\/12\/cropped-Logo_BookHouse.jpg","width":938,"height":513,"caption":"BOOKHOUSE.cz"},"image":{"@id":"https:\/\/bookhouse.cz\/#\/schema\/logo\/image\/"},"sameAs":["https:\/\/www.facebook.com\/bookhousecz","https:\/\/www.instagram.com\/bookhousecz"]},{"@type":"Person","@id":"https:\/\/bookhouse.cz\/#\/schema\/person\/9ae7ff6c213e87d0710d7b7283c1408d","name":"Jordana Pechov\u00e1","image":{"@type":"ImageObject","inLanguage":"cs","@id":"https:\/\/bookhouse.cz\/#\/schema\/person\/image\/","url":"https:\/\/secure.gravatar.com\/avatar\/349e898f7fe64c4a4839cc48a802dd9a?s=96&d=mm&r=g","contentUrl":"https:\/\/secure.gravatar.com\/avatar\/349e898f7fe64c4a4839cc48a802dd9a?s=96&d=mm&r=g","caption":"Jordana Pechov\u00e1"},"sameAs":["http:\/\/BOOKHOUSE.cz"],"url":"https:\/\/bookhouse.cz\/index.php\/author\/jorpech\/"}]}},"_links":{"self":[{"href":"https:\/\/bookhouse.cz\/index.php\/wp-json\/wp\/v2\/posts\/4418"}],"collection":[{"href":"https:\/\/bookhouse.cz\/index.php\/wp-json\/wp\/v2\/posts"}],"about":[{"href":"https:\/\/bookhouse.cz\/index.php\/wp-json\/wp\/v2\/types\/post"}],"author":[{"embeddable":true,"href":"https:\/\/bookhouse.cz\/index.php\/wp-json\/wp\/v2\/users\/7"}],"replies":[{"embeddable":true,"href":"https:\/\/bookhouse.cz\/index.php\/wp-json\/wp\/v2\/comments?post=4418"}],"version-history":[{"count":2,"href":"https:\/\/bookhouse.cz\/index.php\/wp-json\/wp\/v2\/posts\/4418\/revisions"}],"predecessor-version":[{"id":4428,"href":"https:\/\/bookhouse.cz\/index.php\/wp-json\/wp\/v2\/posts\/4418\/revisions\/4428"}],"wp:featuredmedia":[{"embeddable":true,"href":"https:\/\/bookhouse.cz\/index.php\/wp-json\/wp\/v2\/media\/4419"}],"wp:attachment":[{"href":"https:\/\/bookhouse.cz\/index.php\/wp-json\/wp\/v2\/media?parent=4418"}],"wp:term":[{"taxonomy":"category","embeddable":true,"href":"https:\/\/bookhouse.cz\/index.php\/wp-json\/wp\/v2\/categories?post=4418"},{"taxonomy":"post_tag","embeddable":true,"href":"https:\/\/bookhouse.cz\/index.php\/wp-json\/wp\/v2\/tags?post=4418"}],"curies":[{"name":"wp","href":"https:\/\/api.w.org\/{rel}","templated":true}]}}