{"id":4180,"date":"2023-02-15T00:01:00","date_gmt":"2023-02-14T23:01:00","guid":{"rendered":"https:\/\/bookhouse.cz\/?p=4180"},"modified":"2023-03-18T01:00:01","modified_gmt":"2023-03-18T00:00:01","slug":"ten-co-kraci-se-smrti-barb-rydl","status":"publish","type":"post","link":"https:\/\/bookhouse.cz\/index.php\/2023\/02\/15\/ten-co-kraci-se-smrti-barb-rydl\/","title":{"rendered":"Ten, co kr\u00e1\u010d\u00ed se Smrt\u00ed | Barb R\u00fddl"},"content":{"rendered":"\n<div style=\"height:35px\" aria-hidden=\"true\" class=\"wp-block-spacer\"><\/div>\n\n\n\n<p>&nbsp;<strong>Fantasy o postar\u0161\u00edm detektivovi, kter\u00e9mu se otev\u0159e sv\u011bt prapodivn\u00e9 Smrti a dal\u0161\u00edch nadp\u0159irozen\u00fdch bytost\u00ed.<\/strong>&nbsp;<\/p>\n\n\n\n<div style=\"height:17px\" aria-hidden=\"true\" class=\"wp-block-spacer\"><\/div>\n\n\n\n<div class=\"wp-block-image\"><figure class=\"aligncenter size-large\"><img loading=\"lazy\" decoding=\"async\" width=\"1024\" height=\"641\" src=\"https:\/\/bookhouse.cz\/wp-content\/uploads\/2023\/02\/A101I0F0004100_ten-co-kraci-se-smrti-2d_TTL-1024x641.jpg\" alt=\"\" class=\"wp-image-4273\" srcset=\"https:\/\/bookhouse.cz\/wp-content\/uploads\/2023\/02\/A101I0F0004100_ten-co-kraci-se-smrti-2d_TTL-1024x641.jpg 1024w, https:\/\/bookhouse.cz\/wp-content\/uploads\/2023\/02\/A101I0F0004100_ten-co-kraci-se-smrti-2d_TTL-300x188.jpg 300w, https:\/\/bookhouse.cz\/wp-content\/uploads\/2023\/02\/A101I0F0004100_ten-co-kraci-se-smrti-2d_TTL-768x481.jpg 768w, https:\/\/bookhouse.cz\/wp-content\/uploads\/2023\/02\/A101I0F0004100_ten-co-kraci-se-smrti-2d_TTL.jpg 1450w\" sizes=\"(max-width: 1024px) 100vw, 1024px\" \/><\/figure><\/div>\n\n\n\n<div style=\"height:17px\" aria-hidden=\"true\" class=\"wp-block-spacer\"><\/div>\n\n\n\n<p>Detektiv Sam si nemysl\u00ed, \u017ee slu\u017eba Smrti je n\u011bco, co bychom nutn\u011b pot\u0159ebovali. Smrt sama by asi podotkla, \u017ee lid\u00e9 um\u00edrat mus\u00ed, jen\u017ee Sam si stejn\u011b mysl\u00ed sv\u00e9. Jejich ha\u0161te\u0159iv\u00fd vztah\u2013nevztah rozehr\u00e1v\u00e1 d\u011bj tohoto paradoxn\u00edho p\u0159\u00edb\u011bhu, kde se setk\u00e1v\u00e1 uzav\u0159en\u00e1, introvertn\u00ed, nabru\u010den\u00e1 lidsk\u00e1 bytost s upov\u00eddanou, zv\u00eddavou a t\u00e9m\u011b\u0159 a\u017e rozkazova\u010dnou Smrt\u00ed, kter\u00e1 m\u00e1 slabost pro cabernet sauvignon. Jak na sebe tihle dva vlastn\u011b narazili a pro\u010d musej\u00ed sd\u00edlet spole\u010dn\u00e9 chv\u00edle?<\/p>\n\n\n\n<div style=\"height:17px\" aria-hidden=\"true\" class=\"wp-block-spacer\"><\/div>\n\n\n\n<div class=\"wp-block-image\"><figure class=\"aligncenter size-large\"><img loading=\"lazy\" decoding=\"async\" width=\"726\" height=\"1024\" src=\"https:\/\/bookhouse.cz\/wp-content\/uploads\/2023\/02\/A101I0F0004100_ten-co-kraci-se-smrti-2d-726x1024.jpg\" alt=\"\" class=\"wp-image-4274\" srcset=\"https:\/\/bookhouse.cz\/wp-content\/uploads\/2023\/02\/A101I0F0004100_ten-co-kraci-se-smrti-2d-726x1024.jpg 726w, https:\/\/bookhouse.cz\/wp-content\/uploads\/2023\/02\/A101I0F0004100_ten-co-kraci-se-smrti-2d-213x300.jpg 213w, https:\/\/bookhouse.cz\/wp-content\/uploads\/2023\/02\/A101I0F0004100_ten-co-kraci-se-smrti-2d-768x1084.jpg 768w, https:\/\/bookhouse.cz\/wp-content\/uploads\/2023\/02\/A101I0F0004100_ten-co-kraci-se-smrti-2d.jpg 886w\" sizes=\"(max-width: 726px) 100vw, 726px\" \/><\/figure><\/div>\n\n\n\n<div style=\"height:17px\" aria-hidden=\"true\" class=\"wp-block-spacer\"><\/div>\n\n\n\n<h4 class=\"wp-block-heading\">N\u00e1zev knihy: Ten, co kr\u00e1\u010d\u00ed se Smrt\u00ed<\/h4>\n\n\n\n<p><strong>Autor:<\/strong>&nbsp;Barb R\u00fddl<\/p>\n\n\n\n<p><strong>\u017d\u00e1nr:<\/strong>&nbsp;fantasy<\/p>\n\n\n\n<p><strong>Jazyk:&nbsp;<\/strong>\u010de\u0161tina<\/p>\n\n\n\n<p><strong>Po\u010det stran:<\/strong>&nbsp;480 stran<\/p>\n\n\n\n<p><strong>Form\u00e1t:<\/strong>&nbsp;145 x 205 mm mm<\/p>\n\n\n\n<p><strong>Vazba:<\/strong>&nbsp;v\u00e1zan\u00e1 s laminovan\u00fdm potahem<\/p>\n\n\n\n<p><strong>Hmotnost:<\/strong>&nbsp;0,785 kg<\/p>\n\n\n\n<p><strong>Doporu\u010den\u00e1 cena:<\/strong> 549 K\u010d<\/p>\n\n\n\n<p><strong>Nakladatelstv\u00ed:<\/strong>&nbsp;<strong>Albatros Media<\/strong>&nbsp;(<strong><a href=\"https:\/\/www.albatrosmedia.cz\/znacka\/60018378\/pointa\/\">Pointa<\/a><\/strong>)<\/p>\n\n\n\n<div style=\"height:100px\" aria-hidden=\"true\" class=\"wp-block-spacer\"><\/div>\n\n\n\n<figure class=\"wp-block-gallery columns-2 is-cropped wp-block-gallery-1 is-layout-flex wp-block-gallery-is-layout-flex\"><ul class=\"blocks-gallery-grid\"><li class=\"blocks-gallery-item\"><figure><img loading=\"lazy\" decoding=\"async\" width=\"724\" height=\"1024\" src=\"https:\/\/bookhouse.cz\/wp-content\/uploads\/2023\/02\/A101I0F0004100_ten-co-kraci-se-smrti-list4-724x1024.jpg\" alt=\"\" data-id=\"4279\" data-full-url=\"https:\/\/bookhouse.cz\/wp-content\/uploads\/2023\/02\/A101I0F0004100_ten-co-kraci-se-smrti-list4.jpg\" data-link=\"https:\/\/bookhouse.cz\/?attachment_id=4279\" class=\"wp-image-4279\" srcset=\"https:\/\/bookhouse.cz\/wp-content\/uploads\/2023\/02\/A101I0F0004100_ten-co-kraci-se-smrti-list4-724x1024.jpg 724w, https:\/\/bookhouse.cz\/wp-content\/uploads\/2023\/02\/A101I0F0004100_ten-co-kraci-se-smrti-list4-212x300.jpg 212w, https:\/\/bookhouse.cz\/wp-content\/uploads\/2023\/02\/A101I0F0004100_ten-co-kraci-se-smrti-list4-768x1086.jpg 768w, https:\/\/bookhouse.cz\/wp-content\/uploads\/2023\/02\/A101I0F0004100_ten-co-kraci-se-smrti-list4.jpg 884w\" sizes=\"(max-width: 724px) 100vw, 724px\" \/><\/figure><\/li><li class=\"blocks-gallery-item\"><figure><img loading=\"lazy\" decoding=\"async\" width=\"724\" height=\"1024\" src=\"https:\/\/bookhouse.cz\/wp-content\/uploads\/2023\/02\/A101I0F0004100_ten-co-kraci-se-smrti-list1-724x1024.jpg\" alt=\"\" data-id=\"4276\" data-full-url=\"https:\/\/bookhouse.cz\/wp-content\/uploads\/2023\/02\/A101I0F0004100_ten-co-kraci-se-smrti-list1.jpg\" data-link=\"https:\/\/bookhouse.cz\/?attachment_id=4276\" class=\"wp-image-4276\" srcset=\"https:\/\/bookhouse.cz\/wp-content\/uploads\/2023\/02\/A101I0F0004100_ten-co-kraci-se-smrti-list1-724x1024.jpg 724w, https:\/\/bookhouse.cz\/wp-content\/uploads\/2023\/02\/A101I0F0004100_ten-co-kraci-se-smrti-list1-212x300.jpg 212w, https:\/\/bookhouse.cz\/wp-content\/uploads\/2023\/02\/A101I0F0004100_ten-co-kraci-se-smrti-list1-768x1086.jpg 768w, https:\/\/bookhouse.cz\/wp-content\/uploads\/2023\/02\/A101I0F0004100_ten-co-kraci-se-smrti-list1.jpg 884w\" sizes=\"(max-width: 724px) 100vw, 724px\" \/><\/figure><\/li><li class=\"blocks-gallery-item\"><figure><img loading=\"lazy\" decoding=\"async\" width=\"724\" height=\"1024\" src=\"https:\/\/bookhouse.cz\/wp-content\/uploads\/2023\/02\/A101I0F0004100_ten-co-kraci-se-smrti-list2-724x1024.jpg\" alt=\"\" data-id=\"4277\" data-full-url=\"https:\/\/bookhouse.cz\/wp-content\/uploads\/2023\/02\/A101I0F0004100_ten-co-kraci-se-smrti-list2.jpg\" data-link=\"https:\/\/bookhouse.cz\/?attachment_id=4277\" class=\"wp-image-4277\" srcset=\"https:\/\/bookhouse.cz\/wp-content\/uploads\/2023\/02\/A101I0F0004100_ten-co-kraci-se-smrti-list2-724x1024.jpg 724w, https:\/\/bookhouse.cz\/wp-content\/uploads\/2023\/02\/A101I0F0004100_ten-co-kraci-se-smrti-list2-212x300.jpg 212w, https:\/\/bookhouse.cz\/wp-content\/uploads\/2023\/02\/A101I0F0004100_ten-co-kraci-se-smrti-list2-768x1086.jpg 768w, https:\/\/bookhouse.cz\/wp-content\/uploads\/2023\/02\/A101I0F0004100_ten-co-kraci-se-smrti-list2.jpg 884w\" sizes=\"(max-width: 724px) 100vw, 724px\" \/><\/figure><\/li><li class=\"blocks-gallery-item\"><figure><img loading=\"lazy\" decoding=\"async\" width=\"724\" height=\"1024\" src=\"https:\/\/bookhouse.cz\/wp-content\/uploads\/2023\/02\/A101I0F0004100_ten-co-kraci-se-smrti-list3-724x1024.jpg\" alt=\"\" data-id=\"4278\" data-full-url=\"https:\/\/bookhouse.cz\/wp-content\/uploads\/2023\/02\/A101I0F0004100_ten-co-kraci-se-smrti-list3.jpg\" data-link=\"https:\/\/bookhouse.cz\/?attachment_id=4278\" class=\"wp-image-4278\" srcset=\"https:\/\/bookhouse.cz\/wp-content\/uploads\/2023\/02\/A101I0F0004100_ten-co-kraci-se-smrti-list3-724x1024.jpg 724w, https:\/\/bookhouse.cz\/wp-content\/uploads\/2023\/02\/A101I0F0004100_ten-co-kraci-se-smrti-list3-212x300.jpg 212w, https:\/\/bookhouse.cz\/wp-content\/uploads\/2023\/02\/A101I0F0004100_ten-co-kraci-se-smrti-list3-768x1086.jpg 768w, https:\/\/bookhouse.cz\/wp-content\/uploads\/2023\/02\/A101I0F0004100_ten-co-kraci-se-smrti-list3.jpg 884w\" sizes=\"(max-width: 724px) 100vw, 724px\" \/><\/figure><\/li><li class=\"blocks-gallery-item\"><figure><img loading=\"lazy\" decoding=\"async\" width=\"726\" height=\"1024\" src=\"https:\/\/bookhouse.cz\/wp-content\/uploads\/2023\/02\/A101I0F0004100_ten-co-kraci-se-smrti-2d-1-726x1024.jpg\" alt=\"\" data-id=\"4275\" data-full-url=\"https:\/\/bookhouse.cz\/wp-content\/uploads\/2023\/02\/A101I0F0004100_ten-co-kraci-se-smrti-2d-1.jpg\" data-link=\"https:\/\/bookhouse.cz\/?attachment_id=4275\" class=\"wp-image-4275\" srcset=\"https:\/\/bookhouse.cz\/wp-content\/uploads\/2023\/02\/A101I0F0004100_ten-co-kraci-se-smrti-2d-1-726x1024.jpg 726w, https:\/\/bookhouse.cz\/wp-content\/uploads\/2023\/02\/A101I0F0004100_ten-co-kraci-se-smrti-2d-1-213x300.jpg 213w, https:\/\/bookhouse.cz\/wp-content\/uploads\/2023\/02\/A101I0F0004100_ten-co-kraci-se-smrti-2d-1-768x1084.jpg 768w, https:\/\/bookhouse.cz\/wp-content\/uploads\/2023\/02\/A101I0F0004100_ten-co-kraci-se-smrti-2d-1.jpg 886w\" sizes=\"(max-width: 726px) 100vw, 726px\" \/><\/figure><\/li><\/ul><\/figure>\n\n\n\n<p><strong>Zdroj foto: <\/strong>Albatros Media, Pointa<\/p>\n\n\n\n<div style=\"height:100px\" aria-hidden=\"true\" class=\"wp-block-spacer\"><\/div>\n","protected":false},"excerpt":{"rendered":"<p>&nbsp;Fantasy o postar\u0161\u00edm detektivovi, kter\u00e9mu se otev\u0159e sv\u011bt prapodivn\u00e9 Smrti a dal\u0161\u00edch nadp\u0159irozen\u00fdch bytost\u00ed.&nbsp; Detektiv Sam si nemysl\u00ed, \u017ee slu\u017eba Smrti je n\u011bco, co bychom nutn\u011b pot\u0159ebovali. Smrt sama by asi podotkla, \u017ee lid\u00e9&#46;&#46;&#46;<\/p>\n","protected":false},"author":3,"featured_media":4273,"comment_status":"closed","ping_status":"closed","sticky":false,"template":"","format":"standard","meta":{"_monsterinsights_skip_tracking":false,"_monsterinsights_sitenote_active":false,"_monsterinsights_sitenote_note":"","_monsterinsights_sitenote_category":0,"footnotes":""},"categories":[2,3],"tags":[],"yoast_head":"<!-- This site is optimized with the Yoast SEO plugin v21.5 - https:\/\/yoast.com\/wordpress\/plugins\/seo\/ -->\n<title>Ten, co kr\u00e1\u010d\u00ed se Smrt\u00ed | Barb R\u00fddl - BOOKHOUSE.cz<\/title>\n<meta name=\"robots\" content=\"index, follow, max-snippet:-1, max-image-preview:large, max-video-preview:-1\" \/>\n<link rel=\"canonical\" href=\"https:\/\/bookhouse.cz\/index.php\/2023\/02\/15\/ten-co-kraci-se-smrti-barb-rydl\/\" \/>\n<meta property=\"og:locale\" content=\"cs_CZ\" \/>\n<meta property=\"og:type\" content=\"article\" \/>\n<meta property=\"og:title\" content=\"Ten, co kr\u00e1\u010d\u00ed se Smrt\u00ed | Barb R\u00fddl - BOOKHOUSE.cz\" \/>\n<meta property=\"og:description\" content=\"&nbsp;Fantasy o postar\u0161\u00edm detektivovi, kter\u00e9mu se otev\u0159e sv\u011bt prapodivn\u00e9 Smrti a dal\u0161\u00edch nadp\u0159irozen\u00fdch bytost\u00ed.&nbsp; Detektiv Sam si nemysl\u00ed, \u017ee slu\u017eba Smrti je n\u011bco, co bychom nutn\u011b pot\u0159ebovali. Smrt sama by asi podotkla, \u017ee lid\u00e9&#046;&#046;&#046;\" \/>\n<meta property=\"og:url\" content=\"https:\/\/bookhouse.cz\/index.php\/2023\/02\/15\/ten-co-kraci-se-smrti-barb-rydl\/\" \/>\n<meta property=\"og:site_name\" content=\"BOOKHOUSE.cz\" \/>\n<meta property=\"article:publisher\" content=\"https:\/\/www.facebook.com\/bookhousecz\" \/>\n<meta property=\"article:published_time\" content=\"2023-02-14T23:01:00+00:00\" \/>\n<meta property=\"article:modified_time\" content=\"2023-03-18T00:00:01+00:00\" \/>\n<meta property=\"og:image\" content=\"https:\/\/bookhouse.cz\/wp-content\/uploads\/2023\/02\/A101I0F0004100_ten-co-kraci-se-smrti-2d_TTL.jpg\" \/>\n\t<meta property=\"og:image:width\" content=\"1450\" \/>\n\t<meta property=\"og:image:height\" content=\"908\" \/>\n\t<meta property=\"og:image:type\" content=\"image\/jpeg\" \/>\n<meta name=\"author\" content=\"Jolana Hol\u00e1\u0148ov\u00e1\" \/>\n<meta name=\"twitter:card\" content=\"summary_large_image\" \/>\n<meta name=\"twitter:label1\" content=\"Napsal(a)\" \/>\n\t<meta name=\"twitter:data1\" content=\"Jolana Hol\u00e1\u0148ov\u00e1\" \/>\n\t<meta name=\"twitter:label2\" content=\"Odhadovan\u00e1 doba \u010dten\u00ed\" \/>\n\t<meta name=\"twitter:data2\" content=\"1 minuta\" \/>\n<script type=\"application\/ld+json\" class=\"yoast-schema-graph\">{\"@context\":\"https:\/\/schema.org\",\"@graph\":[{\"@type\":\"Article\",\"@id\":\"https:\/\/bookhouse.cz\/index.php\/2023\/02\/15\/ten-co-kraci-se-smrti-barb-rydl\/#article\",\"isPartOf\":{\"@id\":\"https:\/\/bookhouse.cz\/index.php\/2023\/02\/15\/ten-co-kraci-se-smrti-barb-rydl\/\"},\"author\":{\"name\":\"Jolana Hol\u00e1\u0148ov\u00e1\",\"@id\":\"https:\/\/bookhouse.cz\/#\/schema\/person\/92706019a8c9280785ef6e38ea35e04c\"},\"headline\":\"Ten, co kr\u00e1\u010d\u00ed se Smrt\u00ed | Barb R\u00fddl\",\"datePublished\":\"2023-02-14T23:01:00+00:00\",\"dateModified\":\"2023-03-18T00:00:01+00:00\",\"mainEntityOfPage\":{\"@id\":\"https:\/\/bookhouse.cz\/index.php\/2023\/02\/15\/ten-co-kraci-se-smrti-barb-rydl\/\"},\"wordCount\":182,\"publisher\":{\"@id\":\"https:\/\/bookhouse.cz\/#organization\"},\"articleSection\":[\"BELETRIE\",\"NEWS\"],\"inLanguage\":\"cs\"},{\"@type\":\"WebPage\",\"@id\":\"https:\/\/bookhouse.cz\/index.php\/2023\/02\/15\/ten-co-kraci-se-smrti-barb-rydl\/\",\"url\":\"https:\/\/bookhouse.cz\/index.php\/2023\/02\/15\/ten-co-kraci-se-smrti-barb-rydl\/\",\"name\":\"Ten, co kr\u00e1\u010d\u00ed se Smrt\u00ed | Barb R\u00fddl - BOOKHOUSE.cz\",\"isPartOf\":{\"@id\":\"https:\/\/bookhouse.cz\/#website\"},\"datePublished\":\"2023-02-14T23:01:00+00:00\",\"dateModified\":\"2023-03-18T00:00:01+00:00\",\"breadcrumb\":{\"@id\":\"https:\/\/bookhouse.cz\/index.php\/2023\/02\/15\/ten-co-kraci-se-smrti-barb-rydl\/#breadcrumb\"},\"inLanguage\":\"cs\",\"potentialAction\":[{\"@type\":\"ReadAction\",\"target\":[\"https:\/\/bookhouse.cz\/index.php\/2023\/02\/15\/ten-co-kraci-se-smrti-barb-rydl\/\"]}]},{\"@type\":\"BreadcrumbList\",\"@id\":\"https:\/\/bookhouse.cz\/index.php\/2023\/02\/15\/ten-co-kraci-se-smrti-barb-rydl\/#breadcrumb\",\"itemListElement\":[{\"@type\":\"ListItem\",\"position\":1,\"name\":\"Dom\u016f\",\"item\":\"https:\/\/bookhouse.cz\/\"},{\"@type\":\"ListItem\",\"position\":2,\"name\":\"Ten, co kr\u00e1\u010d\u00ed se Smrt\u00ed | Barb R\u00fddl\"}]},{\"@type\":\"WebSite\",\"@id\":\"https:\/\/bookhouse.cz\/#website\",\"url\":\"https:\/\/bookhouse.cz\/\",\"name\":\"BOOKHOUSE.cz\",\"description\":\"Port\u00e1l o kni\u017en\u00edch novink\u00e1ch.\",\"publisher\":{\"@id\":\"https:\/\/bookhouse.cz\/#organization\"},\"potentialAction\":[{\"@type\":\"SearchAction\",\"target\":{\"@type\":\"EntryPoint\",\"urlTemplate\":\"https:\/\/bookhouse.cz\/?s={search_term_string}\"},\"query-input\":\"required name=search_term_string\"}],\"inLanguage\":\"cs\"},{\"@type\":\"Organization\",\"@id\":\"https:\/\/bookhouse.cz\/#organization\",\"name\":\"BOOKHOUSE.cz\",\"url\":\"https:\/\/bookhouse.cz\/\",\"logo\":{\"@type\":\"ImageObject\",\"inLanguage\":\"cs\",\"@id\":\"https:\/\/bookhouse.cz\/#\/schema\/logo\/image\/\",\"url\":\"https:\/\/bookhouse.cz\/wp-content\/uploads\/2024\/12\/cropped-Logo_BookHouse.jpg\",\"contentUrl\":\"https:\/\/bookhouse.cz\/wp-content\/uploads\/2024\/12\/cropped-Logo_BookHouse.jpg\",\"width\":938,\"height\":513,\"caption\":\"BOOKHOUSE.cz\"},\"image\":{\"@id\":\"https:\/\/bookhouse.cz\/#\/schema\/logo\/image\/\"},\"sameAs\":[\"https:\/\/www.facebook.com\/bookhousecz\",\"https:\/\/www.instagram.com\/bookhousecz\"]},{\"@type\":\"Person\",\"@id\":\"https:\/\/bookhouse.cz\/#\/schema\/person\/92706019a8c9280785ef6e38ea35e04c\",\"name\":\"Jolana Hol\u00e1\u0148ov\u00e1\",\"image\":{\"@type\":\"ImageObject\",\"inLanguage\":\"cs\",\"@id\":\"https:\/\/bookhouse.cz\/#\/schema\/person\/image\/\",\"url\":\"https:\/\/secure.gravatar.com\/avatar\/5863c504ed89cd419ff3a5e812c722ff?s=96&d=mm&r=g\",\"contentUrl\":\"https:\/\/secure.gravatar.com\/avatar\/5863c504ed89cd419ff3a5e812c722ff?s=96&d=mm&r=g\",\"caption\":\"Jolana Hol\u00e1\u0148ov\u00e1\"},\"sameAs\":[\"http:\/\/www.bookhouse.cz\"],\"url\":\"https:\/\/bookhouse.cz\/index.php\/author\/jolhol\/\"}]}<\/script>\n<!-- \/ Yoast SEO plugin. -->","yoast_head_json":{"title":"Ten, co kr\u00e1\u010d\u00ed se Smrt\u00ed | Barb R\u00fddl - BOOKHOUSE.cz","robots":{"index":"index","follow":"follow","max-snippet":"max-snippet:-1","max-image-preview":"max-image-preview:large","max-video-preview":"max-video-preview:-1"},"canonical":"https:\/\/bookhouse.cz\/index.php\/2023\/02\/15\/ten-co-kraci-se-smrti-barb-rydl\/","og_locale":"cs_CZ","og_type":"article","og_title":"Ten, co kr\u00e1\u010d\u00ed se Smrt\u00ed | Barb R\u00fddl - BOOKHOUSE.cz","og_description":"&nbsp;Fantasy o postar\u0161\u00edm detektivovi, kter\u00e9mu se otev\u0159e sv\u011bt prapodivn\u00e9 Smrti a dal\u0161\u00edch nadp\u0159irozen\u00fdch bytost\u00ed.&nbsp; Detektiv Sam si nemysl\u00ed, \u017ee slu\u017eba Smrti je n\u011bco, co bychom nutn\u011b pot\u0159ebovali. Smrt sama by asi podotkla, \u017ee lid\u00e9&#46;&#46;&#46;","og_url":"https:\/\/bookhouse.cz\/index.php\/2023\/02\/15\/ten-co-kraci-se-smrti-barb-rydl\/","og_site_name":"BOOKHOUSE.cz","article_publisher":"https:\/\/www.facebook.com\/bookhousecz","article_published_time":"2023-02-14T23:01:00+00:00","article_modified_time":"2023-03-18T00:00:01+00:00","og_image":[{"width":1450,"height":908,"url":"https:\/\/bookhouse.cz\/wp-content\/uploads\/2023\/02\/A101I0F0004100_ten-co-kraci-se-smrti-2d_TTL.jpg","type":"image\/jpeg"}],"author":"Jolana Hol\u00e1\u0148ov\u00e1","twitter_card":"summary_large_image","twitter_misc":{"Napsal(a)":"Jolana Hol\u00e1\u0148ov\u00e1","Odhadovan\u00e1 doba \u010dten\u00ed":"1 minuta"},"schema":{"@context":"https:\/\/schema.org","@graph":[{"@type":"Article","@id":"https:\/\/bookhouse.cz\/index.php\/2023\/02\/15\/ten-co-kraci-se-smrti-barb-rydl\/#article","isPartOf":{"@id":"https:\/\/bookhouse.cz\/index.php\/2023\/02\/15\/ten-co-kraci-se-smrti-barb-rydl\/"},"author":{"name":"Jolana Hol\u00e1\u0148ov\u00e1","@id":"https:\/\/bookhouse.cz\/#\/schema\/person\/92706019a8c9280785ef6e38ea35e04c"},"headline":"Ten, co kr\u00e1\u010d\u00ed se Smrt\u00ed | Barb R\u00fddl","datePublished":"2023-02-14T23:01:00+00:00","dateModified":"2023-03-18T00:00:01+00:00","mainEntityOfPage":{"@id":"https:\/\/bookhouse.cz\/index.php\/2023\/02\/15\/ten-co-kraci-se-smrti-barb-rydl\/"},"wordCount":182,"publisher":{"@id":"https:\/\/bookhouse.cz\/#organization"},"articleSection":["BELETRIE","NEWS"],"inLanguage":"cs"},{"@type":"WebPage","@id":"https:\/\/bookhouse.cz\/index.php\/2023\/02\/15\/ten-co-kraci-se-smrti-barb-rydl\/","url":"https:\/\/bookhouse.cz\/index.php\/2023\/02\/15\/ten-co-kraci-se-smrti-barb-rydl\/","name":"Ten, co kr\u00e1\u010d\u00ed se Smrt\u00ed | Barb R\u00fddl - BOOKHOUSE.cz","isPartOf":{"@id":"https:\/\/bookhouse.cz\/#website"},"datePublished":"2023-02-14T23:01:00+00:00","dateModified":"2023-03-18T00:00:01+00:00","breadcrumb":{"@id":"https:\/\/bookhouse.cz\/index.php\/2023\/02\/15\/ten-co-kraci-se-smrti-barb-rydl\/#breadcrumb"},"inLanguage":"cs","potentialAction":[{"@type":"ReadAction","target":["https:\/\/bookhouse.cz\/index.php\/2023\/02\/15\/ten-co-kraci-se-smrti-barb-rydl\/"]}]},{"@type":"BreadcrumbList","@id":"https:\/\/bookhouse.cz\/index.php\/2023\/02\/15\/ten-co-kraci-se-smrti-barb-rydl\/#breadcrumb","itemListElement":[{"@type":"ListItem","position":1,"name":"Dom\u016f","item":"https:\/\/bookhouse.cz\/"},{"@type":"ListItem","position":2,"name":"Ten, co kr\u00e1\u010d\u00ed se Smrt\u00ed | Barb R\u00fddl"}]},{"@type":"WebSite","@id":"https:\/\/bookhouse.cz\/#website","url":"https:\/\/bookhouse.cz\/","name":"BOOKHOUSE.cz","description":"Port\u00e1l o kni\u017en\u00edch novink\u00e1ch.","publisher":{"@id":"https:\/\/bookhouse.cz\/#organization"},"potentialAction":[{"@type":"SearchAction","target":{"@type":"EntryPoint","urlTemplate":"https:\/\/bookhouse.cz\/?s={search_term_string}"},"query-input":"required name=search_term_string"}],"inLanguage":"cs"},{"@type":"Organization","@id":"https:\/\/bookhouse.cz\/#organization","name":"BOOKHOUSE.cz","url":"https:\/\/bookhouse.cz\/","logo":{"@type":"ImageObject","inLanguage":"cs","@id":"https:\/\/bookhouse.cz\/#\/schema\/logo\/image\/","url":"https:\/\/bookhouse.cz\/wp-content\/uploads\/2024\/12\/cropped-Logo_BookHouse.jpg","contentUrl":"https:\/\/bookhouse.cz\/wp-content\/uploads\/2024\/12\/cropped-Logo_BookHouse.jpg","width":938,"height":513,"caption":"BOOKHOUSE.cz"},"image":{"@id":"https:\/\/bookhouse.cz\/#\/schema\/logo\/image\/"},"sameAs":["https:\/\/www.facebook.com\/bookhousecz","https:\/\/www.instagram.com\/bookhousecz"]},{"@type":"Person","@id":"https:\/\/bookhouse.cz\/#\/schema\/person\/92706019a8c9280785ef6e38ea35e04c","name":"Jolana Hol\u00e1\u0148ov\u00e1","image":{"@type":"ImageObject","inLanguage":"cs","@id":"https:\/\/bookhouse.cz\/#\/schema\/person\/image\/","url":"https:\/\/secure.gravatar.com\/avatar\/5863c504ed89cd419ff3a5e812c722ff?s=96&d=mm&r=g","contentUrl":"https:\/\/secure.gravatar.com\/avatar\/5863c504ed89cd419ff3a5e812c722ff?s=96&d=mm&r=g","caption":"Jolana Hol\u00e1\u0148ov\u00e1"},"sameAs":["http:\/\/www.bookhouse.cz"],"url":"https:\/\/bookhouse.cz\/index.php\/author\/jolhol\/"}]}},"_links":{"self":[{"href":"https:\/\/bookhouse.cz\/index.php\/wp-json\/wp\/v2\/posts\/4180"}],"collection":[{"href":"https:\/\/bookhouse.cz\/index.php\/wp-json\/wp\/v2\/posts"}],"about":[{"href":"https:\/\/bookhouse.cz\/index.php\/wp-json\/wp\/v2\/types\/post"}],"author":[{"embeddable":true,"href":"https:\/\/bookhouse.cz\/index.php\/wp-json\/wp\/v2\/users\/3"}],"replies":[{"embeddable":true,"href":"https:\/\/bookhouse.cz\/index.php\/wp-json\/wp\/v2\/comments?post=4180"}],"version-history":[{"count":3,"href":"https:\/\/bookhouse.cz\/index.php\/wp-json\/wp\/v2\/posts\/4180\/revisions"}],"predecessor-version":[{"id":4282,"href":"https:\/\/bookhouse.cz\/index.php\/wp-json\/wp\/v2\/posts\/4180\/revisions\/4282"}],"wp:featuredmedia":[{"embeddable":true,"href":"https:\/\/bookhouse.cz\/index.php\/wp-json\/wp\/v2\/media\/4273"}],"wp:attachment":[{"href":"https:\/\/bookhouse.cz\/index.php\/wp-json\/wp\/v2\/media?parent=4180"}],"wp:term":[{"taxonomy":"category","embeddable":true,"href":"https:\/\/bookhouse.cz\/index.php\/wp-json\/wp\/v2\/categories?post=4180"},{"taxonomy":"post_tag","embeddable":true,"href":"https:\/\/bookhouse.cz\/index.php\/wp-json\/wp\/v2\/tags?post=4180"}],"curies":[{"name":"wp","href":"https:\/\/api.w.org\/{rel}","templated":true}]}}