{"id":4176,"date":"2023-02-03T00:01:00","date_gmt":"2023-02-02T23:01:00","guid":{"rendered":"https:\/\/bookhouse.cz\/?p=4176"},"modified":"2023-03-18T01:00:53","modified_gmt":"2023-03-18T00:00:53","slug":"mina-jablko-ze-stromu-aspergeru-blanka-holzapfelova","status":"publish","type":"post","link":"https:\/\/bookhouse.cz\/index.php\/2023\/02\/03\/mina-jablko-ze-stromu-aspergeru-blanka-holzapfelova\/","title":{"rendered":"M\u00edna &#8211; jablko ze stromu Asperger\u016f | Blanka Holz\u00e4pfelov\u00e1"},"content":{"rendered":"\n<div style=\"height:35px\" aria-hidden=\"true\" class=\"wp-block-spacer\"><\/div>\n\n\n\n<p>&nbsp;<strong>V p\u0159\u00edb\u011bhu M\u00edny budete sv\u011bdky vnit\u0159n\u00edch dramat, nejistot, strach\u016f, ale i nad\u011bje, \u0161t\u011bst\u00ed, l\u00e1sky a odvahy \u017eeny s poruchou autistick\u00e9ho spektra, kter\u00e1 si splnila sen st\u00e1t se matkou.<\/strong>&nbsp;<\/p>\n\n\n\n<div style=\"height:17px\" aria-hidden=\"true\" class=\"wp-block-spacer\"><\/div>\n\n\n\n<figure class=\"wp-block-image size-large\"><img loading=\"lazy\" decoding=\"async\" width=\"1024\" height=\"610\" src=\"https:\/\/bookhouse.cz\/wp-content\/uploads\/2023\/01\/A101I0F0005432_mina-jablko-ze-stromu-aspergeru-2d_TTL-1024x610.jpg\" alt=\"\" class=\"wp-image-4241\" srcset=\"https:\/\/bookhouse.cz\/wp-content\/uploads\/2023\/01\/A101I0F0005432_mina-jablko-ze-stromu-aspergeru-2d_TTL-1024x610.jpg 1024w, https:\/\/bookhouse.cz\/wp-content\/uploads\/2023\/01\/A101I0F0005432_mina-jablko-ze-stromu-aspergeru-2d_TTL-300x179.jpg 300w, https:\/\/bookhouse.cz\/wp-content\/uploads\/2023\/01\/A101I0F0005432_mina-jablko-ze-stromu-aspergeru-2d_TTL-768x458.jpg 768w, https:\/\/bookhouse.cz\/wp-content\/uploads\/2023\/01\/A101I0F0005432_mina-jablko-ze-stromu-aspergeru-2d_TTL.jpg 1450w\" sizes=\"(max-width: 1024px) 100vw, 1024px\" \/><\/figure>\n\n\n\n<div style=\"height:17px\" aria-hidden=\"true\" class=\"wp-block-spacer\"><\/div>\n\n\n\n<p>Autismus a mate\u0159stv\u00ed? Ot\u00e1zka vyvol\u00e1vaj\u00edc\u00ed lavinu dal\u0161\u00edch ot\u00e1zek, emoc\u00ed, domn\u011bnek. Lhostejno, zda v mysli odborn\u00edka, laika, \u010di \u010dlov\u011bka s autismem. A pr\u00e1v\u011b u n\u011bj jsou cesty \u00favah vedouc\u00ed k rozhodnut\u00ed, zda b\u00fdt, nebo neb\u00fdt rodi\u010dem, nejv\u00edce spletit\u00e9. M\u00edna je knihou nejen pro \u010dten\u00e1\u0159e, kter\u00e9 zaj\u00edm\u00e1 autismus, ale zejm\u00e9na pro \u017eeny, kter\u00e9 samy t\u00e1pou, zda jejich odli\u0161nost (ne)m\u016f\u017ee d\u00edt\u011bti ubl\u00ed\u017eit, zda ho dok\u00e1\u017eou dostate\u010dn\u011b milovat, podporovat a rozum\u011bt mu, zda ustoj\u00ed v\u0161echny ty t\u011b\u017ek\u00e9 i kr\u00e1sn\u00e9 chv\u00edle.<\/p>\n\n\n\n<div style=\"height:16px\" aria-hidden=\"true\" class=\"wp-block-spacer\"><\/div>\n\n\n\n<div class=\"wp-block-image\"><figure class=\"aligncenter size-large\"><img loading=\"lazy\" decoding=\"async\" width=\"666\" height=\"1024\" src=\"https:\/\/bookhouse.cz\/wp-content\/uploads\/2023\/01\/A101I0F0005432_mina-jablko-ze-stromu-aspergeru-2d-666x1024.jpg\" alt=\"\" class=\"wp-image-4242\" srcset=\"https:\/\/bookhouse.cz\/wp-content\/uploads\/2023\/01\/A101I0F0005432_mina-jablko-ze-stromu-aspergeru-2d-666x1024.jpg 666w, https:\/\/bookhouse.cz\/wp-content\/uploads\/2023\/01\/A101I0F0005432_mina-jablko-ze-stromu-aspergeru-2d-195x300.jpg 195w, https:\/\/bookhouse.cz\/wp-content\/uploads\/2023\/01\/A101I0F0005432_mina-jablko-ze-stromu-aspergeru-2d.jpg 748w\" sizes=\"(max-width: 666px) 100vw, 666px\" \/><\/figure><\/div>\n\n\n\n<div style=\"height:17px\" aria-hidden=\"true\" class=\"wp-block-spacer\"><\/div>\n\n\n\n<h4 class=\"wp-block-heading\">N\u00e1zev knihy: M\u00edna &#8211; jablko ze stromu Asperger\u016f<\/h4>\n\n\n\n<p><strong>Autor:<\/strong>&nbsp;Blanka Holz\u00e4pfelov\u00e1<\/p>\n\n\n\n<p><strong>\u017d\u00e1nr:<\/strong>&nbsp;\u017eivotopis<\/p>\n\n\n\n<p><strong>Jazyk:&nbsp;<\/strong>\u010de\u0161tina<\/p>\n\n\n\n<p><strong>Po\u010det stran:<\/strong>&nbsp;160 stran<\/p>\n\n\n\n<p><strong>Form\u00e1t:<\/strong>&nbsp;130 x 200 mm<\/p>\n\n\n\n<p><strong>Vazba:<\/strong>&nbsp;bro\u017eovan\u00e1 lepen\u00e1<\/p>\n\n\n\n<p><strong>Hmotnost:<\/strong>\u00a00,18 kg<\/p>\n\n\n\n<p><strong>Doporu\u010den\u00e1 cena: <\/strong>279 K\u010d<\/p>\n\n\n\n<p><strong>Nakladatelstv\u00ed:<\/strong>&nbsp;<strong>Albatros Media<\/strong>&nbsp;(<strong><a href=\"https:\/\/www.albatrosmedia.cz\/znacka\/60018378\/pointa\/\">Point<\/a><\/strong>)<\/p>\n\n\n\n<div style=\"height:100px\" aria-hidden=\"true\" class=\"wp-block-spacer\"><\/div>\n\n\n\n<figure class=\"wp-block-gallery columns-2 is-cropped wp-block-gallery-1 is-layout-flex wp-block-gallery-is-layout-flex\"><ul class=\"blocks-gallery-grid\"><li class=\"blocks-gallery-item\"><figure><img loading=\"lazy\" decoding=\"async\" width=\"666\" height=\"1024\" src=\"https:\/\/bookhouse.cz\/wp-content\/uploads\/2023\/01\/A101I0F0005432_mina-jablko-ze-stromu-aspergeru-anotace_list1-666x1024.jpg\" alt=\"\" data-id=\"4244\" data-full-url=\"https:\/\/bookhouse.cz\/wp-content\/uploads\/2023\/01\/A101I0F0005432_mina-jablko-ze-stromu-aspergeru-anotace_list1.jpg\" data-link=\"https:\/\/bookhouse.cz\/?attachment_id=4244\" class=\"wp-image-4244\" srcset=\"https:\/\/bookhouse.cz\/wp-content\/uploads\/2023\/01\/A101I0F0005432_mina-jablko-ze-stromu-aspergeru-anotace_list1-666x1024.jpg 666w, https:\/\/bookhouse.cz\/wp-content\/uploads\/2023\/01\/A101I0F0005432_mina-jablko-ze-stromu-aspergeru-anotace_list1-195x300.jpg 195w, https:\/\/bookhouse.cz\/wp-content\/uploads\/2023\/01\/A101I0F0005432_mina-jablko-ze-stromu-aspergeru-anotace_list1.jpg 748w\" sizes=\"(max-width: 666px) 100vw, 666px\" \/><\/figure><\/li><li class=\"blocks-gallery-item\"><figure><img loading=\"lazy\" decoding=\"async\" width=\"666\" height=\"1024\" src=\"https:\/\/bookhouse.cz\/wp-content\/uploads\/2023\/01\/A101I0F0005432_mina-jablko-ze-stromu-aspergeru-anotace_list2-666x1024.jpg\" alt=\"\" data-id=\"4245\" data-full-url=\"https:\/\/bookhouse.cz\/wp-content\/uploads\/2023\/01\/A101I0F0005432_mina-jablko-ze-stromu-aspergeru-anotace_list2.jpg\" data-link=\"https:\/\/bookhouse.cz\/?attachment_id=4245\" class=\"wp-image-4245\" srcset=\"https:\/\/bookhouse.cz\/wp-content\/uploads\/2023\/01\/A101I0F0005432_mina-jablko-ze-stromu-aspergeru-anotace_list2-666x1024.jpg 666w, https:\/\/bookhouse.cz\/wp-content\/uploads\/2023\/01\/A101I0F0005432_mina-jablko-ze-stromu-aspergeru-anotace_list2-195x300.jpg 195w, https:\/\/bookhouse.cz\/wp-content\/uploads\/2023\/01\/A101I0F0005432_mina-jablko-ze-stromu-aspergeru-anotace_list2.jpg 748w\" sizes=\"(max-width: 666px) 100vw, 666px\" \/><\/figure><\/li><li class=\"blocks-gallery-item\"><figure><img loading=\"lazy\" decoding=\"async\" width=\"666\" height=\"1024\" src=\"https:\/\/bookhouse.cz\/wp-content\/uploads\/2023\/01\/A101I0F0005432_mina-jablko-ze-stromu-aspergeru-anotace_list3-666x1024.jpg\" alt=\"\" data-id=\"4246\" data-full-url=\"https:\/\/bookhouse.cz\/wp-content\/uploads\/2023\/01\/A101I0F0005432_mina-jablko-ze-stromu-aspergeru-anotace_list3.jpg\" data-link=\"https:\/\/bookhouse.cz\/?attachment_id=4246\" class=\"wp-image-4246\" srcset=\"https:\/\/bookhouse.cz\/wp-content\/uploads\/2023\/01\/A101I0F0005432_mina-jablko-ze-stromu-aspergeru-anotace_list3-666x1024.jpg 666w, https:\/\/bookhouse.cz\/wp-content\/uploads\/2023\/01\/A101I0F0005432_mina-jablko-ze-stromu-aspergeru-anotace_list3-195x300.jpg 195w, https:\/\/bookhouse.cz\/wp-content\/uploads\/2023\/01\/A101I0F0005432_mina-jablko-ze-stromu-aspergeru-anotace_list3.jpg 748w\" sizes=\"(max-width: 666px) 100vw, 666px\" \/><\/figure><\/li><li class=\"blocks-gallery-item\"><figure><img loading=\"lazy\" decoding=\"async\" width=\"666\" height=\"1024\" src=\"https:\/\/bookhouse.cz\/wp-content\/uploads\/2023\/01\/A101I0F0005432_mina-jablko-ze-stromu-aspergeru-anotace_list4-666x1024.jpg\" alt=\"\" data-id=\"4247\" data-full-url=\"https:\/\/bookhouse.cz\/wp-content\/uploads\/2023\/01\/A101I0F0005432_mina-jablko-ze-stromu-aspergeru-anotace_list4.jpg\" data-link=\"https:\/\/bookhouse.cz\/?attachment_id=4247\" class=\"wp-image-4247\" srcset=\"https:\/\/bookhouse.cz\/wp-content\/uploads\/2023\/01\/A101I0F0005432_mina-jablko-ze-stromu-aspergeru-anotace_list4-666x1024.jpg 666w, https:\/\/bookhouse.cz\/wp-content\/uploads\/2023\/01\/A101I0F0005432_mina-jablko-ze-stromu-aspergeru-anotace_list4-195x300.jpg 195w, https:\/\/bookhouse.cz\/wp-content\/uploads\/2023\/01\/A101I0F0005432_mina-jablko-ze-stromu-aspergeru-anotace_list4.jpg 748w\" sizes=\"(max-width: 666px) 100vw, 666px\" \/><\/figure><\/li><li class=\"blocks-gallery-item\"><figure><img loading=\"lazy\" decoding=\"async\" width=\"666\" height=\"1024\" src=\"https:\/\/bookhouse.cz\/wp-content\/uploads\/2023\/01\/A101I0F0005432_mina-jablko-ze-stromu-aspergeru-2d-1-666x1024.jpg\" alt=\"\" data-id=\"4243\" data-full-url=\"https:\/\/bookhouse.cz\/wp-content\/uploads\/2023\/01\/A101I0F0005432_mina-jablko-ze-stromu-aspergeru-2d-1.jpg\" data-link=\"https:\/\/bookhouse.cz\/?attachment_id=4243\" class=\"wp-image-4243\" srcset=\"https:\/\/bookhouse.cz\/wp-content\/uploads\/2023\/01\/A101I0F0005432_mina-jablko-ze-stromu-aspergeru-2d-1-666x1024.jpg 666w, https:\/\/bookhouse.cz\/wp-content\/uploads\/2023\/01\/A101I0F0005432_mina-jablko-ze-stromu-aspergeru-2d-1-195x300.jpg 195w, https:\/\/bookhouse.cz\/wp-content\/uploads\/2023\/01\/A101I0F0005432_mina-jablko-ze-stromu-aspergeru-2d-1.jpg 748w\" sizes=\"(max-width: 666px) 100vw, 666px\" \/><\/figure><\/li><\/ul><\/figure>\n\n\n\n<p><strong>Zdroj foto: Albatros Media<\/strong>\u00a0<\/p>\n\n\n\n<div style=\"height:64px\" aria-hidden=\"true\" class=\"wp-block-spacer\"><\/div>\n","protected":false},"excerpt":{"rendered":"<p>&nbsp;V p\u0159\u00edb\u011bhu M\u00edny budete sv\u011bdky vnit\u0159n\u00edch dramat, nejistot, strach\u016f, ale i nad\u011bje, \u0161t\u011bst\u00ed, l\u00e1sky a odvahy \u017eeny s poruchou autistick\u00e9ho spektra, kter\u00e1 si splnila sen st\u00e1t se matkou.&nbsp; Autismus a mate\u0159stv\u00ed? Ot\u00e1zka vyvol\u00e1vaj\u00edc\u00ed lavinu&#46;&#46;&#46;<\/p>\n","protected":false},"author":3,"featured_media":4241,"comment_status":"closed","ping_status":"closed","sticky":false,"template":"","format":"standard","meta":{"_monsterinsights_skip_tracking":false,"_monsterinsights_sitenote_active":false,"_monsterinsights_sitenote_note":"","_monsterinsights_sitenote_category":0,"footnotes":""},"categories":[2,3],"tags":[],"yoast_head":"<!-- This site is optimized with the Yoast SEO plugin v21.5 - https:\/\/yoast.com\/wordpress\/plugins\/seo\/ -->\n<title>M\u00edna - jablko ze stromu Asperger\u016f | Blanka Holz\u00e4pfelov\u00e1 - BOOKHOUSE.cz<\/title>\n<meta name=\"robots\" content=\"index, follow, max-snippet:-1, max-image-preview:large, max-video-preview:-1\" \/>\n<link rel=\"canonical\" href=\"https:\/\/bookhouse.cz\/index.php\/2023\/02\/03\/mina-jablko-ze-stromu-aspergeru-blanka-holzapfelova\/\" \/>\n<meta property=\"og:locale\" content=\"cs_CZ\" \/>\n<meta property=\"og:type\" content=\"article\" \/>\n<meta property=\"og:title\" content=\"M\u00edna - jablko ze stromu Asperger\u016f | Blanka Holz\u00e4pfelov\u00e1 - BOOKHOUSE.cz\" \/>\n<meta property=\"og:description\" content=\"&nbsp;V p\u0159\u00edb\u011bhu M\u00edny budete sv\u011bdky vnit\u0159n\u00edch dramat, nejistot, strach\u016f, ale i nad\u011bje, \u0161t\u011bst\u00ed, l\u00e1sky a odvahy \u017eeny s poruchou autistick\u00e9ho spektra, kter\u00e1 si splnila sen st\u00e1t se matkou.&nbsp; Autismus a mate\u0159stv\u00ed? Ot\u00e1zka vyvol\u00e1vaj\u00edc\u00ed lavinu&#046;&#046;&#046;\" \/>\n<meta property=\"og:url\" content=\"https:\/\/bookhouse.cz\/index.php\/2023\/02\/03\/mina-jablko-ze-stromu-aspergeru-blanka-holzapfelova\/\" \/>\n<meta property=\"og:site_name\" content=\"BOOKHOUSE.cz\" \/>\n<meta property=\"article:publisher\" content=\"https:\/\/www.facebook.com\/bookhousecz\" \/>\n<meta property=\"article:published_time\" content=\"2023-02-02T23:01:00+00:00\" \/>\n<meta property=\"article:modified_time\" content=\"2023-03-18T00:00:53+00:00\" \/>\n<meta property=\"og:image\" content=\"https:\/\/bookhouse.cz\/wp-content\/uploads\/2023\/01\/A101I0F0005432_mina-jablko-ze-stromu-aspergeru-2d_TTL.jpg\" \/>\n\t<meta property=\"og:image:width\" content=\"1450\" \/>\n\t<meta property=\"og:image:height\" content=\"864\" \/>\n\t<meta property=\"og:image:type\" content=\"image\/jpeg\" \/>\n<meta name=\"author\" content=\"Jolana Hol\u00e1\u0148ov\u00e1\" \/>\n<meta name=\"twitter:card\" content=\"summary_large_image\" \/>\n<meta name=\"twitter:label1\" content=\"Napsal(a)\" \/>\n\t<meta name=\"twitter:data1\" content=\"Jolana Hol\u00e1\u0148ov\u00e1\" \/>\n\t<meta name=\"twitter:label2\" content=\"Odhadovan\u00e1 doba \u010dten\u00ed\" \/>\n\t<meta name=\"twitter:data2\" content=\"1 minuta\" \/>\n<script type=\"application\/ld+json\" class=\"yoast-schema-graph\">{\"@context\":\"https:\/\/schema.org\",\"@graph\":[{\"@type\":\"Article\",\"@id\":\"https:\/\/bookhouse.cz\/index.php\/2023\/02\/03\/mina-jablko-ze-stromu-aspergeru-blanka-holzapfelova\/#article\",\"isPartOf\":{\"@id\":\"https:\/\/bookhouse.cz\/index.php\/2023\/02\/03\/mina-jablko-ze-stromu-aspergeru-blanka-holzapfelova\/\"},\"author\":{\"name\":\"Jolana Hol\u00e1\u0148ov\u00e1\",\"@id\":\"https:\/\/bookhouse.cz\/#\/schema\/person\/92706019a8c9280785ef6e38ea35e04c\"},\"headline\":\"M\u00edna &#8211; jablko ze stromu Asperger\u016f | Blanka Holz\u00e4pfelov\u00e1\",\"datePublished\":\"2023-02-02T23:01:00+00:00\",\"dateModified\":\"2023-03-18T00:00:53+00:00\",\"mainEntityOfPage\":{\"@id\":\"https:\/\/bookhouse.cz\/index.php\/2023\/02\/03\/mina-jablko-ze-stromu-aspergeru-blanka-holzapfelova\/\"},\"wordCount\":213,\"publisher\":{\"@id\":\"https:\/\/bookhouse.cz\/#organization\"},\"articleSection\":[\"BELETRIE\",\"NEWS\"],\"inLanguage\":\"cs\"},{\"@type\":\"WebPage\",\"@id\":\"https:\/\/bookhouse.cz\/index.php\/2023\/02\/03\/mina-jablko-ze-stromu-aspergeru-blanka-holzapfelova\/\",\"url\":\"https:\/\/bookhouse.cz\/index.php\/2023\/02\/03\/mina-jablko-ze-stromu-aspergeru-blanka-holzapfelova\/\",\"name\":\"M\u00edna - jablko ze stromu Asperger\u016f | Blanka Holz\u00e4pfelov\u00e1 - BOOKHOUSE.cz\",\"isPartOf\":{\"@id\":\"https:\/\/bookhouse.cz\/#website\"},\"datePublished\":\"2023-02-02T23:01:00+00:00\",\"dateModified\":\"2023-03-18T00:00:53+00:00\",\"breadcrumb\":{\"@id\":\"https:\/\/bookhouse.cz\/index.php\/2023\/02\/03\/mina-jablko-ze-stromu-aspergeru-blanka-holzapfelova\/#breadcrumb\"},\"inLanguage\":\"cs\",\"potentialAction\":[{\"@type\":\"ReadAction\",\"target\":[\"https:\/\/bookhouse.cz\/index.php\/2023\/02\/03\/mina-jablko-ze-stromu-aspergeru-blanka-holzapfelova\/\"]}]},{\"@type\":\"BreadcrumbList\",\"@id\":\"https:\/\/bookhouse.cz\/index.php\/2023\/02\/03\/mina-jablko-ze-stromu-aspergeru-blanka-holzapfelova\/#breadcrumb\",\"itemListElement\":[{\"@type\":\"ListItem\",\"position\":1,\"name\":\"Dom\u016f\",\"item\":\"https:\/\/bookhouse.cz\/\"},{\"@type\":\"ListItem\",\"position\":2,\"name\":\"M\u00edna &#8211; jablko ze stromu Asperger\u016f | Blanka Holz\u00e4pfelov\u00e1\"}]},{\"@type\":\"WebSite\",\"@id\":\"https:\/\/bookhouse.cz\/#website\",\"url\":\"https:\/\/bookhouse.cz\/\",\"name\":\"BOOKHOUSE.cz\",\"description\":\"Port\u00e1l o kni\u017en\u00edch novink\u00e1ch.\",\"publisher\":{\"@id\":\"https:\/\/bookhouse.cz\/#organization\"},\"potentialAction\":[{\"@type\":\"SearchAction\",\"target\":{\"@type\":\"EntryPoint\",\"urlTemplate\":\"https:\/\/bookhouse.cz\/?s={search_term_string}\"},\"query-input\":\"required name=search_term_string\"}],\"inLanguage\":\"cs\"},{\"@type\":\"Organization\",\"@id\":\"https:\/\/bookhouse.cz\/#organization\",\"name\":\"BOOKHOUSE.cz\",\"url\":\"https:\/\/bookhouse.cz\/\",\"logo\":{\"@type\":\"ImageObject\",\"inLanguage\":\"cs\",\"@id\":\"https:\/\/bookhouse.cz\/#\/schema\/logo\/image\/\",\"url\":\"https:\/\/bookhouse.cz\/wp-content\/uploads\/2024\/12\/cropped-Logo_BookHouse.jpg\",\"contentUrl\":\"https:\/\/bookhouse.cz\/wp-content\/uploads\/2024\/12\/cropped-Logo_BookHouse.jpg\",\"width\":938,\"height\":513,\"caption\":\"BOOKHOUSE.cz\"},\"image\":{\"@id\":\"https:\/\/bookhouse.cz\/#\/schema\/logo\/image\/\"},\"sameAs\":[\"https:\/\/www.facebook.com\/bookhousecz\",\"https:\/\/www.instagram.com\/bookhousecz\"]},{\"@type\":\"Person\",\"@id\":\"https:\/\/bookhouse.cz\/#\/schema\/person\/92706019a8c9280785ef6e38ea35e04c\",\"name\":\"Jolana Hol\u00e1\u0148ov\u00e1\",\"image\":{\"@type\":\"ImageObject\",\"inLanguage\":\"cs\",\"@id\":\"https:\/\/bookhouse.cz\/#\/schema\/person\/image\/\",\"url\":\"https:\/\/secure.gravatar.com\/avatar\/5863c504ed89cd419ff3a5e812c722ff?s=96&d=mm&r=g\",\"contentUrl\":\"https:\/\/secure.gravatar.com\/avatar\/5863c504ed89cd419ff3a5e812c722ff?s=96&d=mm&r=g\",\"caption\":\"Jolana Hol\u00e1\u0148ov\u00e1\"},\"sameAs\":[\"http:\/\/www.bookhouse.cz\"],\"url\":\"https:\/\/bookhouse.cz\/index.php\/author\/jolhol\/\"}]}<\/script>\n<!-- \/ Yoast SEO plugin. -->","yoast_head_json":{"title":"M\u00edna - jablko ze stromu Asperger\u016f | Blanka Holz\u00e4pfelov\u00e1 - BOOKHOUSE.cz","robots":{"index":"index","follow":"follow","max-snippet":"max-snippet:-1","max-image-preview":"max-image-preview:large","max-video-preview":"max-video-preview:-1"},"canonical":"https:\/\/bookhouse.cz\/index.php\/2023\/02\/03\/mina-jablko-ze-stromu-aspergeru-blanka-holzapfelova\/","og_locale":"cs_CZ","og_type":"article","og_title":"M\u00edna - jablko ze stromu Asperger\u016f | Blanka Holz\u00e4pfelov\u00e1 - BOOKHOUSE.cz","og_description":"&nbsp;V p\u0159\u00edb\u011bhu M\u00edny budete sv\u011bdky vnit\u0159n\u00edch dramat, nejistot, strach\u016f, ale i nad\u011bje, \u0161t\u011bst\u00ed, l\u00e1sky a odvahy \u017eeny s poruchou autistick\u00e9ho spektra, kter\u00e1 si splnila sen st\u00e1t se matkou.&nbsp; Autismus a mate\u0159stv\u00ed? Ot\u00e1zka vyvol\u00e1vaj\u00edc\u00ed lavinu&#46;&#46;&#46;","og_url":"https:\/\/bookhouse.cz\/index.php\/2023\/02\/03\/mina-jablko-ze-stromu-aspergeru-blanka-holzapfelova\/","og_site_name":"BOOKHOUSE.cz","article_publisher":"https:\/\/www.facebook.com\/bookhousecz","article_published_time":"2023-02-02T23:01:00+00:00","article_modified_time":"2023-03-18T00:00:53+00:00","og_image":[{"width":1450,"height":864,"url":"https:\/\/bookhouse.cz\/wp-content\/uploads\/2023\/01\/A101I0F0005432_mina-jablko-ze-stromu-aspergeru-2d_TTL.jpg","type":"image\/jpeg"}],"author":"Jolana Hol\u00e1\u0148ov\u00e1","twitter_card":"summary_large_image","twitter_misc":{"Napsal(a)":"Jolana Hol\u00e1\u0148ov\u00e1","Odhadovan\u00e1 doba \u010dten\u00ed":"1 minuta"},"schema":{"@context":"https:\/\/schema.org","@graph":[{"@type":"Article","@id":"https:\/\/bookhouse.cz\/index.php\/2023\/02\/03\/mina-jablko-ze-stromu-aspergeru-blanka-holzapfelova\/#article","isPartOf":{"@id":"https:\/\/bookhouse.cz\/index.php\/2023\/02\/03\/mina-jablko-ze-stromu-aspergeru-blanka-holzapfelova\/"},"author":{"name":"Jolana Hol\u00e1\u0148ov\u00e1","@id":"https:\/\/bookhouse.cz\/#\/schema\/person\/92706019a8c9280785ef6e38ea35e04c"},"headline":"M\u00edna &#8211; jablko ze stromu Asperger\u016f | Blanka Holz\u00e4pfelov\u00e1","datePublished":"2023-02-02T23:01:00+00:00","dateModified":"2023-03-18T00:00:53+00:00","mainEntityOfPage":{"@id":"https:\/\/bookhouse.cz\/index.php\/2023\/02\/03\/mina-jablko-ze-stromu-aspergeru-blanka-holzapfelova\/"},"wordCount":213,"publisher":{"@id":"https:\/\/bookhouse.cz\/#organization"},"articleSection":["BELETRIE","NEWS"],"inLanguage":"cs"},{"@type":"WebPage","@id":"https:\/\/bookhouse.cz\/index.php\/2023\/02\/03\/mina-jablko-ze-stromu-aspergeru-blanka-holzapfelova\/","url":"https:\/\/bookhouse.cz\/index.php\/2023\/02\/03\/mina-jablko-ze-stromu-aspergeru-blanka-holzapfelova\/","name":"M\u00edna - jablko ze stromu Asperger\u016f | Blanka Holz\u00e4pfelov\u00e1 - BOOKHOUSE.cz","isPartOf":{"@id":"https:\/\/bookhouse.cz\/#website"},"datePublished":"2023-02-02T23:01:00+00:00","dateModified":"2023-03-18T00:00:53+00:00","breadcrumb":{"@id":"https:\/\/bookhouse.cz\/index.php\/2023\/02\/03\/mina-jablko-ze-stromu-aspergeru-blanka-holzapfelova\/#breadcrumb"},"inLanguage":"cs","potentialAction":[{"@type":"ReadAction","target":["https:\/\/bookhouse.cz\/index.php\/2023\/02\/03\/mina-jablko-ze-stromu-aspergeru-blanka-holzapfelova\/"]}]},{"@type":"BreadcrumbList","@id":"https:\/\/bookhouse.cz\/index.php\/2023\/02\/03\/mina-jablko-ze-stromu-aspergeru-blanka-holzapfelova\/#breadcrumb","itemListElement":[{"@type":"ListItem","position":1,"name":"Dom\u016f","item":"https:\/\/bookhouse.cz\/"},{"@type":"ListItem","position":2,"name":"M\u00edna &#8211; jablko ze stromu Asperger\u016f | Blanka Holz\u00e4pfelov\u00e1"}]},{"@type":"WebSite","@id":"https:\/\/bookhouse.cz\/#website","url":"https:\/\/bookhouse.cz\/","name":"BOOKHOUSE.cz","description":"Port\u00e1l o kni\u017en\u00edch novink\u00e1ch.","publisher":{"@id":"https:\/\/bookhouse.cz\/#organization"},"potentialAction":[{"@type":"SearchAction","target":{"@type":"EntryPoint","urlTemplate":"https:\/\/bookhouse.cz\/?s={search_term_string}"},"query-input":"required name=search_term_string"}],"inLanguage":"cs"},{"@type":"Organization","@id":"https:\/\/bookhouse.cz\/#organization","name":"BOOKHOUSE.cz","url":"https:\/\/bookhouse.cz\/","logo":{"@type":"ImageObject","inLanguage":"cs","@id":"https:\/\/bookhouse.cz\/#\/schema\/logo\/image\/","url":"https:\/\/bookhouse.cz\/wp-content\/uploads\/2024\/12\/cropped-Logo_BookHouse.jpg","contentUrl":"https:\/\/bookhouse.cz\/wp-content\/uploads\/2024\/12\/cropped-Logo_BookHouse.jpg","width":938,"height":513,"caption":"BOOKHOUSE.cz"},"image":{"@id":"https:\/\/bookhouse.cz\/#\/schema\/logo\/image\/"},"sameAs":["https:\/\/www.facebook.com\/bookhousecz","https:\/\/www.instagram.com\/bookhousecz"]},{"@type":"Person","@id":"https:\/\/bookhouse.cz\/#\/schema\/person\/92706019a8c9280785ef6e38ea35e04c","name":"Jolana Hol\u00e1\u0148ov\u00e1","image":{"@type":"ImageObject","inLanguage":"cs","@id":"https:\/\/bookhouse.cz\/#\/schema\/person\/image\/","url":"https:\/\/secure.gravatar.com\/avatar\/5863c504ed89cd419ff3a5e812c722ff?s=96&d=mm&r=g","contentUrl":"https:\/\/secure.gravatar.com\/avatar\/5863c504ed89cd419ff3a5e812c722ff?s=96&d=mm&r=g","caption":"Jolana Hol\u00e1\u0148ov\u00e1"},"sameAs":["http:\/\/www.bookhouse.cz"],"url":"https:\/\/bookhouse.cz\/index.php\/author\/jolhol\/"}]}},"_links":{"self":[{"href":"https:\/\/bookhouse.cz\/index.php\/wp-json\/wp\/v2\/posts\/4176"}],"collection":[{"href":"https:\/\/bookhouse.cz\/index.php\/wp-json\/wp\/v2\/posts"}],"about":[{"href":"https:\/\/bookhouse.cz\/index.php\/wp-json\/wp\/v2\/types\/post"}],"author":[{"embeddable":true,"href":"https:\/\/bookhouse.cz\/index.php\/wp-json\/wp\/v2\/users\/3"}],"replies":[{"embeddable":true,"href":"https:\/\/bookhouse.cz\/index.php\/wp-json\/wp\/v2\/comments?post=4176"}],"version-history":[{"count":2,"href":"https:\/\/bookhouse.cz\/index.php\/wp-json\/wp\/v2\/posts\/4176\/revisions"}],"predecessor-version":[{"id":4248,"href":"https:\/\/bookhouse.cz\/index.php\/wp-json\/wp\/v2\/posts\/4176\/revisions\/4248"}],"wp:featuredmedia":[{"embeddable":true,"href":"https:\/\/bookhouse.cz\/index.php\/wp-json\/wp\/v2\/media\/4241"}],"wp:attachment":[{"href":"https:\/\/bookhouse.cz\/index.php\/wp-json\/wp\/v2\/media?parent=4176"}],"wp:term":[{"taxonomy":"category","embeddable":true,"href":"https:\/\/bookhouse.cz\/index.php\/wp-json\/wp\/v2\/categories?post=4176"},{"taxonomy":"post_tag","embeddable":true,"href":"https:\/\/bookhouse.cz\/index.php\/wp-json\/wp\/v2\/tags?post=4176"}],"curies":[{"name":"wp","href":"https:\/\/api.w.org\/{rel}","templated":true}]}}