{"id":3985,"date":"2022-11-28T00:01:00","date_gmt":"2022-11-27T23:01:00","guid":{"rendered":"https:\/\/bookhouse.cz\/?p=3985"},"modified":"2022-11-26T16:40:19","modified_gmt":"2022-11-26T15:40:19","slug":"krotitel-splasenych-myslenek-karel-sip","status":"publish","type":"post","link":"https:\/\/bookhouse.cz\/index.php\/2022\/11\/28\/krotitel-splasenych-myslenek-karel-sip\/","title":{"rendered":"Krotitel spla\u0161en\u00fdch my\u0161lenek | Karel \u0160\u00edp"},"content":{"rendered":"\n<div style=\"height:35px\" aria-hidden=\"true\" class=\"wp-block-spacer\"><\/div>\n\n\n\n<p><strong>POTULN\u00c9 MY\u0160LENKY KARLA \u0160\u00cdPA SE ZKROTIT NEDAJ\u00cd, UR\u010cIT\u011a SE V\u0160AK P\u0158I JEJICH SLEDOV\u00c1N\u00cd V\u0160ICHNI OP\u011aT KR\u00c1LOVSKY POBAV\u00cdME<\/strong>.<\/p>\n\n\n\n<p><strong>Nov\u00e1 kniha Karla \u0160\u00edpa \u201eKrotitel spla\u0161en\u00fdch my\u0161lenek\u201c<\/strong> <strong>p\u0159\u00edznivce humoru popul\u00e1rn\u00edho bavi\u010de, sc\u00e9n\u00e1risty, texta\u0159e a baskytaristy stoprocentn\u011b nezklame. I kdy\u017e nejde o autobiografii, tak trochu z&nbsp;n\u00ed v&nbsp;knize najdete. Karel \u0160\u00edp se vyd\u00e1v\u00e1 do pestr\u00e9ho sv\u011bta vlastn\u00edch z\u00e1\u017eitk\u016f a p\u0159in\u00e1\u0161\u00ed \u010dten\u00e1\u0159\u016fm nejen sv\u00e9 nejlep\u0161\u00ed monology a dialogy, ale tak\u00e9 perli\u010dky se z\u00e1kulis\u00ed a vzpom\u00ednky na hereck\u00e9 kolegy. I kdy\u017e nejde o \u017e\u00e1dnou televizn\u00ed show, ale \u201ejen\u201c o p\u00edsmenka na pap\u00ed\u0159e, zaru\u010den\u011b se pobav\u00edte. Proto\u017ee se sv\u00e9bytn\u00fdm vypr\u00e1v\u011bn\u00edm Karla \u0160\u00edpa to ani jinak nelze.<\/strong><\/p>\n\n\n\n<div style=\"height:17px\" aria-hidden=\"true\" class=\"wp-block-spacer\"><\/div>\n\n\n\n<div style=\"height:17px\" aria-hidden=\"true\" class=\"wp-block-spacer\"><\/div>\n\n\n\n<div class=\"wp-block-image\"><figure class=\"aligncenter size-large\"><img loading=\"lazy\" decoding=\"async\" width=\"822\" height=\"478\" src=\"https:\/\/bookhouse.cz\/wp-content\/uploads\/2022\/11\/krotitel_titulka_velka_new-1.jpg\" alt=\"\" class=\"wp-image-3995\" srcset=\"https:\/\/bookhouse.cz\/wp-content\/uploads\/2022\/11\/krotitel_titulka_velka_new-1.jpg 822w, https:\/\/bookhouse.cz\/wp-content\/uploads\/2022\/11\/krotitel_titulka_velka_new-1-300x174.jpg 300w, https:\/\/bookhouse.cz\/wp-content\/uploads\/2022\/11\/krotitel_titulka_velka_new-1-768x447.jpg 768w\" sizes=\"(max-width: 822px) 100vw, 822px\" \/><\/figure><\/div>\n\n\n\n<div style=\"height:17px\" aria-hidden=\"true\" class=\"wp-block-spacer\"><\/div>\n\n\n\n<p>O \u010dem vlastn\u011b kniha je? Jak s\u00e1m n\u00e1zev napov\u00edd\u00e1, je o v\u0161em, \u010deho se dot\u00fdkaj\u00ed potuln\u00e9 my\u0161lenky. Je zbyte\u010dn\u00e9 je krotit, proto\u017ee se stejn\u011b nikde dlouho nezdr\u017e\u00ed. <em>\u201eKdy\u017e se rozeb\u011bhnou n\u011bjak\u00fdm sm\u011brem, tak ten sm\u011br v\u011bt\u0161inou nedr\u017e\u00ed a po\u0159\u00e1d n\u011bkam odbo\u010duj\u00ed. M\u00e9 my\u0161lenky jsou milovnice odbo\u010dek. Vesm\u011bs b\u00fdvaj\u00ed ty odbo\u010dky z\u00e1rove\u0148 slep\u00e9 uli\u010dky. Ale z t\u011bch u\u017e um\u00edm vycouvat a vr\u00e1tit se na hlavn\u00ed cestu. Anebo vycouvat a vjet do jin\u00e9 slep\u00e9 uli\u010dky. Vlastn\u011b nikdy t\u00edm p\u00e1dem nev\u00edm, kam v\u016fbec dojedu. A tak mi souhrnem vznik\u00e1 pod prsty, b\u011bhaj\u00edc\u00edmi po kl\u00e1vesnici po\u010d\u00edta\u010de, v\u0161ehochu\u0165,\u201c<\/em> vysv\u011btluje Karel \u0160\u00edp.<\/p>\n\n\n\n<p>Novinka Karla \u0160\u00edpa zaznamen\u00e1v\u00e1 to nejlep\u0161\u00ed z&nbsp;jeho tvorby. Nav\u00edc v\u0161ak \u010dten\u00e1\u0159i p\u0159edkl\u00e1d\u00e1 p\u0159\u00edb\u011bhy z&nbsp;vlastn\u00edho \u017eivota a otev\u00edr\u00e1 t\u00e9mata, ke kter\u00fdm \u010das od \u010dasu sm\u011b\u0159uje ka\u017ed\u00fd z&nbsp;n\u00e1s. Nechyb\u00ed ani r\u016fzn\u00e9 konspira\u010dn\u00ed teorie, problematika nadu\u017e\u00edv\u00e1n\u00ed vulgarism\u016f \u010di posledn\u00ed dobou \u010dasto prob\u00edran\u00e9 t\u00e9ma t\u0159et\u00edho pohlav\u00ed. Autor \u010dten\u00e1\u0159e pust\u00ed i do sv\u011bta, ve kter\u00e9m vznikaj\u00ed p\u00eds\u0148ov\u00e9 texty a&nbsp;k&nbsp;tomu, jak\u00e9 m\u00edvaj\u00ed kolikr\u00e1t osudy. Na druhou stranu se v\u0161ak pobav\u00edte i p\u0159em\u00fd\u0161len\u00edm nad n\u00e1zvem Dr\u0161\u0165kov\u00e1 pol\u00e9vka<em>. \u201eJakmile se \u010dlov\u011bk za\u010dne pro\u017e\u00edvat a br\u00e1t se p\u0159\u00edli\u0161 v\u00e1\u017en\u011b, je na nejlep\u0161\u00ed cest\u011b dol\u016f,\u201c<\/em> \u0159ekl kdysi Karel \u0160\u00edp v&nbsp;jednom rozhovoru. Touto v\u011btou se \u0159\u00edd\u00ed cel\u00fd \u017eivot a jej\u00ed obsah prol\u00edn\u00e1 i novou knihou. A\u0165 u\u017e ale jde o cokoli, na v\u0161e se Karel \u0160\u00edp d\u00edv\u00e1 se vtipem sob\u011b vlastn\u00edm a s&nbsp;lehkost\u00ed, kter\u00e9 spole\u010dn\u011b umo\u017e\u0148uj\u00ed nad ni\u010d\u00edm p\u0159\u00edli\u0161 nehloubat a \u010das str\u00e1ven\u00fd s&nbsp;knihou pova\u017eovat za p\u0159\u00edjemnou relaxaci.<\/p>\n\n\n\n<p><strong>O autorovi<\/strong><\/p>\n\n\n\n<p>Moder\u00e1tor, bavi\u010d, scen\u00e1rista a texta\u0159 Karel \u0160\u00edp vystudoval St\u0159edn\u00ed pr\u016fmyslovou \u0161kolu filmovou v&nbsp;\u010cimelic\u00edch a do roku 1973 byl zam\u011bstn\u00e1n v&nbsp;\u010cesk\u00e9 televizi jako produk\u010dn\u00ed. V roce 1971 zalo\u017eil skupinu Faraon, kde hr\u00e1l na baskytaru. O rok pozd\u011bji p\u0159izval ke spolupr\u00e1ci zp\u011bv\u00e1ka Ji\u0159\u00edho Schelingera.<\/p>\n\n\n\n<p>Do pov\u011bdom\u00ed televizn\u00edch div\u00e1k\u016f Karel \u0160\u00edp vstoupil po\u0159adem \u201eHit\u0161ar\u00e1da\u201c, kter\u00fd \u00fasp\u011b\u0161n\u011b moderoval v&nbsp;letech 1978?1986 s Jaroslavem Uhl\u00ed\u0159em. Na tento po\u0159ad nav\u00e1zala televizn\u00ed show \u201eGalasuper\u0161ou\u201c. Rovn\u011b\u017e uv\u00e1d\u011bl \u0159adu televizn\u00edch po\u0159ad\u016f nap\u0159. \u201eRozjezdy pro hv\u011bzdy\u201c, \u201eKlip-klap\u201c, kabaret \u201e\u0160ar\u00e1da\u201c a \u00fa\u010dinkoval v n\u011bkolika televizn\u00edch estr\u00e1d\u00e1ch. Spole\u010dn\u011b s Ji\u0159inou Bohdalovou p\u0159ipravoval pro \u010cT po\u0159ad \u201eZa oponou s&nbsp;Ji\u0159inou\u201c. Spolupracoval tak\u00e9 s&nbsp;komikem a bavi\u010dek Josefem Aloisem N\u00e1hlovsk\u00fdm.<\/p>\n\n\n\n<p>Karel \u0160\u00edp je autorem zhruba p\u011bti set p\u00eds\u0148ov\u00fdch text\u016f ? spolupracoval s&nbsp;Karlem Gottem, Petrou Jan\u016f, Petrem Nov\u00e1kem, V\u00e1clavem Neck\u00e1\u0159em, Danielem H\u016flkou, Hanou Zagorovou \u010di Leonou Mach\u00e1lkovou.<\/p>\n\n\n\n<p>V&nbsp;letech 2009?2014 moderoval anketu T\u00fdT\u00fd, ve kter\u00e9 byl tak\u00e9 n\u011bkolikr\u00e1t ocen\u011bn v&nbsp;kategori\u00edch Osobnost televizn\u00ed z\u00e1bavy a v&nbsp;souvislosti s&nbsp;talk show \u201eV\u0161echnop\u00e1rty\u201c i v&nbsp;kategorii Po\u0159ad roku. \u201eV\u0161echnop\u00e1rty\u201c vys\u00edl\u00e1 \u010cesk\u00e1 televize ji\u017e od listopadu 2005.<\/p>\n\n\n\n<div style=\"height:17px\" aria-hidden=\"true\" class=\"wp-block-spacer\"><\/div>\n\n\n\n<div class=\"wp-block-image\"><figure class=\"aligncenter size-large\"><img loading=\"lazy\" decoding=\"async\" width=\"735\" height=\"1024\" src=\"https:\/\/bookhouse.cz\/wp-content\/uploads\/2022\/11\/krotitel_titulka_velka_new-735x1024.jpg\" alt=\"\" class=\"wp-image-3986\" srcset=\"https:\/\/bookhouse.cz\/wp-content\/uploads\/2022\/11\/krotitel_titulka_velka_new-735x1024.jpg 735w, https:\/\/bookhouse.cz\/wp-content\/uploads\/2022\/11\/krotitel_titulka_velka_new-215x300.jpg 215w, https:\/\/bookhouse.cz\/wp-content\/uploads\/2022\/11\/krotitel_titulka_velka_new-768x1070.jpg 768w, https:\/\/bookhouse.cz\/wp-content\/uploads\/2022\/11\/krotitel_titulka_velka_new.jpg 827w\" sizes=\"(max-width: 735px) 100vw, 735px\" \/><\/figure><\/div>\n\n\n\n<div style=\"height:17px\" aria-hidden=\"true\" class=\"wp-block-spacer\"><\/div>\n\n\n\n<div style=\"height:17px\" aria-hidden=\"true\" class=\"wp-block-spacer\"><\/div>\n\n\n\n<h3 class=\"wp-block-heading\">N\u00e1zev knihy: Krotitel spla\u0161en\u00fdch my\u0161lenek<\/h3>\n\n\n\n<p><strong>Autor:&nbsp;<\/strong>Karel \u0160\u00edp<\/p>\n\n\n\n<p><strong>Po\u010det stran:<\/strong>&nbsp;192<\/p>\n\n\n\n<p><strong>Vazba:&nbsp;<\/strong>v\u00e1zan\u00e1 s laminov\u00fdm potahem<\/p>\n\n\n\n<p><strong>Doporu\u010den\u00e1<\/strong>&nbsp;<strong>cena:<\/strong>&nbsp;349 K\u010d<\/p>\n\n\n\n<p>Vydalo nakladatelstv\u00ed&nbsp;<strong><a href=\"https:\/\/www.albatrosmedia.cz\/znacka\/60018366\/kniha-zlin\/\"><\/a><a href=\"https:\/\/www.albatrosmedia.cz\/znacka\/60018384\/xyz\/\">XYZ<\/a><\/strong><\/p>\n\n\n\n<p><strong>V\u00edce naleznete na\u00a0<a href=\"https:\/\/www.albatrosmedia.cz\/tituly\/50958196\/ze-zivota-single-zeny\/\">www.albatrosmedia.cz<\/a><\/strong>.<\/p>\n\n\n\n<div style=\"height:100px\" aria-hidden=\"true\" class=\"wp-block-spacer\"><\/div>\n","protected":false},"excerpt":{"rendered":"<p>POTULN\u00c9 MY\u0160LENKY KARLA \u0160\u00cdPA SE ZKROTIT NEDAJ\u00cd, UR\u010cIT\u011a SE V\u0160AK P\u0158I JEJICH SLEDOV\u00c1N\u00cd V\u0160ICHNI OP\u011aT KR\u00c1LOVSKY POBAV\u00cdME. Nov\u00e1 kniha Karla \u0160\u00edpa \u201eKrotitel spla\u0161en\u00fdch my\u0161lenek\u201c p\u0159\u00edznivce humoru popul\u00e1rn\u00edho bavi\u010de, sc\u00e9n\u00e1risty, texta\u0159e a baskytaristy stoprocentn\u011b nezklame.&#46;&#46;&#46;<\/p>\n","protected":false},"author":6,"featured_media":3995,"comment_status":"closed","ping_status":"closed","sticky":false,"template":"","format":"standard","meta":{"_monsterinsights_skip_tracking":false,"_monsterinsights_sitenote_active":false,"_monsterinsights_sitenote_note":"","_monsterinsights_sitenote_category":0,"footnotes":""},"categories":[2,3],"tags":[],"yoast_head":"<!-- This site is optimized with the Yoast SEO plugin v21.5 - https:\/\/yoast.com\/wordpress\/plugins\/seo\/ -->\n<title>Krotitel spla\u0161en\u00fdch my\u0161lenek | Karel \u0160\u00edp - BOOKHOUSE.cz<\/title>\n<meta name=\"robots\" content=\"index, follow, max-snippet:-1, max-image-preview:large, max-video-preview:-1\" \/>\n<link rel=\"canonical\" href=\"https:\/\/bookhouse.cz\/index.php\/2022\/11\/28\/krotitel-splasenych-myslenek-karel-sip\/\" \/>\n<meta property=\"og:locale\" content=\"cs_CZ\" \/>\n<meta property=\"og:type\" content=\"article\" \/>\n<meta property=\"og:title\" content=\"Krotitel spla\u0161en\u00fdch my\u0161lenek | Karel \u0160\u00edp - BOOKHOUSE.cz\" \/>\n<meta property=\"og:description\" content=\"POTULN\u00c9 MY\u0160LENKY KARLA \u0160\u00cdPA SE ZKROTIT NEDAJ\u00cd, UR\u010cIT\u011a SE V\u0160AK P\u0158I JEJICH SLEDOV\u00c1N\u00cd V\u0160ICHNI OP\u011aT KR\u00c1LOVSKY POBAV\u00cdME. Nov\u00e1 kniha Karla \u0160\u00edpa \u201eKrotitel spla\u0161en\u00fdch my\u0161lenek\u201c p\u0159\u00edznivce humoru popul\u00e1rn\u00edho bavi\u010de, sc\u00e9n\u00e1risty, texta\u0159e a baskytaristy stoprocentn\u011b nezklame.&#046;&#046;&#046;\" \/>\n<meta property=\"og:url\" content=\"https:\/\/bookhouse.cz\/index.php\/2022\/11\/28\/krotitel-splasenych-myslenek-karel-sip\/\" \/>\n<meta property=\"og:site_name\" content=\"BOOKHOUSE.cz\" \/>\n<meta property=\"article:publisher\" content=\"https:\/\/www.facebook.com\/bookhousecz\" \/>\n<meta property=\"article:published_time\" content=\"2022-11-27T23:01:00+00:00\" \/>\n<meta property=\"article:modified_time\" content=\"2022-11-26T15:40:19+00:00\" \/>\n<meta property=\"og:image\" content=\"https:\/\/bookhouse.cz\/wp-content\/uploads\/2022\/11\/krotitel_titulka_velka_new-1.jpg\" \/>\n\t<meta property=\"og:image:width\" content=\"822\" \/>\n\t<meta property=\"og:image:height\" content=\"478\" \/>\n\t<meta property=\"og:image:type\" content=\"image\/jpeg\" \/>\n<meta name=\"author\" content=\"PetraKoub\" \/>\n<meta name=\"twitter:card\" content=\"summary_large_image\" \/>\n<meta name=\"twitter:label1\" content=\"Napsal(a)\" \/>\n\t<meta name=\"twitter:data1\" content=\"PetraKoub\" \/>\n\t<meta name=\"twitter:label2\" content=\"Odhadovan\u00e1 doba \u010dten\u00ed\" \/>\n\t<meta name=\"twitter:data2\" content=\"4 minuty\" \/>\n<script type=\"application\/ld+json\" class=\"yoast-schema-graph\">{\"@context\":\"https:\/\/schema.org\",\"@graph\":[{\"@type\":\"Article\",\"@id\":\"https:\/\/bookhouse.cz\/index.php\/2022\/11\/28\/krotitel-splasenych-myslenek-karel-sip\/#article\",\"isPartOf\":{\"@id\":\"https:\/\/bookhouse.cz\/index.php\/2022\/11\/28\/krotitel-splasenych-myslenek-karel-sip\/\"},\"author\":{\"name\":\"PetraKoub\",\"@id\":\"https:\/\/bookhouse.cz\/#\/schema\/person\/fd7fb49f87bd7339cba6218e18e7e6f9\"},\"headline\":\"Krotitel spla\u0161en\u00fdch my\u0161lenek | Karel \u0160\u00edp\",\"datePublished\":\"2022-11-27T23:01:00+00:00\",\"dateModified\":\"2022-11-26T15:40:19+00:00\",\"mainEntityOfPage\":{\"@id\":\"https:\/\/bookhouse.cz\/index.php\/2022\/11\/28\/krotitel-splasenych-myslenek-karel-sip\/\"},\"wordCount\":782,\"publisher\":{\"@id\":\"https:\/\/bookhouse.cz\/#organization\"},\"articleSection\":[\"BELETRIE\",\"NEWS\"],\"inLanguage\":\"cs\"},{\"@type\":\"WebPage\",\"@id\":\"https:\/\/bookhouse.cz\/index.php\/2022\/11\/28\/krotitel-splasenych-myslenek-karel-sip\/\",\"url\":\"https:\/\/bookhouse.cz\/index.php\/2022\/11\/28\/krotitel-splasenych-myslenek-karel-sip\/\",\"name\":\"Krotitel spla\u0161en\u00fdch my\u0161lenek | Karel \u0160\u00edp - BOOKHOUSE.cz\",\"isPartOf\":{\"@id\":\"https:\/\/bookhouse.cz\/#website\"},\"datePublished\":\"2022-11-27T23:01:00+00:00\",\"dateModified\":\"2022-11-26T15:40:19+00:00\",\"breadcrumb\":{\"@id\":\"https:\/\/bookhouse.cz\/index.php\/2022\/11\/28\/krotitel-splasenych-myslenek-karel-sip\/#breadcrumb\"},\"inLanguage\":\"cs\",\"potentialAction\":[{\"@type\":\"ReadAction\",\"target\":[\"https:\/\/bookhouse.cz\/index.php\/2022\/11\/28\/krotitel-splasenych-myslenek-karel-sip\/\"]}]},{\"@type\":\"BreadcrumbList\",\"@id\":\"https:\/\/bookhouse.cz\/index.php\/2022\/11\/28\/krotitel-splasenych-myslenek-karel-sip\/#breadcrumb\",\"itemListElement\":[{\"@type\":\"ListItem\",\"position\":1,\"name\":\"Dom\u016f\",\"item\":\"https:\/\/bookhouse.cz\/\"},{\"@type\":\"ListItem\",\"position\":2,\"name\":\"Krotitel spla\u0161en\u00fdch my\u0161lenek | Karel \u0160\u00edp\"}]},{\"@type\":\"WebSite\",\"@id\":\"https:\/\/bookhouse.cz\/#website\",\"url\":\"https:\/\/bookhouse.cz\/\",\"name\":\"BOOKHOUSE.cz\",\"description\":\"Port\u00e1l o kni\u017en\u00edch novink\u00e1ch.\",\"publisher\":{\"@id\":\"https:\/\/bookhouse.cz\/#organization\"},\"potentialAction\":[{\"@type\":\"SearchAction\",\"target\":{\"@type\":\"EntryPoint\",\"urlTemplate\":\"https:\/\/bookhouse.cz\/?s={search_term_string}\"},\"query-input\":\"required name=search_term_string\"}],\"inLanguage\":\"cs\"},{\"@type\":\"Organization\",\"@id\":\"https:\/\/bookhouse.cz\/#organization\",\"name\":\"BOOKHOUSE.cz\",\"url\":\"https:\/\/bookhouse.cz\/\",\"logo\":{\"@type\":\"ImageObject\",\"inLanguage\":\"cs\",\"@id\":\"https:\/\/bookhouse.cz\/#\/schema\/logo\/image\/\",\"url\":\"https:\/\/bookhouse.cz\/wp-content\/uploads\/2024\/12\/cropped-Logo_BookHouse.jpg\",\"contentUrl\":\"https:\/\/bookhouse.cz\/wp-content\/uploads\/2024\/12\/cropped-Logo_BookHouse.jpg\",\"width\":938,\"height\":513,\"caption\":\"BOOKHOUSE.cz\"},\"image\":{\"@id\":\"https:\/\/bookhouse.cz\/#\/schema\/logo\/image\/\"},\"sameAs\":[\"https:\/\/www.facebook.com\/bookhousecz\",\"https:\/\/www.instagram.com\/bookhousecz\"]},{\"@type\":\"Person\",\"@id\":\"https:\/\/bookhouse.cz\/#\/schema\/person\/fd7fb49f87bd7339cba6218e18e7e6f9\",\"name\":\"PetraKoub\",\"image\":{\"@type\":\"ImageObject\",\"inLanguage\":\"cs\",\"@id\":\"https:\/\/bookhouse.cz\/#\/schema\/person\/image\/\",\"url\":\"https:\/\/secure.gravatar.com\/avatar\/e5a691eb8b40dc70444dfd897f405d3d?s=96&d=mm&r=g\",\"contentUrl\":\"https:\/\/secure.gravatar.com\/avatar\/e5a691eb8b40dc70444dfd897f405d3d?s=96&d=mm&r=g\",\"caption\":\"PetraKoub\"},\"sameAs\":[\"http:\/\/BOOKHOUSE.cz\"],\"url\":\"https:\/\/bookhouse.cz\/index.php\/author\/terezak\/\"}]}<\/script>\n<!-- \/ Yoast SEO plugin. -->","yoast_head_json":{"title":"Krotitel spla\u0161en\u00fdch my\u0161lenek | Karel \u0160\u00edp - BOOKHOUSE.cz","robots":{"index":"index","follow":"follow","max-snippet":"max-snippet:-1","max-image-preview":"max-image-preview:large","max-video-preview":"max-video-preview:-1"},"canonical":"https:\/\/bookhouse.cz\/index.php\/2022\/11\/28\/krotitel-splasenych-myslenek-karel-sip\/","og_locale":"cs_CZ","og_type":"article","og_title":"Krotitel spla\u0161en\u00fdch my\u0161lenek | Karel \u0160\u00edp - BOOKHOUSE.cz","og_description":"POTULN\u00c9 MY\u0160LENKY KARLA \u0160\u00cdPA SE ZKROTIT NEDAJ\u00cd, UR\u010cIT\u011a SE V\u0160AK P\u0158I JEJICH SLEDOV\u00c1N\u00cd V\u0160ICHNI OP\u011aT KR\u00c1LOVSKY POBAV\u00cdME. Nov\u00e1 kniha Karla \u0160\u00edpa \u201eKrotitel spla\u0161en\u00fdch my\u0161lenek\u201c p\u0159\u00edznivce humoru popul\u00e1rn\u00edho bavi\u010de, sc\u00e9n\u00e1risty, texta\u0159e a baskytaristy stoprocentn\u011b nezklame.&#46;&#46;&#46;","og_url":"https:\/\/bookhouse.cz\/index.php\/2022\/11\/28\/krotitel-splasenych-myslenek-karel-sip\/","og_site_name":"BOOKHOUSE.cz","article_publisher":"https:\/\/www.facebook.com\/bookhousecz","article_published_time":"2022-11-27T23:01:00+00:00","article_modified_time":"2022-11-26T15:40:19+00:00","og_image":[{"width":822,"height":478,"url":"https:\/\/bookhouse.cz\/wp-content\/uploads\/2022\/11\/krotitel_titulka_velka_new-1.jpg","type":"image\/jpeg"}],"author":"PetraKoub","twitter_card":"summary_large_image","twitter_misc":{"Napsal(a)":"PetraKoub","Odhadovan\u00e1 doba \u010dten\u00ed":"4 minuty"},"schema":{"@context":"https:\/\/schema.org","@graph":[{"@type":"Article","@id":"https:\/\/bookhouse.cz\/index.php\/2022\/11\/28\/krotitel-splasenych-myslenek-karel-sip\/#article","isPartOf":{"@id":"https:\/\/bookhouse.cz\/index.php\/2022\/11\/28\/krotitel-splasenych-myslenek-karel-sip\/"},"author":{"name":"PetraKoub","@id":"https:\/\/bookhouse.cz\/#\/schema\/person\/fd7fb49f87bd7339cba6218e18e7e6f9"},"headline":"Krotitel spla\u0161en\u00fdch my\u0161lenek | Karel \u0160\u00edp","datePublished":"2022-11-27T23:01:00+00:00","dateModified":"2022-11-26T15:40:19+00:00","mainEntityOfPage":{"@id":"https:\/\/bookhouse.cz\/index.php\/2022\/11\/28\/krotitel-splasenych-myslenek-karel-sip\/"},"wordCount":782,"publisher":{"@id":"https:\/\/bookhouse.cz\/#organization"},"articleSection":["BELETRIE","NEWS"],"inLanguage":"cs"},{"@type":"WebPage","@id":"https:\/\/bookhouse.cz\/index.php\/2022\/11\/28\/krotitel-splasenych-myslenek-karel-sip\/","url":"https:\/\/bookhouse.cz\/index.php\/2022\/11\/28\/krotitel-splasenych-myslenek-karel-sip\/","name":"Krotitel spla\u0161en\u00fdch my\u0161lenek | Karel \u0160\u00edp - BOOKHOUSE.cz","isPartOf":{"@id":"https:\/\/bookhouse.cz\/#website"},"datePublished":"2022-11-27T23:01:00+00:00","dateModified":"2022-11-26T15:40:19+00:00","breadcrumb":{"@id":"https:\/\/bookhouse.cz\/index.php\/2022\/11\/28\/krotitel-splasenych-myslenek-karel-sip\/#breadcrumb"},"inLanguage":"cs","potentialAction":[{"@type":"ReadAction","target":["https:\/\/bookhouse.cz\/index.php\/2022\/11\/28\/krotitel-splasenych-myslenek-karel-sip\/"]}]},{"@type":"BreadcrumbList","@id":"https:\/\/bookhouse.cz\/index.php\/2022\/11\/28\/krotitel-splasenych-myslenek-karel-sip\/#breadcrumb","itemListElement":[{"@type":"ListItem","position":1,"name":"Dom\u016f","item":"https:\/\/bookhouse.cz\/"},{"@type":"ListItem","position":2,"name":"Krotitel spla\u0161en\u00fdch my\u0161lenek | Karel \u0160\u00edp"}]},{"@type":"WebSite","@id":"https:\/\/bookhouse.cz\/#website","url":"https:\/\/bookhouse.cz\/","name":"BOOKHOUSE.cz","description":"Port\u00e1l o kni\u017en\u00edch novink\u00e1ch.","publisher":{"@id":"https:\/\/bookhouse.cz\/#organization"},"potentialAction":[{"@type":"SearchAction","target":{"@type":"EntryPoint","urlTemplate":"https:\/\/bookhouse.cz\/?s={search_term_string}"},"query-input":"required name=search_term_string"}],"inLanguage":"cs"},{"@type":"Organization","@id":"https:\/\/bookhouse.cz\/#organization","name":"BOOKHOUSE.cz","url":"https:\/\/bookhouse.cz\/","logo":{"@type":"ImageObject","inLanguage":"cs","@id":"https:\/\/bookhouse.cz\/#\/schema\/logo\/image\/","url":"https:\/\/bookhouse.cz\/wp-content\/uploads\/2024\/12\/cropped-Logo_BookHouse.jpg","contentUrl":"https:\/\/bookhouse.cz\/wp-content\/uploads\/2024\/12\/cropped-Logo_BookHouse.jpg","width":938,"height":513,"caption":"BOOKHOUSE.cz"},"image":{"@id":"https:\/\/bookhouse.cz\/#\/schema\/logo\/image\/"},"sameAs":["https:\/\/www.facebook.com\/bookhousecz","https:\/\/www.instagram.com\/bookhousecz"]},{"@type":"Person","@id":"https:\/\/bookhouse.cz\/#\/schema\/person\/fd7fb49f87bd7339cba6218e18e7e6f9","name":"PetraKoub","image":{"@type":"ImageObject","inLanguage":"cs","@id":"https:\/\/bookhouse.cz\/#\/schema\/person\/image\/","url":"https:\/\/secure.gravatar.com\/avatar\/e5a691eb8b40dc70444dfd897f405d3d?s=96&d=mm&r=g","contentUrl":"https:\/\/secure.gravatar.com\/avatar\/e5a691eb8b40dc70444dfd897f405d3d?s=96&d=mm&r=g","caption":"PetraKoub"},"sameAs":["http:\/\/BOOKHOUSE.cz"],"url":"https:\/\/bookhouse.cz\/index.php\/author\/terezak\/"}]}},"_links":{"self":[{"href":"https:\/\/bookhouse.cz\/index.php\/wp-json\/wp\/v2\/posts\/3985"}],"collection":[{"href":"https:\/\/bookhouse.cz\/index.php\/wp-json\/wp\/v2\/posts"}],"about":[{"href":"https:\/\/bookhouse.cz\/index.php\/wp-json\/wp\/v2\/types\/post"}],"author":[{"embeddable":true,"href":"https:\/\/bookhouse.cz\/index.php\/wp-json\/wp\/v2\/users\/6"}],"replies":[{"embeddable":true,"href":"https:\/\/bookhouse.cz\/index.php\/wp-json\/wp\/v2\/comments?post=3985"}],"version-history":[{"count":4,"href":"https:\/\/bookhouse.cz\/index.php\/wp-json\/wp\/v2\/posts\/3985\/revisions"}],"predecessor-version":[{"id":4016,"href":"https:\/\/bookhouse.cz\/index.php\/wp-json\/wp\/v2\/posts\/3985\/revisions\/4016"}],"wp:featuredmedia":[{"embeddable":true,"href":"https:\/\/bookhouse.cz\/index.php\/wp-json\/wp\/v2\/media\/3995"}],"wp:attachment":[{"href":"https:\/\/bookhouse.cz\/index.php\/wp-json\/wp\/v2\/media?parent=3985"}],"wp:term":[{"taxonomy":"category","embeddable":true,"href":"https:\/\/bookhouse.cz\/index.php\/wp-json\/wp\/v2\/categories?post=3985"},{"taxonomy":"post_tag","embeddable":true,"href":"https:\/\/bookhouse.cz\/index.php\/wp-json\/wp\/v2\/tags?post=3985"}],"curies":[{"name":"wp","href":"https:\/\/api.w.org\/{rel}","templated":true}]}}