{"id":3729,"date":"2022-07-25T00:55:00","date_gmt":"2022-07-24T22:55:00","guid":{"rendered":"https:\/\/bookhouse.cz\/?p=3729"},"modified":"2022-07-27T00:04:07","modified_gmt":"2022-07-26T22:04:07","slug":"za-casu-odvahy-strhujici-a-emotivni-roman-jehoz-dej-zacina-ve-2-svetove-valce","status":"publish","type":"post","link":"https:\/\/bookhouse.cz\/index.php\/2022\/07\/25\/za-casu-odvahy-strhujici-a-emotivni-roman-jehoz-dej-zacina-ve-2-svetove-valce\/","title":{"rendered":"Za \u010das\u016f odvahy: Strhuj\u00edc\u00ed a emotivn\u00ed rom\u00e1n, jeho\u017e d\u011bj za\u010d\u00edn\u00e1 ve 2. sv\u011btov\u00e9 v\u00e1lce"},"content":{"rendered":"\n<div style=\"height:41px\" aria-hidden=\"true\" class=\"wp-block-spacer\"><\/div>\n\n\n\n<p><strong>\u017dena na fotografii se p\u0159iv\u0159en\u00fdma o\u010dima d\u00edvala vzh\u016fru, jako by si jen na okam\u017eik u\u017e\u00edvala slune\u010dn\u00edho svitu, i kdy\u017e za n\u00ed le\u017eely trosky vybombardovan\u00e9 ulice\u2026<\/strong><\/p>\n\n\n\n<div class=\"wp-block-image\"><figure class=\"aligncenter size-large is-resized\"><img loading=\"lazy\" decoding=\"async\" src=\"https:\/\/bookhouse.cz\/wp-content\/uploads\/2022\/07\/Za-casu-odvahy_TTL.jpg\" alt=\"\" class=\"wp-image-3730\" width=\"811\" height=\"550\" srcset=\"https:\/\/bookhouse.cz\/wp-content\/uploads\/2022\/07\/Za-casu-odvahy_TTL.jpg 600w, https:\/\/bookhouse.cz\/wp-content\/uploads\/2022\/07\/Za-casu-odvahy_TTL-300x204.jpg 300w\" sizes=\"(max-width: 811px) 100vw, 811px\" \/><\/figure><\/div>\n\n\n\n<p><strong>Suzanne Kelman<\/strong> je britsk\u00e1 autorka, kterou \u010de\u0161t\u00ed \u010dten\u00e1\u0159i u\u017e znaj\u00ed d\u00edky p\u0159edchoz\u00edmu sv\u011btov\u00e9mu bestselleru <strong>V\u00fdhled p\u0159es st\u0159echy<\/strong>. O jej\u00edm nejnov\u011bj\u0161\u00edm rom\u00e1nu <strong>Za \u010das\u016f odvahy<\/strong> mluv\u00ed \u010dten\u00e1\u0159 Goodreads jako o: \u201e<em>Srdcervouc\u00edm p\u0159\u00edb\u011bhu oby\u010dejn\u00fdch lid\u00ed, kte\u0159\u00ed se d\u00edky l\u00e1sce a sebeob\u011btov\u00e1n\u00ed stanou hrdiny. Intenzita \u017ealu a l\u00e1sky v t\u00e9to knize v\u00e1m v\u017eene slzy do o\u010d\u00ed.\u201c<\/em><\/p>\n\n\n\n<p>KnihuSuzanne Kelman Za \u010das\u016f odvahy z&nbsp;origin\u00e1lu When We Were Brave p\u0159elo\u017eila Ag\u00e1ta Hamari.<\/p>\n\n\n\n<div class=\"wp-block-image\"><figure class=\"aligncenter size-large\"><img loading=\"lazy\" decoding=\"async\" width=\"600\" height=\"1000\" src=\"https:\/\/bookhouse.cz\/wp-content\/uploads\/2022\/07\/Za-casu-odvahy.jpg\" alt=\"\" class=\"wp-image-3731\" srcset=\"https:\/\/bookhouse.cz\/wp-content\/uploads\/2022\/07\/Za-casu-odvahy.jpg 600w, https:\/\/bookhouse.cz\/wp-content\/uploads\/2022\/07\/Za-casu-odvahy-180x300.jpg 180w\" sizes=\"(max-width: 600px) 100vw, 600px\" \/><\/figure><\/div>\n\n\n\n<h3 class=\"wp-block-heading\"><strong>Anotace Za \u010das\u016f odvahy, Suzanne Kelmann<\/strong><\/h3>\n\n\n\n<p><em>Cornwall, rok 1944.<\/em><\/p>\n\n\n\n<p>L\u00e1skou zaslepen\u00e1 Vivienne Hamiltonov\u00e1 utekla do Pa\u0159\u00ed\u017ee s nacistick\u00fdm v\u00e1le\u010dn\u00fdm zajatcem. Od t\u00e9 chv\u00edle ji u\u017e nikdo nespat\u0159il. Jeliko\u017e t\u00edm po\u0161pinila dobr\u00e9 jm\u00e9no cel\u00e9 rodiny, n\u00e1sleduj\u00edc\u00edch sedmdes\u00e1t p\u011bt let se o Vivienne nikdo ani sl\u016fvkem nezm\u00ednil.<\/p>\n\n\n\n<p><em>Lond\u00fdn, sou\u010dasnost.<\/em><\/p>\n\n\n\n<p>Kdy\u017e Sophie Hamiltonov\u00e1 objev\u00ed fotku sv\u00e9 pratety Vivienne z obdob\u00ed druh\u00e9 sv\u011btov\u00e9 v\u00e1lky, vyvede ji to z m\u00edry. Na fotografii je toti\u017e budova, kter\u00e1 souvisela s lond\u00fdnskou \u0161pion\u00e1\u017en\u00ed organizac\u00ed, a nav\u00edc byl tento sn\u00edmek po\u0159\u00edzen t\u011bsn\u011b p\u0159edt\u00edm, ne\u017e Vivienne zmizela. Sophie za\u010d\u00edn\u00e1 postupn\u011b odhalovat p\u0159\u00edb\u011bh \u017eeny, kter\u00e1 pro \u010dlov\u011bka, jeho\u017e milovala, riskovala \u00fapln\u011b v\u0161echno\u2026<\/p>\n\n\n\n<h3 class=\"wp-block-heading\"><strong>Kdo je Suzanne Kelman<\/strong><\/h3>\n\n\n\n<p>N\u011bkolikan\u00e1sobn\u011b ocen\u011bn\u00e1 sc\u00e9n\u00e1ristka a filmov\u00e1 producentka, kter\u00e1 krom\u011b kari\u00e9ry u filmu a divadla dos\u00e1hla \u00fasp\u011bchu i v&nbsp;literatu\u0159e. Jej\u00ed knihy se staly mezin\u00e1rodn\u00edmi bestsellery a byly p\u0159elo\u017eeny do mnoha jazyk\u016f. Moment\u00e1ln\u011b pracuje na dal\u0161\u00edm nap\u00ednav\u00e9m rom\u00e1nu z&nbsp;druh\u00e9 sv\u011btov\u00e9 v\u00e1lky. Suzanne se narodila ve Velk\u00e9 Brit\u00e1nii, ale v sou\u010dasnosti \u017eije na z\u00e1padn\u00edm pob\u0159e\u017e\u00ed USA ve st\u00e1tu Washington. Suzanniny \u00fasp\u011bchy jako\u017eto sc\u00e9n\u00e1ristky zahrnuj\u00ed celou \u0159adu ocen\u011bn\u00ed, v\u010detn\u011b ceny za nejlep\u0161\u00ed sc\u00e9n\u00e1\u0159 k celove\u010dern\u00ed komedii z Filmov\u00e9ho festivalu v Los Angeles, Zlat\u00e9 ceny z Kalifornsk\u00fdch filmov\u00fdch cen a ceny Van Gogha z Filmov\u00e9ho festivalu v&nbsp;Amsterdamu. V roce 2015 Americk\u00e1 filmov\u00e1 akademie ocenila jej\u00ed sc\u00e9n\u00e1\u0159 Held \u2013 p\u0159edch\u016fdce rom\u00e1nu V\u00fdhled p\u0159es st\u0159echy (vy\u0161lo v&nbsp;nakladatelstv\u00ed MOBA 2021) \u2013 a vybrala ho mezi deset nejlep\u0161\u00edch sc\u00e9n\u00e1\u0159\u016f k&nbsp;ocen\u011bn\u00ed Nadac\u00ed Nichollov\u00fdch na podporu sc\u00e9n\u00e1ristiky. Suzanne Kelman je ale tak\u00e9 dramati\u010dkou a jej\u00ed oce\u0148ovan\u00e1 komedie Jen p\u0159es mou mrtvolu (Over My Dead Body) m\u011bla sv\u011btovou premi\u00e9ru na podzim roku 2019 v divadle Outcast Theatre ve Washingtonu.<\/p>\n\n\n\n<div style=\"height:100px\" aria-hidden=\"true\" class=\"wp-block-spacer\"><\/div>\n","protected":false},"excerpt":{"rendered":"<p>\u017dena na fotografii se p\u0159iv\u0159en\u00fdma o\u010dima d\u00edvala vzh\u016fru, jako by si jen na okam\u017eik u\u017e\u00edvala slune\u010dn\u00edho svitu, i kdy\u017e za n\u00ed le\u017eely trosky vybombardovan\u00e9 ulice\u2026 Suzanne Kelman je britsk\u00e1 autorka, kterou \u010de\u0161t\u00ed \u010dten\u00e1\u0159i u\u017e&#46;&#46;&#46;<\/p>\n","protected":false},"author":3,"featured_media":3730,"comment_status":"closed","ping_status":"closed","sticky":false,"template":"","format":"standard","meta":{"_monsterinsights_skip_tracking":false,"_monsterinsights_sitenote_active":false,"_monsterinsights_sitenote_note":"","_monsterinsights_sitenote_category":0,"footnotes":""},"categories":[2,3,23],"tags":[],"yoast_head":"<!-- This site is optimized with the Yoast SEO plugin v21.5 - https:\/\/yoast.com\/wordpress\/plugins\/seo\/ -->\n<title>Za \u010das\u016f odvahy: Strhuj\u00edc\u00ed a emotivn\u00ed rom\u00e1n, jeho\u017e d\u011bj za\u010d\u00edn\u00e1 ve 2. sv\u011btov\u00e9 v\u00e1lce - BOOKHOUSE.cz<\/title>\n<meta name=\"robots\" content=\"index, follow, max-snippet:-1, max-image-preview:large, max-video-preview:-1\" \/>\n<link rel=\"canonical\" href=\"https:\/\/bookhouse.cz\/index.php\/2022\/07\/25\/za-casu-odvahy-strhujici-a-emotivni-roman-jehoz-dej-zacina-ve-2-svetove-valce\/\" \/>\n<meta property=\"og:locale\" content=\"cs_CZ\" \/>\n<meta property=\"og:type\" content=\"article\" \/>\n<meta property=\"og:title\" content=\"Za \u010das\u016f odvahy: Strhuj\u00edc\u00ed a emotivn\u00ed rom\u00e1n, jeho\u017e d\u011bj za\u010d\u00edn\u00e1 ve 2. sv\u011btov\u00e9 v\u00e1lce - BOOKHOUSE.cz\" \/>\n<meta property=\"og:description\" content=\"\u017dena na fotografii se p\u0159iv\u0159en\u00fdma o\u010dima d\u00edvala vzh\u016fru, jako by si jen na okam\u017eik u\u017e\u00edvala slune\u010dn\u00edho svitu, i kdy\u017e za n\u00ed le\u017eely trosky vybombardovan\u00e9 ulice\u2026 Suzanne Kelman je britsk\u00e1 autorka, kterou \u010de\u0161t\u00ed \u010dten\u00e1\u0159i u\u017e&#046;&#046;&#046;\" \/>\n<meta property=\"og:url\" content=\"https:\/\/bookhouse.cz\/index.php\/2022\/07\/25\/za-casu-odvahy-strhujici-a-emotivni-roman-jehoz-dej-zacina-ve-2-svetove-valce\/\" \/>\n<meta property=\"og:site_name\" content=\"BOOKHOUSE.cz\" \/>\n<meta property=\"article:publisher\" content=\"https:\/\/www.facebook.com\/bookhousecz\" \/>\n<meta property=\"article:published_time\" content=\"2022-07-24T22:55:00+00:00\" \/>\n<meta property=\"article:modified_time\" content=\"2022-07-26T22:04:07+00:00\" \/>\n<meta property=\"og:image\" content=\"https:\/\/bookhouse.cz\/wp-content\/uploads\/2022\/07\/Za-casu-odvahy_TTL.jpg\" \/>\n\t<meta property=\"og:image:width\" content=\"600\" \/>\n\t<meta property=\"og:image:height\" content=\"407\" \/>\n\t<meta property=\"og:image:type\" content=\"image\/jpeg\" \/>\n<meta name=\"author\" content=\"Jolana Hol\u00e1\u0148ov\u00e1\" \/>\n<meta name=\"twitter:card\" content=\"summary_large_image\" \/>\n<meta name=\"twitter:label1\" content=\"Napsal(a)\" \/>\n\t<meta name=\"twitter:data1\" content=\"Jolana Hol\u00e1\u0148ov\u00e1\" \/>\n\t<meta name=\"twitter:label2\" content=\"Odhadovan\u00e1 doba \u010dten\u00ed\" \/>\n\t<meta name=\"twitter:data2\" content=\"2 minuty\" \/>\n<script type=\"application\/ld+json\" class=\"yoast-schema-graph\">{\"@context\":\"https:\/\/schema.org\",\"@graph\":[{\"@type\":\"Article\",\"@id\":\"https:\/\/bookhouse.cz\/index.php\/2022\/07\/25\/za-casu-odvahy-strhujici-a-emotivni-roman-jehoz-dej-zacina-ve-2-svetove-valce\/#article\",\"isPartOf\":{\"@id\":\"https:\/\/bookhouse.cz\/index.php\/2022\/07\/25\/za-casu-odvahy-strhujici-a-emotivni-roman-jehoz-dej-zacina-ve-2-svetove-valce\/\"},\"author\":{\"name\":\"Jolana Hol\u00e1\u0148ov\u00e1\",\"@id\":\"https:\/\/bookhouse.cz\/#\/schema\/person\/92706019a8c9280785ef6e38ea35e04c\"},\"headline\":\"Za \u010das\u016f odvahy: Strhuj\u00edc\u00ed a emotivn\u00ed rom\u00e1n, jeho\u017e d\u011bj za\u010d\u00edn\u00e1 ve 2. sv\u011btov\u00e9 v\u00e1lce\",\"datePublished\":\"2022-07-24T22:55:00+00:00\",\"dateModified\":\"2022-07-26T22:04:07+00:00\",\"mainEntityOfPage\":{\"@id\":\"https:\/\/bookhouse.cz\/index.php\/2022\/07\/25\/za-casu-odvahy-strhujici-a-emotivni-roman-jehoz-dej-zacina-ve-2-svetove-valce\/\"},\"wordCount\":513,\"publisher\":{\"@id\":\"https:\/\/bookhouse.cz\/#organization\"},\"articleSection\":[\"BELETRIE\",\"NEWS\",\"ROM\u00c1NY\"],\"inLanguage\":\"cs\"},{\"@type\":\"WebPage\",\"@id\":\"https:\/\/bookhouse.cz\/index.php\/2022\/07\/25\/za-casu-odvahy-strhujici-a-emotivni-roman-jehoz-dej-zacina-ve-2-svetove-valce\/\",\"url\":\"https:\/\/bookhouse.cz\/index.php\/2022\/07\/25\/za-casu-odvahy-strhujici-a-emotivni-roman-jehoz-dej-zacina-ve-2-svetove-valce\/\",\"name\":\"Za \u010das\u016f odvahy: Strhuj\u00edc\u00ed a emotivn\u00ed rom\u00e1n, jeho\u017e d\u011bj za\u010d\u00edn\u00e1 ve 2. sv\u011btov\u00e9 v\u00e1lce - BOOKHOUSE.cz\",\"isPartOf\":{\"@id\":\"https:\/\/bookhouse.cz\/#website\"},\"datePublished\":\"2022-07-24T22:55:00+00:00\",\"dateModified\":\"2022-07-26T22:04:07+00:00\",\"breadcrumb\":{\"@id\":\"https:\/\/bookhouse.cz\/index.php\/2022\/07\/25\/za-casu-odvahy-strhujici-a-emotivni-roman-jehoz-dej-zacina-ve-2-svetove-valce\/#breadcrumb\"},\"inLanguage\":\"cs\",\"potentialAction\":[{\"@type\":\"ReadAction\",\"target\":[\"https:\/\/bookhouse.cz\/index.php\/2022\/07\/25\/za-casu-odvahy-strhujici-a-emotivni-roman-jehoz-dej-zacina-ve-2-svetove-valce\/\"]}]},{\"@type\":\"BreadcrumbList\",\"@id\":\"https:\/\/bookhouse.cz\/index.php\/2022\/07\/25\/za-casu-odvahy-strhujici-a-emotivni-roman-jehoz-dej-zacina-ve-2-svetove-valce\/#breadcrumb\",\"itemListElement\":[{\"@type\":\"ListItem\",\"position\":1,\"name\":\"Dom\u016f\",\"item\":\"https:\/\/bookhouse.cz\/\"},{\"@type\":\"ListItem\",\"position\":2,\"name\":\"Za \u010das\u016f odvahy: Strhuj\u00edc\u00ed a emotivn\u00ed rom\u00e1n, jeho\u017e d\u011bj za\u010d\u00edn\u00e1 ve 2. sv\u011btov\u00e9 v\u00e1lce\"}]},{\"@type\":\"WebSite\",\"@id\":\"https:\/\/bookhouse.cz\/#website\",\"url\":\"https:\/\/bookhouse.cz\/\",\"name\":\"BOOKHOUSE.cz\",\"description\":\"Port\u00e1l o kni\u017en\u00edch novink\u00e1ch.\",\"publisher\":{\"@id\":\"https:\/\/bookhouse.cz\/#organization\"},\"potentialAction\":[{\"@type\":\"SearchAction\",\"target\":{\"@type\":\"EntryPoint\",\"urlTemplate\":\"https:\/\/bookhouse.cz\/?s={search_term_string}\"},\"query-input\":\"required name=search_term_string\"}],\"inLanguage\":\"cs\"},{\"@type\":\"Organization\",\"@id\":\"https:\/\/bookhouse.cz\/#organization\",\"name\":\"BOOKHOUSE.cz\",\"url\":\"https:\/\/bookhouse.cz\/\",\"logo\":{\"@type\":\"ImageObject\",\"inLanguage\":\"cs\",\"@id\":\"https:\/\/bookhouse.cz\/#\/schema\/logo\/image\/\",\"url\":\"https:\/\/bookhouse.cz\/wp-content\/uploads\/2024\/12\/cropped-Logo_BookHouse.jpg\",\"contentUrl\":\"https:\/\/bookhouse.cz\/wp-content\/uploads\/2024\/12\/cropped-Logo_BookHouse.jpg\",\"width\":938,\"height\":513,\"caption\":\"BOOKHOUSE.cz\"},\"image\":{\"@id\":\"https:\/\/bookhouse.cz\/#\/schema\/logo\/image\/\"},\"sameAs\":[\"https:\/\/www.facebook.com\/bookhousecz\",\"https:\/\/www.instagram.com\/bookhousecz\"]},{\"@type\":\"Person\",\"@id\":\"https:\/\/bookhouse.cz\/#\/schema\/person\/92706019a8c9280785ef6e38ea35e04c\",\"name\":\"Jolana Hol\u00e1\u0148ov\u00e1\",\"image\":{\"@type\":\"ImageObject\",\"inLanguage\":\"cs\",\"@id\":\"https:\/\/bookhouse.cz\/#\/schema\/person\/image\/\",\"url\":\"https:\/\/secure.gravatar.com\/avatar\/5863c504ed89cd419ff3a5e812c722ff?s=96&d=mm&r=g\",\"contentUrl\":\"https:\/\/secure.gravatar.com\/avatar\/5863c504ed89cd419ff3a5e812c722ff?s=96&d=mm&r=g\",\"caption\":\"Jolana Hol\u00e1\u0148ov\u00e1\"},\"sameAs\":[\"http:\/\/www.bookhouse.cz\"],\"url\":\"https:\/\/bookhouse.cz\/index.php\/author\/jolhol\/\"}]}<\/script>\n<!-- \/ Yoast SEO plugin. -->","yoast_head_json":{"title":"Za \u010das\u016f odvahy: Strhuj\u00edc\u00ed a emotivn\u00ed rom\u00e1n, jeho\u017e d\u011bj za\u010d\u00edn\u00e1 ve 2. sv\u011btov\u00e9 v\u00e1lce - BOOKHOUSE.cz","robots":{"index":"index","follow":"follow","max-snippet":"max-snippet:-1","max-image-preview":"max-image-preview:large","max-video-preview":"max-video-preview:-1"},"canonical":"https:\/\/bookhouse.cz\/index.php\/2022\/07\/25\/za-casu-odvahy-strhujici-a-emotivni-roman-jehoz-dej-zacina-ve-2-svetove-valce\/","og_locale":"cs_CZ","og_type":"article","og_title":"Za \u010das\u016f odvahy: Strhuj\u00edc\u00ed a emotivn\u00ed rom\u00e1n, jeho\u017e d\u011bj za\u010d\u00edn\u00e1 ve 2. sv\u011btov\u00e9 v\u00e1lce - BOOKHOUSE.cz","og_description":"\u017dena na fotografii se p\u0159iv\u0159en\u00fdma o\u010dima d\u00edvala vzh\u016fru, jako by si jen na okam\u017eik u\u017e\u00edvala slune\u010dn\u00edho svitu, i kdy\u017e za n\u00ed le\u017eely trosky vybombardovan\u00e9 ulice\u2026 Suzanne Kelman je britsk\u00e1 autorka, kterou \u010de\u0161t\u00ed \u010dten\u00e1\u0159i u\u017e&#46;&#46;&#46;","og_url":"https:\/\/bookhouse.cz\/index.php\/2022\/07\/25\/za-casu-odvahy-strhujici-a-emotivni-roman-jehoz-dej-zacina-ve-2-svetove-valce\/","og_site_name":"BOOKHOUSE.cz","article_publisher":"https:\/\/www.facebook.com\/bookhousecz","article_published_time":"2022-07-24T22:55:00+00:00","article_modified_time":"2022-07-26T22:04:07+00:00","og_image":[{"width":600,"height":407,"url":"https:\/\/bookhouse.cz\/wp-content\/uploads\/2022\/07\/Za-casu-odvahy_TTL.jpg","type":"image\/jpeg"}],"author":"Jolana Hol\u00e1\u0148ov\u00e1","twitter_card":"summary_large_image","twitter_misc":{"Napsal(a)":"Jolana Hol\u00e1\u0148ov\u00e1","Odhadovan\u00e1 doba \u010dten\u00ed":"2 minuty"},"schema":{"@context":"https:\/\/schema.org","@graph":[{"@type":"Article","@id":"https:\/\/bookhouse.cz\/index.php\/2022\/07\/25\/za-casu-odvahy-strhujici-a-emotivni-roman-jehoz-dej-zacina-ve-2-svetove-valce\/#article","isPartOf":{"@id":"https:\/\/bookhouse.cz\/index.php\/2022\/07\/25\/za-casu-odvahy-strhujici-a-emotivni-roman-jehoz-dej-zacina-ve-2-svetove-valce\/"},"author":{"name":"Jolana Hol\u00e1\u0148ov\u00e1","@id":"https:\/\/bookhouse.cz\/#\/schema\/person\/92706019a8c9280785ef6e38ea35e04c"},"headline":"Za \u010das\u016f odvahy: Strhuj\u00edc\u00ed a emotivn\u00ed rom\u00e1n, jeho\u017e d\u011bj za\u010d\u00edn\u00e1 ve 2. sv\u011btov\u00e9 v\u00e1lce","datePublished":"2022-07-24T22:55:00+00:00","dateModified":"2022-07-26T22:04:07+00:00","mainEntityOfPage":{"@id":"https:\/\/bookhouse.cz\/index.php\/2022\/07\/25\/za-casu-odvahy-strhujici-a-emotivni-roman-jehoz-dej-zacina-ve-2-svetove-valce\/"},"wordCount":513,"publisher":{"@id":"https:\/\/bookhouse.cz\/#organization"},"articleSection":["BELETRIE","NEWS","ROM\u00c1NY"],"inLanguage":"cs"},{"@type":"WebPage","@id":"https:\/\/bookhouse.cz\/index.php\/2022\/07\/25\/za-casu-odvahy-strhujici-a-emotivni-roman-jehoz-dej-zacina-ve-2-svetove-valce\/","url":"https:\/\/bookhouse.cz\/index.php\/2022\/07\/25\/za-casu-odvahy-strhujici-a-emotivni-roman-jehoz-dej-zacina-ve-2-svetove-valce\/","name":"Za \u010das\u016f odvahy: Strhuj\u00edc\u00ed a emotivn\u00ed rom\u00e1n, jeho\u017e d\u011bj za\u010d\u00edn\u00e1 ve 2. sv\u011btov\u00e9 v\u00e1lce - BOOKHOUSE.cz","isPartOf":{"@id":"https:\/\/bookhouse.cz\/#website"},"datePublished":"2022-07-24T22:55:00+00:00","dateModified":"2022-07-26T22:04:07+00:00","breadcrumb":{"@id":"https:\/\/bookhouse.cz\/index.php\/2022\/07\/25\/za-casu-odvahy-strhujici-a-emotivni-roman-jehoz-dej-zacina-ve-2-svetove-valce\/#breadcrumb"},"inLanguage":"cs","potentialAction":[{"@type":"ReadAction","target":["https:\/\/bookhouse.cz\/index.php\/2022\/07\/25\/za-casu-odvahy-strhujici-a-emotivni-roman-jehoz-dej-zacina-ve-2-svetove-valce\/"]}]},{"@type":"BreadcrumbList","@id":"https:\/\/bookhouse.cz\/index.php\/2022\/07\/25\/za-casu-odvahy-strhujici-a-emotivni-roman-jehoz-dej-zacina-ve-2-svetove-valce\/#breadcrumb","itemListElement":[{"@type":"ListItem","position":1,"name":"Dom\u016f","item":"https:\/\/bookhouse.cz\/"},{"@type":"ListItem","position":2,"name":"Za \u010das\u016f odvahy: Strhuj\u00edc\u00ed a emotivn\u00ed rom\u00e1n, jeho\u017e d\u011bj za\u010d\u00edn\u00e1 ve 2. sv\u011btov\u00e9 v\u00e1lce"}]},{"@type":"WebSite","@id":"https:\/\/bookhouse.cz\/#website","url":"https:\/\/bookhouse.cz\/","name":"BOOKHOUSE.cz","description":"Port\u00e1l o kni\u017en\u00edch novink\u00e1ch.","publisher":{"@id":"https:\/\/bookhouse.cz\/#organization"},"potentialAction":[{"@type":"SearchAction","target":{"@type":"EntryPoint","urlTemplate":"https:\/\/bookhouse.cz\/?s={search_term_string}"},"query-input":"required name=search_term_string"}],"inLanguage":"cs"},{"@type":"Organization","@id":"https:\/\/bookhouse.cz\/#organization","name":"BOOKHOUSE.cz","url":"https:\/\/bookhouse.cz\/","logo":{"@type":"ImageObject","inLanguage":"cs","@id":"https:\/\/bookhouse.cz\/#\/schema\/logo\/image\/","url":"https:\/\/bookhouse.cz\/wp-content\/uploads\/2024\/12\/cropped-Logo_BookHouse.jpg","contentUrl":"https:\/\/bookhouse.cz\/wp-content\/uploads\/2024\/12\/cropped-Logo_BookHouse.jpg","width":938,"height":513,"caption":"BOOKHOUSE.cz"},"image":{"@id":"https:\/\/bookhouse.cz\/#\/schema\/logo\/image\/"},"sameAs":["https:\/\/www.facebook.com\/bookhousecz","https:\/\/www.instagram.com\/bookhousecz"]},{"@type":"Person","@id":"https:\/\/bookhouse.cz\/#\/schema\/person\/92706019a8c9280785ef6e38ea35e04c","name":"Jolana Hol\u00e1\u0148ov\u00e1","image":{"@type":"ImageObject","inLanguage":"cs","@id":"https:\/\/bookhouse.cz\/#\/schema\/person\/image\/","url":"https:\/\/secure.gravatar.com\/avatar\/5863c504ed89cd419ff3a5e812c722ff?s=96&d=mm&r=g","contentUrl":"https:\/\/secure.gravatar.com\/avatar\/5863c504ed89cd419ff3a5e812c722ff?s=96&d=mm&r=g","caption":"Jolana Hol\u00e1\u0148ov\u00e1"},"sameAs":["http:\/\/www.bookhouse.cz"],"url":"https:\/\/bookhouse.cz\/index.php\/author\/jolhol\/"}]}},"_links":{"self":[{"href":"https:\/\/bookhouse.cz\/index.php\/wp-json\/wp\/v2\/posts\/3729"}],"collection":[{"href":"https:\/\/bookhouse.cz\/index.php\/wp-json\/wp\/v2\/posts"}],"about":[{"href":"https:\/\/bookhouse.cz\/index.php\/wp-json\/wp\/v2\/types\/post"}],"author":[{"embeddable":true,"href":"https:\/\/bookhouse.cz\/index.php\/wp-json\/wp\/v2\/users\/3"}],"replies":[{"embeddable":true,"href":"https:\/\/bookhouse.cz\/index.php\/wp-json\/wp\/v2\/comments?post=3729"}],"version-history":[{"count":3,"href":"https:\/\/bookhouse.cz\/index.php\/wp-json\/wp\/v2\/posts\/3729\/revisions"}],"predecessor-version":[{"id":3734,"href":"https:\/\/bookhouse.cz\/index.php\/wp-json\/wp\/v2\/posts\/3729\/revisions\/3734"}],"wp:featuredmedia":[{"embeddable":true,"href":"https:\/\/bookhouse.cz\/index.php\/wp-json\/wp\/v2\/media\/3730"}],"wp:attachment":[{"href":"https:\/\/bookhouse.cz\/index.php\/wp-json\/wp\/v2\/media?parent=3729"}],"wp:term":[{"taxonomy":"category","embeddable":true,"href":"https:\/\/bookhouse.cz\/index.php\/wp-json\/wp\/v2\/categories?post=3729"},{"taxonomy":"post_tag","embeddable":true,"href":"https:\/\/bookhouse.cz\/index.php\/wp-json\/wp\/v2\/tags?post=3729"}],"curies":[{"name":"wp","href":"https:\/\/api.w.org\/{rel}","templated":true}]}}