{"id":3693,"date":"2022-06-14T03:13:00","date_gmt":"2022-06-14T01:13:00","guid":{"rendered":"https:\/\/bookhouse.cz\/?p=3693"},"modified":"2022-06-14T15:04:34","modified_gmt":"2022-06-14T13:04:34","slug":"pravda-nebyla-k-dostani-lucie-hlavinkova","status":"publish","type":"post","link":"https:\/\/bookhouse.cz\/index.php\/2022\/06\/14\/pravda-nebyla-k-dostani-lucie-hlavinkova\/","title":{"rendered":"Pravda nebyla k dost\u00e1n\u00ed | Lucie Hlavinkov\u00e1"},"content":{"rendered":"\n<div style=\"height:22px\" aria-hidden=\"true\" class=\"wp-block-spacer\"><\/div>\n\n\n\n<p><strong>V nakladatelstv\u00ed Motto vych\u00e1z\u00ed od spisovatelky Lucie Hlavinkov\u00e9 velmi siln\u00fd p\u0159\u00edb\u011bh o hled\u00e1n\u00ed rodinn\u00e9 minulosti v\u00a0totalitn\u00edm bez\u010das\u00ed s n\u00e1zvem <\/strong><a href=\"https:\/\/www.albatrosmedia.cz\/tituly\/78462228\/pravda-nebyla-k-dostani\/\"><strong>Pravda nebyla k\u00a0dost\u00e1n\u00ed<\/strong><\/a><strong>.<\/strong><\/p>\n\n\n\n<p><strong>P\u00ed\u0161e se rok 1982 a v patn\u00e1ctilet\u00e9 Jan\u011b se krom\u011b dosp\u011blosti probouz\u00ed i pozn\u00e1n\u00ed, \u017ee s minulost\u00ed jej\u00ed rodiny nen\u00ed cosi v po\u0159\u00e1dku. Otec p\u0159ed rokem zem\u0159el a v mat\u010din\u011b lo\u017enici se ukr\u00fdv\u00e1 se\u0161it pln\u00fd nepochopiteln\u00fdch z\u00e1pisk\u016f. Prarodi\u010de se chovaj\u00ed p\u0159inejlep\u0161\u00edm v\u00fdst\u0159edn\u011b a mluvit p\u0159ed nimi o n\u011bkter\u00fdch t\u00e9matech je tabu. Jana dosp\u00edv\u00e1 v totalitn\u00edm bez\u010das\u00ed, p\u0159esto nen\u00ed otup\u011bl\u00e1 \u2013 a tak se pou\u0161t\u00ed do p\u00e1tr\u00e1n\u00ed. Dok\u00e1\u017ee naj\u00edt pravdu o rodinn\u00e9 historii i vlastn\u00ed identitu?<\/strong><\/p>\n\n\n\n<figure class=\"wp-block-image size-large\"><img loading=\"lazy\" decoding=\"async\" width=\"1024\" height=\"661\" src=\"https:\/\/bookhouse.cz\/wp-content\/uploads\/2022\/06\/KNIHA_Pravda-nebyla-k-dostani_TTL-1024x661.jpg\" alt=\"\" class=\"wp-image-3694\" srcset=\"https:\/\/bookhouse.cz\/wp-content\/uploads\/2022\/06\/KNIHA_Pravda-nebyla-k-dostani_TTL-1024x661.jpg 1024w, https:\/\/bookhouse.cz\/wp-content\/uploads\/2022\/06\/KNIHA_Pravda-nebyla-k-dostani_TTL-300x194.jpg 300w, https:\/\/bookhouse.cz\/wp-content\/uploads\/2022\/06\/KNIHA_Pravda-nebyla-k-dostani_TTL-768x496.jpg 768w, https:\/\/bookhouse.cz\/wp-content\/uploads\/2022\/06\/KNIHA_Pravda-nebyla-k-dostani_TTL.jpg 1450w\" sizes=\"(max-width: 1024px) 100vw, 1024px\" \/><\/figure>\n\n\n\n<p>I tentokr\u00e1t se Lucie Hlavinkov\u00e1 nechala inspirovat re\u0161er\u0161\u00ed historick\u00fdch pramen\u016f z temn\u00e9ho obdob\u00ed socialismu. T\u00e9matem p\u0159\u00edb\u011bhu je p\u0159erod hlavn\u00ed hrdinky z d\u011btstv\u00ed do dosp\u011blosti v obdob\u00ed totalitn\u00edho re\u017eimu a vyrovn\u00e1n\u00ed se s rodinnou histori\u00ed, kterou postupn\u011b odhaluje d\u00edky nalezen\u00e9mu mat\u010dinu den\u00edku. Sama autorka vych\u00e1z\u00ed z re\u00e1ln\u00fdch ud\u00e1lost\u00ed pam\u011btn\u00edk\u016f, kter\u00e9 zaznamen\u00e1vala pro svou dizerta\u010dn\u00ed pr\u00e1ci.<\/p>\n\n\n\n<p>\u201e<em>Kolem roku 1955 doch\u00e1zelo v \u010ceskoslovensku k odeb\u00edr\u00e1n\u00ed d\u011bt\u00ed z adventistick\u00fdch rodin z d\u016fvodu poru\u0161ov\u00e1n\u00ed pracovn\u00edch povinnost\u00ed a \u0161koln\u00ed doch\u00e1zky o sobot\u00e1ch \u2013 to se pr\u00e1v\u011b odehr\u00e1lo v&nbsp;rodin\u011b Jany, kdy jej\u00ed matka a str\u00fdc takto str\u00e1vili n\u011bkolik let v&nbsp;d\u011btsk\u00e9m domov\u011b,\u201c<\/em> popisuje knihu sama autorka.T\u00e9ma pron\u00e1sledov\u00e1n\u00ed c\u00edrkevn\u00edch men\u0161in v&nbsp;50. letech nen\u00ed p\u0159\u00edli\u0161 zn\u00e1m\u00e9. Konkr\u00e9tn\u011b o tom, \u017ee adventist\u016fm v\u0161edn\u00edho dne byly odeb\u00edr\u00e1ny d\u011bti pravd\u011bpodobn\u011b v\u011bt\u0161ina \u010dten\u00e1\u0159\u016f netu\u0161\u00ed, bude to pro n\u011b p\u0159ekvapiv\u00e9. Velmi silnou str\u00e1nkou p\u0159\u00edb\u011bhu je i v\u011brohodn\u00e9 vykreslen\u00ed atmosf\u00e9ry 80. let \u2013 dosp\u00edv\u00e1n\u00ed v&nbsp;tomto obdob\u00ed.<\/p>\n\n\n\n<p>\u201c<em>Velmi siln\u00fd p\u0159\u00edb\u011bh. Kolikr\u00e1t m\u011b zamrazilo. A pak jsem si oddechla, \u017ee u\u017e ne\u017eijeme v re\u017eimu, kter\u00fd byl tak z\u00e1ke\u0159n\u00fd, zasahoval do rodin a ni\u010dil je je\u0161t\u011b v osmdes\u00e1t\u00fdch letech. Na postavy po\u0159\u00e1d mysl\u00edm. Mohli to b\u00fdt moji i va\u0161i soused\u00e9.\u201d<br><br>&#8211; <\/em>Spisovatelka Jana Poncarov\u00e1<\/p>\n\n\n\n<div style=\"height:32px\" aria-hidden=\"true\" class=\"wp-block-spacer\"><\/div>\n\n\n\n<h3 class=\"wp-block-heading\"><strong>Lucie Hlavinkov\u00e1<\/strong><\/h3>\n\n\n\n<p>Narodila se a cel\u00fd \u017eivot \u017eije v Brn\u011b. Sv\u016fj prvn\u00ed p\u0159\u00edb\u011bh napsala Lucie v \u0161esti letech, dobrodru\u017estv\u00ed pejska Bob\u00edka vych\u00e1zela po cel\u00e9 pr\u00e1zdniny v n\u011bkolika pokra\u010dov\u00e1n\u00edch (a autorka m\u00e1 notn\u011b za\u017eloutl\u00e9 a potrhan\u00e9 se\u0161ity dodnes schovan\u00e9&#8230;). V t\u00e9 dob\u011b v n\u00ed uzr\u00e1lo p\u0159esv\u011bd\u010den\u00ed, \u017ee se stane spisovatelkou, &#8222;a\u017e bude velk\u00e1&#8220;&#8230;\u00a0Studovala historii a religionistiku na FF MU. V\u011bnuje se v\u00fduce, p\u0159eklad\u016fm a psan\u00ed. Dlouh\u00e1 l\u00e9ta psala \u201edo \u0161upl\u00edku\u201c, a\u017e v roce 2016 zv\u00edt\u011bzila v liter\u00e1rn\u00ed sout\u011b\u017ei nakladatelstv\u00ed Albatros s knihou pro d\u011bti s n\u00e1zvem\u00a0<em>Projekt pes (ten m\u016fj)<\/em>, kter\u00e1 se do\u010dkala n\u011bkolika pokra\u010dov\u00e1n\u00ed. Komise pro d\u011btskou knihu S\u010cKN a \u010cesk\u00e1 sekce IBBY ocenila knihu Projekt pes za\u0159azen\u00edm do katalogu Nejlep\u0161\u00ed knihy d\u011btem pro rok 2017. U kn\u00ed\u017eek pro d\u011bti z\u016fstala a nav\u00e1zala nem\u00e9n\u011b \u00fasp\u011b\u0161nou s\u00e9ri\u00ed\u00a0<em>Sesterstvo<\/em>. Kniha Sesterstvo a nejobl\u00edben\u011bj\u0161\u00ed barva na sv\u011bt\u011b z\u00edskala Liter\u00e1rn\u00ed cenu Albatrosu v kategorii Text pro star\u0161\u00ed d\u011bti za rok 2020. Prvn\u00ed kniha pro dosp\u011bl\u00e9 s n\u00e1zvem\u00a0<em>Sestry Foxovy<\/em>, \u017eivotopisn\u00fd historick\u00fd rom\u00e1n o zakladatelk\u00e1ch spiritismu, autorce vy\u0161la v roce 2017. O dva roky pozd\u011bji vydala v nakladatelstv\u00ed Motto historick\u00fd rom\u00e1n s detektivn\u00ed z\u00e1pletkou\u00a0<em>Apatyk\u00e1\u0159<\/em>\u00a0a rom\u00e1n o osudech slavn\u00e9ho salonu v 50. letech\u00a0<em>Kdo \u0161ije u Podolsk\u00e9?<\/em><\/p>\n\n\n\n<div style=\"height:14px\" aria-hidden=\"true\" class=\"wp-block-spacer\"><\/div>\n\n\n\n<div class=\"wp-block-image\"><figure class=\"aligncenter size-large\"><img loading=\"lazy\" decoding=\"async\" width=\"599\" height=\"950\" src=\"https:\/\/bookhouse.cz\/wp-content\/uploads\/2022\/06\/KNIHA_Pravda-nebyla-k-dostani.jpg\" alt=\"\" class=\"wp-image-3695\" srcset=\"https:\/\/bookhouse.cz\/wp-content\/uploads\/2022\/06\/KNIHA_Pravda-nebyla-k-dostani.jpg 599w, https:\/\/bookhouse.cz\/wp-content\/uploads\/2022\/06\/KNIHA_Pravda-nebyla-k-dostani-189x300.jpg 189w\" sizes=\"(max-width: 599px) 100vw, 599px\" \/><\/figure><\/div>\n\n\n\n<div style=\"height:16px\" aria-hidden=\"true\" class=\"wp-block-spacer\"><\/div>\n\n\n\n<h4 class=\"wp-block-heading\">N\u00e1zev knihy: Pravda nebyla k dost\u00e1n\u00ed<\/h4>\n\n\n\n<p><strong>Autor:\u00a0<strong>Lucie Hlavinkov\u00e1<\/strong><\/strong><\/p>\n\n\n\n<p><strong>Po\u010det stran:<\/strong>&nbsp;192<\/p>\n\n\n\n<p><strong>Vazba:\u00a0<\/strong>v\u00e1zan\u00e1 s p\u0159ebalem<\/p>\n\n\n\n<p><strong>Doporu\u010den\u00e1<\/strong>\u00a0<strong>cena:<\/strong>\u00a0399 K\u010d<\/p>\n\n\n\n<p>Vydalo&nbsp;<strong>nakladatelstv\u00ed MOTTO<\/strong>.<\/p>\n\n\n\n<p>V\u00edce naleznete na&nbsp;<strong><a href=\"https:\/\/www.albatrosmedia.cz\/tituly\/50958196\/ze-zivota-single-zeny\/\">www.albatrosmedia.cz<\/a><\/strong>.<\/p>\n\n\n\n<div style=\"height:34px\" aria-hidden=\"true\" class=\"wp-block-spacer\"><\/div>\n","protected":false},"excerpt":{"rendered":"<p>V nakladatelstv\u00ed Motto vych\u00e1z\u00ed od spisovatelky Lucie Hlavinkov\u00e9 velmi siln\u00fd p\u0159\u00edb\u011bh o hled\u00e1n\u00ed rodinn\u00e9 minulosti v\u00a0totalitn\u00edm bez\u010das\u00ed s n\u00e1zvem Pravda nebyla k\u00a0dost\u00e1n\u00ed. P\u00ed\u0161e se rok 1982 a v patn\u00e1ctilet\u00e9 Jan\u011b se krom\u011b dosp\u011blosti probouz\u00ed&#46;&#46;&#46;<\/p>\n","protected":false},"author":4,"featured_media":3694,"comment_status":"closed","ping_status":"closed","sticky":false,"template":"","format":"standard","meta":{"_monsterinsights_skip_tracking":false,"_monsterinsights_sitenote_active":false,"_monsterinsights_sitenote_note":"","_monsterinsights_sitenote_category":0,"footnotes":""},"categories":[2,3],"tags":[],"yoast_head":"<!-- This site is optimized with the Yoast SEO plugin v21.5 - https:\/\/yoast.com\/wordpress\/plugins\/seo\/ -->\n<title>Pravda nebyla k dost\u00e1n\u00ed | Lucie Hlavinkov\u00e1 - BOOKHOUSE.cz<\/title>\n<meta name=\"robots\" content=\"index, follow, max-snippet:-1, max-image-preview:large, max-video-preview:-1\" \/>\n<link rel=\"canonical\" href=\"https:\/\/bookhouse.cz\/index.php\/2022\/06\/14\/pravda-nebyla-k-dostani-lucie-hlavinkova\/\" \/>\n<meta property=\"og:locale\" content=\"cs_CZ\" \/>\n<meta property=\"og:type\" content=\"article\" \/>\n<meta property=\"og:title\" content=\"Pravda nebyla k dost\u00e1n\u00ed | Lucie Hlavinkov\u00e1 - BOOKHOUSE.cz\" \/>\n<meta property=\"og:description\" content=\"V nakladatelstv\u00ed Motto vych\u00e1z\u00ed od spisovatelky Lucie Hlavinkov\u00e9 velmi siln\u00fd p\u0159\u00edb\u011bh o hled\u00e1n\u00ed rodinn\u00e9 minulosti v\u00a0totalitn\u00edm bez\u010das\u00ed s n\u00e1zvem Pravda nebyla k\u00a0dost\u00e1n\u00ed. P\u00ed\u0161e se rok 1982 a v patn\u00e1ctilet\u00e9 Jan\u011b se krom\u011b dosp\u011blosti probouz\u00ed&#046;&#046;&#046;\" \/>\n<meta property=\"og:url\" content=\"https:\/\/bookhouse.cz\/index.php\/2022\/06\/14\/pravda-nebyla-k-dostani-lucie-hlavinkova\/\" \/>\n<meta property=\"og:site_name\" content=\"BOOKHOUSE.cz\" \/>\n<meta property=\"article:publisher\" content=\"https:\/\/www.facebook.com\/bookhousecz\" \/>\n<meta property=\"article:published_time\" content=\"2022-06-14T01:13:00+00:00\" \/>\n<meta property=\"article:modified_time\" content=\"2022-06-14T13:04:34+00:00\" \/>\n<meta property=\"og:image\" content=\"https:\/\/bookhouse.cz\/wp-content\/uploads\/2022\/06\/KNIHA_Pravda-nebyla-k-dostani_TTL.jpg\" \/>\n\t<meta property=\"og:image:width\" content=\"1450\" \/>\n\t<meta property=\"og:image:height\" content=\"936\" \/>\n\t<meta property=\"og:image:type\" content=\"image\/jpeg\" \/>\n<meta name=\"author\" content=\"Petra Kub\u00edkov\u00e1\" \/>\n<meta name=\"twitter:card\" content=\"summary_large_image\" \/>\n<meta name=\"twitter:label1\" content=\"Napsal(a)\" \/>\n\t<meta name=\"twitter:data1\" content=\"Petra Kub\u00edkov\u00e1\" \/>\n\t<meta name=\"twitter:label2\" content=\"Odhadovan\u00e1 doba \u010dten\u00ed\" \/>\n\t<meta name=\"twitter:data2\" content=\"3 minuty\" \/>\n<script type=\"application\/ld+json\" class=\"yoast-schema-graph\">{\"@context\":\"https:\/\/schema.org\",\"@graph\":[{\"@type\":\"Article\",\"@id\":\"https:\/\/bookhouse.cz\/index.php\/2022\/06\/14\/pravda-nebyla-k-dostani-lucie-hlavinkova\/#article\",\"isPartOf\":{\"@id\":\"https:\/\/bookhouse.cz\/index.php\/2022\/06\/14\/pravda-nebyla-k-dostani-lucie-hlavinkova\/\"},\"author\":{\"name\":\"Petra Kub\u00edkov\u00e1\",\"@id\":\"https:\/\/bookhouse.cz\/#\/schema\/person\/f28a42871b37c50376116ca94f609015\"},\"headline\":\"Pravda nebyla k dost\u00e1n\u00ed | Lucie Hlavinkov\u00e1\",\"datePublished\":\"2022-06-14T01:13:00+00:00\",\"dateModified\":\"2022-06-14T13:04:34+00:00\",\"mainEntityOfPage\":{\"@id\":\"https:\/\/bookhouse.cz\/index.php\/2022\/06\/14\/pravda-nebyla-k-dostani-lucie-hlavinkova\/\"},\"wordCount\":706,\"publisher\":{\"@id\":\"https:\/\/bookhouse.cz\/#organization\"},\"articleSection\":[\"BELETRIE\",\"NEWS\"],\"inLanguage\":\"cs\"},{\"@type\":\"WebPage\",\"@id\":\"https:\/\/bookhouse.cz\/index.php\/2022\/06\/14\/pravda-nebyla-k-dostani-lucie-hlavinkova\/\",\"url\":\"https:\/\/bookhouse.cz\/index.php\/2022\/06\/14\/pravda-nebyla-k-dostani-lucie-hlavinkova\/\",\"name\":\"Pravda nebyla k dost\u00e1n\u00ed | Lucie Hlavinkov\u00e1 - BOOKHOUSE.cz\",\"isPartOf\":{\"@id\":\"https:\/\/bookhouse.cz\/#website\"},\"datePublished\":\"2022-06-14T01:13:00+00:00\",\"dateModified\":\"2022-06-14T13:04:34+00:00\",\"breadcrumb\":{\"@id\":\"https:\/\/bookhouse.cz\/index.php\/2022\/06\/14\/pravda-nebyla-k-dostani-lucie-hlavinkova\/#breadcrumb\"},\"inLanguage\":\"cs\",\"potentialAction\":[{\"@type\":\"ReadAction\",\"target\":[\"https:\/\/bookhouse.cz\/index.php\/2022\/06\/14\/pravda-nebyla-k-dostani-lucie-hlavinkova\/\"]}]},{\"@type\":\"BreadcrumbList\",\"@id\":\"https:\/\/bookhouse.cz\/index.php\/2022\/06\/14\/pravda-nebyla-k-dostani-lucie-hlavinkova\/#breadcrumb\",\"itemListElement\":[{\"@type\":\"ListItem\",\"position\":1,\"name\":\"Dom\u016f\",\"item\":\"https:\/\/bookhouse.cz\/\"},{\"@type\":\"ListItem\",\"position\":2,\"name\":\"Pravda nebyla k dost\u00e1n\u00ed | Lucie Hlavinkov\u00e1\"}]},{\"@type\":\"WebSite\",\"@id\":\"https:\/\/bookhouse.cz\/#website\",\"url\":\"https:\/\/bookhouse.cz\/\",\"name\":\"BOOKHOUSE.cz\",\"description\":\"Port\u00e1l o kni\u017en\u00edch novink\u00e1ch.\",\"publisher\":{\"@id\":\"https:\/\/bookhouse.cz\/#organization\"},\"potentialAction\":[{\"@type\":\"SearchAction\",\"target\":{\"@type\":\"EntryPoint\",\"urlTemplate\":\"https:\/\/bookhouse.cz\/?s={search_term_string}\"},\"query-input\":\"required name=search_term_string\"}],\"inLanguage\":\"cs\"},{\"@type\":\"Organization\",\"@id\":\"https:\/\/bookhouse.cz\/#organization\",\"name\":\"BOOKHOUSE.cz\",\"url\":\"https:\/\/bookhouse.cz\/\",\"logo\":{\"@type\":\"ImageObject\",\"inLanguage\":\"cs\",\"@id\":\"https:\/\/bookhouse.cz\/#\/schema\/logo\/image\/\",\"url\":\"https:\/\/bookhouse.cz\/wp-content\/uploads\/2024\/12\/cropped-Logo_BookHouse.jpg\",\"contentUrl\":\"https:\/\/bookhouse.cz\/wp-content\/uploads\/2024\/12\/cropped-Logo_BookHouse.jpg\",\"width\":938,\"height\":513,\"caption\":\"BOOKHOUSE.cz\"},\"image\":{\"@id\":\"https:\/\/bookhouse.cz\/#\/schema\/logo\/image\/\"},\"sameAs\":[\"https:\/\/www.facebook.com\/bookhousecz\",\"https:\/\/www.instagram.com\/bookhousecz\"]},{\"@type\":\"Person\",\"@id\":\"https:\/\/bookhouse.cz\/#\/schema\/person\/f28a42871b37c50376116ca94f609015\",\"name\":\"Petra Kub\u00edkov\u00e1\",\"image\":{\"@type\":\"ImageObject\",\"inLanguage\":\"cs\",\"@id\":\"https:\/\/bookhouse.cz\/#\/schema\/person\/image\/\",\"url\":\"https:\/\/secure.gravatar.com\/avatar\/b73acd1265062ae3b93da9908474de40?s=96&d=mm&r=g\",\"contentUrl\":\"https:\/\/secure.gravatar.com\/avatar\/b73acd1265062ae3b93da9908474de40?s=96&d=mm&r=g\",\"caption\":\"Petra Kub\u00edkov\u00e1\"},\"sameAs\":[\"http:\/\/BOOKHOUSE.cz\"],\"url\":\"https:\/\/bookhouse.cz\/index.php\/author\/kubip\/\"}]}<\/script>\n<!-- \/ Yoast SEO plugin. -->","yoast_head_json":{"title":"Pravda nebyla k dost\u00e1n\u00ed | Lucie Hlavinkov\u00e1 - BOOKHOUSE.cz","robots":{"index":"index","follow":"follow","max-snippet":"max-snippet:-1","max-image-preview":"max-image-preview:large","max-video-preview":"max-video-preview:-1"},"canonical":"https:\/\/bookhouse.cz\/index.php\/2022\/06\/14\/pravda-nebyla-k-dostani-lucie-hlavinkova\/","og_locale":"cs_CZ","og_type":"article","og_title":"Pravda nebyla k dost\u00e1n\u00ed | Lucie Hlavinkov\u00e1 - BOOKHOUSE.cz","og_description":"V nakladatelstv\u00ed Motto vych\u00e1z\u00ed od spisovatelky Lucie Hlavinkov\u00e9 velmi siln\u00fd p\u0159\u00edb\u011bh o hled\u00e1n\u00ed rodinn\u00e9 minulosti v\u00a0totalitn\u00edm bez\u010das\u00ed s n\u00e1zvem Pravda nebyla k\u00a0dost\u00e1n\u00ed. P\u00ed\u0161e se rok 1982 a v patn\u00e1ctilet\u00e9 Jan\u011b se krom\u011b dosp\u011blosti probouz\u00ed&#46;&#46;&#46;","og_url":"https:\/\/bookhouse.cz\/index.php\/2022\/06\/14\/pravda-nebyla-k-dostani-lucie-hlavinkova\/","og_site_name":"BOOKHOUSE.cz","article_publisher":"https:\/\/www.facebook.com\/bookhousecz","article_published_time":"2022-06-14T01:13:00+00:00","article_modified_time":"2022-06-14T13:04:34+00:00","og_image":[{"width":1450,"height":936,"url":"https:\/\/bookhouse.cz\/wp-content\/uploads\/2022\/06\/KNIHA_Pravda-nebyla-k-dostani_TTL.jpg","type":"image\/jpeg"}],"author":"Petra Kub\u00edkov\u00e1","twitter_card":"summary_large_image","twitter_misc":{"Napsal(a)":"Petra Kub\u00edkov\u00e1","Odhadovan\u00e1 doba \u010dten\u00ed":"3 minuty"},"schema":{"@context":"https:\/\/schema.org","@graph":[{"@type":"Article","@id":"https:\/\/bookhouse.cz\/index.php\/2022\/06\/14\/pravda-nebyla-k-dostani-lucie-hlavinkova\/#article","isPartOf":{"@id":"https:\/\/bookhouse.cz\/index.php\/2022\/06\/14\/pravda-nebyla-k-dostani-lucie-hlavinkova\/"},"author":{"name":"Petra Kub\u00edkov\u00e1","@id":"https:\/\/bookhouse.cz\/#\/schema\/person\/f28a42871b37c50376116ca94f609015"},"headline":"Pravda nebyla k dost\u00e1n\u00ed | Lucie Hlavinkov\u00e1","datePublished":"2022-06-14T01:13:00+00:00","dateModified":"2022-06-14T13:04:34+00:00","mainEntityOfPage":{"@id":"https:\/\/bookhouse.cz\/index.php\/2022\/06\/14\/pravda-nebyla-k-dostani-lucie-hlavinkova\/"},"wordCount":706,"publisher":{"@id":"https:\/\/bookhouse.cz\/#organization"},"articleSection":["BELETRIE","NEWS"],"inLanguage":"cs"},{"@type":"WebPage","@id":"https:\/\/bookhouse.cz\/index.php\/2022\/06\/14\/pravda-nebyla-k-dostani-lucie-hlavinkova\/","url":"https:\/\/bookhouse.cz\/index.php\/2022\/06\/14\/pravda-nebyla-k-dostani-lucie-hlavinkova\/","name":"Pravda nebyla k dost\u00e1n\u00ed | Lucie Hlavinkov\u00e1 - BOOKHOUSE.cz","isPartOf":{"@id":"https:\/\/bookhouse.cz\/#website"},"datePublished":"2022-06-14T01:13:00+00:00","dateModified":"2022-06-14T13:04:34+00:00","breadcrumb":{"@id":"https:\/\/bookhouse.cz\/index.php\/2022\/06\/14\/pravda-nebyla-k-dostani-lucie-hlavinkova\/#breadcrumb"},"inLanguage":"cs","potentialAction":[{"@type":"ReadAction","target":["https:\/\/bookhouse.cz\/index.php\/2022\/06\/14\/pravda-nebyla-k-dostani-lucie-hlavinkova\/"]}]},{"@type":"BreadcrumbList","@id":"https:\/\/bookhouse.cz\/index.php\/2022\/06\/14\/pravda-nebyla-k-dostani-lucie-hlavinkova\/#breadcrumb","itemListElement":[{"@type":"ListItem","position":1,"name":"Dom\u016f","item":"https:\/\/bookhouse.cz\/"},{"@type":"ListItem","position":2,"name":"Pravda nebyla k dost\u00e1n\u00ed | Lucie Hlavinkov\u00e1"}]},{"@type":"WebSite","@id":"https:\/\/bookhouse.cz\/#website","url":"https:\/\/bookhouse.cz\/","name":"BOOKHOUSE.cz","description":"Port\u00e1l o kni\u017en\u00edch novink\u00e1ch.","publisher":{"@id":"https:\/\/bookhouse.cz\/#organization"},"potentialAction":[{"@type":"SearchAction","target":{"@type":"EntryPoint","urlTemplate":"https:\/\/bookhouse.cz\/?s={search_term_string}"},"query-input":"required name=search_term_string"}],"inLanguage":"cs"},{"@type":"Organization","@id":"https:\/\/bookhouse.cz\/#organization","name":"BOOKHOUSE.cz","url":"https:\/\/bookhouse.cz\/","logo":{"@type":"ImageObject","inLanguage":"cs","@id":"https:\/\/bookhouse.cz\/#\/schema\/logo\/image\/","url":"https:\/\/bookhouse.cz\/wp-content\/uploads\/2024\/12\/cropped-Logo_BookHouse.jpg","contentUrl":"https:\/\/bookhouse.cz\/wp-content\/uploads\/2024\/12\/cropped-Logo_BookHouse.jpg","width":938,"height":513,"caption":"BOOKHOUSE.cz"},"image":{"@id":"https:\/\/bookhouse.cz\/#\/schema\/logo\/image\/"},"sameAs":["https:\/\/www.facebook.com\/bookhousecz","https:\/\/www.instagram.com\/bookhousecz"]},{"@type":"Person","@id":"https:\/\/bookhouse.cz\/#\/schema\/person\/f28a42871b37c50376116ca94f609015","name":"Petra Kub\u00edkov\u00e1","image":{"@type":"ImageObject","inLanguage":"cs","@id":"https:\/\/bookhouse.cz\/#\/schema\/person\/image\/","url":"https:\/\/secure.gravatar.com\/avatar\/b73acd1265062ae3b93da9908474de40?s=96&d=mm&r=g","contentUrl":"https:\/\/secure.gravatar.com\/avatar\/b73acd1265062ae3b93da9908474de40?s=96&d=mm&r=g","caption":"Petra Kub\u00edkov\u00e1"},"sameAs":["http:\/\/BOOKHOUSE.cz"],"url":"https:\/\/bookhouse.cz\/index.php\/author\/kubip\/"}]}},"_links":{"self":[{"href":"https:\/\/bookhouse.cz\/index.php\/wp-json\/wp\/v2\/posts\/3693"}],"collection":[{"href":"https:\/\/bookhouse.cz\/index.php\/wp-json\/wp\/v2\/posts"}],"about":[{"href":"https:\/\/bookhouse.cz\/index.php\/wp-json\/wp\/v2\/types\/post"}],"author":[{"embeddable":true,"href":"https:\/\/bookhouse.cz\/index.php\/wp-json\/wp\/v2\/users\/4"}],"replies":[{"embeddable":true,"href":"https:\/\/bookhouse.cz\/index.php\/wp-json\/wp\/v2\/comments?post=3693"}],"version-history":[{"count":2,"href":"https:\/\/bookhouse.cz\/index.php\/wp-json\/wp\/v2\/posts\/3693\/revisions"}],"predecessor-version":[{"id":3704,"href":"https:\/\/bookhouse.cz\/index.php\/wp-json\/wp\/v2\/posts\/3693\/revisions\/3704"}],"wp:featuredmedia":[{"embeddable":true,"href":"https:\/\/bookhouse.cz\/index.php\/wp-json\/wp\/v2\/media\/3694"}],"wp:attachment":[{"href":"https:\/\/bookhouse.cz\/index.php\/wp-json\/wp\/v2\/media?parent=3693"}],"wp:term":[{"taxonomy":"category","embeddable":true,"href":"https:\/\/bookhouse.cz\/index.php\/wp-json\/wp\/v2\/categories?post=3693"},{"taxonomy":"post_tag","embeddable":true,"href":"https:\/\/bookhouse.cz\/index.php\/wp-json\/wp\/v2\/tags?post=3693"}],"curies":[{"name":"wp","href":"https:\/\/api.w.org\/{rel}","templated":true}]}}