{"id":3685,"date":"2022-06-07T00:32:00","date_gmt":"2022-06-06T22:32:00","guid":{"rendered":"https:\/\/bookhouse.cz\/?p=3685"},"modified":"2022-06-11T00:59:43","modified_gmt":"2022-06-10T22:59:43","slug":"svet-knihy-praha-2022-zaplni-416-vystavovatelu-a-746-ucinkujicich-ze-33-zemi","status":"publish","type":"post","link":"https:\/\/bookhouse.cz\/index.php\/2022\/06\/07\/svet-knihy-praha-2022-zaplni-416-vystavovatelu-a-746-ucinkujicich-ze-33-zemi\/","title":{"rendered":"Sv\u011bt knihy Praha 2022 zapln\u00ed 416 vystavovatel\u016f a 746 \u00fa\u010dinkuj\u00edc\u00edch ze 33 zem\u00ed"},"content":{"rendered":"\n<div style=\"height:22px\" aria-hidden=\"true\" class=\"wp-block-spacer\"><\/div>\n\n\n\n<h4 class=\"wp-block-heading\"><strong>Hlavn\u00ed slovo m\u00e1 It\u00e1lie, pozornost je v\u011bnov\u00e1na Ukrajin\u011b<\/strong><\/h4>\n\n\n\n<p><strong>Mezin\u00e1rodn\u00ed kni\u017en\u00ed veletrh a liter\u00e1rn\u00ed festival Sv\u011bt knihy Praha 2022 otev\u0159e v\u0161em milovn\u00edk\u016fm literatury sv\u00e9 br\u00e1ny od 9. do 12. \u010dervna. B\u011bhem 27. ro\u010dn\u00edku p\u0159iv\u00edt\u00e1 na V\u00fdstavi\u0161ti Praha v Hole\u0161ovic\u00edch 416 vystavovatel\u016f a 746 \u00fa\u010dinkuj\u00edc\u00edch ze\u00a033 zem\u00ed a region\u016f. Jako \u010destn\u00fd host se prezentuje kulturn\u011b bohat\u00e1 It\u00e1lie. Liter\u00e1rn\u00ed mistrovstv\u00ed t\u00e9to zem\u011b zastoup\u00ed nap\u0159\u00edklad vynikaj\u00edc\u00ed vyprav\u011b\u010dka Donatella Di Pietrantonio \u010di autorka siln\u00fdch p\u0159\u00edb\u011bh\u016f Viola Ardone. V sekci Literatura jako hlas svobody vystoup\u00ed krom\u011b jin\u00fdch aktivista z\u00a0Hongkongunominovan\u00fd na Nobelovu cenu m\u00edru Nathan Law . Doraz\u00ed tak\u00e9 mistr pov\u00eddky, izraelsk\u00fd autor Etgar Keret \u010di autorka bestsellerov\u00fdch thriller\u016f Shari Lapena. D\u011btsk\u00e9 \u010dten\u00e1\u0159stv\u00ed podpo\u0159\u00ed inspirativn\u00ed nab\u00eddka pavilonu Rosteme s\u00a0knihou. Samostatn\u00fd veletr\u017en\u00ed st\u00e1nek se organiz\u00e1to\u0159i Sv\u011bta knihy Praha 2022 rozhodli vyhradit Ukrajin\u011b. Sv\u011bt knihy Praha 2022 prov\u00e1z\u00ed motto p\u0159evzat\u00e9 od v\u00fdznamn\u00e9ho italsk\u00e9ho myslitele Umberta Eca. Jeho slova vyjad\u0159uj\u00ed ideu nejen 27. ro\u010dn\u00edku: \u201e\u017dijeme pro knihy a je to sladk\u00e9 posl\u00e1n\u00ed ve sv\u011bt\u011b upadaj\u00edc\u00edm a zm\u00edtan\u00e9m nepo\u0159\u00e1dkem.\u201c<\/strong><\/p>\n\n\n\n<div class=\"wp-block-image\"><figure class=\"aligncenter size-large\"><img loading=\"lazy\" decoding=\"async\" width=\"1024\" height=\"574\" src=\"https:\/\/bookhouse.cz\/wp-content\/uploads\/2022\/06\/Svet-knihy-Praha_2-1024x574.jpg\" alt=\"\" class=\"wp-image-3686\" srcset=\"https:\/\/bookhouse.cz\/wp-content\/uploads\/2022\/06\/Svet-knihy-Praha_2-1024x574.jpg 1024w, https:\/\/bookhouse.cz\/wp-content\/uploads\/2022\/06\/Svet-knihy-Praha_2-300x168.jpg 300w, https:\/\/bookhouse.cz\/wp-content\/uploads\/2022\/06\/Svet-knihy-Praha_2-768x430.jpg 768w, https:\/\/bookhouse.cz\/wp-content\/uploads\/2022\/06\/Svet-knihy-Praha_2.jpg 1133w\" sizes=\"(max-width: 1024px) 100vw, 1024px\" \/><\/figure><\/div>\n\n\n\n<p>It\u00e1lie, kterou Sv\u011bt knihy Praha 2022 letos uv\u00edt\u00e1 jako sv\u00e9ho \u010destn\u00e9ho hosta, je kol\u00e9bkou velk\u00e9 literatury. Z&nbsp;liter\u00e1rn\u00edho bohatstv\u00ed zem\u011b n\u00e1v\u0161t\u011bvn\u00edci veletrhu okus\u00ed p\u0159edev\u0161\u00edm sou\u010dasnou tvorbu, a to ve v\u0161\u00ed \u017e\u00e1nrov\u00e9 pestrosti. Mnoh\u00e9 knihy vy\u0161ly nebo v&nbsp;dohledn\u00e9 dob\u011b vyjdou v&nbsp;\u010desk\u00e9m p\u0159ekladu. Osobn\u011b sv\u00e9 d\u00edlo p\u0159edstav\u00ed nap\u0159\u00edklad jedna z&nbsp;nejv\u00fdznamn\u011bj\u0161\u00edch sou\u010dasn\u00fdch italsk\u00fdch spisovatelek <strong>Viola Ardone<\/strong> \u010di autorka strhuj\u00edc\u00edch p\u0159\u00edb\u011bh\u016f <strong>Donatella Di Pietrantonio<\/strong>. Ob\u011b jsou vn\u00edm\u00e1ny jako mistrn\u00e9 vyprav\u011b\u010dky, cen\u011bn\u00e9 \u010dten\u00e1\u0159i i kritiky. Do propracovan\u00e9ho fik\u010dn\u00edho sv\u011bta um\u00ed \u010dten\u00e1\u0159e vt\u00e1hnout i prozai\u010dka <strong>Stefania Auci <\/strong>nebo stoupaj\u00edc\u00ed hv\u011bzda <strong>Claudia Durastanti<\/strong>. K&nbsp;host\u016fm zastupuj\u00edc\u00edm It\u00e1lii pat\u0159\u00ed tak\u00e9 uzn\u00e1van\u00fd novin\u00e1\u0159, spisovatel a scen\u00e1rista <strong>Gianfranco Calligarich<\/strong>. O sv\u016fj pohled na sou\u010dasnou spole\u010dnost se p\u0159ijede s&nbsp;n\u00e1v\u0161t\u011bvn\u00edky Sv\u011bta knihy Praha 2022 osobn\u011b pod\u011blit rovn\u011b\u017e renomovan\u00fd psychoanalytik <strong>Luigi Zoja<\/strong>. Host\u016fm Sv\u011bta knihy zahraje i popul\u00e1rn\u00ed \u0161ansoni\u00e9r <strong>Peppe Voltarelli<\/strong>.<\/p>\n\n\n\n<p>Program \u010destn\u00e9ho hosta nezapom\u00edn\u00e1 ani na knihy, do nich\u017e by se za\u010detly d\u011bti i dosp\u00edvaj\u00edc\u00ed. Do ver\u0161\u016f italsk\u00fdch b\u00e1sn\u00edk\u016f a b\u00e1sn\u00ed\u0159ek dvac\u00e1t\u00e9ho stolet\u00ed pak vt\u00e1hne zvukov\u00e1 v\u00fdstava <em>Poslouchat o\u010dima. Hlasy italsk\u00e9 poezie<\/em>. Siln\u00e9 propojen\u00ed italsk\u00e9ho a \u010desk\u00e9ho prost\u0159ed\u00ed dolo\u017e\u00ed v\u00fdro\u010d\u00ed Italsk\u00e9ho kulturn\u00edho institutu, kter\u00fd v&nbsp;Praze p\u016fsob\u00ed u\u017e neuv\u011b\u0159iteln\u00fdch sto let. Organiz\u00e1to\u0159i veletrhu si p\u0159ej\u00ed, aby se jim na V\u00fdstavi\u0161t\u011b Praha poda\u0159ilo p\u0159en\u00e9st nejen liter\u00e1rn\u00ed bohatstv\u00ed a&nbsp;rozmanitost t\u00e9to zem\u011b, ale i jej\u00edho v\u0159el\u00e9ho a otev\u0159en\u00e9ho ducha. V&nbsp;tomto smyslu je proto veletr\u017en\u00ed st\u00e1nek It\u00e1lie koncipov\u00e1n.<\/p>\n\n\n\n<p>V&nbsp;r\u00e1mci sekce Literatura jako hlas svobody, je\u017e chce slou\u017eit jako ve\u0159ejn\u00e1 tribuna pro tv\u016frce bojuj\u00edc\u00ed za svobodu, se do diskuz\u00ed zapoj\u00ed \u0159ada \u010desk\u00fdch i zahrani\u010dn\u00edch osobnost\u00ed. Prostor pro sv\u00e9 n\u00e1zory v&nbsp;n\u00ed dostane nap\u0159\u00edklad lidskopr\u00e1vn\u00ed aktivista z&nbsp;Hongkongu nominovan\u00fd na Nobelovu cenu m\u00edru <strong>Nathan Law<\/strong>. <em>\u201e\u017dijeme pro knihy, proto\u017ee knihy jsou tak\u00e9 pomocn\u00edkem v boji proti v\u011bcem, je\u017e se n\u00e1s sna\u017e\u00ed rozdrtit,\u201c<\/em> vysv\u011btluje k t\u00e9matu Guillaume Basset, dramaturg festivalu.<\/p>\n\n\n\n<p>V\u00fdraznou pozornost se organiz\u00e1to\u0159i Sv\u011bta knihy Praha 2022 rozhodli v\u011bnovat<strong> Ukrajin\u011b<\/strong>. Cht\u011bj\u00ed tak d\u00e1t najevo podporu ukrajinsk\u00fdm liter\u00e1t\u016fm a dal\u0161\u00edm tv\u016frc\u016fm spojen\u00fdm s&nbsp;literaturou, a&nbsp;trochu i \u201evynahradit\u201c zru\u0161en\u00fd kyjevsk\u00fd veletrh Book Arsenal. <em>\u201eV\u011b\u0159\u00edme, \u017ee t\u00edmto zp\u016fsobem m\u016f\u017eeme pomoci udr\u017eet v&nbsp;chodu kni\u017en\u00ed pr\u016fmysl v&nbsp;zemi zasa\u017een\u00e9 v\u00e1le\u010dnou agres\u00ed, p\u0159edstavit bohatstv\u00ed ukrajinsk\u00e9 literatury a kultury a p\u0159isp\u011bt k&nbsp;tomu, aby s&nbsp;n\u00ed lid\u00e9 na \u00fat\u011bku, p\u0159edev\u0161\u00edm d\u011bti, neztratily kontakt,\u201c<\/em> \u0159\u00edk\u00e1 \u0159editel veletrhu Radovan Auer. Prezentaci ukrajinsk\u00e9 tvorby bude vyhrazen samostatn\u00fd veletr\u017en\u00ed st\u00e1nek, ve kter\u00e9m se p\u0159edstav\u00ed <strong>devaten\u00e1ct ukrajinsk\u00fdch<\/strong> <strong>nakladatelstv\u00ed<\/strong>. Chyst\u00e1 se tak\u00e9 multimedi\u00e1ln\u00ed show <em>Fokstroty<\/em> inspirovan\u00e1 ukrajinskou avantgardn\u00ed poezi\u00ed. Ukrajinsk\u00e9 d\u011bti si z&nbsp;veletrhu mohou zdarma odn\u00e9st knihy ve sv\u00e9 rodn\u00e9 \u0159e\u010di.<\/p>\n\n\n\n<p>33 zem\u00ed zastoupen\u00fdch na Sv\u011bt\u011b knihy Praha 2022 dokl\u00e1d\u00e1, \u017ee veletrh je pro n\u00e1v\u0161t\u011bvn\u00edky jedine\u010dnou p\u0159\u00edle\u017eitost\u00ed ud\u011blat si p\u0159ehled o sou\u010dasn\u00e9 liter\u00e1rn\u00ed tvorb\u011b z&nbsp;cel\u00e9ho sv\u011bta. \u010cetn\u00e1 jm\u00e9na nav\u00edc \u010dten\u00e1\u0159i znaj\u00ed z&nbsp;\u010desk\u00fdch p\u0159eklad\u016f, p\u0159\u00edpadn\u011b se s&nbsp;p\u0159ekladov\u00fdmi novinkami od t\u011bchto autor\u016f v&nbsp;knihkupectv\u00edch brzy setkaj\u00ed. D\u00edky veletrhu se \u010dten\u00e1\u0159i sezn\u00e1m\u00ed nap\u0159\u00edklad s&nbsp;tvorbou jednoho z&nbsp;nejv\u00fdrazn\u011bj\u0161\u00edch \u0161v\u00fdcarsk\u00fdch prozaik\u016f <strong>Lukase B\u00e4rfusse<\/strong> \u010di izraelsk\u00fdm pov\u00eddkov\u00fdm mistrem <strong>Etgarem Keretem<\/strong>. Historii um\u00ed poutav\u00fdm, a p\u0159itom skv\u011bl\u00fdm psan\u00edm p\u0159ibl\u00ed\u017eit Britka <strong>Naomi Woodov\u00e1<\/strong>. Ve Francii \u017eij\u00edc\u00ed marock\u00e1 prozai\u010dka <strong>Le?la Slimani<\/strong> znepokojiv\u00fdm upozorn\u011bn\u00edm pro zm\u011bnu na sou\u010dasn\u00e1 t\u00e9mata oslovuje nejen \u010dten\u00e1\u0159e ve Francii. O z\u00e1kulis\u00ed sv\u00fdch nap\u00ednav\u00fdch p\u0159\u00edb\u011bh\u016f se pod\u011bl\u00ed tak\u00e9 kanadsk\u00e1 \u201ekr\u00e1lovna thriller\u016f ze sousedstv\u00ed\u201c <strong>Shari Lapena<\/strong>. Tradi\u010dn\u011b se na veletrhu p\u0159edstav\u00ed auto\u0159i v r\u00e1mci projektu Das Buch \u010di sever\u0161t\u00ed spisovatel\u00e9.<\/p>\n\n\n\n<p>P\u0159ipraven je i hodnotn\u00fd program ur\u010den\u00fd odborn\u00e9 ve\u0159ejnosti. Mal\u00ed \u010dten\u00e1\u0159i inspiraci ke \u010dten\u00ed najdou zejm\u00e9na v&nbsp;pavilonu <strong>Rosteme s&nbsp;knihou<\/strong>, pojmenovan\u00e9ho podle kampan\u011b organizovan\u00e9 spole\u010dnost\u00ed Sv\u011bt knihy. V&nbsp;dob\u011b tablet\u016f a mobil\u016f p\u0159it\u00e1hne pozornost d\u011bt\u00ed ke knih\u00e1m zaj\u00edmav\u00fdmi workshopy, setk\u00e1n\u00edm s&nbsp;obl\u00edben\u00fdmi autory a ilustr\u00e1tory, ale tak\u00e9 t\u0159eba divadlem. Program mysl\u00ed i na z\u00e1bavn\u00e9 zprost\u0159edkov\u00e1n\u00ed nau\u010dn\u00fdch t\u00e9mat.<\/p>\n\n\n\n<p>Sv\u011bt knihy Praha 2022 sv\u00fdm mottem, cituj\u00edc\u00edm z\u00a0d\u00edla italsk\u00e9ho romanopisce, esejisty, filozofa a s\u00e9miotika mezin\u00e1rodn\u00edho m\u011b\u0159\u00edtka Umberta Eca, deklaruje, \u017ee \u201e\u017eije pro knihy\u201c. V\u0161em, kte\u0159\u00ed literaturu tvo\u0159\u00ed i \u010dtou, se 27. ro\u010dn\u00edk mezin\u00e1rodn\u00edho veletrhu a liter\u00e1rn\u00edho festivalu otev\u0159e op\u011bt na V\u00fdstavi\u0161ti Praha v\u00a0Hole\u0161ovic\u00edch, ov\u0161em z\u00a0d\u016fvodu rekonstrukce Pr\u016fmyslov\u00e9ho pal\u00e1ce v\u00a0nov\u00fdch prostor\u00e1ch. Srdce cel\u00e9 akce \u2013 novou piazzettu \u2013 najdou n\u00e1v\u0161t\u011bvn\u00edci za branou pod Maroldov\u00fdm panoramatem, kudy se dostanou do are\u00e1lu. Expozice nakladatel\u016f budou v\u00a0montovan\u00fdch hal\u00e1ch a v\u00a0K\u0159i\u017e\u00edkov\u011b pavilonu, programov\u00e9 s\u00e1ly obsad\u00ed p\u0159edev\u0161\u00edm stany. Koncept are\u00e1lu je p\u0159ipraven tak, aby si n\u00e1v\u0161t\u011bvn\u00edci liter\u00e1rn\u00ed sv\u00e1tek u\u017eili za ka\u017ed\u00e9ho po\u010das\u00ed, v\u00a0p\u00e1tek dokonce jeho programovou \u010d\u00e1st a\u017e do 21 hodin.<\/p>\n\n\n\n<div style=\"height:12px\" aria-hidden=\"true\" class=\"wp-block-spacer\"><\/div>\n\n\n\n<div class=\"wp-block-image\"><figure class=\"aligncenter size-large\"><img loading=\"lazy\" decoding=\"async\" width=\"999\" height=\"633\" src=\"https:\/\/bookhouse.cz\/wp-content\/uploads\/2022\/06\/SKP-2022-LOGO-zelene-s-textem.jpg\" alt=\"\" class=\"wp-image-3687\" srcset=\"https:\/\/bookhouse.cz\/wp-content\/uploads\/2022\/06\/SKP-2022-LOGO-zelene-s-textem.jpg 999w, https:\/\/bookhouse.cz\/wp-content\/uploads\/2022\/06\/SKP-2022-LOGO-zelene-s-textem-300x190.jpg 300w, https:\/\/bookhouse.cz\/wp-content\/uploads\/2022\/06\/SKP-2022-LOGO-zelene-s-textem-768x487.jpg 768w\" sizes=\"(max-width: 999px) 100vw, 999px\" \/><\/figure><\/div>\n\n\n\n<div style=\"height:20px\" aria-hidden=\"true\" class=\"wp-block-spacer\"><\/div>\n\n\n\n<h3 class=\"wp-block-heading\"><strong>Sv\u011bt knihy Praha 2022 v \u010d\u00edslech:<\/strong><\/h3>\n\n\n\n<div style=\"height:1px\" aria-hidden=\"true\" class=\"wp-block-spacer\"><\/div>\n\n\n\n<h3 class=\"wp-block-heading\"><strong>Veletrh:<\/strong><\/h3>\n\n\n\n<p>Po\u010det vystavovatel\u016f: 416<\/p>\n\n\n\n<p>Po\u010det expozic: 165<\/p>\n\n\n\n<p>V\u00fdstavn\u00ed plocha: 3046 m<sup>2<\/sup>\u00a0<\/p>\n\n\n\n<div style=\"height:9px\" aria-hidden=\"true\" class=\"wp-block-spacer\"><\/div>\n\n\n\n<h3 class=\"wp-block-heading\"><strong>Liter\u00e1rn\u00ed festival:<\/strong><\/h3>\n\n\n\n<p>Po\u010det \u00fa\u010dinkuj\u00edc\u00edch: 746<\/p>\n\n\n\n<p>Po\u010det program\u016f: 464<\/p>\n\n\n\n<p>Po\u010det v\u00fdstav: 9<\/p>\n\n\n\n<p><strong>Z\u00fa\u010dastn\u011bn\u00e9 zem\u011b a regiony (vystavuj\u00edc\u00ed a zapojen\u00e9 do programu): <\/strong>Argentina, Belgie, Bulharsko, \u010cesk\u00e1 republika, D\u00e1nsko, Finsko, Francie, Hongkong, Island, It\u00e1lie, Izrael, Kanada, Loty\u0161sko, Lucembursko, Ma\u010farsko, N\u011bmecko, Nig\u00e9rie, Nizozemsko, Norsko, Polsko, Portugalsko, Rakousko, Rumunsko, \u0158ecko, Slovensko, Srbsko, \u0160pan\u011blsko, \u0160v\u00e9dsko, \u0160v\u00fdcarsko, Tchaj-wan, Ukrajina, USA, Velk\u00e1 Brit\u00e1nie<\/p>\n\n\n\n<p><strong>Celkem se na veletrhu a festivalu prezentuj\u00ed host\u00e9 ze 33 zem\u00ed a region\u016f sv\u011bta.<\/strong><\/p>\n\n\n\n<div style=\"height:34px\" aria-hidden=\"true\" class=\"wp-block-spacer\"><\/div>\n\n\n\n<h2 class=\"wp-block-heading\"><strong>Partne\u0159i<\/strong><\/h2>\n\n\n\n<div style=\"height:11px\" aria-hidden=\"true\" class=\"wp-block-spacer\"><\/div>\n\n\n\n<h3 class=\"wp-block-heading\"><strong>Medi\u00e1ln\u00ed partne\u0159i:<\/strong><\/h3>\n\n\n\n<p>\u010cesk\u00e1 televize<\/p>\n\n\n\n<p>\u010cesk\u00fd rozhlas<\/p>\n\n\n\n<p>Pr\u00e1vo<\/p>\n\n\n\n<p>Echo 24<\/p>\n\n\n\n<p>A2<\/p>\n\n\n\n<p>Kni\u017en\u00ed novinky<\/p>\n\n\n\n<p>Radio1<\/p>\n\n\n\n<div style=\"height:22px\" aria-hidden=\"true\" class=\"wp-block-spacer\"><\/div>\n\n\n\n<h3 class=\"wp-block-heading\"><strong>Partne\u0159i:<\/strong><\/h3>\n\n\n\n<p>\u010cSOB<\/p>\n\n\n\n<p>Svaz \u010desk\u00fdch knihkupc\u016f a nakladatel\u016f<\/p>\n\n\n\n<p>N\u00e1rodn\u00ed knihovna \u010cR<\/p>\n\n\n\n<p>Magnesia<\/p>\n\n\n\n<p>Auroton Computer<\/p>\n\n\n\n<div style=\"height:22px\" aria-hidden=\"true\" class=\"wp-block-spacer\"><\/div>\n\n\n\n<h3 class=\"wp-block-heading\"><strong>Finan\u010dn\u00ed podpora:<\/strong><\/h3>\n\n\n\n<p>Ministerstvo kultury \u010cR<\/p>\n\n\n\n<p>Magistr\u00e1t hlavn\u00edho m\u011bsta Prahy<\/p>\n\n\n\n<p>M\u011bstsk\u00e1 \u010d\u00e1st Praha 7<\/p>\n\n\n\n<div style=\"height:100px\" aria-hidden=\"true\" class=\"wp-block-spacer\"><\/div>\n","protected":false},"excerpt":{"rendered":"<p>Hlavn\u00ed slovo m\u00e1 It\u00e1lie, pozornost je v\u011bnov\u00e1na Ukrajin\u011b Mezin\u00e1rodn\u00ed kni\u017en\u00ed veletrh a liter\u00e1rn\u00ed festival Sv\u011bt knihy Praha 2022 otev\u0159e v\u0161em milovn\u00edk\u016fm literatury sv\u00e9 br\u00e1ny od 9. do 12. \u010dervna. B\u011bhem 27. ro\u010dn\u00edku p\u0159iv\u00edt\u00e1 na&#46;&#46;&#46;<\/p>\n","protected":false},"author":3,"featured_media":3686,"comment_status":"closed","ping_status":"closed","sticky":false,"template":"","format":"standard","meta":{"_monsterinsights_skip_tracking":false,"_monsterinsights_sitenote_active":false,"_monsterinsights_sitenote_note":"","_monsterinsights_sitenote_category":0,"footnotes":""},"categories":[9,14,3,19],"tags":[],"yoast_head":"<!-- This site is optimized with the Yoast SEO plugin v21.5 - https:\/\/yoast.com\/wordpress\/plugins\/seo\/ -->\n<title>Sv\u011bt knihy Praha 2022 zapln\u00ed 416 vystavovatel\u016f a 746 \u00fa\u010dinkuj\u00edc\u00edch ze 33 zem\u00ed - BOOKHOUSE.cz<\/title>\n<meta name=\"robots\" content=\"index, follow, max-snippet:-1, max-image-preview:large, max-video-preview:-1\" \/>\n<link rel=\"canonical\" href=\"https:\/\/bookhouse.cz\/index.php\/2022\/06\/07\/svet-knihy-praha-2022-zaplni-416-vystavovatelu-a-746-ucinkujicich-ze-33-zemi\/\" \/>\n<meta property=\"og:locale\" content=\"cs_CZ\" \/>\n<meta property=\"og:type\" content=\"article\" \/>\n<meta property=\"og:title\" content=\"Sv\u011bt knihy Praha 2022 zapln\u00ed 416 vystavovatel\u016f a 746 \u00fa\u010dinkuj\u00edc\u00edch ze 33 zem\u00ed - BOOKHOUSE.cz\" \/>\n<meta property=\"og:description\" content=\"Hlavn\u00ed slovo m\u00e1 It\u00e1lie, pozornost je v\u011bnov\u00e1na Ukrajin\u011b Mezin\u00e1rodn\u00ed kni\u017en\u00ed veletrh a liter\u00e1rn\u00ed festival Sv\u011bt knihy Praha 2022 otev\u0159e v\u0161em milovn\u00edk\u016fm literatury sv\u00e9 br\u00e1ny od 9. do 12. \u010dervna. B\u011bhem 27. ro\u010dn\u00edku p\u0159iv\u00edt\u00e1 na&#046;&#046;&#046;\" \/>\n<meta property=\"og:url\" content=\"https:\/\/bookhouse.cz\/index.php\/2022\/06\/07\/svet-knihy-praha-2022-zaplni-416-vystavovatelu-a-746-ucinkujicich-ze-33-zemi\/\" \/>\n<meta property=\"og:site_name\" content=\"BOOKHOUSE.cz\" \/>\n<meta property=\"article:publisher\" content=\"https:\/\/www.facebook.com\/bookhousecz\" \/>\n<meta property=\"article:published_time\" content=\"2022-06-06T22:32:00+00:00\" \/>\n<meta property=\"article:modified_time\" content=\"2022-06-10T22:59:43+00:00\" \/>\n<meta property=\"og:image\" content=\"https:\/\/bookhouse.cz\/wp-content\/uploads\/2022\/06\/Svet-knihy-Praha_2.jpg\" \/>\n\t<meta property=\"og:image:width\" content=\"1133\" \/>\n\t<meta property=\"og:image:height\" content=\"635\" \/>\n\t<meta property=\"og:image:type\" content=\"image\/jpeg\" \/>\n<meta name=\"author\" content=\"Jolana Hol\u00e1\u0148ov\u00e1\" \/>\n<meta name=\"twitter:card\" content=\"summary_large_image\" \/>\n<meta name=\"twitter:label1\" content=\"Napsal(a)\" \/>\n\t<meta name=\"twitter:data1\" content=\"Jolana Hol\u00e1\u0148ov\u00e1\" \/>\n\t<meta name=\"twitter:label2\" content=\"Odhadovan\u00e1 doba \u010dten\u00ed\" \/>\n\t<meta name=\"twitter:data2\" content=\"7 minut\" \/>\n<script type=\"application\/ld+json\" class=\"yoast-schema-graph\">{\"@context\":\"https:\/\/schema.org\",\"@graph\":[{\"@type\":\"Article\",\"@id\":\"https:\/\/bookhouse.cz\/index.php\/2022\/06\/07\/svet-knihy-praha-2022-zaplni-416-vystavovatelu-a-746-ucinkujicich-ze-33-zemi\/#article\",\"isPartOf\":{\"@id\":\"https:\/\/bookhouse.cz\/index.php\/2022\/06\/07\/svet-knihy-praha-2022-zaplni-416-vystavovatelu-a-746-ucinkujicich-ze-33-zemi\/\"},\"author\":{\"name\":\"Jolana Hol\u00e1\u0148ov\u00e1\",\"@id\":\"https:\/\/bookhouse.cz\/#\/schema\/person\/92706019a8c9280785ef6e38ea35e04c\"},\"headline\":\"Sv\u011bt knihy Praha 2022 zapln\u00ed 416 vystavovatel\u016f a 746 \u00fa\u010dinkuj\u00edc\u00edch ze 33 zem\u00ed\",\"datePublished\":\"2022-06-06T22:32:00+00:00\",\"dateModified\":\"2022-06-10T22:59:43+00:00\",\"mainEntityOfPage\":{\"@id\":\"https:\/\/bookhouse.cz\/index.php\/2022\/06\/07\/svet-knihy-praha-2022-zaplni-416-vystavovatelu-a-746-ucinkujicich-ze-33-zemi\/\"},\"wordCount\":1410,\"publisher\":{\"@id\":\"https:\/\/bookhouse.cz\/#organization\"},\"articleSection\":[\"AKCE\",\"LIFESTYLE\",\"NEWS\",\"TIPY NA KNIHY\"],\"inLanguage\":\"cs\"},{\"@type\":\"WebPage\",\"@id\":\"https:\/\/bookhouse.cz\/index.php\/2022\/06\/07\/svet-knihy-praha-2022-zaplni-416-vystavovatelu-a-746-ucinkujicich-ze-33-zemi\/\",\"url\":\"https:\/\/bookhouse.cz\/index.php\/2022\/06\/07\/svet-knihy-praha-2022-zaplni-416-vystavovatelu-a-746-ucinkujicich-ze-33-zemi\/\",\"name\":\"Sv\u011bt knihy Praha 2022 zapln\u00ed 416 vystavovatel\u016f a 746 \u00fa\u010dinkuj\u00edc\u00edch ze 33 zem\u00ed - BOOKHOUSE.cz\",\"isPartOf\":{\"@id\":\"https:\/\/bookhouse.cz\/#website\"},\"datePublished\":\"2022-06-06T22:32:00+00:00\",\"dateModified\":\"2022-06-10T22:59:43+00:00\",\"breadcrumb\":{\"@id\":\"https:\/\/bookhouse.cz\/index.php\/2022\/06\/07\/svet-knihy-praha-2022-zaplni-416-vystavovatelu-a-746-ucinkujicich-ze-33-zemi\/#breadcrumb\"},\"inLanguage\":\"cs\",\"potentialAction\":[{\"@type\":\"ReadAction\",\"target\":[\"https:\/\/bookhouse.cz\/index.php\/2022\/06\/07\/svet-knihy-praha-2022-zaplni-416-vystavovatelu-a-746-ucinkujicich-ze-33-zemi\/\"]}]},{\"@type\":\"BreadcrumbList\",\"@id\":\"https:\/\/bookhouse.cz\/index.php\/2022\/06\/07\/svet-knihy-praha-2022-zaplni-416-vystavovatelu-a-746-ucinkujicich-ze-33-zemi\/#breadcrumb\",\"itemListElement\":[{\"@type\":\"ListItem\",\"position\":1,\"name\":\"Dom\u016f\",\"item\":\"https:\/\/bookhouse.cz\/\"},{\"@type\":\"ListItem\",\"position\":2,\"name\":\"Sv\u011bt knihy Praha 2022 zapln\u00ed 416 vystavovatel\u016f a 746 \u00fa\u010dinkuj\u00edc\u00edch ze 33 zem\u00ed\"}]},{\"@type\":\"WebSite\",\"@id\":\"https:\/\/bookhouse.cz\/#website\",\"url\":\"https:\/\/bookhouse.cz\/\",\"name\":\"BOOKHOUSE.cz\",\"description\":\"Port\u00e1l o kni\u017en\u00edch novink\u00e1ch.\",\"publisher\":{\"@id\":\"https:\/\/bookhouse.cz\/#organization\"},\"potentialAction\":[{\"@type\":\"SearchAction\",\"target\":{\"@type\":\"EntryPoint\",\"urlTemplate\":\"https:\/\/bookhouse.cz\/?s={search_term_string}\"},\"query-input\":\"required name=search_term_string\"}],\"inLanguage\":\"cs\"},{\"@type\":\"Organization\",\"@id\":\"https:\/\/bookhouse.cz\/#organization\",\"name\":\"BOOKHOUSE.cz\",\"url\":\"https:\/\/bookhouse.cz\/\",\"logo\":{\"@type\":\"ImageObject\",\"inLanguage\":\"cs\",\"@id\":\"https:\/\/bookhouse.cz\/#\/schema\/logo\/image\/\",\"url\":\"https:\/\/bookhouse.cz\/wp-content\/uploads\/2024\/12\/cropped-Logo_BookHouse.jpg\",\"contentUrl\":\"https:\/\/bookhouse.cz\/wp-content\/uploads\/2024\/12\/cropped-Logo_BookHouse.jpg\",\"width\":938,\"height\":513,\"caption\":\"BOOKHOUSE.cz\"},\"image\":{\"@id\":\"https:\/\/bookhouse.cz\/#\/schema\/logo\/image\/\"},\"sameAs\":[\"https:\/\/www.facebook.com\/bookhousecz\",\"https:\/\/www.instagram.com\/bookhousecz\"]},{\"@type\":\"Person\",\"@id\":\"https:\/\/bookhouse.cz\/#\/schema\/person\/92706019a8c9280785ef6e38ea35e04c\",\"name\":\"Jolana Hol\u00e1\u0148ov\u00e1\",\"image\":{\"@type\":\"ImageObject\",\"inLanguage\":\"cs\",\"@id\":\"https:\/\/bookhouse.cz\/#\/schema\/person\/image\/\",\"url\":\"https:\/\/secure.gravatar.com\/avatar\/5863c504ed89cd419ff3a5e812c722ff?s=96&d=mm&r=g\",\"contentUrl\":\"https:\/\/secure.gravatar.com\/avatar\/5863c504ed89cd419ff3a5e812c722ff?s=96&d=mm&r=g\",\"caption\":\"Jolana Hol\u00e1\u0148ov\u00e1\"},\"sameAs\":[\"http:\/\/www.bookhouse.cz\"],\"url\":\"https:\/\/bookhouse.cz\/index.php\/author\/jolhol\/\"}]}<\/script>\n<!-- \/ Yoast SEO plugin. -->","yoast_head_json":{"title":"Sv\u011bt knihy Praha 2022 zapln\u00ed 416 vystavovatel\u016f a 746 \u00fa\u010dinkuj\u00edc\u00edch ze 33 zem\u00ed - BOOKHOUSE.cz","robots":{"index":"index","follow":"follow","max-snippet":"max-snippet:-1","max-image-preview":"max-image-preview:large","max-video-preview":"max-video-preview:-1"},"canonical":"https:\/\/bookhouse.cz\/index.php\/2022\/06\/07\/svet-knihy-praha-2022-zaplni-416-vystavovatelu-a-746-ucinkujicich-ze-33-zemi\/","og_locale":"cs_CZ","og_type":"article","og_title":"Sv\u011bt knihy Praha 2022 zapln\u00ed 416 vystavovatel\u016f a 746 \u00fa\u010dinkuj\u00edc\u00edch ze 33 zem\u00ed - BOOKHOUSE.cz","og_description":"Hlavn\u00ed slovo m\u00e1 It\u00e1lie, pozornost je v\u011bnov\u00e1na Ukrajin\u011b Mezin\u00e1rodn\u00ed kni\u017en\u00ed veletrh a liter\u00e1rn\u00ed festival Sv\u011bt knihy Praha 2022 otev\u0159e v\u0161em milovn\u00edk\u016fm literatury sv\u00e9 br\u00e1ny od 9. do 12. \u010dervna. B\u011bhem 27. ro\u010dn\u00edku p\u0159iv\u00edt\u00e1 na&#46;&#46;&#46;","og_url":"https:\/\/bookhouse.cz\/index.php\/2022\/06\/07\/svet-knihy-praha-2022-zaplni-416-vystavovatelu-a-746-ucinkujicich-ze-33-zemi\/","og_site_name":"BOOKHOUSE.cz","article_publisher":"https:\/\/www.facebook.com\/bookhousecz","article_published_time":"2022-06-06T22:32:00+00:00","article_modified_time":"2022-06-10T22:59:43+00:00","og_image":[{"width":1133,"height":635,"url":"https:\/\/bookhouse.cz\/wp-content\/uploads\/2022\/06\/Svet-knihy-Praha_2.jpg","type":"image\/jpeg"}],"author":"Jolana Hol\u00e1\u0148ov\u00e1","twitter_card":"summary_large_image","twitter_misc":{"Napsal(a)":"Jolana Hol\u00e1\u0148ov\u00e1","Odhadovan\u00e1 doba \u010dten\u00ed":"7 minut"},"schema":{"@context":"https:\/\/schema.org","@graph":[{"@type":"Article","@id":"https:\/\/bookhouse.cz\/index.php\/2022\/06\/07\/svet-knihy-praha-2022-zaplni-416-vystavovatelu-a-746-ucinkujicich-ze-33-zemi\/#article","isPartOf":{"@id":"https:\/\/bookhouse.cz\/index.php\/2022\/06\/07\/svet-knihy-praha-2022-zaplni-416-vystavovatelu-a-746-ucinkujicich-ze-33-zemi\/"},"author":{"name":"Jolana Hol\u00e1\u0148ov\u00e1","@id":"https:\/\/bookhouse.cz\/#\/schema\/person\/92706019a8c9280785ef6e38ea35e04c"},"headline":"Sv\u011bt knihy Praha 2022 zapln\u00ed 416 vystavovatel\u016f a 746 \u00fa\u010dinkuj\u00edc\u00edch ze 33 zem\u00ed","datePublished":"2022-06-06T22:32:00+00:00","dateModified":"2022-06-10T22:59:43+00:00","mainEntityOfPage":{"@id":"https:\/\/bookhouse.cz\/index.php\/2022\/06\/07\/svet-knihy-praha-2022-zaplni-416-vystavovatelu-a-746-ucinkujicich-ze-33-zemi\/"},"wordCount":1410,"publisher":{"@id":"https:\/\/bookhouse.cz\/#organization"},"articleSection":["AKCE","LIFESTYLE","NEWS","TIPY NA KNIHY"],"inLanguage":"cs"},{"@type":"WebPage","@id":"https:\/\/bookhouse.cz\/index.php\/2022\/06\/07\/svet-knihy-praha-2022-zaplni-416-vystavovatelu-a-746-ucinkujicich-ze-33-zemi\/","url":"https:\/\/bookhouse.cz\/index.php\/2022\/06\/07\/svet-knihy-praha-2022-zaplni-416-vystavovatelu-a-746-ucinkujicich-ze-33-zemi\/","name":"Sv\u011bt knihy Praha 2022 zapln\u00ed 416 vystavovatel\u016f a 746 \u00fa\u010dinkuj\u00edc\u00edch ze 33 zem\u00ed - BOOKHOUSE.cz","isPartOf":{"@id":"https:\/\/bookhouse.cz\/#website"},"datePublished":"2022-06-06T22:32:00+00:00","dateModified":"2022-06-10T22:59:43+00:00","breadcrumb":{"@id":"https:\/\/bookhouse.cz\/index.php\/2022\/06\/07\/svet-knihy-praha-2022-zaplni-416-vystavovatelu-a-746-ucinkujicich-ze-33-zemi\/#breadcrumb"},"inLanguage":"cs","potentialAction":[{"@type":"ReadAction","target":["https:\/\/bookhouse.cz\/index.php\/2022\/06\/07\/svet-knihy-praha-2022-zaplni-416-vystavovatelu-a-746-ucinkujicich-ze-33-zemi\/"]}]},{"@type":"BreadcrumbList","@id":"https:\/\/bookhouse.cz\/index.php\/2022\/06\/07\/svet-knihy-praha-2022-zaplni-416-vystavovatelu-a-746-ucinkujicich-ze-33-zemi\/#breadcrumb","itemListElement":[{"@type":"ListItem","position":1,"name":"Dom\u016f","item":"https:\/\/bookhouse.cz\/"},{"@type":"ListItem","position":2,"name":"Sv\u011bt knihy Praha 2022 zapln\u00ed 416 vystavovatel\u016f a 746 \u00fa\u010dinkuj\u00edc\u00edch ze 33 zem\u00ed"}]},{"@type":"WebSite","@id":"https:\/\/bookhouse.cz\/#website","url":"https:\/\/bookhouse.cz\/","name":"BOOKHOUSE.cz","description":"Port\u00e1l o kni\u017en\u00edch novink\u00e1ch.","publisher":{"@id":"https:\/\/bookhouse.cz\/#organization"},"potentialAction":[{"@type":"SearchAction","target":{"@type":"EntryPoint","urlTemplate":"https:\/\/bookhouse.cz\/?s={search_term_string}"},"query-input":"required name=search_term_string"}],"inLanguage":"cs"},{"@type":"Organization","@id":"https:\/\/bookhouse.cz\/#organization","name":"BOOKHOUSE.cz","url":"https:\/\/bookhouse.cz\/","logo":{"@type":"ImageObject","inLanguage":"cs","@id":"https:\/\/bookhouse.cz\/#\/schema\/logo\/image\/","url":"https:\/\/bookhouse.cz\/wp-content\/uploads\/2024\/12\/cropped-Logo_BookHouse.jpg","contentUrl":"https:\/\/bookhouse.cz\/wp-content\/uploads\/2024\/12\/cropped-Logo_BookHouse.jpg","width":938,"height":513,"caption":"BOOKHOUSE.cz"},"image":{"@id":"https:\/\/bookhouse.cz\/#\/schema\/logo\/image\/"},"sameAs":["https:\/\/www.facebook.com\/bookhousecz","https:\/\/www.instagram.com\/bookhousecz"]},{"@type":"Person","@id":"https:\/\/bookhouse.cz\/#\/schema\/person\/92706019a8c9280785ef6e38ea35e04c","name":"Jolana Hol\u00e1\u0148ov\u00e1","image":{"@type":"ImageObject","inLanguage":"cs","@id":"https:\/\/bookhouse.cz\/#\/schema\/person\/image\/","url":"https:\/\/secure.gravatar.com\/avatar\/5863c504ed89cd419ff3a5e812c722ff?s=96&d=mm&r=g","contentUrl":"https:\/\/secure.gravatar.com\/avatar\/5863c504ed89cd419ff3a5e812c722ff?s=96&d=mm&r=g","caption":"Jolana Hol\u00e1\u0148ov\u00e1"},"sameAs":["http:\/\/www.bookhouse.cz"],"url":"https:\/\/bookhouse.cz\/index.php\/author\/jolhol\/"}]}},"_links":{"self":[{"href":"https:\/\/bookhouse.cz\/index.php\/wp-json\/wp\/v2\/posts\/3685"}],"collection":[{"href":"https:\/\/bookhouse.cz\/index.php\/wp-json\/wp\/v2\/posts"}],"about":[{"href":"https:\/\/bookhouse.cz\/index.php\/wp-json\/wp\/v2\/types\/post"}],"author":[{"embeddable":true,"href":"https:\/\/bookhouse.cz\/index.php\/wp-json\/wp\/v2\/users\/3"}],"replies":[{"embeddable":true,"href":"https:\/\/bookhouse.cz\/index.php\/wp-json\/wp\/v2\/comments?post=3685"}],"version-history":[{"count":3,"href":"https:\/\/bookhouse.cz\/index.php\/wp-json\/wp\/v2\/posts\/3685\/revisions"}],"predecessor-version":[{"id":3692,"href":"https:\/\/bookhouse.cz\/index.php\/wp-json\/wp\/v2\/posts\/3685\/revisions\/3692"}],"wp:featuredmedia":[{"embeddable":true,"href":"https:\/\/bookhouse.cz\/index.php\/wp-json\/wp\/v2\/media\/3686"}],"wp:attachment":[{"href":"https:\/\/bookhouse.cz\/index.php\/wp-json\/wp\/v2\/media?parent=3685"}],"wp:term":[{"taxonomy":"category","embeddable":true,"href":"https:\/\/bookhouse.cz\/index.php\/wp-json\/wp\/v2\/categories?post=3685"},{"taxonomy":"post_tag","embeddable":true,"href":"https:\/\/bookhouse.cz\/index.php\/wp-json\/wp\/v2\/tags?post=3685"}],"curies":[{"name":"wp","href":"https:\/\/api.w.org\/{rel}","templated":true}]}}