{"id":3391,"date":"2022-04-02T02:15:23","date_gmt":"2022-04-02T00:15:23","guid":{"rendered":"https:\/\/bookhouse.cz\/?p=3391"},"modified":"2022-04-11T15:51:52","modified_gmt":"2022-04-11T13:51:52","slug":"audiokniha-to-by-se-zverolekari-stat-nemelo-james-herriot","status":"publish","type":"post","link":"https:\/\/bookhouse.cz\/index.php\/2022\/04\/02\/audiokniha-to-by-se-zverolekari-stat-nemelo-james-herriot\/","title":{"rendered":"Audiokniha: To by se zv\u011brol\u00e9ka\u0159i st\u00e1t nem\u011blo | James Herriot"},"content":{"rendered":"\n<p><strong>Nahl\u00e9dn\u011bte do kouzeln\u00e9ho a nezapomenuteln\u00e9ho sv\u011bta Jamese Herriota, nejobl\u00edben\u011bj\u0161\u00edho veterin\u00e1\u0159e na sv\u011bt\u011b, a jeho zv\u011b\u0159ince vtipn\u00fdch, h\u0159ejiv\u00fdch, ale n\u011bkdy i smutn\u00fdch p\u0159\u00edb\u011bh\u016f zv\u00ed\u0159ec\u00edch pacient\u016f.<\/strong><\/p>\n\n\n\n<div class=\"wp-block-image\"><figure class=\"aligncenter size-large\"><img loading=\"lazy\" decoding=\"async\" width=\"768\" height=\"518\" src=\"https:\/\/bookhouse.cz\/wp-content\/uploads\/2022\/01\/To-by-se-zverolekari-stat-nemelo_audio_TTL.jpg\" alt=\"\" class=\"wp-image-3393\" srcset=\"https:\/\/bookhouse.cz\/wp-content\/uploads\/2022\/01\/To-by-se-zverolekari-stat-nemelo_audio_TTL.jpg 768w, https:\/\/bookhouse.cz\/wp-content\/uploads\/2022\/01\/To-by-se-zverolekari-stat-nemelo_audio_TTL-300x202.jpg 300w\" sizes=\"(max-width: 768px) 100vw, 768px\" \/><\/figure><\/div>\n\n\n\n<p><strong>U\u017e p\u0159es \u010dty\u0159icet let se mohou cel\u00e9 generace \u010dten\u00e1\u0159\u016f pono\u0159it do Herriotov\u00fdch \u00fa\u017easn\u00fdch p\u0159\u00edb\u011bh\u016f pln\u00fdch l\u00e1sky k \u017eivotu a skv\u011bl\u00e9ho vypr\u00e1v\u011bn\u00ed. Jako veterin\u00e1\u0159 Herriot proj\u00ed\u017ed\u011bl odlehl\u00fdmi kouty anglick\u00e9ho Yorkshiru, l\u00e9\u010dil mal\u00e9 i velk\u00e9 pacienty a pro\u017e\u00edval r\u016fzn\u00e1 dobrodru\u017estv\u00ed.<\/strong><\/p>\n\n\n\n<p>V audioknize&nbsp;<em>To by se zv\u011brol\u00e9ka\u0159i st\u00e1t nem\u011blo<\/em>&nbsp;potk\u00e1v\u00e1me mlad\u00e9ho Herriota, kter\u00fd zji\u0161\u0165uje, \u017ee realita povol\u00e1n\u00ed veterin\u00e1\u0159e v rur\u00e1ln\u00edm Yorkshiru je \u00fapln\u011b jin\u00e1 ne\u017e steriln\u00ed prost\u0159ed\u00ed veterin\u00e1rn\u00ed \u0161koly. Vesnick\u00e1 idyla pro veterin\u00e1\u0159e toti\u017e nen\u00ed tak \u00fapln\u011b idyla. N\u011bkter\u00e9 n\u00e1v\u0161t\u011bvy pacient\u016f jsou srdcervouc\u00ed, jako t\u0159eba p\u00e9\u010de o velmi nemocn\u00e9ho, star\u00e9ho psa, jeho\u017e p\u00e1n u\u017e nikoho jin\u00e9ho na sv\u011bt\u011b nem\u00e1, ale jin\u00e9 zase legra\u010dn\u00ed, jako Herriotovy pravideln\u00e9 n\u00e1v\u0161t\u011bvy p\u0159ekrmen\u00e9ho pekingsk\u00e9ho pal\u00e1cov\u00e9ho ps\u00edka, kter\u00fd m\u00e1 vlastn\u00ed ve\u010d\u00edrky. Herriot se jako \u010derstv\u00fd absolvent mus\u00ed nau\u010dit pe\u010dovat o sv\u00e9 pacienty uprost\u0159ed zimy na t\u011bch nejodlehlej\u0161\u00edch farm\u00e1ch, jednat s tvrdohlav\u00fdmi majiteli, zmaten\u00fdmi kolegy a starat se o kriticky nemocn\u00e1 zv\u00ed\u0159ata a postupn\u011b objevuje \u00fa\u017easnou rozmanitost a nikdy nekon\u010d\u00edc\u00ed v\u00fdzvy veterin\u00e1rn\u00ed praxe se sob\u011b vlastn\u00edm humorem, soucitem a l\u00e1skou ke zv\u00ed\u0159at\u016fm.<\/p>\n\n\n\n<p>V\u00fdborn\u011b napsan\u00e9 p\u0159\u00edb\u011bhy, ke kter\u00fdm se budete r\u00e1di vracet i po letech. Tato audiokniha je vyd\u00e1n\u00edm prvn\u00edch dvou d\u00edl\u016f obl\u00edben\u00e9 veterin\u00e1\u0159sk\u00e9 s\u00e9rie \u2013&nbsp;<em>K\u00e9\u017e by um\u011bli mluvit<\/em>&nbsp;a&nbsp;<em>To by se zv\u011brol\u00e9ka\u0159i st\u00e1t nem\u011blo<\/em>.<\/p>\n\n\n\n<div class=\"wp-block-image\"><figure class=\"aligncenter size-large\"><img loading=\"lazy\" decoding=\"async\" width=\"768\" height=\"768\" src=\"https:\/\/bookhouse.cz\/wp-content\/uploads\/2022\/01\/To-by-se-zverolekari-stat-nemelo_audio.jpg\" alt=\"\" class=\"wp-image-3392\" srcset=\"https:\/\/bookhouse.cz\/wp-content\/uploads\/2022\/01\/To-by-se-zverolekari-stat-nemelo_audio.jpg 768w, https:\/\/bookhouse.cz\/wp-content\/uploads\/2022\/01\/To-by-se-zverolekari-stat-nemelo_audio-300x300.jpg 300w, https:\/\/bookhouse.cz\/wp-content\/uploads\/2022\/01\/To-by-se-zverolekari-stat-nemelo_audio-150x150.jpg 150w, https:\/\/bookhouse.cz\/wp-content\/uploads\/2022\/01\/To-by-se-zverolekari-stat-nemelo_audio-80x80.jpg 80w, https:\/\/bookhouse.cz\/wp-content\/uploads\/2022\/01\/To-by-se-zverolekari-stat-nemelo_audio-320x320.jpg 320w\" sizes=\"(max-width: 768px) 100vw, 768px\" \/><\/figure><\/div>\n\n\n\n<div style=\"height:20px\" aria-hidden=\"true\" class=\"wp-block-spacer\"><\/div>\n\n\n\n<h3 class=\"wp-block-heading\">N\u00e1zev knihy: To by se zv\u011brol\u00e9ka\u0159i st\u00e1t nem\u011blo<\/h3>\n\n\n\n<p><strong>Autor: James Herriot<\/strong><\/p>\n\n\n\n<p><strong>P\u0159ekladatel:<\/strong>&nbsp;<strong><strong>Eva Marxov\u00e1<\/strong><\/strong><\/p>\n\n\n\n<p><strong>\u010cte: Ond\u0159ej Nov\u00e1k<\/strong><\/p>\n\n\n\n<p><strong>D\u00e9lka audioknihy<\/strong>:&nbsp;<strong>18 h 07 min<\/strong><\/p>\n\n\n\n<p><strong>Doporu\u010den\u00e1<\/strong>&nbsp;<strong>cena audioknihy:&nbsp;na dotaz na jota.cz<\/strong><\/p>\n\n\n\n<p>Vydalo&nbsp;<strong>nakladatelstv\u00ed JOTA<\/strong>.<\/p>\n\n\n\n<p><strong><a rel=\"noreferrer noopener\" href=\"https:\/\/www.audiolibrix.com\/cs\/Directory\/Book\/10434\/Audiokniha-To-by-se-zverolekari-stat-nemelo-James-Herriot\" target=\"_blank\">Poslechn\u011bte si uk\u00e1zku&gt;&gt;<\/a><\/strong><\/p>\n\n\n\n<p><strong>V\u00edce naleznete na&nbsp;<a href=\"http:\/\/www.jota.cz\/\">www.jota.cz<\/a><\/strong>.<\/p>\n\n\n\n<div style=\"height:55px\" aria-hidden=\"true\" class=\"wp-block-spacer\"><\/div>\n","protected":false},"excerpt":{"rendered":"<p>Nahl\u00e9dn\u011bte do kouzeln\u00e9ho a nezapomenuteln\u00e9ho sv\u011bta Jamese Herriota, nejobl\u00edben\u011bj\u0161\u00edho veterin\u00e1\u0159e na sv\u011bt\u011b, a jeho zv\u011b\u0159ince vtipn\u00fdch, h\u0159ejiv\u00fdch, ale n\u011bkdy i smutn\u00fdch p\u0159\u00edb\u011bh\u016f zv\u00ed\u0159ec\u00edch pacient\u016f. U\u017e p\u0159es \u010dty\u0159icet let se mohou cel\u00e9 generace \u010dten\u00e1\u0159\u016f pono\u0159it&#46;&#46;&#46;<\/p>\n","protected":false},"author":4,"featured_media":3393,"comment_status":"closed","ping_status":"closed","sticky":false,"template":"","format":"standard","meta":{"_monsterinsights_skip_tracking":false,"_monsterinsights_sitenote_active":false,"_monsterinsights_sitenote_note":"","_monsterinsights_sitenote_category":0,"footnotes":""},"categories":[8,2,3],"tags":[],"yoast_head":"<!-- This site is optimized with the Yoast SEO plugin v21.5 - https:\/\/yoast.com\/wordpress\/plugins\/seo\/ -->\n<title>Audiokniha: To by se zv\u011brol\u00e9ka\u0159i st\u00e1t nem\u011blo | James Herriot - BOOKHOUSE.cz<\/title>\n<meta name=\"robots\" content=\"index, follow, max-snippet:-1, max-image-preview:large, max-video-preview:-1\" \/>\n<link rel=\"canonical\" href=\"https:\/\/bookhouse.cz\/index.php\/2022\/04\/02\/audiokniha-to-by-se-zverolekari-stat-nemelo-james-herriot\/\" \/>\n<meta property=\"og:locale\" content=\"cs_CZ\" \/>\n<meta property=\"og:type\" content=\"article\" \/>\n<meta property=\"og:title\" content=\"Audiokniha: To by se zv\u011brol\u00e9ka\u0159i st\u00e1t nem\u011blo | James Herriot - BOOKHOUSE.cz\" \/>\n<meta property=\"og:description\" content=\"Nahl\u00e9dn\u011bte do kouzeln\u00e9ho a nezapomenuteln\u00e9ho sv\u011bta Jamese Herriota, nejobl\u00edben\u011bj\u0161\u00edho veterin\u00e1\u0159e na sv\u011bt\u011b, a jeho zv\u011b\u0159ince vtipn\u00fdch, h\u0159ejiv\u00fdch, ale n\u011bkdy i smutn\u00fdch p\u0159\u00edb\u011bh\u016f zv\u00ed\u0159ec\u00edch pacient\u016f. U\u017e p\u0159es \u010dty\u0159icet let se mohou cel\u00e9 generace \u010dten\u00e1\u0159\u016f pono\u0159it&#046;&#046;&#046;\" \/>\n<meta property=\"og:url\" content=\"https:\/\/bookhouse.cz\/index.php\/2022\/04\/02\/audiokniha-to-by-se-zverolekari-stat-nemelo-james-herriot\/\" \/>\n<meta property=\"og:site_name\" content=\"BOOKHOUSE.cz\" \/>\n<meta property=\"article:publisher\" content=\"https:\/\/www.facebook.com\/bookhousecz\" \/>\n<meta property=\"article:published_time\" content=\"2022-04-02T00:15:23+00:00\" \/>\n<meta property=\"article:modified_time\" content=\"2022-04-11T13:51:52+00:00\" \/>\n<meta property=\"og:image\" content=\"https:\/\/bookhouse.cz\/wp-content\/uploads\/2022\/01\/To-by-se-zverolekari-stat-nemelo_audio_TTL.jpg\" \/>\n\t<meta property=\"og:image:width\" content=\"768\" \/>\n\t<meta property=\"og:image:height\" content=\"518\" \/>\n\t<meta property=\"og:image:type\" content=\"image\/jpeg\" \/>\n<meta name=\"author\" content=\"Petra Kub\u00edkov\u00e1\" \/>\n<meta name=\"twitter:card\" content=\"summary_large_image\" \/>\n<meta name=\"twitter:label1\" content=\"Napsal(a)\" \/>\n\t<meta name=\"twitter:data1\" content=\"Petra Kub\u00edkov\u00e1\" \/>\n\t<meta name=\"twitter:label2\" content=\"Odhadovan\u00e1 doba \u010dten\u00ed\" \/>\n\t<meta name=\"twitter:data2\" content=\"2 minuty\" \/>\n<script type=\"application\/ld+json\" class=\"yoast-schema-graph\">{\"@context\":\"https:\/\/schema.org\",\"@graph\":[{\"@type\":\"Article\",\"@id\":\"https:\/\/bookhouse.cz\/index.php\/2022\/04\/02\/audiokniha-to-by-se-zverolekari-stat-nemelo-james-herriot\/#article\",\"isPartOf\":{\"@id\":\"https:\/\/bookhouse.cz\/index.php\/2022\/04\/02\/audiokniha-to-by-se-zverolekari-stat-nemelo-james-herriot\/\"},\"author\":{\"name\":\"Petra Kub\u00edkov\u00e1\",\"@id\":\"https:\/\/bookhouse.cz\/#\/schema\/person\/f28a42871b37c50376116ca94f609015\"},\"headline\":\"Audiokniha: To by se zv\u011brol\u00e9ka\u0159i st\u00e1t nem\u011blo | James Herriot\",\"datePublished\":\"2022-04-02T00:15:23+00:00\",\"dateModified\":\"2022-04-11T13:51:52+00:00\",\"mainEntityOfPage\":{\"@id\":\"https:\/\/bookhouse.cz\/index.php\/2022\/04\/02\/audiokniha-to-by-se-zverolekari-stat-nemelo-james-herriot\/\"},\"wordCount\":414,\"publisher\":{\"@id\":\"https:\/\/bookhouse.cz\/#organization\"},\"articleSection\":[\"AUDIOKNIHY\",\"BELETRIE\",\"NEWS\"],\"inLanguage\":\"cs\"},{\"@type\":\"WebPage\",\"@id\":\"https:\/\/bookhouse.cz\/index.php\/2022\/04\/02\/audiokniha-to-by-se-zverolekari-stat-nemelo-james-herriot\/\",\"url\":\"https:\/\/bookhouse.cz\/index.php\/2022\/04\/02\/audiokniha-to-by-se-zverolekari-stat-nemelo-james-herriot\/\",\"name\":\"Audiokniha: To by se zv\u011brol\u00e9ka\u0159i st\u00e1t nem\u011blo | James Herriot - BOOKHOUSE.cz\",\"isPartOf\":{\"@id\":\"https:\/\/bookhouse.cz\/#website\"},\"datePublished\":\"2022-04-02T00:15:23+00:00\",\"dateModified\":\"2022-04-11T13:51:52+00:00\",\"breadcrumb\":{\"@id\":\"https:\/\/bookhouse.cz\/index.php\/2022\/04\/02\/audiokniha-to-by-se-zverolekari-stat-nemelo-james-herriot\/#breadcrumb\"},\"inLanguage\":\"cs\",\"potentialAction\":[{\"@type\":\"ReadAction\",\"target\":[\"https:\/\/bookhouse.cz\/index.php\/2022\/04\/02\/audiokniha-to-by-se-zverolekari-stat-nemelo-james-herriot\/\"]}]},{\"@type\":\"BreadcrumbList\",\"@id\":\"https:\/\/bookhouse.cz\/index.php\/2022\/04\/02\/audiokniha-to-by-se-zverolekari-stat-nemelo-james-herriot\/#breadcrumb\",\"itemListElement\":[{\"@type\":\"ListItem\",\"position\":1,\"name\":\"Dom\u016f\",\"item\":\"https:\/\/bookhouse.cz\/\"},{\"@type\":\"ListItem\",\"position\":2,\"name\":\"Audiokniha: To by se zv\u011brol\u00e9ka\u0159i st\u00e1t nem\u011blo | James Herriot\"}]},{\"@type\":\"WebSite\",\"@id\":\"https:\/\/bookhouse.cz\/#website\",\"url\":\"https:\/\/bookhouse.cz\/\",\"name\":\"BOOKHOUSE.cz\",\"description\":\"Port\u00e1l o kni\u017en\u00edch novink\u00e1ch.\",\"publisher\":{\"@id\":\"https:\/\/bookhouse.cz\/#organization\"},\"potentialAction\":[{\"@type\":\"SearchAction\",\"target\":{\"@type\":\"EntryPoint\",\"urlTemplate\":\"https:\/\/bookhouse.cz\/?s={search_term_string}\"},\"query-input\":\"required name=search_term_string\"}],\"inLanguage\":\"cs\"},{\"@type\":\"Organization\",\"@id\":\"https:\/\/bookhouse.cz\/#organization\",\"name\":\"BOOKHOUSE.cz\",\"url\":\"https:\/\/bookhouse.cz\/\",\"logo\":{\"@type\":\"ImageObject\",\"inLanguage\":\"cs\",\"@id\":\"https:\/\/bookhouse.cz\/#\/schema\/logo\/image\/\",\"url\":\"https:\/\/bookhouse.cz\/wp-content\/uploads\/2024\/12\/cropped-Logo_BookHouse.jpg\",\"contentUrl\":\"https:\/\/bookhouse.cz\/wp-content\/uploads\/2024\/12\/cropped-Logo_BookHouse.jpg\",\"width\":938,\"height\":513,\"caption\":\"BOOKHOUSE.cz\"},\"image\":{\"@id\":\"https:\/\/bookhouse.cz\/#\/schema\/logo\/image\/\"},\"sameAs\":[\"https:\/\/www.facebook.com\/bookhousecz\",\"https:\/\/www.instagram.com\/bookhousecz\"]},{\"@type\":\"Person\",\"@id\":\"https:\/\/bookhouse.cz\/#\/schema\/person\/f28a42871b37c50376116ca94f609015\",\"name\":\"Petra Kub\u00edkov\u00e1\",\"image\":{\"@type\":\"ImageObject\",\"inLanguage\":\"cs\",\"@id\":\"https:\/\/bookhouse.cz\/#\/schema\/person\/image\/\",\"url\":\"https:\/\/secure.gravatar.com\/avatar\/b73acd1265062ae3b93da9908474de40?s=96&d=mm&r=g\",\"contentUrl\":\"https:\/\/secure.gravatar.com\/avatar\/b73acd1265062ae3b93da9908474de40?s=96&d=mm&r=g\",\"caption\":\"Petra Kub\u00edkov\u00e1\"},\"sameAs\":[\"http:\/\/BOOKHOUSE.cz\"],\"url\":\"https:\/\/bookhouse.cz\/index.php\/author\/kubip\/\"}]}<\/script>\n<!-- \/ Yoast SEO plugin. -->","yoast_head_json":{"title":"Audiokniha: To by se zv\u011brol\u00e9ka\u0159i st\u00e1t nem\u011blo | James Herriot - BOOKHOUSE.cz","robots":{"index":"index","follow":"follow","max-snippet":"max-snippet:-1","max-image-preview":"max-image-preview:large","max-video-preview":"max-video-preview:-1"},"canonical":"https:\/\/bookhouse.cz\/index.php\/2022\/04\/02\/audiokniha-to-by-se-zverolekari-stat-nemelo-james-herriot\/","og_locale":"cs_CZ","og_type":"article","og_title":"Audiokniha: To by se zv\u011brol\u00e9ka\u0159i st\u00e1t nem\u011blo | James Herriot - BOOKHOUSE.cz","og_description":"Nahl\u00e9dn\u011bte do kouzeln\u00e9ho a nezapomenuteln\u00e9ho sv\u011bta Jamese Herriota, nejobl\u00edben\u011bj\u0161\u00edho veterin\u00e1\u0159e na sv\u011bt\u011b, a jeho zv\u011b\u0159ince vtipn\u00fdch, h\u0159ejiv\u00fdch, ale n\u011bkdy i smutn\u00fdch p\u0159\u00edb\u011bh\u016f zv\u00ed\u0159ec\u00edch pacient\u016f. U\u017e p\u0159es \u010dty\u0159icet let se mohou cel\u00e9 generace \u010dten\u00e1\u0159\u016f pono\u0159it&#46;&#46;&#46;","og_url":"https:\/\/bookhouse.cz\/index.php\/2022\/04\/02\/audiokniha-to-by-se-zverolekari-stat-nemelo-james-herriot\/","og_site_name":"BOOKHOUSE.cz","article_publisher":"https:\/\/www.facebook.com\/bookhousecz","article_published_time":"2022-04-02T00:15:23+00:00","article_modified_time":"2022-04-11T13:51:52+00:00","og_image":[{"width":768,"height":518,"url":"https:\/\/bookhouse.cz\/wp-content\/uploads\/2022\/01\/To-by-se-zverolekari-stat-nemelo_audio_TTL.jpg","type":"image\/jpeg"}],"author":"Petra Kub\u00edkov\u00e1","twitter_card":"summary_large_image","twitter_misc":{"Napsal(a)":"Petra Kub\u00edkov\u00e1","Odhadovan\u00e1 doba \u010dten\u00ed":"2 minuty"},"schema":{"@context":"https:\/\/schema.org","@graph":[{"@type":"Article","@id":"https:\/\/bookhouse.cz\/index.php\/2022\/04\/02\/audiokniha-to-by-se-zverolekari-stat-nemelo-james-herriot\/#article","isPartOf":{"@id":"https:\/\/bookhouse.cz\/index.php\/2022\/04\/02\/audiokniha-to-by-se-zverolekari-stat-nemelo-james-herriot\/"},"author":{"name":"Petra Kub\u00edkov\u00e1","@id":"https:\/\/bookhouse.cz\/#\/schema\/person\/f28a42871b37c50376116ca94f609015"},"headline":"Audiokniha: To by se zv\u011brol\u00e9ka\u0159i st\u00e1t nem\u011blo | James Herriot","datePublished":"2022-04-02T00:15:23+00:00","dateModified":"2022-04-11T13:51:52+00:00","mainEntityOfPage":{"@id":"https:\/\/bookhouse.cz\/index.php\/2022\/04\/02\/audiokniha-to-by-se-zverolekari-stat-nemelo-james-herriot\/"},"wordCount":414,"publisher":{"@id":"https:\/\/bookhouse.cz\/#organization"},"articleSection":["AUDIOKNIHY","BELETRIE","NEWS"],"inLanguage":"cs"},{"@type":"WebPage","@id":"https:\/\/bookhouse.cz\/index.php\/2022\/04\/02\/audiokniha-to-by-se-zverolekari-stat-nemelo-james-herriot\/","url":"https:\/\/bookhouse.cz\/index.php\/2022\/04\/02\/audiokniha-to-by-se-zverolekari-stat-nemelo-james-herriot\/","name":"Audiokniha: To by se zv\u011brol\u00e9ka\u0159i st\u00e1t nem\u011blo | James Herriot - BOOKHOUSE.cz","isPartOf":{"@id":"https:\/\/bookhouse.cz\/#website"},"datePublished":"2022-04-02T00:15:23+00:00","dateModified":"2022-04-11T13:51:52+00:00","breadcrumb":{"@id":"https:\/\/bookhouse.cz\/index.php\/2022\/04\/02\/audiokniha-to-by-se-zverolekari-stat-nemelo-james-herriot\/#breadcrumb"},"inLanguage":"cs","potentialAction":[{"@type":"ReadAction","target":["https:\/\/bookhouse.cz\/index.php\/2022\/04\/02\/audiokniha-to-by-se-zverolekari-stat-nemelo-james-herriot\/"]}]},{"@type":"BreadcrumbList","@id":"https:\/\/bookhouse.cz\/index.php\/2022\/04\/02\/audiokniha-to-by-se-zverolekari-stat-nemelo-james-herriot\/#breadcrumb","itemListElement":[{"@type":"ListItem","position":1,"name":"Dom\u016f","item":"https:\/\/bookhouse.cz\/"},{"@type":"ListItem","position":2,"name":"Audiokniha: To by se zv\u011brol\u00e9ka\u0159i st\u00e1t nem\u011blo | James Herriot"}]},{"@type":"WebSite","@id":"https:\/\/bookhouse.cz\/#website","url":"https:\/\/bookhouse.cz\/","name":"BOOKHOUSE.cz","description":"Port\u00e1l o kni\u017en\u00edch novink\u00e1ch.","publisher":{"@id":"https:\/\/bookhouse.cz\/#organization"},"potentialAction":[{"@type":"SearchAction","target":{"@type":"EntryPoint","urlTemplate":"https:\/\/bookhouse.cz\/?s={search_term_string}"},"query-input":"required name=search_term_string"}],"inLanguage":"cs"},{"@type":"Organization","@id":"https:\/\/bookhouse.cz\/#organization","name":"BOOKHOUSE.cz","url":"https:\/\/bookhouse.cz\/","logo":{"@type":"ImageObject","inLanguage":"cs","@id":"https:\/\/bookhouse.cz\/#\/schema\/logo\/image\/","url":"https:\/\/bookhouse.cz\/wp-content\/uploads\/2024\/12\/cropped-Logo_BookHouse.jpg","contentUrl":"https:\/\/bookhouse.cz\/wp-content\/uploads\/2024\/12\/cropped-Logo_BookHouse.jpg","width":938,"height":513,"caption":"BOOKHOUSE.cz"},"image":{"@id":"https:\/\/bookhouse.cz\/#\/schema\/logo\/image\/"},"sameAs":["https:\/\/www.facebook.com\/bookhousecz","https:\/\/www.instagram.com\/bookhousecz"]},{"@type":"Person","@id":"https:\/\/bookhouse.cz\/#\/schema\/person\/f28a42871b37c50376116ca94f609015","name":"Petra Kub\u00edkov\u00e1","image":{"@type":"ImageObject","inLanguage":"cs","@id":"https:\/\/bookhouse.cz\/#\/schema\/person\/image\/","url":"https:\/\/secure.gravatar.com\/avatar\/b73acd1265062ae3b93da9908474de40?s=96&d=mm&r=g","contentUrl":"https:\/\/secure.gravatar.com\/avatar\/b73acd1265062ae3b93da9908474de40?s=96&d=mm&r=g","caption":"Petra Kub\u00edkov\u00e1"},"sameAs":["http:\/\/BOOKHOUSE.cz"],"url":"https:\/\/bookhouse.cz\/index.php\/author\/kubip\/"}]}},"_links":{"self":[{"href":"https:\/\/bookhouse.cz\/index.php\/wp-json\/wp\/v2\/posts\/3391"}],"collection":[{"href":"https:\/\/bookhouse.cz\/index.php\/wp-json\/wp\/v2\/posts"}],"about":[{"href":"https:\/\/bookhouse.cz\/index.php\/wp-json\/wp\/v2\/types\/post"}],"author":[{"embeddable":true,"href":"https:\/\/bookhouse.cz\/index.php\/wp-json\/wp\/v2\/users\/4"}],"replies":[{"embeddable":true,"href":"https:\/\/bookhouse.cz\/index.php\/wp-json\/wp\/v2\/comments?post=3391"}],"version-history":[{"count":2,"href":"https:\/\/bookhouse.cz\/index.php\/wp-json\/wp\/v2\/posts\/3391\/revisions"}],"predecessor-version":[{"id":3395,"href":"https:\/\/bookhouse.cz\/index.php\/wp-json\/wp\/v2\/posts\/3391\/revisions\/3395"}],"wp:featuredmedia":[{"embeddable":true,"href":"https:\/\/bookhouse.cz\/index.php\/wp-json\/wp\/v2\/media\/3393"}],"wp:attachment":[{"href":"https:\/\/bookhouse.cz\/index.php\/wp-json\/wp\/v2\/media?parent=3391"}],"wp:term":[{"taxonomy":"category","embeddable":true,"href":"https:\/\/bookhouse.cz\/index.php\/wp-json\/wp\/v2\/categories?post=3391"},{"taxonomy":"post_tag","embeddable":true,"href":"https:\/\/bookhouse.cz\/index.php\/wp-json\/wp\/v2\/tags?post=3391"}],"curies":[{"name":"wp","href":"https:\/\/api.w.org\/{rel}","templated":true}]}}