{"id":2769,"date":"2021-04-19T00:01:00","date_gmt":"2021-04-18T22:01:00","guid":{"rendered":"https:\/\/bookhouse.cz\/?p=2769"},"modified":"2021-04-17T14:54:19","modified_gmt":"2021-04-17T12:54:19","slug":"rimane-ve-znameni-stira-anthony-riches","status":"publish","type":"post","link":"https:\/\/bookhouse.cz\/index.php\/2021\/04\/19\/rimane-ve-znameni-stira-anthony-riches\/","title":{"rendered":"\u0158\u00edman\u00e9: Ve znamen\u00ed \u0161t\u00edra | Anthony Riches"},"content":{"rendered":"\n<p><br><strong>Marcus a jeho Tungrov\u00e9 jen o vl\u00e1sek unikli pasti, kterou jim c\u00edsa\u0159sk\u00fd komorn\u00edk Cleander nastra\u017eil hluboko v les\u00edch Germ\u00e1nie, a dost\u00e1vaj\u00ed rozkaz k pochodu do Gallie, pusto\u0161en\u00e9 \u0159\u00e1d\u011bn\u00edm bandit\u016f pod veden\u00edm samozvan\u00e9ho v\u016fdce Maturna. Hroz\u00ed, \u017ee spou\u0161\u0165, kterou po sob\u011b bandit\u00e9 zanech\u00e1vaj\u00ed, p\u0159eroste v mnohem z\u00e1va\u017en\u011bj\u0161\u00ed probl\u00e9m, proto\u017ee k tlup\u00e1m bandit\u016f se p\u0159id\u00e1vaj\u00ed i vojen\u0161t\u00ed zb\u011bhov\u00e9 a uprchl\u00ed otroci: ve vzduchu tak po n\u011bkolika desetilet\u00edch klidu vis\u00ed skute\u010dn\u00e9 povst\u00e1n\u00ed.<\/strong><\/p>\n\n\n\n<div class=\"wp-block-image\"><figure class=\"aligncenter size-large\"><img loading=\"lazy\" decoding=\"async\" width=\"827\" height=\"499\" src=\"https:\/\/bookhouse.cz\/wp-content\/uploads\/2021\/04\/obrtisk_3447_TTL.jpg\" alt=\"\" class=\"wp-image-2771\" srcset=\"https:\/\/bookhouse.cz\/wp-content\/uploads\/2021\/04\/obrtisk_3447_TTL.jpg 827w, https:\/\/bookhouse.cz\/wp-content\/uploads\/2021\/04\/obrtisk_3447_TTL-300x181.jpg 300w, https:\/\/bookhouse.cz\/wp-content\/uploads\/2021\/04\/obrtisk_3447_TTL-768x463.jpg 768w\" sizes=\"(max-width: 827px) 100vw, 827px\" \/><\/figure><\/div>\n\n\n\n<p><strong>Markovi p\u0159in\u00e1\u0161\u00ed \u00fanik z \u0158\u00edma \u00falevu od bolestn\u00fdch vzpom\u00ednek, ale mlad\u00fd centurio si ji\u017e brzy uv\u011bdom\u00ed, \u017ee nebezpe\u010d\u00ed je mu st\u00e1le v pat\u00e1ch. Trestnou v\u00fdpravu toti\u017e vedou pretori\u00e1ni, kter\u00e9 z cel\u00e9ho srdce nen\u00e1vid\u00ed. Co se stane, kdy\u017e odhal\u00ed jeho skute\u010dnou identitu?<\/strong><\/p>\n\n\n\n<p>D\u011bj nov\u00e9ho p\u0159\u00edb\u011bhu se odehr\u00e1v\u00e1 na sklonku 2. stolet\u00ed na\u0161eho letopo\u010dtu a pokra\u010duje dal\u0161\u00edmi osudy hrdiny Marka Valeria Aquily, kter\u00fd usiluje o spravedlnost za smrt sv\u00e9 rodiny z rukou c\u00edsa\u0159sk\u00fdch vrah\u016f. Veden touhou po pomst\u011b se Marcus ocit\u00e1 p\u0159\u00edmo v srdci chaosu, kter\u00fd ot\u0159\u00e1s\u00e1 samotn\u00fdmi z\u00e1klady imp\u00e9ria.<\/p>\n\n\n\n<div style=\"height:11px\" aria-hidden=\"true\" class=\"wp-block-spacer\"><\/div>\n\n\n\n<p class=\"has-text-align-center\"><strong><a href=\"http:\/\/www.bbart.cz\/katalog.asp?id=3447\">V PRODEJI ZAT\u00cdM JEN JAKO E-KNIHA<\/a><\/strong><\/p>\n\n\n\n<div class=\"wp-block-image\"><figure class=\"aligncenter size-large is-resized\"><img loading=\"lazy\" decoding=\"async\" src=\"https:\/\/bookhouse.cz\/wp-content\/uploads\/2021\/04\/obrtisk_3447-728x1024.jpg\" alt=\"\" class=\"wp-image-2770\" width=\"577\" height=\"812\" srcset=\"https:\/\/bookhouse.cz\/wp-content\/uploads\/2021\/04\/obrtisk_3447-728x1024.jpg 728w, https:\/\/bookhouse.cz\/wp-content\/uploads\/2021\/04\/obrtisk_3447-213x300.jpg 213w, https:\/\/bookhouse.cz\/wp-content\/uploads\/2021\/04\/obrtisk_3447-768x1080.jpg 768w, https:\/\/bookhouse.cz\/wp-content\/uploads\/2021\/04\/obrtisk_3447.jpg 827w\" sizes=\"(max-width: 577px) 100vw, 577px\" \/><\/figure><\/div>\n\n\n\n<div style=\"height:11px\" aria-hidden=\"true\" class=\"wp-block-spacer\"><\/div>\n\n\n\n<h3 class=\"wp-block-heading\"><strong>N\u00e1zev knihy:\u00a0\u0158\u00edman\u00e9: Ve znamen\u00ed \u0161t\u00edra<\/strong><\/h3>\n\n\n\n<p><strong>Autor:<\/strong>&nbsp;Anthony Riches<\/p>\n\n\n\n<p><strong>Po\u010det stran:<\/strong>\u00a0336<\/p>\n\n\n\n<p><strong>Vazba:<\/strong>\u00a0zat\u00edm pouze jako e-kniha<\/p>\n\n\n\n<p><strong>Doporu\u010den\u00e1<\/strong>\u00a0<strong>cena e-knihy:<\/strong>\u00a0249 K\u010d<\/p>\n\n\n\n<p>Vydalo&nbsp;<strong>nakladatelstv\u00ed BB\/art.<\/strong><\/p>\n\n\n\n<p>V\u00edce naleznete na\u00a0<strong><a href=\"http:\/\/www.bbart.cz\/katalog.asp?id=3389\">www.bbart.cz<\/a><\/strong>.<\/p>\n\n\n\n<div style=\"height:46px\" aria-hidden=\"true\" class=\"wp-block-spacer\"><\/div>\n","protected":false},"excerpt":{"rendered":"<p>Marcus a jeho Tungrov\u00e9 jen o vl\u00e1sek unikli pasti, kterou jim c\u00edsa\u0159sk\u00fd komorn\u00edk Cleander nastra\u017eil hluboko v les\u00edch Germ\u00e1nie, a dost\u00e1vaj\u00ed rozkaz k pochodu do Gallie, pusto\u0161en\u00e9 \u0159\u00e1d\u011bn\u00edm bandit\u016f pod veden\u00edm samozvan\u00e9ho v\u016fdce Maturna.&#46;&#46;&#46;<\/p>\n","protected":false},"author":4,"featured_media":2771,"comment_status":"closed","ping_status":"closed","sticky":false,"template":"","format":"standard","meta":{"_monsterinsights_skip_tracking":false,"_monsterinsights_sitenote_active":false,"_monsterinsights_sitenote_note":"","_monsterinsights_sitenote_category":0,"footnotes":""},"categories":[2,24,22,3,23],"tags":[],"yoast_head":"<!-- This site is optimized with the Yoast SEO plugin v21.5 - https:\/\/yoast.com\/wordpress\/plugins\/seo\/ -->\n<title>\u0158\u00edman\u00e9: Ve znamen\u00ed \u0161t\u00edra | Anthony Riches - BOOKHOUSE.cz<\/title>\n<meta name=\"robots\" content=\"index, follow, max-snippet:-1, max-image-preview:large, max-video-preview:-1\" \/>\n<link rel=\"canonical\" href=\"https:\/\/bookhouse.cz\/index.php\/2021\/04\/19\/rimane-ve-znameni-stira-anthony-riches\/\" \/>\n<meta property=\"og:locale\" content=\"cs_CZ\" \/>\n<meta property=\"og:type\" content=\"article\" \/>\n<meta property=\"og:title\" content=\"\u0158\u00edman\u00e9: Ve znamen\u00ed \u0161t\u00edra | Anthony Riches - BOOKHOUSE.cz\" \/>\n<meta property=\"og:description\" content=\"Marcus a jeho Tungrov\u00e9 jen o vl\u00e1sek unikli pasti, kterou jim c\u00edsa\u0159sk\u00fd komorn\u00edk Cleander nastra\u017eil hluboko v les\u00edch Germ\u00e1nie, a dost\u00e1vaj\u00ed rozkaz k pochodu do Gallie, pusto\u0161en\u00e9 \u0159\u00e1d\u011bn\u00edm bandit\u016f pod veden\u00edm samozvan\u00e9ho v\u016fdce Maturna.&#046;&#046;&#046;\" \/>\n<meta property=\"og:url\" content=\"https:\/\/bookhouse.cz\/index.php\/2021\/04\/19\/rimane-ve-znameni-stira-anthony-riches\/\" \/>\n<meta property=\"og:site_name\" content=\"BOOKHOUSE.cz\" \/>\n<meta property=\"article:publisher\" content=\"https:\/\/www.facebook.com\/bookhousecz\" \/>\n<meta property=\"article:published_time\" content=\"2021-04-18T22:01:00+00:00\" \/>\n<meta property=\"article:modified_time\" content=\"2021-04-17T12:54:19+00:00\" \/>\n<meta property=\"og:image\" content=\"https:\/\/bookhouse.cz\/wp-content\/uploads\/2021\/04\/obrtisk_3447_TTL.jpg\" \/>\n\t<meta property=\"og:image:width\" content=\"827\" \/>\n\t<meta property=\"og:image:height\" content=\"499\" \/>\n\t<meta property=\"og:image:type\" content=\"image\/jpeg\" \/>\n<meta name=\"author\" content=\"Petra Kub\u00edkov\u00e1\" \/>\n<meta name=\"twitter:card\" content=\"summary_large_image\" \/>\n<meta name=\"twitter:label1\" content=\"Napsal(a)\" \/>\n\t<meta name=\"twitter:data1\" content=\"Petra Kub\u00edkov\u00e1\" \/>\n\t<meta name=\"twitter:label2\" content=\"Odhadovan\u00e1 doba \u010dten\u00ed\" \/>\n\t<meta name=\"twitter:data2\" content=\"1 minuta\" \/>\n<script type=\"application\/ld+json\" class=\"yoast-schema-graph\">{\"@context\":\"https:\/\/schema.org\",\"@graph\":[{\"@type\":\"Article\",\"@id\":\"https:\/\/bookhouse.cz\/index.php\/2021\/04\/19\/rimane-ve-znameni-stira-anthony-riches\/#article\",\"isPartOf\":{\"@id\":\"https:\/\/bookhouse.cz\/index.php\/2021\/04\/19\/rimane-ve-znameni-stira-anthony-riches\/\"},\"author\":{\"name\":\"Petra Kub\u00edkov\u00e1\",\"@id\":\"https:\/\/bookhouse.cz\/#\/schema\/person\/f28a42871b37c50376116ca94f609015\"},\"headline\":\"\u0158\u00edman\u00e9: Ve znamen\u00ed \u0161t\u00edra | Anthony Riches\",\"datePublished\":\"2021-04-18T22:01:00+00:00\",\"dateModified\":\"2021-04-17T12:54:19+00:00\",\"mainEntityOfPage\":{\"@id\":\"https:\/\/bookhouse.cz\/index.php\/2021\/04\/19\/rimane-ve-znameni-stira-anthony-riches\/\"},\"wordCount\":266,\"publisher\":{\"@id\":\"https:\/\/bookhouse.cz\/#organization\"},\"articleSection\":[\"BELETRIE\",\"E-KNIHY\",\"HISTORIE\",\"NEWS\",\"ROM\u00c1NY\"],\"inLanguage\":\"cs\"},{\"@type\":\"WebPage\",\"@id\":\"https:\/\/bookhouse.cz\/index.php\/2021\/04\/19\/rimane-ve-znameni-stira-anthony-riches\/\",\"url\":\"https:\/\/bookhouse.cz\/index.php\/2021\/04\/19\/rimane-ve-znameni-stira-anthony-riches\/\",\"name\":\"\u0158\u00edman\u00e9: Ve znamen\u00ed \u0161t\u00edra | Anthony Riches - BOOKHOUSE.cz\",\"isPartOf\":{\"@id\":\"https:\/\/bookhouse.cz\/#website\"},\"datePublished\":\"2021-04-18T22:01:00+00:00\",\"dateModified\":\"2021-04-17T12:54:19+00:00\",\"breadcrumb\":{\"@id\":\"https:\/\/bookhouse.cz\/index.php\/2021\/04\/19\/rimane-ve-znameni-stira-anthony-riches\/#breadcrumb\"},\"inLanguage\":\"cs\",\"potentialAction\":[{\"@type\":\"ReadAction\",\"target\":[\"https:\/\/bookhouse.cz\/index.php\/2021\/04\/19\/rimane-ve-znameni-stira-anthony-riches\/\"]}]},{\"@type\":\"BreadcrumbList\",\"@id\":\"https:\/\/bookhouse.cz\/index.php\/2021\/04\/19\/rimane-ve-znameni-stira-anthony-riches\/#breadcrumb\",\"itemListElement\":[{\"@type\":\"ListItem\",\"position\":1,\"name\":\"Dom\u016f\",\"item\":\"https:\/\/bookhouse.cz\/\"},{\"@type\":\"ListItem\",\"position\":2,\"name\":\"\u0158\u00edman\u00e9: Ve znamen\u00ed \u0161t\u00edra | Anthony Riches\"}]},{\"@type\":\"WebSite\",\"@id\":\"https:\/\/bookhouse.cz\/#website\",\"url\":\"https:\/\/bookhouse.cz\/\",\"name\":\"BOOKHOUSE.cz\",\"description\":\"Port\u00e1l o kni\u017en\u00edch novink\u00e1ch.\",\"publisher\":{\"@id\":\"https:\/\/bookhouse.cz\/#organization\"},\"potentialAction\":[{\"@type\":\"SearchAction\",\"target\":{\"@type\":\"EntryPoint\",\"urlTemplate\":\"https:\/\/bookhouse.cz\/?s={search_term_string}\"},\"query-input\":\"required name=search_term_string\"}],\"inLanguage\":\"cs\"},{\"@type\":\"Organization\",\"@id\":\"https:\/\/bookhouse.cz\/#organization\",\"name\":\"BOOKHOUSE.cz\",\"url\":\"https:\/\/bookhouse.cz\/\",\"logo\":{\"@type\":\"ImageObject\",\"inLanguage\":\"cs\",\"@id\":\"https:\/\/bookhouse.cz\/#\/schema\/logo\/image\/\",\"url\":\"https:\/\/bookhouse.cz\/wp-content\/uploads\/2024\/12\/cropped-Logo_BookHouse.jpg\",\"contentUrl\":\"https:\/\/bookhouse.cz\/wp-content\/uploads\/2024\/12\/cropped-Logo_BookHouse.jpg\",\"width\":938,\"height\":513,\"caption\":\"BOOKHOUSE.cz\"},\"image\":{\"@id\":\"https:\/\/bookhouse.cz\/#\/schema\/logo\/image\/\"},\"sameAs\":[\"https:\/\/www.facebook.com\/bookhousecz\",\"https:\/\/www.instagram.com\/bookhousecz\"]},{\"@type\":\"Person\",\"@id\":\"https:\/\/bookhouse.cz\/#\/schema\/person\/f28a42871b37c50376116ca94f609015\",\"name\":\"Petra Kub\u00edkov\u00e1\",\"image\":{\"@type\":\"ImageObject\",\"inLanguage\":\"cs\",\"@id\":\"https:\/\/bookhouse.cz\/#\/schema\/person\/image\/\",\"url\":\"https:\/\/secure.gravatar.com\/avatar\/b73acd1265062ae3b93da9908474de40?s=96&d=mm&r=g\",\"contentUrl\":\"https:\/\/secure.gravatar.com\/avatar\/b73acd1265062ae3b93da9908474de40?s=96&d=mm&r=g\",\"caption\":\"Petra Kub\u00edkov\u00e1\"},\"sameAs\":[\"http:\/\/BOOKHOUSE.cz\"],\"url\":\"https:\/\/bookhouse.cz\/index.php\/author\/kubip\/\"}]}<\/script>\n<!-- \/ Yoast SEO plugin. -->","yoast_head_json":{"title":"\u0158\u00edman\u00e9: Ve znamen\u00ed \u0161t\u00edra | Anthony Riches - BOOKHOUSE.cz","robots":{"index":"index","follow":"follow","max-snippet":"max-snippet:-1","max-image-preview":"max-image-preview:large","max-video-preview":"max-video-preview:-1"},"canonical":"https:\/\/bookhouse.cz\/index.php\/2021\/04\/19\/rimane-ve-znameni-stira-anthony-riches\/","og_locale":"cs_CZ","og_type":"article","og_title":"\u0158\u00edman\u00e9: Ve znamen\u00ed \u0161t\u00edra | Anthony Riches - BOOKHOUSE.cz","og_description":"Marcus a jeho Tungrov\u00e9 jen o vl\u00e1sek unikli pasti, kterou jim c\u00edsa\u0159sk\u00fd komorn\u00edk Cleander nastra\u017eil hluboko v les\u00edch Germ\u00e1nie, a dost\u00e1vaj\u00ed rozkaz k pochodu do Gallie, pusto\u0161en\u00e9 \u0159\u00e1d\u011bn\u00edm bandit\u016f pod veden\u00edm samozvan\u00e9ho v\u016fdce Maturna.&#46;&#46;&#46;","og_url":"https:\/\/bookhouse.cz\/index.php\/2021\/04\/19\/rimane-ve-znameni-stira-anthony-riches\/","og_site_name":"BOOKHOUSE.cz","article_publisher":"https:\/\/www.facebook.com\/bookhousecz","article_published_time":"2021-04-18T22:01:00+00:00","article_modified_time":"2021-04-17T12:54:19+00:00","og_image":[{"width":827,"height":499,"url":"https:\/\/bookhouse.cz\/wp-content\/uploads\/2021\/04\/obrtisk_3447_TTL.jpg","type":"image\/jpeg"}],"author":"Petra Kub\u00edkov\u00e1","twitter_card":"summary_large_image","twitter_misc":{"Napsal(a)":"Petra Kub\u00edkov\u00e1","Odhadovan\u00e1 doba \u010dten\u00ed":"1 minuta"},"schema":{"@context":"https:\/\/schema.org","@graph":[{"@type":"Article","@id":"https:\/\/bookhouse.cz\/index.php\/2021\/04\/19\/rimane-ve-znameni-stira-anthony-riches\/#article","isPartOf":{"@id":"https:\/\/bookhouse.cz\/index.php\/2021\/04\/19\/rimane-ve-znameni-stira-anthony-riches\/"},"author":{"name":"Petra Kub\u00edkov\u00e1","@id":"https:\/\/bookhouse.cz\/#\/schema\/person\/f28a42871b37c50376116ca94f609015"},"headline":"\u0158\u00edman\u00e9: Ve znamen\u00ed \u0161t\u00edra | Anthony Riches","datePublished":"2021-04-18T22:01:00+00:00","dateModified":"2021-04-17T12:54:19+00:00","mainEntityOfPage":{"@id":"https:\/\/bookhouse.cz\/index.php\/2021\/04\/19\/rimane-ve-znameni-stira-anthony-riches\/"},"wordCount":266,"publisher":{"@id":"https:\/\/bookhouse.cz\/#organization"},"articleSection":["BELETRIE","E-KNIHY","HISTORIE","NEWS","ROM\u00c1NY"],"inLanguage":"cs"},{"@type":"WebPage","@id":"https:\/\/bookhouse.cz\/index.php\/2021\/04\/19\/rimane-ve-znameni-stira-anthony-riches\/","url":"https:\/\/bookhouse.cz\/index.php\/2021\/04\/19\/rimane-ve-znameni-stira-anthony-riches\/","name":"\u0158\u00edman\u00e9: Ve znamen\u00ed \u0161t\u00edra | Anthony Riches - BOOKHOUSE.cz","isPartOf":{"@id":"https:\/\/bookhouse.cz\/#website"},"datePublished":"2021-04-18T22:01:00+00:00","dateModified":"2021-04-17T12:54:19+00:00","breadcrumb":{"@id":"https:\/\/bookhouse.cz\/index.php\/2021\/04\/19\/rimane-ve-znameni-stira-anthony-riches\/#breadcrumb"},"inLanguage":"cs","potentialAction":[{"@type":"ReadAction","target":["https:\/\/bookhouse.cz\/index.php\/2021\/04\/19\/rimane-ve-znameni-stira-anthony-riches\/"]}]},{"@type":"BreadcrumbList","@id":"https:\/\/bookhouse.cz\/index.php\/2021\/04\/19\/rimane-ve-znameni-stira-anthony-riches\/#breadcrumb","itemListElement":[{"@type":"ListItem","position":1,"name":"Dom\u016f","item":"https:\/\/bookhouse.cz\/"},{"@type":"ListItem","position":2,"name":"\u0158\u00edman\u00e9: Ve znamen\u00ed \u0161t\u00edra | Anthony Riches"}]},{"@type":"WebSite","@id":"https:\/\/bookhouse.cz\/#website","url":"https:\/\/bookhouse.cz\/","name":"BOOKHOUSE.cz","description":"Port\u00e1l o kni\u017en\u00edch novink\u00e1ch.","publisher":{"@id":"https:\/\/bookhouse.cz\/#organization"},"potentialAction":[{"@type":"SearchAction","target":{"@type":"EntryPoint","urlTemplate":"https:\/\/bookhouse.cz\/?s={search_term_string}"},"query-input":"required name=search_term_string"}],"inLanguage":"cs"},{"@type":"Organization","@id":"https:\/\/bookhouse.cz\/#organization","name":"BOOKHOUSE.cz","url":"https:\/\/bookhouse.cz\/","logo":{"@type":"ImageObject","inLanguage":"cs","@id":"https:\/\/bookhouse.cz\/#\/schema\/logo\/image\/","url":"https:\/\/bookhouse.cz\/wp-content\/uploads\/2024\/12\/cropped-Logo_BookHouse.jpg","contentUrl":"https:\/\/bookhouse.cz\/wp-content\/uploads\/2024\/12\/cropped-Logo_BookHouse.jpg","width":938,"height":513,"caption":"BOOKHOUSE.cz"},"image":{"@id":"https:\/\/bookhouse.cz\/#\/schema\/logo\/image\/"},"sameAs":["https:\/\/www.facebook.com\/bookhousecz","https:\/\/www.instagram.com\/bookhousecz"]},{"@type":"Person","@id":"https:\/\/bookhouse.cz\/#\/schema\/person\/f28a42871b37c50376116ca94f609015","name":"Petra Kub\u00edkov\u00e1","image":{"@type":"ImageObject","inLanguage":"cs","@id":"https:\/\/bookhouse.cz\/#\/schema\/person\/image\/","url":"https:\/\/secure.gravatar.com\/avatar\/b73acd1265062ae3b93da9908474de40?s=96&d=mm&r=g","contentUrl":"https:\/\/secure.gravatar.com\/avatar\/b73acd1265062ae3b93da9908474de40?s=96&d=mm&r=g","caption":"Petra Kub\u00edkov\u00e1"},"sameAs":["http:\/\/BOOKHOUSE.cz"],"url":"https:\/\/bookhouse.cz\/index.php\/author\/kubip\/"}]}},"_links":{"self":[{"href":"https:\/\/bookhouse.cz\/index.php\/wp-json\/wp\/v2\/posts\/2769"}],"collection":[{"href":"https:\/\/bookhouse.cz\/index.php\/wp-json\/wp\/v2\/posts"}],"about":[{"href":"https:\/\/bookhouse.cz\/index.php\/wp-json\/wp\/v2\/types\/post"}],"author":[{"embeddable":true,"href":"https:\/\/bookhouse.cz\/index.php\/wp-json\/wp\/v2\/users\/4"}],"replies":[{"embeddable":true,"href":"https:\/\/bookhouse.cz\/index.php\/wp-json\/wp\/v2\/comments?post=2769"}],"version-history":[{"count":2,"href":"https:\/\/bookhouse.cz\/index.php\/wp-json\/wp\/v2\/posts\/2769\/revisions"}],"predecessor-version":[{"id":2774,"href":"https:\/\/bookhouse.cz\/index.php\/wp-json\/wp\/v2\/posts\/2769\/revisions\/2774"}],"wp:featuredmedia":[{"embeddable":true,"href":"https:\/\/bookhouse.cz\/index.php\/wp-json\/wp\/v2\/media\/2771"}],"wp:attachment":[{"href":"https:\/\/bookhouse.cz\/index.php\/wp-json\/wp\/v2\/media?parent=2769"}],"wp:term":[{"taxonomy":"category","embeddable":true,"href":"https:\/\/bookhouse.cz\/index.php\/wp-json\/wp\/v2\/categories?post=2769"},{"taxonomy":"post_tag","embeddable":true,"href":"https:\/\/bookhouse.cz\/index.php\/wp-json\/wp\/v2\/tags?post=2769"}],"curies":[{"name":"wp","href":"https:\/\/api.w.org\/{rel}","templated":true}]}}