{"id":2702,"date":"2021-03-10T17:53:00","date_gmt":"2021-03-10T16:53:00","guid":{"rendered":"https:\/\/bookhouse.cz\/?p=2702"},"modified":"2021-03-12T18:02:52","modified_gmt":"2021-03-12T17:02:52","slug":"stare-recke-baje-a-povesti-pro-deti-audiokniha-cd-michal-vanecek-ondrej-kepka","status":"publish","type":"post","link":"https:\/\/bookhouse.cz\/index.php\/2021\/03\/10\/stare-recke-baje-a-povesti-pro-deti-audiokniha-cd-michal-vanecek-ondrej-kepka\/","title":{"rendered":"Star\u00e9 \u0159eck\u00e9 b\u00e1je a pov\u011bsti pro d\u011bti (AUDIOKNIHA CD) | Michal Van\u011b\u010dek, Ond\u0159ej Kepka"},"content":{"rendered":"\n<p><strong>Byli to bohov\u00e9, kdo byli hlavn\u00edmi hybateli \u017eivota ve star\u00e9m \u0158ecku. To oni tahali za neviditeln\u00e9 nitky lidsk\u00fdch osud\u016f. Z n\u011bkter\u00fdch dobrodru\u017estv\u00ed a p\u0159\u00edb\u011bh\u016f se dozv\u00edte, \u017ee bohov\u00e9 museli b\u00fdt \u010dasto i velk\u00fdmi \u0161pr\u00fdma\u0159i! Velk\u00fdm hrdin\u016fm p\u0159ipravovali tajemn\u00e9 \u00fakoly a stav\u011bli do jejich cest nejr\u016fzn\u011bj\u0161\u00ed p\u0159ek\u00e1\u017eky.\u00a0<\/strong><\/p>\n\n\n\n<figure class=\"wp-block-image size-large\"><img loading=\"lazy\" decoding=\"async\" width=\"1024\" height=\"625\" src=\"https:\/\/bookhouse.cz\/wp-content\/uploads\/2021\/03\/cover_600_0_fit_TTL-1024x625.jpg\" alt=\"\" class=\"wp-image-2703\" srcset=\"https:\/\/bookhouse.cz\/wp-content\/uploads\/2021\/03\/cover_600_0_fit_TTL-1024x625.jpg 1024w, https:\/\/bookhouse.cz\/wp-content\/uploads\/2021\/03\/cover_600_0_fit_TTL-300x183.jpg 300w, https:\/\/bookhouse.cz\/wp-content\/uploads\/2021\/03\/cover_600_0_fit_TTL-768x468.jpg 768w, https:\/\/bookhouse.cz\/wp-content\/uploads\/2021\/03\/cover_600_0_fit_TTL.jpg 1200w\" sizes=\"(max-width: 1024px) 100vw, 1024px\" \/><\/figure>\n\n\n\n<p>Vydejte se za slavn\u00fdmi bohy na posv\u00e1tn\u00fd Olymp, a dozv\u00edte se KDO, CO, PRO\u010c a JAK tvo\u0159il d\u011bjiny. Poslechn\u011bte si, kdo byli Zeus, Herakles\u00a0nebo Prom\u00e9theus \u010di Afrodita, Kyklopov\u00e9 nebo Sir\u00e9ny. Nejen, \u017ee se dozv\u00edte spoustu zaj\u00edmavost\u00ed, ale hlavn\u011b se skv\u011ble pobav\u00edte.<\/p>\n\n\n\n<figure class=\"wp-block-image size-large\"><img loading=\"lazy\" decoding=\"async\" width=\"1024\" height=\"1024\" src=\"https:\/\/bookhouse.cz\/wp-content\/uploads\/2021\/03\/cover_600_0_fit-1024x1024.jpg\" alt=\"\" class=\"wp-image-2704\" srcset=\"https:\/\/bookhouse.cz\/wp-content\/uploads\/2021\/03\/cover_600_0_fit-1024x1024.jpg 1024w, https:\/\/bookhouse.cz\/wp-content\/uploads\/2021\/03\/cover_600_0_fit-300x300.jpg 300w, https:\/\/bookhouse.cz\/wp-content\/uploads\/2021\/03\/cover_600_0_fit-150x150.jpg 150w, https:\/\/bookhouse.cz\/wp-content\/uploads\/2021\/03\/cover_600_0_fit-768x768.jpg 768w, https:\/\/bookhouse.cz\/wp-content\/uploads\/2021\/03\/cover_600_0_fit-80x80.jpg 80w, https:\/\/bookhouse.cz\/wp-content\/uploads\/2021\/03\/cover_600_0_fit-320x320.jpg 320w, https:\/\/bookhouse.cz\/wp-content\/uploads\/2021\/03\/cover_600_0_fit.jpg 1086w\" sizes=\"(max-width: 1024px) 100vw, 1024px\" \/><\/figure>\n\n\n\n<h4 class=\"wp-block-heading\">N\u00e1zev knihy:\u00a0<strong>Star\u00e9 \u0159eck\u00e9 b\u00e1je a pov\u011bsti pro d\u011bti (AUDIOKNIHA CD)<\/strong><\/h4>\n\n\n\n<p><strong>Autor :\u00a0<\/strong>Michal Van\u011b\u010dek<\/p>\n\n\n\n<p><strong>Vyprav\u011b\u010d:\u00a0<\/strong>Ond\u0159ej Kepka<\/p>\n\n\n\n<p><strong>Edice:<\/strong>\u00a0<a href=\"https:\/\/www.grada.cz\/edice\/detska-literatura\/beletrie-pro-deti\/\">Beletrie pro d\u011bti<\/a><\/p>\n\n\n\n<p><strong><strong>Audio kniha na CD<\/strong><\/strong>: 1 strana CD<\/p>\n\n\n\n<p><strong>Audio kniha na CD:<\/strong>\u00a0199 K\u010d<\/p>\n\n\n\n<p>Vydalo&nbsp;<strong>nakladatelstv\u00ed Grada<\/strong>&nbsp;<strong>v edici Bambook.<\/strong><\/p>\n\n\n\n<p><strong>V\u00edce naleznete na\u00a0<a href=\"http:\/\/www.bambook.cz\/\">www.bambook.cz<\/a><\/strong>.<\/p>\n\n\n\n<div style=\"height:100px\" aria-hidden=\"true\" class=\"wp-block-spacer\"><\/div>\n\n\n\n<p><\/p>\n","protected":false},"excerpt":{"rendered":"<p>Byli to bohov\u00e9, kdo byli hlavn\u00edmi hybateli \u017eivota ve star\u00e9m \u0158ecku. To oni tahali za neviditeln\u00e9 nitky lidsk\u00fdch osud\u016f. Z n\u011bkter\u00fdch dobrodru\u017estv\u00ed a p\u0159\u00edb\u011bh\u016f se dozv\u00edte, \u017ee bohov\u00e9 museli b\u00fdt \u010dasto i velk\u00fdmi \u0161pr\u00fdma\u0159i!&#46;&#46;&#46;<\/p>\n","protected":false},"author":4,"featured_media":2703,"comment_status":"closed","ping_status":"closed","sticky":false,"template":"","format":"standard","meta":{"_monsterinsights_skip_tracking":false,"_monsterinsights_sitenote_active":false,"_monsterinsights_sitenote_note":"","_monsterinsights_sitenote_category":0,"footnotes":""},"categories":[8,7,3],"tags":[],"yoast_head":"<!-- This site is optimized with the Yoast SEO plugin v21.5 - https:\/\/yoast.com\/wordpress\/plugins\/seo\/ -->\n<title>Star\u00e9 \u0159eck\u00e9 b\u00e1je a pov\u011bsti pro d\u011bti (AUDIOKNIHA CD) | Michal Van\u011b\u010dek, Ond\u0159ej Kepka - BOOKHOUSE.cz<\/title>\n<meta name=\"robots\" content=\"index, follow, max-snippet:-1, max-image-preview:large, max-video-preview:-1\" \/>\n<link rel=\"canonical\" href=\"https:\/\/bookhouse.cz\/index.php\/2021\/03\/10\/stare-recke-baje-a-povesti-pro-deti-audiokniha-cd-michal-vanecek-ondrej-kepka\/\" \/>\n<meta property=\"og:locale\" content=\"cs_CZ\" \/>\n<meta property=\"og:type\" content=\"article\" \/>\n<meta property=\"og:title\" content=\"Star\u00e9 \u0159eck\u00e9 b\u00e1je a pov\u011bsti pro d\u011bti (AUDIOKNIHA CD) | Michal Van\u011b\u010dek, Ond\u0159ej Kepka - BOOKHOUSE.cz\" \/>\n<meta property=\"og:description\" content=\"Byli to bohov\u00e9, kdo byli hlavn\u00edmi hybateli \u017eivota ve star\u00e9m \u0158ecku. To oni tahali za neviditeln\u00e9 nitky lidsk\u00fdch osud\u016f. Z n\u011bkter\u00fdch dobrodru\u017estv\u00ed a p\u0159\u00edb\u011bh\u016f se dozv\u00edte, \u017ee bohov\u00e9 museli b\u00fdt \u010dasto i velk\u00fdmi \u0161pr\u00fdma\u0159i!&#046;&#046;&#046;\" \/>\n<meta property=\"og:url\" content=\"https:\/\/bookhouse.cz\/index.php\/2021\/03\/10\/stare-recke-baje-a-povesti-pro-deti-audiokniha-cd-michal-vanecek-ondrej-kepka\/\" \/>\n<meta property=\"og:site_name\" content=\"BOOKHOUSE.cz\" \/>\n<meta property=\"article:publisher\" content=\"https:\/\/www.facebook.com\/bookhousecz\" \/>\n<meta property=\"article:published_time\" content=\"2021-03-10T16:53:00+00:00\" \/>\n<meta property=\"article:modified_time\" content=\"2021-03-12T17:02:52+00:00\" \/>\n<meta property=\"og:image\" content=\"https:\/\/bookhouse.cz\/wp-content\/uploads\/2021\/03\/cover_600_0_fit_TTL.jpg\" \/>\n\t<meta property=\"og:image:width\" content=\"1200\" \/>\n\t<meta property=\"og:image:height\" content=\"732\" \/>\n\t<meta property=\"og:image:type\" content=\"image\/jpeg\" \/>\n<meta name=\"author\" content=\"Petra Kub\u00edkov\u00e1\" \/>\n<meta name=\"twitter:card\" content=\"summary_large_image\" \/>\n<meta name=\"twitter:label1\" content=\"Napsal(a)\" \/>\n\t<meta name=\"twitter:data1\" content=\"Petra Kub\u00edkov\u00e1\" \/>\n\t<meta name=\"twitter:label2\" content=\"Odhadovan\u00e1 doba \u010dten\u00ed\" \/>\n\t<meta name=\"twitter:data2\" content=\"1 minuta\" \/>\n<script type=\"application\/ld+json\" class=\"yoast-schema-graph\">{\"@context\":\"https:\/\/schema.org\",\"@graph\":[{\"@type\":\"Article\",\"@id\":\"https:\/\/bookhouse.cz\/index.php\/2021\/03\/10\/stare-recke-baje-a-povesti-pro-deti-audiokniha-cd-michal-vanecek-ondrej-kepka\/#article\",\"isPartOf\":{\"@id\":\"https:\/\/bookhouse.cz\/index.php\/2021\/03\/10\/stare-recke-baje-a-povesti-pro-deti-audiokniha-cd-michal-vanecek-ondrej-kepka\/\"},\"author\":{\"name\":\"Petra Kub\u00edkov\u00e1\",\"@id\":\"https:\/\/bookhouse.cz\/#\/schema\/person\/f28a42871b37c50376116ca94f609015\"},\"headline\":\"Star\u00e9 \u0159eck\u00e9 b\u00e1je a pov\u011bsti pro d\u011bti (AUDIOKNIHA CD) | Michal Van\u011b\u010dek, Ond\u0159ej Kepka\",\"datePublished\":\"2021-03-10T16:53:00+00:00\",\"dateModified\":\"2021-03-12T17:02:52+00:00\",\"mainEntityOfPage\":{\"@id\":\"https:\/\/bookhouse.cz\/index.php\/2021\/03\/10\/stare-recke-baje-a-povesti-pro-deti-audiokniha-cd-michal-vanecek-ondrej-kepka\/\"},\"wordCount\":193,\"publisher\":{\"@id\":\"https:\/\/bookhouse.cz\/#organization\"},\"articleSection\":[\"AUDIOKNIHY\",\"D\u011aTI a ML\u00c1DE\u017d\",\"NEWS\"],\"inLanguage\":\"cs\"},{\"@type\":\"WebPage\",\"@id\":\"https:\/\/bookhouse.cz\/index.php\/2021\/03\/10\/stare-recke-baje-a-povesti-pro-deti-audiokniha-cd-michal-vanecek-ondrej-kepka\/\",\"url\":\"https:\/\/bookhouse.cz\/index.php\/2021\/03\/10\/stare-recke-baje-a-povesti-pro-deti-audiokniha-cd-michal-vanecek-ondrej-kepka\/\",\"name\":\"Star\u00e9 \u0159eck\u00e9 b\u00e1je a pov\u011bsti pro d\u011bti (AUDIOKNIHA CD) | Michal Van\u011b\u010dek, Ond\u0159ej Kepka - BOOKHOUSE.cz\",\"isPartOf\":{\"@id\":\"https:\/\/bookhouse.cz\/#website\"},\"datePublished\":\"2021-03-10T16:53:00+00:00\",\"dateModified\":\"2021-03-12T17:02:52+00:00\",\"breadcrumb\":{\"@id\":\"https:\/\/bookhouse.cz\/index.php\/2021\/03\/10\/stare-recke-baje-a-povesti-pro-deti-audiokniha-cd-michal-vanecek-ondrej-kepka\/#breadcrumb\"},\"inLanguage\":\"cs\",\"potentialAction\":[{\"@type\":\"ReadAction\",\"target\":[\"https:\/\/bookhouse.cz\/index.php\/2021\/03\/10\/stare-recke-baje-a-povesti-pro-deti-audiokniha-cd-michal-vanecek-ondrej-kepka\/\"]}]},{\"@type\":\"BreadcrumbList\",\"@id\":\"https:\/\/bookhouse.cz\/index.php\/2021\/03\/10\/stare-recke-baje-a-povesti-pro-deti-audiokniha-cd-michal-vanecek-ondrej-kepka\/#breadcrumb\",\"itemListElement\":[{\"@type\":\"ListItem\",\"position\":1,\"name\":\"Dom\u016f\",\"item\":\"https:\/\/bookhouse.cz\/\"},{\"@type\":\"ListItem\",\"position\":2,\"name\":\"Star\u00e9 \u0159eck\u00e9 b\u00e1je a pov\u011bsti pro d\u011bti (AUDIOKNIHA CD) | Michal Van\u011b\u010dek, Ond\u0159ej Kepka\"}]},{\"@type\":\"WebSite\",\"@id\":\"https:\/\/bookhouse.cz\/#website\",\"url\":\"https:\/\/bookhouse.cz\/\",\"name\":\"BOOKHOUSE.cz\",\"description\":\"Port\u00e1l o kni\u017en\u00edch novink\u00e1ch.\",\"publisher\":{\"@id\":\"https:\/\/bookhouse.cz\/#organization\"},\"potentialAction\":[{\"@type\":\"SearchAction\",\"target\":{\"@type\":\"EntryPoint\",\"urlTemplate\":\"https:\/\/bookhouse.cz\/?s={search_term_string}\"},\"query-input\":\"required name=search_term_string\"}],\"inLanguage\":\"cs\"},{\"@type\":\"Organization\",\"@id\":\"https:\/\/bookhouse.cz\/#organization\",\"name\":\"BOOKHOUSE.cz\",\"url\":\"https:\/\/bookhouse.cz\/\",\"logo\":{\"@type\":\"ImageObject\",\"inLanguage\":\"cs\",\"@id\":\"https:\/\/bookhouse.cz\/#\/schema\/logo\/image\/\",\"url\":\"https:\/\/bookhouse.cz\/wp-content\/uploads\/2024\/12\/cropped-Logo_BookHouse.jpg\",\"contentUrl\":\"https:\/\/bookhouse.cz\/wp-content\/uploads\/2024\/12\/cropped-Logo_BookHouse.jpg\",\"width\":938,\"height\":513,\"caption\":\"BOOKHOUSE.cz\"},\"image\":{\"@id\":\"https:\/\/bookhouse.cz\/#\/schema\/logo\/image\/\"},\"sameAs\":[\"https:\/\/www.facebook.com\/bookhousecz\",\"https:\/\/www.instagram.com\/bookhousecz\"]},{\"@type\":\"Person\",\"@id\":\"https:\/\/bookhouse.cz\/#\/schema\/person\/f28a42871b37c50376116ca94f609015\",\"name\":\"Petra Kub\u00edkov\u00e1\",\"image\":{\"@type\":\"ImageObject\",\"inLanguage\":\"cs\",\"@id\":\"https:\/\/bookhouse.cz\/#\/schema\/person\/image\/\",\"url\":\"https:\/\/secure.gravatar.com\/avatar\/b73acd1265062ae3b93da9908474de40?s=96&d=mm&r=g\",\"contentUrl\":\"https:\/\/secure.gravatar.com\/avatar\/b73acd1265062ae3b93da9908474de40?s=96&d=mm&r=g\",\"caption\":\"Petra Kub\u00edkov\u00e1\"},\"sameAs\":[\"http:\/\/BOOKHOUSE.cz\"],\"url\":\"https:\/\/bookhouse.cz\/index.php\/author\/kubip\/\"}]}<\/script>\n<!-- \/ Yoast SEO plugin. -->","yoast_head_json":{"title":"Star\u00e9 \u0159eck\u00e9 b\u00e1je a pov\u011bsti pro d\u011bti (AUDIOKNIHA CD) | Michal Van\u011b\u010dek, Ond\u0159ej Kepka - BOOKHOUSE.cz","robots":{"index":"index","follow":"follow","max-snippet":"max-snippet:-1","max-image-preview":"max-image-preview:large","max-video-preview":"max-video-preview:-1"},"canonical":"https:\/\/bookhouse.cz\/index.php\/2021\/03\/10\/stare-recke-baje-a-povesti-pro-deti-audiokniha-cd-michal-vanecek-ondrej-kepka\/","og_locale":"cs_CZ","og_type":"article","og_title":"Star\u00e9 \u0159eck\u00e9 b\u00e1je a pov\u011bsti pro d\u011bti (AUDIOKNIHA CD) | Michal Van\u011b\u010dek, Ond\u0159ej Kepka - BOOKHOUSE.cz","og_description":"Byli to bohov\u00e9, kdo byli hlavn\u00edmi hybateli \u017eivota ve star\u00e9m \u0158ecku. To oni tahali za neviditeln\u00e9 nitky lidsk\u00fdch osud\u016f. Z n\u011bkter\u00fdch dobrodru\u017estv\u00ed a p\u0159\u00edb\u011bh\u016f se dozv\u00edte, \u017ee bohov\u00e9 museli b\u00fdt \u010dasto i velk\u00fdmi \u0161pr\u00fdma\u0159i!&#46;&#46;&#46;","og_url":"https:\/\/bookhouse.cz\/index.php\/2021\/03\/10\/stare-recke-baje-a-povesti-pro-deti-audiokniha-cd-michal-vanecek-ondrej-kepka\/","og_site_name":"BOOKHOUSE.cz","article_publisher":"https:\/\/www.facebook.com\/bookhousecz","article_published_time":"2021-03-10T16:53:00+00:00","article_modified_time":"2021-03-12T17:02:52+00:00","og_image":[{"width":1200,"height":732,"url":"https:\/\/bookhouse.cz\/wp-content\/uploads\/2021\/03\/cover_600_0_fit_TTL.jpg","type":"image\/jpeg"}],"author":"Petra Kub\u00edkov\u00e1","twitter_card":"summary_large_image","twitter_misc":{"Napsal(a)":"Petra Kub\u00edkov\u00e1","Odhadovan\u00e1 doba \u010dten\u00ed":"1 minuta"},"schema":{"@context":"https:\/\/schema.org","@graph":[{"@type":"Article","@id":"https:\/\/bookhouse.cz\/index.php\/2021\/03\/10\/stare-recke-baje-a-povesti-pro-deti-audiokniha-cd-michal-vanecek-ondrej-kepka\/#article","isPartOf":{"@id":"https:\/\/bookhouse.cz\/index.php\/2021\/03\/10\/stare-recke-baje-a-povesti-pro-deti-audiokniha-cd-michal-vanecek-ondrej-kepka\/"},"author":{"name":"Petra Kub\u00edkov\u00e1","@id":"https:\/\/bookhouse.cz\/#\/schema\/person\/f28a42871b37c50376116ca94f609015"},"headline":"Star\u00e9 \u0159eck\u00e9 b\u00e1je a pov\u011bsti pro d\u011bti (AUDIOKNIHA CD) | Michal Van\u011b\u010dek, Ond\u0159ej Kepka","datePublished":"2021-03-10T16:53:00+00:00","dateModified":"2021-03-12T17:02:52+00:00","mainEntityOfPage":{"@id":"https:\/\/bookhouse.cz\/index.php\/2021\/03\/10\/stare-recke-baje-a-povesti-pro-deti-audiokniha-cd-michal-vanecek-ondrej-kepka\/"},"wordCount":193,"publisher":{"@id":"https:\/\/bookhouse.cz\/#organization"},"articleSection":["AUDIOKNIHY","D\u011aTI a ML\u00c1DE\u017d","NEWS"],"inLanguage":"cs"},{"@type":"WebPage","@id":"https:\/\/bookhouse.cz\/index.php\/2021\/03\/10\/stare-recke-baje-a-povesti-pro-deti-audiokniha-cd-michal-vanecek-ondrej-kepka\/","url":"https:\/\/bookhouse.cz\/index.php\/2021\/03\/10\/stare-recke-baje-a-povesti-pro-deti-audiokniha-cd-michal-vanecek-ondrej-kepka\/","name":"Star\u00e9 \u0159eck\u00e9 b\u00e1je a pov\u011bsti pro d\u011bti (AUDIOKNIHA CD) | Michal Van\u011b\u010dek, Ond\u0159ej Kepka - BOOKHOUSE.cz","isPartOf":{"@id":"https:\/\/bookhouse.cz\/#website"},"datePublished":"2021-03-10T16:53:00+00:00","dateModified":"2021-03-12T17:02:52+00:00","breadcrumb":{"@id":"https:\/\/bookhouse.cz\/index.php\/2021\/03\/10\/stare-recke-baje-a-povesti-pro-deti-audiokniha-cd-michal-vanecek-ondrej-kepka\/#breadcrumb"},"inLanguage":"cs","potentialAction":[{"@type":"ReadAction","target":["https:\/\/bookhouse.cz\/index.php\/2021\/03\/10\/stare-recke-baje-a-povesti-pro-deti-audiokniha-cd-michal-vanecek-ondrej-kepka\/"]}]},{"@type":"BreadcrumbList","@id":"https:\/\/bookhouse.cz\/index.php\/2021\/03\/10\/stare-recke-baje-a-povesti-pro-deti-audiokniha-cd-michal-vanecek-ondrej-kepka\/#breadcrumb","itemListElement":[{"@type":"ListItem","position":1,"name":"Dom\u016f","item":"https:\/\/bookhouse.cz\/"},{"@type":"ListItem","position":2,"name":"Star\u00e9 \u0159eck\u00e9 b\u00e1je a pov\u011bsti pro d\u011bti (AUDIOKNIHA CD) | Michal Van\u011b\u010dek, Ond\u0159ej Kepka"}]},{"@type":"WebSite","@id":"https:\/\/bookhouse.cz\/#website","url":"https:\/\/bookhouse.cz\/","name":"BOOKHOUSE.cz","description":"Port\u00e1l o kni\u017en\u00edch novink\u00e1ch.","publisher":{"@id":"https:\/\/bookhouse.cz\/#organization"},"potentialAction":[{"@type":"SearchAction","target":{"@type":"EntryPoint","urlTemplate":"https:\/\/bookhouse.cz\/?s={search_term_string}"},"query-input":"required name=search_term_string"}],"inLanguage":"cs"},{"@type":"Organization","@id":"https:\/\/bookhouse.cz\/#organization","name":"BOOKHOUSE.cz","url":"https:\/\/bookhouse.cz\/","logo":{"@type":"ImageObject","inLanguage":"cs","@id":"https:\/\/bookhouse.cz\/#\/schema\/logo\/image\/","url":"https:\/\/bookhouse.cz\/wp-content\/uploads\/2024\/12\/cropped-Logo_BookHouse.jpg","contentUrl":"https:\/\/bookhouse.cz\/wp-content\/uploads\/2024\/12\/cropped-Logo_BookHouse.jpg","width":938,"height":513,"caption":"BOOKHOUSE.cz"},"image":{"@id":"https:\/\/bookhouse.cz\/#\/schema\/logo\/image\/"},"sameAs":["https:\/\/www.facebook.com\/bookhousecz","https:\/\/www.instagram.com\/bookhousecz"]},{"@type":"Person","@id":"https:\/\/bookhouse.cz\/#\/schema\/person\/f28a42871b37c50376116ca94f609015","name":"Petra Kub\u00edkov\u00e1","image":{"@type":"ImageObject","inLanguage":"cs","@id":"https:\/\/bookhouse.cz\/#\/schema\/person\/image\/","url":"https:\/\/secure.gravatar.com\/avatar\/b73acd1265062ae3b93da9908474de40?s=96&d=mm&r=g","contentUrl":"https:\/\/secure.gravatar.com\/avatar\/b73acd1265062ae3b93da9908474de40?s=96&d=mm&r=g","caption":"Petra Kub\u00edkov\u00e1"},"sameAs":["http:\/\/BOOKHOUSE.cz"],"url":"https:\/\/bookhouse.cz\/index.php\/author\/kubip\/"}]}},"_links":{"self":[{"href":"https:\/\/bookhouse.cz\/index.php\/wp-json\/wp\/v2\/posts\/2702"}],"collection":[{"href":"https:\/\/bookhouse.cz\/index.php\/wp-json\/wp\/v2\/posts"}],"about":[{"href":"https:\/\/bookhouse.cz\/index.php\/wp-json\/wp\/v2\/types\/post"}],"author":[{"embeddable":true,"href":"https:\/\/bookhouse.cz\/index.php\/wp-json\/wp\/v2\/users\/4"}],"replies":[{"embeddable":true,"href":"https:\/\/bookhouse.cz\/index.php\/wp-json\/wp\/v2\/comments?post=2702"}],"version-history":[{"count":2,"href":"https:\/\/bookhouse.cz\/index.php\/wp-json\/wp\/v2\/posts\/2702\/revisions"}],"predecessor-version":[{"id":2706,"href":"https:\/\/bookhouse.cz\/index.php\/wp-json\/wp\/v2\/posts\/2702\/revisions\/2706"}],"wp:featuredmedia":[{"embeddable":true,"href":"https:\/\/bookhouse.cz\/index.php\/wp-json\/wp\/v2\/media\/2703"}],"wp:attachment":[{"href":"https:\/\/bookhouse.cz\/index.php\/wp-json\/wp\/v2\/media?parent=2702"}],"wp:term":[{"taxonomy":"category","embeddable":true,"href":"https:\/\/bookhouse.cz\/index.php\/wp-json\/wp\/v2\/categories?post=2702"},{"taxonomy":"post_tag","embeddable":true,"href":"https:\/\/bookhouse.cz\/index.php\/wp-json\/wp\/v2\/tags?post=2702"}],"curies":[{"name":"wp","href":"https:\/\/api.w.org\/{rel}","templated":true}]}}