{"id":2593,"date":"2020-12-07T01:52:00","date_gmt":"2020-12-07T00:52:00","guid":{"rendered":"https:\/\/bookhouse.cz\/?p=2593"},"modified":"2020-12-08T02:03:43","modified_gmt":"2020-12-08T01:03:43","slug":"veci-na-ktere-nastal-cas-petra-soukupova","status":"publish","type":"post","link":"https:\/\/bookhouse.cz\/index.php\/2020\/12\/07\/veci-na-ktere-nastal-cas-petra-soukupova\/","title":{"rendered":"V\u011bci, na kter\u00e9 nastal \u010das | Petra Soukupov\u00e1"},"content":{"rendered":"\n<p><strong>S novinkou V\u011bci, na kter\u00e9 nastal \u010das se Petra Soukupov\u00e1 vrac\u00ed k dosp\u011bl\u00fdm<br>\u010dten\u00e1\u0159\u016fm.<\/strong><\/p>\n\n\n\n<p><strong>Petra Soukupov\u00e1 se i v nov\u00e9 knize zab\u00fdv\u00e1 sv\u00fdm \u00fast\u0159edn\u00edm t\u00e9matem rodinn\u00fdch vztah\u016f v rom\u00e1nu v pov\u00eddk\u00e1ch V\u011bci, na kter\u00e9 nastal \u010das. O\u010dek\u00e1van\u00e1 kniha vych\u00e1z\u00ed v grafick\u00e9 \u00faprav\u011b Martina Peciny a \u010dten\u00e1\u0159i se jej\u00edm prost\u0159ednictv\u00edm znovu setkaj\u00ed s rodinou Alice a Richarda a jejich d\u011bt\u00ed K\u00e1ji a Loly. \u201eS touhle rodinou pracuji u\u017e od roku 2014, kdy se zrodila n\u00e1hodou v jedn\u00e9 pov\u00eddce pro \u010dasopis. M\u011bla jsem n\u00e1pad na t\u00e9ma a pak mi do\u0161lo, \u017ee se na to tahle rodina skv\u011ble hod\u00ed,\u201c \u0159\u00edk\u00e1 uzn\u00e1van\u00e1 spisovatelka.<\/strong><\/p>\n\n\n\n<figure class=\"wp-block-image size-large\"><img loading=\"lazy\" decoding=\"async\" width=\"1024\" height=\"522\" src=\"https:\/\/bookhouse.cz\/wp-content\/uploads\/2020\/12\/Soukupova-\u2014-Veci-na-ktere-nastal-cas-2020-09-15-promo_TTL-1024x522.jpg\" alt=\"\" class=\"wp-image-2594\" srcset=\"https:\/\/bookhouse.cz\/wp-content\/uploads\/2020\/12\/Soukupova-\u2014-Veci-na-ktere-nastal-cas-2020-09-15-promo_TTL-1024x522.jpg 1024w, https:\/\/bookhouse.cz\/wp-content\/uploads\/2020\/12\/Soukupova-\u2014-Veci-na-ktere-nastal-cas-2020-09-15-promo_TTL-300x153.jpg 300w, https:\/\/bookhouse.cz\/wp-content\/uploads\/2020\/12\/Soukupova-\u2014-Veci-na-ktere-nastal-cas-2020-09-15-promo_TTL-768x392.jpg 768w, https:\/\/bookhouse.cz\/wp-content\/uploads\/2020\/12\/Soukupova-\u2014-Veci-na-ktere-nastal-cas-2020-09-15-promo_TTL-1536x783.jpg 1536w, https:\/\/bookhouse.cz\/wp-content\/uploads\/2020\/12\/Soukupova-\u2014-Veci-na-ktere-nastal-cas-2020-09-15-promo_TTL.jpg 1594w\" sizes=\"(max-width: 1024px) 100vw, 1024px\" \/><\/figure>\n\n\n\n<p>K\u00e1jovi je t\u0159in\u00e1ct, rodi\u010d\u016f za\u010d\u00edn\u00e1 m\u00edt tak akor\u00e1t, Lole bude jeden\u00e1ct a ze v\u0161eho nejv\u00edc na sv\u011bt\u011b si p\u0159eje psa. Alice a Richard spolu \u017eij\u00ed sedmn\u00e1ct let. Nikomu se nic moc ned\u011bje, v\u0161e ovl\u00e1d\u00e1 stereotyp. A\u017e do chv\u00edle, kdy se objev\u00ed n\u011bkdo nov\u00fd \u2013 a s n\u00edm i pocit, \u017ee dote\u010f to mo\u017en\u00e1 ani nebyla l\u00e1ska. K\u00e1ja s Lolou musej\u00ed za\u010d\u00edt \u0159e\u0161it v\u011bci, kter\u00e9 d\u011bti nikdy \u0159e\u0161it necht\u011bj\u00ed. A jejich rodi\u010de musej\u00ed \u0159e\u0161it, zda tahle rodina v\u016fbec stoj\u00ed za z\u00e1chranu.<\/p>\n\n\n\n<p>I kdy\u017e v knize, jak b\u00fdv\u00e1 u Soukupov\u00e9 zvykem, vystupuj\u00ed v hlavn\u00edch rol\u00edch tak\u00e9 d\u011bti, tentokr\u00e1t je \u2013 na rozd\u00edl od lo\u0148sk\u00e9 \u00fasp\u011b\u0161n\u00e9 knihy Klub divn\u00fdch d\u011bt\u00ed \u2013 ur\u010dena p\u0159edev\u0161\u00edm dosp\u011bl\u00fdm \u010dten\u00e1\u0159\u016fm.<\/p>\n\n\n\n<p>\u201eRozhoduju se p\u0159edev\u0161\u00edm podle toho, kolik m\u00e1m \u010dasu, ale taky beru v potaz, co jsem vydala p\u0159edt\u00edm \u2013 kdy\u017e jsem jako posledn\u00ed vydala knihu pro d\u011bti, tak chci zase napsat n\u011bco sp\u00ed\u0161e pro dosp\u011bl\u00e9,\u201c vysv\u011btluje Soukupov\u00e1 v rozhovoru, kter\u00fd si m\u016f\u017eete cel\u00fd p\u0159e\u010d\u00edst v na\u0161\u00ed Kav\u00e1rn\u011b.<\/p>\n\n\n\n<p>Novinka V\u011bci, na kter\u00e9 nastal \u010das vych\u00e1z\u00ed z\u00e1rove\u0148 v audio verzi ve vydavatelstv\u00ed OneHotBook, jen\u017e audioknihy Petry Soukupov\u00e9 vyd\u00e1v\u00e1. Re\u017eis\u00e9rka Jitka \u0160k\u00e1p\u00edkov\u00e1 a producent Martin Pila\u0159 zvolili jedine\u010dnou dramaturgii v podob\u011b v\u00edcehlas\u00e9 nahr\u00e1vky. Rodina Alice a Richarda tak nab\u00fdv\u00e1 konkr\u00e9tn\u00ed podoby d\u00edky pod\u00e1n\u00ed Zuzany Kajnarov\u00e9, Pavla Ba\u0165ka, Veroniky Lazor\u010d\u00e1kov\u00e9 a Maty\u00e1\u0161e Valenty.<\/p>\n\n\n\n<div class=\"wp-block-image\"><figure class=\"aligncenter size-large\"><img loading=\"lazy\" decoding=\"async\" width=\"674\" height=\"1024\" src=\"https:\/\/bookhouse.cz\/wp-content\/uploads\/2020\/12\/Soukupova-\u2014-Veci-na-ktere-nastal-cas-2020-09-15-promo-674x1024.jpg\" alt=\"\" class=\"wp-image-2595\" srcset=\"https:\/\/bookhouse.cz\/wp-content\/uploads\/2020\/12\/Soukupova-\u2014-Veci-na-ktere-nastal-cas-2020-09-15-promo-674x1024.jpg 674w, https:\/\/bookhouse.cz\/wp-content\/uploads\/2020\/12\/Soukupova-\u2014-Veci-na-ktere-nastal-cas-2020-09-15-promo-198x300.jpg 198w, https:\/\/bookhouse.cz\/wp-content\/uploads\/2020\/12\/Soukupova-\u2014-Veci-na-ktere-nastal-cas-2020-09-15-promo-768x1166.jpg 768w, https:\/\/bookhouse.cz\/wp-content\/uploads\/2020\/12\/Soukupova-\u2014-Veci-na-ktere-nastal-cas-2020-09-15-promo-1011x1536.jpg 1011w, https:\/\/bookhouse.cz\/wp-content\/uploads\/2020\/12\/Soukupova-\u2014-Veci-na-ktere-nastal-cas-2020-09-15-promo-1348x2048.jpg 1348w, https:\/\/bookhouse.cz\/wp-content\/uploads\/2020\/12\/Soukupova-\u2014-Veci-na-ktere-nastal-cas-2020-09-15-promo.jpg 1594w\" sizes=\"(max-width: 674px) 100vw, 674px\" \/><\/figure><\/div>\n\n\n\n<h2 class=\"wp-block-heading\">N\u00e1zev knihy: V\u011bci, na kter\u00e9 nastal \u010das<\/h2>\n\n\n\n<p><strong>Autor: Petra Soukupov\u00e1<\/strong><\/p>\n\n\n\n<p><strong>Po\u010det stran \/ vazba<\/strong>: 368 stran, v\u00e1zan\u00e1<\/p>\n\n\n\n<p><strong>Doporu\u010den\u00e1<\/strong>\u00a0<strong>cena:<\/strong>\u00a0389 K\u010d<\/p>\n\n\n\n<p><strong>Vydalo<\/strong>:&nbsp;<strong>Nakladatelstv\u00ed HOST<\/strong><\/p>\n\n\n\n<p><strong>V\u00edce informac\u00ed na&nbsp;<a href=\"http:\/\/www.hostbrno.cz\/\">www.hostbrno.cz<\/a><\/strong>.<\/p>\n","protected":false},"excerpt":{"rendered":"<p>S novinkou V\u011bci, na kter\u00e9 nastal \u010das se Petra Soukupov\u00e1 vrac\u00ed k dosp\u011bl\u00fdm\u010dten\u00e1\u0159\u016fm. Petra Soukupov\u00e1 se i v nov\u00e9 knize zab\u00fdv\u00e1 sv\u00fdm \u00fast\u0159edn\u00edm t\u00e9matem rodinn\u00fdch vztah\u016f v rom\u00e1nu v pov\u00eddk\u00e1ch V\u011bci, na kter\u00e9 nastal&#46;&#46;&#46;<\/p>\n","protected":false},"author":4,"featured_media":2594,"comment_status":"closed","ping_status":"closed","sticky":false,"template":"","format":"standard","meta":{"_monsterinsights_skip_tracking":false,"_monsterinsights_sitenote_active":false,"_monsterinsights_sitenote_note":"","_monsterinsights_sitenote_category":0,"footnotes":""},"categories":[2,3,23],"tags":[],"yoast_head":"<!-- This site is optimized with the Yoast SEO plugin v21.5 - https:\/\/yoast.com\/wordpress\/plugins\/seo\/ -->\n<title>V\u011bci, na kter\u00e9 nastal \u010das | Petra Soukupov\u00e1 - BOOKHOUSE.cz<\/title>\n<meta name=\"robots\" content=\"index, follow, max-snippet:-1, max-image-preview:large, max-video-preview:-1\" \/>\n<link rel=\"canonical\" href=\"https:\/\/bookhouse.cz\/index.php\/2020\/12\/07\/veci-na-ktere-nastal-cas-petra-soukupova\/\" \/>\n<meta property=\"og:locale\" content=\"cs_CZ\" \/>\n<meta property=\"og:type\" content=\"article\" \/>\n<meta property=\"og:title\" content=\"V\u011bci, na kter\u00e9 nastal \u010das | Petra Soukupov\u00e1 - BOOKHOUSE.cz\" \/>\n<meta property=\"og:description\" content=\"S novinkou V\u011bci, na kter\u00e9 nastal \u010das se Petra Soukupov\u00e1 vrac\u00ed k dosp\u011bl\u00fdm\u010dten\u00e1\u0159\u016fm. Petra Soukupov\u00e1 se i v nov\u00e9 knize zab\u00fdv\u00e1 sv\u00fdm \u00fast\u0159edn\u00edm t\u00e9matem rodinn\u00fdch vztah\u016f v rom\u00e1nu v pov\u00eddk\u00e1ch V\u011bci, na kter\u00e9 nastal&#046;&#046;&#046;\" \/>\n<meta property=\"og:url\" content=\"https:\/\/bookhouse.cz\/index.php\/2020\/12\/07\/veci-na-ktere-nastal-cas-petra-soukupova\/\" \/>\n<meta property=\"og:site_name\" content=\"BOOKHOUSE.cz\" \/>\n<meta property=\"article:publisher\" content=\"https:\/\/www.facebook.com\/bookhousecz\" \/>\n<meta property=\"article:published_time\" content=\"2020-12-07T00:52:00+00:00\" \/>\n<meta property=\"article:modified_time\" content=\"2020-12-08T01:03:43+00:00\" \/>\n<meta property=\"og:image\" content=\"https:\/\/bookhouse.cz\/wp-content\/uploads\/2020\/12\/Soukupova-\u2014-Veci-na-ktere-nastal-cas-2020-09-15-promo_TTL.jpg\" \/>\n\t<meta property=\"og:image:width\" content=\"1594\" \/>\n\t<meta property=\"og:image:height\" content=\"813\" \/>\n\t<meta property=\"og:image:type\" content=\"image\/jpeg\" \/>\n<meta name=\"author\" content=\"Petra Kub\u00edkov\u00e1\" \/>\n<meta name=\"twitter:card\" content=\"summary_large_image\" \/>\n<meta name=\"twitter:label1\" content=\"Napsal(a)\" \/>\n\t<meta name=\"twitter:data1\" content=\"Petra Kub\u00edkov\u00e1\" \/>\n\t<meta name=\"twitter:label2\" content=\"Odhadovan\u00e1 doba \u010dten\u00ed\" \/>\n\t<meta name=\"twitter:data2\" content=\"2 minuty\" \/>\n<script type=\"application\/ld+json\" class=\"yoast-schema-graph\">{\"@context\":\"https:\/\/schema.org\",\"@graph\":[{\"@type\":\"Article\",\"@id\":\"https:\/\/bookhouse.cz\/index.php\/2020\/12\/07\/veci-na-ktere-nastal-cas-petra-soukupova\/#article\",\"isPartOf\":{\"@id\":\"https:\/\/bookhouse.cz\/index.php\/2020\/12\/07\/veci-na-ktere-nastal-cas-petra-soukupova\/\"},\"author\":{\"name\":\"Petra Kub\u00edkov\u00e1\",\"@id\":\"https:\/\/bookhouse.cz\/#\/schema\/person\/f28a42871b37c50376116ca94f609015\"},\"headline\":\"V\u011bci, na kter\u00e9 nastal \u010das | Petra Soukupov\u00e1\",\"datePublished\":\"2020-12-07T00:52:00+00:00\",\"dateModified\":\"2020-12-08T01:03:43+00:00\",\"mainEntityOfPage\":{\"@id\":\"https:\/\/bookhouse.cz\/index.php\/2020\/12\/07\/veci-na-ktere-nastal-cas-petra-soukupova\/\"},\"wordCount\":457,\"publisher\":{\"@id\":\"https:\/\/bookhouse.cz\/#organization\"},\"articleSection\":[\"BELETRIE\",\"NEWS\",\"ROM\u00c1NY\"],\"inLanguage\":\"cs\"},{\"@type\":\"WebPage\",\"@id\":\"https:\/\/bookhouse.cz\/index.php\/2020\/12\/07\/veci-na-ktere-nastal-cas-petra-soukupova\/\",\"url\":\"https:\/\/bookhouse.cz\/index.php\/2020\/12\/07\/veci-na-ktere-nastal-cas-petra-soukupova\/\",\"name\":\"V\u011bci, na kter\u00e9 nastal \u010das | Petra Soukupov\u00e1 - BOOKHOUSE.cz\",\"isPartOf\":{\"@id\":\"https:\/\/bookhouse.cz\/#website\"},\"datePublished\":\"2020-12-07T00:52:00+00:00\",\"dateModified\":\"2020-12-08T01:03:43+00:00\",\"breadcrumb\":{\"@id\":\"https:\/\/bookhouse.cz\/index.php\/2020\/12\/07\/veci-na-ktere-nastal-cas-petra-soukupova\/#breadcrumb\"},\"inLanguage\":\"cs\",\"potentialAction\":[{\"@type\":\"ReadAction\",\"target\":[\"https:\/\/bookhouse.cz\/index.php\/2020\/12\/07\/veci-na-ktere-nastal-cas-petra-soukupova\/\"]}]},{\"@type\":\"BreadcrumbList\",\"@id\":\"https:\/\/bookhouse.cz\/index.php\/2020\/12\/07\/veci-na-ktere-nastal-cas-petra-soukupova\/#breadcrumb\",\"itemListElement\":[{\"@type\":\"ListItem\",\"position\":1,\"name\":\"Dom\u016f\",\"item\":\"https:\/\/bookhouse.cz\/\"},{\"@type\":\"ListItem\",\"position\":2,\"name\":\"V\u011bci, na kter\u00e9 nastal \u010das | Petra Soukupov\u00e1\"}]},{\"@type\":\"WebSite\",\"@id\":\"https:\/\/bookhouse.cz\/#website\",\"url\":\"https:\/\/bookhouse.cz\/\",\"name\":\"BOOKHOUSE.cz\",\"description\":\"Port\u00e1l o kni\u017en\u00edch novink\u00e1ch.\",\"publisher\":{\"@id\":\"https:\/\/bookhouse.cz\/#organization\"},\"potentialAction\":[{\"@type\":\"SearchAction\",\"target\":{\"@type\":\"EntryPoint\",\"urlTemplate\":\"https:\/\/bookhouse.cz\/?s={search_term_string}\"},\"query-input\":\"required name=search_term_string\"}],\"inLanguage\":\"cs\"},{\"@type\":\"Organization\",\"@id\":\"https:\/\/bookhouse.cz\/#organization\",\"name\":\"BOOKHOUSE.cz\",\"url\":\"https:\/\/bookhouse.cz\/\",\"logo\":{\"@type\":\"ImageObject\",\"inLanguage\":\"cs\",\"@id\":\"https:\/\/bookhouse.cz\/#\/schema\/logo\/image\/\",\"url\":\"https:\/\/bookhouse.cz\/wp-content\/uploads\/2024\/12\/cropped-Logo_BookHouse.jpg\",\"contentUrl\":\"https:\/\/bookhouse.cz\/wp-content\/uploads\/2024\/12\/cropped-Logo_BookHouse.jpg\",\"width\":938,\"height\":513,\"caption\":\"BOOKHOUSE.cz\"},\"image\":{\"@id\":\"https:\/\/bookhouse.cz\/#\/schema\/logo\/image\/\"},\"sameAs\":[\"https:\/\/www.facebook.com\/bookhousecz\",\"https:\/\/www.instagram.com\/bookhousecz\"]},{\"@type\":\"Person\",\"@id\":\"https:\/\/bookhouse.cz\/#\/schema\/person\/f28a42871b37c50376116ca94f609015\",\"name\":\"Petra Kub\u00edkov\u00e1\",\"image\":{\"@type\":\"ImageObject\",\"inLanguage\":\"cs\",\"@id\":\"https:\/\/bookhouse.cz\/#\/schema\/person\/image\/\",\"url\":\"https:\/\/secure.gravatar.com\/avatar\/b73acd1265062ae3b93da9908474de40?s=96&d=mm&r=g\",\"contentUrl\":\"https:\/\/secure.gravatar.com\/avatar\/b73acd1265062ae3b93da9908474de40?s=96&d=mm&r=g\",\"caption\":\"Petra Kub\u00edkov\u00e1\"},\"sameAs\":[\"http:\/\/BOOKHOUSE.cz\"],\"url\":\"https:\/\/bookhouse.cz\/index.php\/author\/kubip\/\"}]}<\/script>\n<!-- \/ Yoast SEO plugin. -->","yoast_head_json":{"title":"V\u011bci, na kter\u00e9 nastal \u010das | Petra Soukupov\u00e1 - BOOKHOUSE.cz","robots":{"index":"index","follow":"follow","max-snippet":"max-snippet:-1","max-image-preview":"max-image-preview:large","max-video-preview":"max-video-preview:-1"},"canonical":"https:\/\/bookhouse.cz\/index.php\/2020\/12\/07\/veci-na-ktere-nastal-cas-petra-soukupova\/","og_locale":"cs_CZ","og_type":"article","og_title":"V\u011bci, na kter\u00e9 nastal \u010das | Petra Soukupov\u00e1 - BOOKHOUSE.cz","og_description":"S novinkou V\u011bci, na kter\u00e9 nastal \u010das se Petra Soukupov\u00e1 vrac\u00ed k dosp\u011bl\u00fdm\u010dten\u00e1\u0159\u016fm. Petra Soukupov\u00e1 se i v nov\u00e9 knize zab\u00fdv\u00e1 sv\u00fdm \u00fast\u0159edn\u00edm t\u00e9matem rodinn\u00fdch vztah\u016f v rom\u00e1nu v pov\u00eddk\u00e1ch V\u011bci, na kter\u00e9 nastal&#46;&#46;&#46;","og_url":"https:\/\/bookhouse.cz\/index.php\/2020\/12\/07\/veci-na-ktere-nastal-cas-petra-soukupova\/","og_site_name":"BOOKHOUSE.cz","article_publisher":"https:\/\/www.facebook.com\/bookhousecz","article_published_time":"2020-12-07T00:52:00+00:00","article_modified_time":"2020-12-08T01:03:43+00:00","og_image":[{"width":1594,"height":813,"url":"https:\/\/bookhouse.cz\/wp-content\/uploads\/2020\/12\/Soukupova-\u2014-Veci-na-ktere-nastal-cas-2020-09-15-promo_TTL.jpg","type":"image\/jpeg"}],"author":"Petra Kub\u00edkov\u00e1","twitter_card":"summary_large_image","twitter_misc":{"Napsal(a)":"Petra Kub\u00edkov\u00e1","Odhadovan\u00e1 doba \u010dten\u00ed":"2 minuty"},"schema":{"@context":"https:\/\/schema.org","@graph":[{"@type":"Article","@id":"https:\/\/bookhouse.cz\/index.php\/2020\/12\/07\/veci-na-ktere-nastal-cas-petra-soukupova\/#article","isPartOf":{"@id":"https:\/\/bookhouse.cz\/index.php\/2020\/12\/07\/veci-na-ktere-nastal-cas-petra-soukupova\/"},"author":{"name":"Petra Kub\u00edkov\u00e1","@id":"https:\/\/bookhouse.cz\/#\/schema\/person\/f28a42871b37c50376116ca94f609015"},"headline":"V\u011bci, na kter\u00e9 nastal \u010das | Petra Soukupov\u00e1","datePublished":"2020-12-07T00:52:00+00:00","dateModified":"2020-12-08T01:03:43+00:00","mainEntityOfPage":{"@id":"https:\/\/bookhouse.cz\/index.php\/2020\/12\/07\/veci-na-ktere-nastal-cas-petra-soukupova\/"},"wordCount":457,"publisher":{"@id":"https:\/\/bookhouse.cz\/#organization"},"articleSection":["BELETRIE","NEWS","ROM\u00c1NY"],"inLanguage":"cs"},{"@type":"WebPage","@id":"https:\/\/bookhouse.cz\/index.php\/2020\/12\/07\/veci-na-ktere-nastal-cas-petra-soukupova\/","url":"https:\/\/bookhouse.cz\/index.php\/2020\/12\/07\/veci-na-ktere-nastal-cas-petra-soukupova\/","name":"V\u011bci, na kter\u00e9 nastal \u010das | Petra Soukupov\u00e1 - BOOKHOUSE.cz","isPartOf":{"@id":"https:\/\/bookhouse.cz\/#website"},"datePublished":"2020-12-07T00:52:00+00:00","dateModified":"2020-12-08T01:03:43+00:00","breadcrumb":{"@id":"https:\/\/bookhouse.cz\/index.php\/2020\/12\/07\/veci-na-ktere-nastal-cas-petra-soukupova\/#breadcrumb"},"inLanguage":"cs","potentialAction":[{"@type":"ReadAction","target":["https:\/\/bookhouse.cz\/index.php\/2020\/12\/07\/veci-na-ktere-nastal-cas-petra-soukupova\/"]}]},{"@type":"BreadcrumbList","@id":"https:\/\/bookhouse.cz\/index.php\/2020\/12\/07\/veci-na-ktere-nastal-cas-petra-soukupova\/#breadcrumb","itemListElement":[{"@type":"ListItem","position":1,"name":"Dom\u016f","item":"https:\/\/bookhouse.cz\/"},{"@type":"ListItem","position":2,"name":"V\u011bci, na kter\u00e9 nastal \u010das | Petra Soukupov\u00e1"}]},{"@type":"WebSite","@id":"https:\/\/bookhouse.cz\/#website","url":"https:\/\/bookhouse.cz\/","name":"BOOKHOUSE.cz","description":"Port\u00e1l o kni\u017en\u00edch novink\u00e1ch.","publisher":{"@id":"https:\/\/bookhouse.cz\/#organization"},"potentialAction":[{"@type":"SearchAction","target":{"@type":"EntryPoint","urlTemplate":"https:\/\/bookhouse.cz\/?s={search_term_string}"},"query-input":"required name=search_term_string"}],"inLanguage":"cs"},{"@type":"Organization","@id":"https:\/\/bookhouse.cz\/#organization","name":"BOOKHOUSE.cz","url":"https:\/\/bookhouse.cz\/","logo":{"@type":"ImageObject","inLanguage":"cs","@id":"https:\/\/bookhouse.cz\/#\/schema\/logo\/image\/","url":"https:\/\/bookhouse.cz\/wp-content\/uploads\/2024\/12\/cropped-Logo_BookHouse.jpg","contentUrl":"https:\/\/bookhouse.cz\/wp-content\/uploads\/2024\/12\/cropped-Logo_BookHouse.jpg","width":938,"height":513,"caption":"BOOKHOUSE.cz"},"image":{"@id":"https:\/\/bookhouse.cz\/#\/schema\/logo\/image\/"},"sameAs":["https:\/\/www.facebook.com\/bookhousecz","https:\/\/www.instagram.com\/bookhousecz"]},{"@type":"Person","@id":"https:\/\/bookhouse.cz\/#\/schema\/person\/f28a42871b37c50376116ca94f609015","name":"Petra Kub\u00edkov\u00e1","image":{"@type":"ImageObject","inLanguage":"cs","@id":"https:\/\/bookhouse.cz\/#\/schema\/person\/image\/","url":"https:\/\/secure.gravatar.com\/avatar\/b73acd1265062ae3b93da9908474de40?s=96&d=mm&r=g","contentUrl":"https:\/\/secure.gravatar.com\/avatar\/b73acd1265062ae3b93da9908474de40?s=96&d=mm&r=g","caption":"Petra Kub\u00edkov\u00e1"},"sameAs":["http:\/\/BOOKHOUSE.cz"],"url":"https:\/\/bookhouse.cz\/index.php\/author\/kubip\/"}]}},"_links":{"self":[{"href":"https:\/\/bookhouse.cz\/index.php\/wp-json\/wp\/v2\/posts\/2593"}],"collection":[{"href":"https:\/\/bookhouse.cz\/index.php\/wp-json\/wp\/v2\/posts"}],"about":[{"href":"https:\/\/bookhouse.cz\/index.php\/wp-json\/wp\/v2\/types\/post"}],"author":[{"embeddable":true,"href":"https:\/\/bookhouse.cz\/index.php\/wp-json\/wp\/v2\/users\/4"}],"replies":[{"embeddable":true,"href":"https:\/\/bookhouse.cz\/index.php\/wp-json\/wp\/v2\/comments?post=2593"}],"version-history":[{"count":3,"href":"https:\/\/bookhouse.cz\/index.php\/wp-json\/wp\/v2\/posts\/2593\/revisions"}],"predecessor-version":[{"id":2598,"href":"https:\/\/bookhouse.cz\/index.php\/wp-json\/wp\/v2\/posts\/2593\/revisions\/2598"}],"wp:featuredmedia":[{"embeddable":true,"href":"https:\/\/bookhouse.cz\/index.php\/wp-json\/wp\/v2\/media\/2594"}],"wp:attachment":[{"href":"https:\/\/bookhouse.cz\/index.php\/wp-json\/wp\/v2\/media?parent=2593"}],"wp:term":[{"taxonomy":"category","embeddable":true,"href":"https:\/\/bookhouse.cz\/index.php\/wp-json\/wp\/v2\/categories?post=2593"},{"taxonomy":"post_tag","embeddable":true,"href":"https:\/\/bookhouse.cz\/index.php\/wp-json\/wp\/v2\/tags?post=2593"}],"curies":[{"name":"wp","href":"https:\/\/api.w.org\/{rel}","templated":true}]}}