{"id":2393,"date":"2020-10-20T00:32:56","date_gmt":"2020-10-19T22:32:56","guid":{"rendered":"https:\/\/bookhouse.cz\/?p=2393"},"modified":"2020-10-20T00:39:12","modified_gmt":"2020-10-19T22:39:12","slug":"vahy-zivota-rozhovor-s-ivou-malkovou-nejen-o-hubnuti","status":"publish","type":"post","link":"https:\/\/bookhouse.cz\/index.php\/2020\/10\/20\/vahy-zivota-rozhovor-s-ivou-malkovou-nejen-o-hubnuti\/","title":{"rendered":"V\u00e1hy \u017eivota | Rozhovor s Ivou M\u00e1lkovou nejen o hubnut\u00ed"},"content":{"rendered":"\n<p><strong>V\u00e1hy \u017eivota. Jak \u017e\u00edt? Denn\u011b vstupovat na v\u00e1hu s obavami, tr\u00e1pit se vlastn\u00ed nedokonalost\u00ed a marn\u00fdmi pokusy p\u0159ibl\u00ed\u017eit se nedosti\u017en\u00fdm ide\u00e1l\u016fm, \u010di dob\u0159e zva\u017eovat, co je pro \u017eivot, hlavn\u011b pro ten m\u016fj, podstatn\u00e9?<\/strong><\/p>\n\n\n\n<p><strong>Inspirativn\u00ed p\u0159\u00edb\u011bh psycholo\u017eky, p\u0159edstavitelky rozumn\u00e9ho a zdrav\u00e9ho hubnut\u00ed, vizion\u00e1\u0159ky, kter\u00e1 dok\u00e1zala zlep\u0161it kvalitu \u017eivota desetitis\u00edc\u016fm lid\u00ed. \u00a0Ve sv\u00e9 praxi propojila odborn\u00e9 znalosti ze studia psychologie s vlastn\u00edmi zku\u0161enostmi s dietami a vytvo\u0159ila unik\u00e1tn\u00ed a spolehlivou metodu hubnut\u00ed, jej\u00ed\u017e z\u00e1kladn\u00ed my\u0161lenka by se dala shrnout slovy &#8222;hubnut\u00ed za\u010d\u00edn\u00e1 v hlav\u011b&#8220;. P\u0159ed t\u0159iceti lety zalo\u017eila organizaci STOB (Stop obezit\u011b), kterou\u00a0dnes vedou jej\u00ed d\u011bti.<\/strong><\/p>\n\n\n\n<div class=\"wp-block-image\"><figure class=\"aligncenter size-large\"><img loading=\"lazy\" decoding=\"async\" width=\"1024\" height=\"829\" src=\"https:\/\/bookhouse.cz\/wp-content\/uploads\/2020\/10\/Obalka_Vahy-zivota_TTL-1024x829.jpg\" alt=\"\" class=\"wp-image-2399\" srcset=\"https:\/\/bookhouse.cz\/wp-content\/uploads\/2020\/10\/Obalka_Vahy-zivota_TTL-1024x829.jpg 1024w, https:\/\/bookhouse.cz\/wp-content\/uploads\/2020\/10\/Obalka_Vahy-zivota_TTL-300x243.jpg 300w, https:\/\/bookhouse.cz\/wp-content\/uploads\/2020\/10\/Obalka_Vahy-zivota_TTL-768x622.jpg 768w, https:\/\/bookhouse.cz\/wp-content\/uploads\/2020\/10\/Obalka_Vahy-zivota_TTL-1536x1244.jpg 1536w, https:\/\/bookhouse.cz\/wp-content\/uploads\/2020\/10\/Obalka_Vahy-zivota_TTL.jpg 2008w\" sizes=\"(max-width: 1024px) 100vw, 1024px\" \/><\/figure><\/div>\n\n\n\n<p><strong>V rozhovoru se sv\u00fdm bratrem se vrac\u00ed do d\u011btstv\u00ed, k prvn\u00edm pracovn\u00edm zku\u0161enostem, za\u010d\u00e1tk\u016fm podnik\u00e1n\u00ed a tak\u00e9 k tomu, jak se dostala ke sv\u00e9mu celo\u017eivotn\u00edmu t\u00e9matu &#8211; l\u00e9\u010db\u011b nadv\u00e1hy. S l\u00e1skou mluv\u00ed i o sv\u00e9 rodin\u011b, sv\u00e9m man\u017eelstv\u00ed a sv\u00fdch dcer\u00e1ch, kter\u00e9 dnes pokra\u010duj\u00ed v jej\u00edch stop\u00e1ch. Rozhovor je protk\u00e1n odborn\u00fdmi vsuvkami, praktick\u00fdmi radami a celo\u017eivotn\u00ed moudrost\u00ed.<\/strong><\/p>\n\n\n\n<p>Pro\u010d omezen\u00ed a diety nefunguj\u00ed? Jak n\u00e1s ovliv\u0148uje v\u011bk, na\u0161e okol\u00ed, n\u00e1vyky, negativn\u00ed my\u0161lenky, ale i genetika? Jak nezah\u00e1n\u011bt stres a \u00fanavu j\u00eddlem? Jak si vychutn\u00e1vat \u017eivot? Jak \u017e\u00edt v\u00edce v p\u0159\u00edtomnosti a v\u011bdom\u011bji? Jak drobn\u00fdmi kr\u016f\u010dky doj\u00edt ke spokojen\u011bj\u0161\u00edmu \u017eivotu a v\u011bt\u0161\u00ed sebel\u00e1sce? Jak si vychutnat \u017eivot, b\u00fdt jeho tv\u016frcem, a ne ob\u011bt\u00ed? I na tyto ot\u00e1zky najdete v knize odpov\u011bdi.<\/p>\n\n\n\n<p><strong><u>O autorech:<\/u><\/strong><\/p>\n\n\n\n<p><strong>Phdr. Iva M\u00e1lkov\u00e1<\/strong><\/p>\n\n\n\n<p>Jako psycholo\u017eka se ji\u017e des\u00edtky let v\u011bnuje problematice obezity. V roce 1990 zalo\u017eila spole\u010dnost STOB (STop OBezit\u011b). Iva M\u00e1lkov\u00e1 vytvo\u0159ila metodiku, kter\u00e1 motivuje k p\u0159irozen\u00e9mu \u017eivotn\u00edmu stylu a pom\u00e1h\u00e1 v\u0161em, kdo<\/p>\n\n\n\n<p>cht\u011bj\u00ed hubnout s rozumem. Vych\u00e1z\u00ed z kognitivn\u011b-behavior\u00e1ln\u00ed psychoterapie a postupn\u011b m\u011bn\u00ed nevhodn\u00e9 stravovac\u00ed a pohybov\u00e9 n\u00e1vyky, kter\u00e9 p\u0159ivedou hubnouc\u00ed nejen k trval\u00fdm v\u00e1hov\u00fdm \u00fabytk\u016fm, ale i ke zv\u00fd\u0161en\u00ed kvality \u017eivota.<\/p>\n\n\n\n<p>Nav\u00edc p\u0159i tomto zp\u016fsobu \u017eivota nen\u00ed \u010dlov\u011bk ochuzen o po\u017eitek z j\u00eddla. V roce 2010 &nbsp;vznikl komunitn\u00ed web STOBklub (<a href=\"http:\/\/www.stobklub.cz\">www.stobklub.cz<\/a>) ur\u010den\u00fd nej\u0161ir\u0161\u00ed ve\u0159ejnosti, kde je zaregistrov\u00e1no ji\u017e 170 000 lid\u00ed. PhDr. Iva M\u00e1lkov\u00e1 je \u010dlenkou v\u00fdboru \u010cesk\u00e9 obezitologick\u00e9 spole\u010dnosti a je autorkou \u0159ady publikac\u00ed.<\/p>\n\n\n\n<p><strong>Mgr. Vladim\u00edr Dr\u00e1bek<\/strong><\/p>\n\n\n\n<p>Bratr Ivy M\u00e1lkov\u00e9, kter\u00fd b\u011bhem rozhovoru s n\u00ed proch\u00e1z\u00ed jej\u00edm \u017eivotem jako obraz\u00e1rnou jak soukrom\u00e9ho, tak profesn\u00edho d\u011bn\u00ed. S\u00e1m vzd\u011bl\u00e1n\u00edm matematik, v sou\u010dasn\u00e9 dob\u011b se zab\u00fdv\u00e1 soci\u00e1ln\u00ed a kulturn\u00ed problematikou. Zalo\u017eil kreativn\u00ed v\u00fdtvarn\u00fd ateli\u00e9r A.R.T. pro v\u00fdtvarn\u00edky s handicapem a kulturn\u011b-komunitn\u00ed centrum ART pro seniory a lidi s handicapem.<\/p>\n\n\n\n<div class=\"wp-block-image\"><figure class=\"aligncenter size-large\"><img loading=\"lazy\" decoding=\"async\" width=\"725\" height=\"1024\" src=\"https:\/\/bookhouse.cz\/wp-content\/uploads\/2020\/10\/Obalka_Vahy-zivota-725x1024.jpg\" alt=\"\" class=\"wp-image-2400\" srcset=\"https:\/\/bookhouse.cz\/wp-content\/uploads\/2020\/10\/Obalka_Vahy-zivota-725x1024.jpg 725w, https:\/\/bookhouse.cz\/wp-content\/uploads\/2020\/10\/Obalka_Vahy-zivota-212x300.jpg 212w, https:\/\/bookhouse.cz\/wp-content\/uploads\/2020\/10\/Obalka_Vahy-zivota-768x1084.jpg 768w, https:\/\/bookhouse.cz\/wp-content\/uploads\/2020\/10\/Obalka_Vahy-zivota-scaled.jpg 1813w\" sizes=\"(max-width: 725px) 100vw, 725px\" \/><\/figure><\/div>\n\n\n\n<h2 class=\"wp-block-heading\">N\u00e1zev knihy:\u00a0<strong>V\u00e1hy \u017eivota<\/strong><\/h2>\n\n\n\n<p><strong>Autor:\u00a0<strong>Iva M\u00e1lkov\u00e1 a Vladim\u00edr Dr\u00e1bek<\/strong><\/strong><\/p>\n\n\n\n<p><strong><strong>LASKAV\u00dd ROZHOVOR NEJEN O HUBNUT\u00cd S ROZUMEM<\/strong><\/strong><\/p>\n\n\n\n<p><strong>Po\u010det stran \/ vazba<\/strong>:\u00a0240 stran, pevn\u00e1<\/p>\n\n\n\n<p><strong>Doporu\u010den\u00e1<\/strong>\u00a0<strong>cena:<\/strong>\u00a0449 K\u010d<\/p>\n\n\n\n<p>Vydalo\u00a0<strong><strong>nakladatelstv\u00ed Smart Press<\/strong><\/strong>.<\/p>\n\n\n\n<p><strong>V\u00edce naleznete na<\/strong> <a href=\"http:\/\/www.smartpress.cz\"><strong>www.smartpress.cz<\/strong><\/a>.<\/p>\n\n\n\n<div style=\"height:20px\" aria-hidden=\"true\" class=\"wp-block-spacer\"><\/div>\n\n\n\n<h4 class=\"wp-block-heading\">Uk\u00e1zky z knihy :<\/h4>\n\n\n\n<figure class=\"wp-block-gallery columns-1 is-cropped wp-block-gallery-1 is-layout-flex wp-block-gallery-is-layout-flex\"><ul class=\"blocks-gallery-grid\"><li class=\"blocks-gallery-item\"><figure><img loading=\"lazy\" decoding=\"async\" width=\"1024\" height=\"715\" src=\"https:\/\/bookhouse.cz\/wp-content\/uploads\/2020\/10\/Medailonek-autoru-a-OBSAH-knihy-1024x715.jpg\" alt=\"\" data-id=\"2394\" data-full-url=\"https:\/\/bookhouse.cz\/wp-content\/uploads\/2020\/10\/Medailonek-autoru-a-OBSAH-knihy.jpg\" data-link=\"https:\/\/bookhouse.cz\/?attachment_id=2394\" class=\"wp-image-2394\" srcset=\"https:\/\/bookhouse.cz\/wp-content\/uploads\/2020\/10\/Medailonek-autoru-a-OBSAH-knihy-1024x715.jpg 1024w, https:\/\/bookhouse.cz\/wp-content\/uploads\/2020\/10\/Medailonek-autoru-a-OBSAH-knihy-300x209.jpg 300w, https:\/\/bookhouse.cz\/wp-content\/uploads\/2020\/10\/Medailonek-autoru-a-OBSAH-knihy-768x536.jpg 768w, https:\/\/bookhouse.cz\/wp-content\/uploads\/2020\/10\/Medailonek-autoru-a-OBSAH-knihy-1536x1072.jpg 1536w, https:\/\/bookhouse.cz\/wp-content\/uploads\/2020\/10\/Medailonek-autoru-a-OBSAH-knihy.jpg 2032w\" sizes=\"(max-width: 1024px) 100vw, 1024px\" \/><\/figure><\/li><li class=\"blocks-gallery-item\"><figure><img loading=\"lazy\" decoding=\"async\" width=\"1024\" height=\"715\" src=\"https:\/\/bookhouse.cz\/wp-content\/uploads\/2020\/10\/Uvod-knihy-1024x715.jpg\" alt=\"\" data-id=\"2395\" data-full-url=\"https:\/\/bookhouse.cz\/wp-content\/uploads\/2020\/10\/Uvod-knihy.jpg\" data-link=\"https:\/\/bookhouse.cz\/?attachment_id=2395\" class=\"wp-image-2395\" srcset=\"https:\/\/bookhouse.cz\/wp-content\/uploads\/2020\/10\/Uvod-knihy-1024x715.jpg 1024w, https:\/\/bookhouse.cz\/wp-content\/uploads\/2020\/10\/Uvod-knihy-300x209.jpg 300w, https:\/\/bookhouse.cz\/wp-content\/uploads\/2020\/10\/Uvod-knihy-768x536.jpg 768w, https:\/\/bookhouse.cz\/wp-content\/uploads\/2020\/10\/Uvod-knihy-1536x1072.jpg 1536w, https:\/\/bookhouse.cz\/wp-content\/uploads\/2020\/10\/Uvod-knihy.jpg 2032w\" sizes=\"(max-width: 1024px) 100vw, 1024px\" \/><\/figure><\/li><li class=\"blocks-gallery-item\"><figure><img loading=\"lazy\" decoding=\"async\" width=\"1024\" height=\"715\" src=\"https:\/\/bookhouse.cz\/wp-content\/uploads\/2020\/10\/Uvod-knihy_2-1024x715.jpg\" alt=\"\" data-id=\"2396\" data-full-url=\"https:\/\/bookhouse.cz\/wp-content\/uploads\/2020\/10\/Uvod-knihy_2.jpg\" data-link=\"https:\/\/bookhouse.cz\/?attachment_id=2396\" class=\"wp-image-2396\" srcset=\"https:\/\/bookhouse.cz\/wp-content\/uploads\/2020\/10\/Uvod-knihy_2-1024x715.jpg 1024w, https:\/\/bookhouse.cz\/wp-content\/uploads\/2020\/10\/Uvod-knihy_2-300x209.jpg 300w, https:\/\/bookhouse.cz\/wp-content\/uploads\/2020\/10\/Uvod-knihy_2-768x536.jpg 768w, https:\/\/bookhouse.cz\/wp-content\/uploads\/2020\/10\/Uvod-knihy_2-1536x1072.jpg 1536w, https:\/\/bookhouse.cz\/wp-content\/uploads\/2020\/10\/Uvod-knihy_2.jpg 2032w\" sizes=\"(max-width: 1024px) 100vw, 1024px\" \/><\/figure><\/li><li class=\"blocks-gallery-item\"><figure><img loading=\"lazy\" decoding=\"async\" width=\"1024\" height=\"715\" src=\"https:\/\/bookhouse.cz\/wp-content\/uploads\/2020\/10\/Uvod-knihy_3-1024x715.jpg\" alt=\"\" data-id=\"2397\" data-full-url=\"https:\/\/bookhouse.cz\/wp-content\/uploads\/2020\/10\/Uvod-knihy_3.jpg\" data-link=\"https:\/\/bookhouse.cz\/?attachment_id=2397\" class=\"wp-image-2397\" srcset=\"https:\/\/bookhouse.cz\/wp-content\/uploads\/2020\/10\/Uvod-knihy_3-1024x715.jpg 1024w, https:\/\/bookhouse.cz\/wp-content\/uploads\/2020\/10\/Uvod-knihy_3-300x209.jpg 300w, https:\/\/bookhouse.cz\/wp-content\/uploads\/2020\/10\/Uvod-knihy_3-768x536.jpg 768w, https:\/\/bookhouse.cz\/wp-content\/uploads\/2020\/10\/Uvod-knihy_3-1536x1072.jpg 1536w, https:\/\/bookhouse.cz\/wp-content\/uploads\/2020\/10\/Uvod-knihy_3.jpg 2032w\" sizes=\"(max-width: 1024px) 100vw, 1024px\" \/><\/figure><\/li><li class=\"blocks-gallery-item\"><figure><img loading=\"lazy\" decoding=\"async\" width=\"1024\" height=\"715\" src=\"https:\/\/bookhouse.cz\/wp-content\/uploads\/2020\/10\/Zaver-knihy-1024x715.jpg\" alt=\"\" data-id=\"2398\" data-full-url=\"https:\/\/bookhouse.cz\/wp-content\/uploads\/2020\/10\/Zaver-knihy.jpg\" data-link=\"https:\/\/bookhouse.cz\/?attachment_id=2398\" class=\"wp-image-2398\" srcset=\"https:\/\/bookhouse.cz\/wp-content\/uploads\/2020\/10\/Zaver-knihy-1024x715.jpg 1024w, https:\/\/bookhouse.cz\/wp-content\/uploads\/2020\/10\/Zaver-knihy-300x209.jpg 300w, https:\/\/bookhouse.cz\/wp-content\/uploads\/2020\/10\/Zaver-knihy-768x536.jpg 768w, https:\/\/bookhouse.cz\/wp-content\/uploads\/2020\/10\/Zaver-knihy-1536x1072.jpg 1536w, https:\/\/bookhouse.cz\/wp-content\/uploads\/2020\/10\/Zaver-knihy.jpg 2032w\" sizes=\"(max-width: 1024px) 100vw, 1024px\" \/><\/figure><\/li><\/ul><\/figure>\n","protected":false},"excerpt":{"rendered":"<p>V\u00e1hy \u017eivota. Jak \u017e\u00edt? Denn\u011b vstupovat na v\u00e1hu s obavami, tr\u00e1pit se vlastn\u00ed nedokonalost\u00ed a marn\u00fdmi pokusy p\u0159ibl\u00ed\u017eit se nedosti\u017en\u00fdm ide\u00e1l\u016fm, \u010di dob\u0159e zva\u017eovat, co je pro \u017eivot, hlavn\u011b pro ten m\u016fj, podstatn\u00e9? Inspirativn\u00ed&#46;&#46;&#46;<\/p>\n","protected":false},"author":4,"featured_media":2399,"comment_status":"closed","ping_status":"closed","sticky":false,"template":"","format":"standard","meta":{"_monsterinsights_skip_tracking":false,"_monsterinsights_sitenote_active":false,"_monsterinsights_sitenote_note":"","_monsterinsights_sitenote_category":0,"footnotes":""},"categories":[3,5,20],"tags":[],"yoast_head":"<!-- This site is optimized with the Yoast SEO plugin v21.5 - https:\/\/yoast.com\/wordpress\/plugins\/seo\/ -->\n<title>V\u00e1hy \u017eivota | Rozhovor s Ivou M\u00e1lkovou nejen o hubnut\u00ed - BOOKHOUSE.cz<\/title>\n<meta name=\"robots\" content=\"index, follow, max-snippet:-1, max-image-preview:large, max-video-preview:-1\" \/>\n<link rel=\"canonical\" href=\"https:\/\/bookhouse.cz\/index.php\/2020\/10\/20\/vahy-zivota-rozhovor-s-ivou-malkovou-nejen-o-hubnuti\/\" \/>\n<meta property=\"og:locale\" content=\"cs_CZ\" \/>\n<meta property=\"og:type\" content=\"article\" \/>\n<meta property=\"og:title\" content=\"V\u00e1hy \u017eivota | Rozhovor s Ivou M\u00e1lkovou nejen o hubnut\u00ed - BOOKHOUSE.cz\" \/>\n<meta property=\"og:description\" content=\"V\u00e1hy \u017eivota. Jak \u017e\u00edt? Denn\u011b vstupovat na v\u00e1hu s obavami, tr\u00e1pit se vlastn\u00ed nedokonalost\u00ed a marn\u00fdmi pokusy p\u0159ibl\u00ed\u017eit se nedosti\u017en\u00fdm ide\u00e1l\u016fm, \u010di dob\u0159e zva\u017eovat, co je pro \u017eivot, hlavn\u011b pro ten m\u016fj, podstatn\u00e9? Inspirativn\u00ed&#046;&#046;&#046;\" \/>\n<meta property=\"og:url\" content=\"https:\/\/bookhouse.cz\/index.php\/2020\/10\/20\/vahy-zivota-rozhovor-s-ivou-malkovou-nejen-o-hubnuti\/\" \/>\n<meta property=\"og:site_name\" content=\"BOOKHOUSE.cz\" \/>\n<meta property=\"article:publisher\" content=\"https:\/\/www.facebook.com\/bookhousecz\" \/>\n<meta property=\"article:published_time\" content=\"2020-10-19T22:32:56+00:00\" \/>\n<meta property=\"article:modified_time\" content=\"2020-10-19T22:39:12+00:00\" \/>\n<meta property=\"og:image\" content=\"https:\/\/bookhouse.cz\/wp-content\/uploads\/2020\/10\/Obalka_Vahy-zivota_TTL.jpg\" \/>\n\t<meta property=\"og:image:width\" content=\"2008\" \/>\n\t<meta property=\"og:image:height\" content=\"1626\" \/>\n\t<meta property=\"og:image:type\" content=\"image\/jpeg\" \/>\n<meta name=\"author\" content=\"Petra Kub\u00edkov\u00e1\" \/>\n<meta name=\"twitter:card\" content=\"summary_large_image\" \/>\n<meta name=\"twitter:label1\" content=\"Napsal(a)\" \/>\n\t<meta name=\"twitter:data1\" content=\"Petra Kub\u00edkov\u00e1\" \/>\n\t<meta name=\"twitter:label2\" content=\"Odhadovan\u00e1 doba \u010dten\u00ed\" \/>\n\t<meta name=\"twitter:data2\" content=\"3 minuty\" \/>\n<script type=\"application\/ld+json\" class=\"yoast-schema-graph\">{\"@context\":\"https:\/\/schema.org\",\"@graph\":[{\"@type\":\"Article\",\"@id\":\"https:\/\/bookhouse.cz\/index.php\/2020\/10\/20\/vahy-zivota-rozhovor-s-ivou-malkovou-nejen-o-hubnuti\/#article\",\"isPartOf\":{\"@id\":\"https:\/\/bookhouse.cz\/index.php\/2020\/10\/20\/vahy-zivota-rozhovor-s-ivou-malkovou-nejen-o-hubnuti\/\"},\"author\":{\"name\":\"Petra Kub\u00edkov\u00e1\",\"@id\":\"https:\/\/bookhouse.cz\/#\/schema\/person\/f28a42871b37c50376116ca94f609015\"},\"headline\":\"V\u00e1hy \u017eivota | Rozhovor s Ivou M\u00e1lkovou nejen o hubnut\u00ed\",\"datePublished\":\"2020-10-19T22:32:56+00:00\",\"dateModified\":\"2020-10-19T22:39:12+00:00\",\"mainEntityOfPage\":{\"@id\":\"https:\/\/bookhouse.cz\/index.php\/2020\/10\/20\/vahy-zivota-rozhovor-s-ivou-malkovou-nejen-o-hubnuti\/\"},\"wordCount\":583,\"publisher\":{\"@id\":\"https:\/\/bookhouse.cz\/#organization\"},\"articleSection\":[\"NEWS\",\"ODBORN\u00c1\",\"ROZHOVORY &amp; PODCASTY\"],\"inLanguage\":\"cs\"},{\"@type\":\"WebPage\",\"@id\":\"https:\/\/bookhouse.cz\/index.php\/2020\/10\/20\/vahy-zivota-rozhovor-s-ivou-malkovou-nejen-o-hubnuti\/\",\"url\":\"https:\/\/bookhouse.cz\/index.php\/2020\/10\/20\/vahy-zivota-rozhovor-s-ivou-malkovou-nejen-o-hubnuti\/\",\"name\":\"V\u00e1hy \u017eivota | Rozhovor s Ivou M\u00e1lkovou nejen o hubnut\u00ed - BOOKHOUSE.cz\",\"isPartOf\":{\"@id\":\"https:\/\/bookhouse.cz\/#website\"},\"datePublished\":\"2020-10-19T22:32:56+00:00\",\"dateModified\":\"2020-10-19T22:39:12+00:00\",\"breadcrumb\":{\"@id\":\"https:\/\/bookhouse.cz\/index.php\/2020\/10\/20\/vahy-zivota-rozhovor-s-ivou-malkovou-nejen-o-hubnuti\/#breadcrumb\"},\"inLanguage\":\"cs\",\"potentialAction\":[{\"@type\":\"ReadAction\",\"target\":[\"https:\/\/bookhouse.cz\/index.php\/2020\/10\/20\/vahy-zivota-rozhovor-s-ivou-malkovou-nejen-o-hubnuti\/\"]}]},{\"@type\":\"BreadcrumbList\",\"@id\":\"https:\/\/bookhouse.cz\/index.php\/2020\/10\/20\/vahy-zivota-rozhovor-s-ivou-malkovou-nejen-o-hubnuti\/#breadcrumb\",\"itemListElement\":[{\"@type\":\"ListItem\",\"position\":1,\"name\":\"Dom\u016f\",\"item\":\"https:\/\/bookhouse.cz\/\"},{\"@type\":\"ListItem\",\"position\":2,\"name\":\"V\u00e1hy \u017eivota | Rozhovor s Ivou M\u00e1lkovou nejen o hubnut\u00ed\"}]},{\"@type\":\"WebSite\",\"@id\":\"https:\/\/bookhouse.cz\/#website\",\"url\":\"https:\/\/bookhouse.cz\/\",\"name\":\"BOOKHOUSE.cz\",\"description\":\"Port\u00e1l o kni\u017en\u00edch novink\u00e1ch.\",\"publisher\":{\"@id\":\"https:\/\/bookhouse.cz\/#organization\"},\"potentialAction\":[{\"@type\":\"SearchAction\",\"target\":{\"@type\":\"EntryPoint\",\"urlTemplate\":\"https:\/\/bookhouse.cz\/?s={search_term_string}\"},\"query-input\":\"required name=search_term_string\"}],\"inLanguage\":\"cs\"},{\"@type\":\"Organization\",\"@id\":\"https:\/\/bookhouse.cz\/#organization\",\"name\":\"BOOKHOUSE.cz\",\"url\":\"https:\/\/bookhouse.cz\/\",\"logo\":{\"@type\":\"ImageObject\",\"inLanguage\":\"cs\",\"@id\":\"https:\/\/bookhouse.cz\/#\/schema\/logo\/image\/\",\"url\":\"https:\/\/bookhouse.cz\/wp-content\/uploads\/2024\/12\/cropped-Logo_BookHouse.jpg\",\"contentUrl\":\"https:\/\/bookhouse.cz\/wp-content\/uploads\/2024\/12\/cropped-Logo_BookHouse.jpg\",\"width\":938,\"height\":513,\"caption\":\"BOOKHOUSE.cz\"},\"image\":{\"@id\":\"https:\/\/bookhouse.cz\/#\/schema\/logo\/image\/\"},\"sameAs\":[\"https:\/\/www.facebook.com\/bookhousecz\",\"https:\/\/www.instagram.com\/bookhousecz\"]},{\"@type\":\"Person\",\"@id\":\"https:\/\/bookhouse.cz\/#\/schema\/person\/f28a42871b37c50376116ca94f609015\",\"name\":\"Petra Kub\u00edkov\u00e1\",\"image\":{\"@type\":\"ImageObject\",\"inLanguage\":\"cs\",\"@id\":\"https:\/\/bookhouse.cz\/#\/schema\/person\/image\/\",\"url\":\"https:\/\/secure.gravatar.com\/avatar\/b73acd1265062ae3b93da9908474de40?s=96&d=mm&r=g\",\"contentUrl\":\"https:\/\/secure.gravatar.com\/avatar\/b73acd1265062ae3b93da9908474de40?s=96&d=mm&r=g\",\"caption\":\"Petra Kub\u00edkov\u00e1\"},\"sameAs\":[\"http:\/\/BOOKHOUSE.cz\"],\"url\":\"https:\/\/bookhouse.cz\/index.php\/author\/kubip\/\"}]}<\/script>\n<!-- \/ Yoast SEO plugin. -->","yoast_head_json":{"title":"V\u00e1hy \u017eivota | Rozhovor s Ivou M\u00e1lkovou nejen o hubnut\u00ed - BOOKHOUSE.cz","robots":{"index":"index","follow":"follow","max-snippet":"max-snippet:-1","max-image-preview":"max-image-preview:large","max-video-preview":"max-video-preview:-1"},"canonical":"https:\/\/bookhouse.cz\/index.php\/2020\/10\/20\/vahy-zivota-rozhovor-s-ivou-malkovou-nejen-o-hubnuti\/","og_locale":"cs_CZ","og_type":"article","og_title":"V\u00e1hy \u017eivota | Rozhovor s Ivou M\u00e1lkovou nejen o hubnut\u00ed - BOOKHOUSE.cz","og_description":"V\u00e1hy \u017eivota. Jak \u017e\u00edt? Denn\u011b vstupovat na v\u00e1hu s obavami, tr\u00e1pit se vlastn\u00ed nedokonalost\u00ed a marn\u00fdmi pokusy p\u0159ibl\u00ed\u017eit se nedosti\u017en\u00fdm ide\u00e1l\u016fm, \u010di dob\u0159e zva\u017eovat, co je pro \u017eivot, hlavn\u011b pro ten m\u016fj, podstatn\u00e9? Inspirativn\u00ed&#46;&#46;&#46;","og_url":"https:\/\/bookhouse.cz\/index.php\/2020\/10\/20\/vahy-zivota-rozhovor-s-ivou-malkovou-nejen-o-hubnuti\/","og_site_name":"BOOKHOUSE.cz","article_publisher":"https:\/\/www.facebook.com\/bookhousecz","article_published_time":"2020-10-19T22:32:56+00:00","article_modified_time":"2020-10-19T22:39:12+00:00","og_image":[{"width":2008,"height":1626,"url":"https:\/\/bookhouse.cz\/wp-content\/uploads\/2020\/10\/Obalka_Vahy-zivota_TTL.jpg","type":"image\/jpeg"}],"author":"Petra Kub\u00edkov\u00e1","twitter_card":"summary_large_image","twitter_misc":{"Napsal(a)":"Petra Kub\u00edkov\u00e1","Odhadovan\u00e1 doba \u010dten\u00ed":"3 minuty"},"schema":{"@context":"https:\/\/schema.org","@graph":[{"@type":"Article","@id":"https:\/\/bookhouse.cz\/index.php\/2020\/10\/20\/vahy-zivota-rozhovor-s-ivou-malkovou-nejen-o-hubnuti\/#article","isPartOf":{"@id":"https:\/\/bookhouse.cz\/index.php\/2020\/10\/20\/vahy-zivota-rozhovor-s-ivou-malkovou-nejen-o-hubnuti\/"},"author":{"name":"Petra Kub\u00edkov\u00e1","@id":"https:\/\/bookhouse.cz\/#\/schema\/person\/f28a42871b37c50376116ca94f609015"},"headline":"V\u00e1hy \u017eivota | Rozhovor s Ivou M\u00e1lkovou nejen o hubnut\u00ed","datePublished":"2020-10-19T22:32:56+00:00","dateModified":"2020-10-19T22:39:12+00:00","mainEntityOfPage":{"@id":"https:\/\/bookhouse.cz\/index.php\/2020\/10\/20\/vahy-zivota-rozhovor-s-ivou-malkovou-nejen-o-hubnuti\/"},"wordCount":583,"publisher":{"@id":"https:\/\/bookhouse.cz\/#organization"},"articleSection":["NEWS","ODBORN\u00c1","ROZHOVORY &amp; PODCASTY"],"inLanguage":"cs"},{"@type":"WebPage","@id":"https:\/\/bookhouse.cz\/index.php\/2020\/10\/20\/vahy-zivota-rozhovor-s-ivou-malkovou-nejen-o-hubnuti\/","url":"https:\/\/bookhouse.cz\/index.php\/2020\/10\/20\/vahy-zivota-rozhovor-s-ivou-malkovou-nejen-o-hubnuti\/","name":"V\u00e1hy \u017eivota | Rozhovor s Ivou M\u00e1lkovou nejen o hubnut\u00ed - BOOKHOUSE.cz","isPartOf":{"@id":"https:\/\/bookhouse.cz\/#website"},"datePublished":"2020-10-19T22:32:56+00:00","dateModified":"2020-10-19T22:39:12+00:00","breadcrumb":{"@id":"https:\/\/bookhouse.cz\/index.php\/2020\/10\/20\/vahy-zivota-rozhovor-s-ivou-malkovou-nejen-o-hubnuti\/#breadcrumb"},"inLanguage":"cs","potentialAction":[{"@type":"ReadAction","target":["https:\/\/bookhouse.cz\/index.php\/2020\/10\/20\/vahy-zivota-rozhovor-s-ivou-malkovou-nejen-o-hubnuti\/"]}]},{"@type":"BreadcrumbList","@id":"https:\/\/bookhouse.cz\/index.php\/2020\/10\/20\/vahy-zivota-rozhovor-s-ivou-malkovou-nejen-o-hubnuti\/#breadcrumb","itemListElement":[{"@type":"ListItem","position":1,"name":"Dom\u016f","item":"https:\/\/bookhouse.cz\/"},{"@type":"ListItem","position":2,"name":"V\u00e1hy \u017eivota | Rozhovor s Ivou M\u00e1lkovou nejen o hubnut\u00ed"}]},{"@type":"WebSite","@id":"https:\/\/bookhouse.cz\/#website","url":"https:\/\/bookhouse.cz\/","name":"BOOKHOUSE.cz","description":"Port\u00e1l o kni\u017en\u00edch novink\u00e1ch.","publisher":{"@id":"https:\/\/bookhouse.cz\/#organization"},"potentialAction":[{"@type":"SearchAction","target":{"@type":"EntryPoint","urlTemplate":"https:\/\/bookhouse.cz\/?s={search_term_string}"},"query-input":"required name=search_term_string"}],"inLanguage":"cs"},{"@type":"Organization","@id":"https:\/\/bookhouse.cz\/#organization","name":"BOOKHOUSE.cz","url":"https:\/\/bookhouse.cz\/","logo":{"@type":"ImageObject","inLanguage":"cs","@id":"https:\/\/bookhouse.cz\/#\/schema\/logo\/image\/","url":"https:\/\/bookhouse.cz\/wp-content\/uploads\/2024\/12\/cropped-Logo_BookHouse.jpg","contentUrl":"https:\/\/bookhouse.cz\/wp-content\/uploads\/2024\/12\/cropped-Logo_BookHouse.jpg","width":938,"height":513,"caption":"BOOKHOUSE.cz"},"image":{"@id":"https:\/\/bookhouse.cz\/#\/schema\/logo\/image\/"},"sameAs":["https:\/\/www.facebook.com\/bookhousecz","https:\/\/www.instagram.com\/bookhousecz"]},{"@type":"Person","@id":"https:\/\/bookhouse.cz\/#\/schema\/person\/f28a42871b37c50376116ca94f609015","name":"Petra Kub\u00edkov\u00e1","image":{"@type":"ImageObject","inLanguage":"cs","@id":"https:\/\/bookhouse.cz\/#\/schema\/person\/image\/","url":"https:\/\/secure.gravatar.com\/avatar\/b73acd1265062ae3b93da9908474de40?s=96&d=mm&r=g","contentUrl":"https:\/\/secure.gravatar.com\/avatar\/b73acd1265062ae3b93da9908474de40?s=96&d=mm&r=g","caption":"Petra Kub\u00edkov\u00e1"},"sameAs":["http:\/\/BOOKHOUSE.cz"],"url":"https:\/\/bookhouse.cz\/index.php\/author\/kubip\/"}]}},"_links":{"self":[{"href":"https:\/\/bookhouse.cz\/index.php\/wp-json\/wp\/v2\/posts\/2393"}],"collection":[{"href":"https:\/\/bookhouse.cz\/index.php\/wp-json\/wp\/v2\/posts"}],"about":[{"href":"https:\/\/bookhouse.cz\/index.php\/wp-json\/wp\/v2\/types\/post"}],"author":[{"embeddable":true,"href":"https:\/\/bookhouse.cz\/index.php\/wp-json\/wp\/v2\/users\/4"}],"replies":[{"embeddable":true,"href":"https:\/\/bookhouse.cz\/index.php\/wp-json\/wp\/v2\/comments?post=2393"}],"version-history":[{"count":1,"href":"https:\/\/bookhouse.cz\/index.php\/wp-json\/wp\/v2\/posts\/2393\/revisions"}],"predecessor-version":[{"id":2401,"href":"https:\/\/bookhouse.cz\/index.php\/wp-json\/wp\/v2\/posts\/2393\/revisions\/2401"}],"wp:featuredmedia":[{"embeddable":true,"href":"https:\/\/bookhouse.cz\/index.php\/wp-json\/wp\/v2\/media\/2399"}],"wp:attachment":[{"href":"https:\/\/bookhouse.cz\/index.php\/wp-json\/wp\/v2\/media?parent=2393"}],"wp:term":[{"taxonomy":"category","embeddable":true,"href":"https:\/\/bookhouse.cz\/index.php\/wp-json\/wp\/v2\/categories?post=2393"},{"taxonomy":"post_tag","embeddable":true,"href":"https:\/\/bookhouse.cz\/index.php\/wp-json\/wp\/v2\/tags?post=2393"}],"curies":[{"name":"wp","href":"https:\/\/api.w.org\/{rel}","templated":true}]}}