{"id":1979,"date":"2020-07-14T00:01:00","date_gmt":"2020-07-13T22:01:00","guid":{"rendered":"https:\/\/bookhouse.cz\/?p=1979"},"modified":"2020-07-11T23:06:28","modified_gmt":"2020-07-11T21:06:28","slug":"nova-audiokniha-ota-pavel-povidky-vydana-u-prilezitosti-90-vyroci-narozeni-oblibeneho-spisovatele","status":"publish","type":"post","link":"https:\/\/bookhouse.cz\/index.php\/2020\/07\/14\/nova-audiokniha-ota-pavel-povidky-vydana-u-prilezitosti-90-vyroci-narozeni-oblibeneho-spisovatele\/","title":{"rendered":"Nov\u00e1 audiokniha Ota Pavel \u2013 Pov\u00eddky | vydan\u00e1 u p\u0159\u00edle\u017eitosti 90. v\u00fdro\u010d\u00ed narozen\u00ed obl\u00edben\u00e9ho spisovatele"},"content":{"rendered":"\n<p><strong>Ve \u010dtvrtek 2. \u010dervence 2020, by oslavil devades\u00e1t\u00e9 narozeniny jeden z nejv\u00fdznamn\u011bj\u0161\u00edch \u010desk\u00fdch spisovatel\u016f dvac\u00e1t\u00e9ho stolet\u00ed Ota Pavel, kter\u00fd p\u0159ed\u010dasn\u011b zem\u0159el v\u00a0roce 1973 ve v\u011bku nedo\u017eit\u00fdch \u010dty\u0159iceti t\u0159\u00ed let. K\u00a0v\u00fdro\u010d\u00ed narozen\u00ed slavn\u00e9ho spisovatele vyd\u00e1v\u00e1 Supraphon na 2CD i v\u00a0digit\u00e1ln\u00edch form\u00e1tech rozs\u00e1hlou audioknihu, kter\u00e1 obsahuje bezm\u00e1la dev\u011bt hodin legend\u00e1rn\u00edch nahr\u00e1vek ze sedmdes\u00e1t\u00fdch a\u017e devades\u00e1t\u00fdch let i zcela nov\u00e9 nahr\u00e1vky z\u00a0knihy <em>Pov\u00eddky z\u00a0\u0161upl\u00edku<\/em> objeven\u00e9 v poz\u016fstalosti a publikovan\u00e9 teprve v\u00a0roce 2004 p\u0159i souborn\u00e9m vyd\u00e1n\u00ed cel\u00e9ho d\u00edla Oty Pavla v\u00a0nakladatelstv\u00ed Sl\u00e1vky Kopeck\u00e9. Vznikl tak unik\u00e1tn\u00ed komplet, kter\u00fd poslucha\u010d\u016fm dop\u0159eje neb\u00fdval\u00e9 mno\u017estv\u00ed znamenit\u00fdch nahr\u00e1vek, zachycuj\u00edc\u00edch souzn\u011bn\u00ed hereck\u00fdch interpret\u016f \u010dty\u0159 generac\u00ed s\u00a0poetick\u00fdm d\u00edlem Oty Pavla.<\/strong><\/p>\n\n\n\n<figure class=\"wp-block-image size-large\"><img loading=\"lazy\" decoding=\"async\" width=\"1024\" height=\"1024\" src=\"https:\/\/bookhouse.cz\/wp-content\/uploads\/2020\/07\/cover_CD-OtaPavel-Pov\u00eddky-1024x1024.jpg\" alt=\"\" class=\"wp-image-1980\" srcset=\"https:\/\/bookhouse.cz\/wp-content\/uploads\/2020\/07\/cover_CD-OtaPavel-Pov\u00eddky-1024x1024.jpg 1024w, https:\/\/bookhouse.cz\/wp-content\/uploads\/2020\/07\/cover_CD-OtaPavel-Pov\u00eddky-300x300.jpg 300w, https:\/\/bookhouse.cz\/wp-content\/uploads\/2020\/07\/cover_CD-OtaPavel-Pov\u00eddky-150x150.jpg 150w, https:\/\/bookhouse.cz\/wp-content\/uploads\/2020\/07\/cover_CD-OtaPavel-Pov\u00eddky-768x768.jpg 768w, https:\/\/bookhouse.cz\/wp-content\/uploads\/2020\/07\/cover_CD-OtaPavel-Pov\u00eddky-80x80.jpg 80w, https:\/\/bookhouse.cz\/wp-content\/uploads\/2020\/07\/cover_CD-OtaPavel-Pov\u00eddky-320x320.jpg 320w, https:\/\/bookhouse.cz\/wp-content\/uploads\/2020\/07\/cover_CD-OtaPavel-Pov\u00eddky.jpg 1500w\" sizes=\"(max-width: 1024px) 100vw, 1024px\" \/><\/figure>\n\n\n\n<p>Nov\u00e1 audiokniha byla p\u0159\u00edzna\u010dn\u011b nazvan\u00e1 <strong><em>Ota Pavel \u2013 Pov\u00eddky. <\/em><\/strong>Mezi slavn\u00fdmi pov\u00eddkami na prvn\u00edm CD nap\u0159\u00edklad nechyb\u00ed: <em>Sedm deka zlata, Smrt kr\u00e1sn\u00fdch srnc\u016f, Kap\u0159i pro wehrmacht, Jak jsem potkal ryby, Moje prvn\u00ed ryba <\/em>\u010di <em>Zlat\u00ed \u00faho\u0159i<\/em> v\u00a0interpretaci hereck\u00fdch legend jako <strong>Vlastimil Brodsk\u00fd, Rudolf Hru\u0161\u00ednsk\u00fd, Ji\u0159\u00ed Sov\u00e1k a Miroslav Horn\u00ed\u010dek<\/strong>. V\u00a0kompletu je i dramatizace <em>Poh\u00e1dky o Ra\u0161kovi <\/em>z\u00a0roku 2011, kde v\u00a0re\u017eii <strong>Jana Jir\u00e1n\u011b<\/strong> hraj\u00ed <strong>Josef Somr, Petr Vacek, Simona Sta\u0161ov\u00e1, Jaroslava Kretschmerov\u00e1 <\/strong>\u010di <strong>Ji\u0159\u00ed L\u00e1bus<\/strong>.<\/p>\n\n\n\n<figure class=\"wp-block-image size-large\"><img loading=\"lazy\" decoding=\"async\" width=\"984\" height=\"1024\" src=\"https:\/\/bookhouse.cz\/wp-content\/uploads\/2020\/07\/OtaPavel_Audiokniha_2020-984x1024.jpg\" alt=\"\" class=\"wp-image-1983\" srcset=\"https:\/\/bookhouse.cz\/wp-content\/uploads\/2020\/07\/OtaPavel_Audiokniha_2020-984x1024.jpg 984w, https:\/\/bookhouse.cz\/wp-content\/uploads\/2020\/07\/OtaPavel_Audiokniha_2020-288x300.jpg 288w, https:\/\/bookhouse.cz\/wp-content\/uploads\/2020\/07\/OtaPavel_Audiokniha_2020-768x799.jpg 768w, https:\/\/bookhouse.cz\/wp-content\/uploads\/2020\/07\/OtaPavel_Audiokniha_2020-1477x1536.jpg 1477w, https:\/\/bookhouse.cz\/wp-content\/uploads\/2020\/07\/OtaPavel_Audiokniha_2020-1969x2048.jpg 1969w\" sizes=\"(max-width: 984px) 100vw, 984px\" \/><figcaption>dav<\/figcaption><\/figure>\n\n\n\n<p>\u201e<em>P\u0159i editorsk\u00e9 pr\u00e1ci na Sebran\u00fdch spisech Oty Pavla jsem objevila mnoho nezn\u00e1m\u00fdch novinov\u00fdch \u010dl\u00e1nk\u016f autora, \u010detnou korespondenci s bratry a p\u0159edev\u0161\u00edm pak skv\u011bl\u00e9 pov\u00eddky, kter\u00e9 za \u017eivota spisovatele nevy\u0161ly v autorizovan\u00e9 podob\u011b, jen v\u0161elijak zmrza\u010den\u00e9 tehdej\u0161\u00edmi cenzurn\u00edmi z\u00e1sahy. S pokorou a trval\u00fdm obdivem jsem tehdy uspo\u0159\u00e1dala tuto poz\u016fstalost do kn\u00ed\u017eky Pov\u00eddky z\u00a0\u0161upl\u00edku,\u201c <\/em>uvedla nakladatelka <strong>Sl\u00e1vka Kopeck\u00e1<\/strong> ke kn\u00ed\u017ece, ze kter\u00e9 pro \u201ev\u00fdro\u010dn\u00ed\u201c audioknihu bylo nahr\u00e1no jeden\u00e1ct pov\u00eddek v\u00a0pod\u00e1n\u00ed mlad\u00fdch herc\u016f z\u00a0N\u00e1rodn\u00edho divadla <strong>Rad\u00faze M\u00e1chy, Igora Orozovi\u010de<\/strong> a jedn\u00e9 z\u00a0nejv\u00fdrazn\u011bj\u0161\u00edch hereck\u00fdch osobnost\u00ed Divadla Na z\u00e1bradl\u00ed <strong>Miloslava K\u00f6niga<\/strong>.<\/p>\n\n\n\n<div style=\"height:20px\" aria-hidden=\"true\" class=\"wp-block-spacer\"><\/div>\n\n\n\n<figure><iframe loading=\"lazy\" width=\"100%\" height=\"393\" src=\"https:\/\/www.youtube.com\/embed\/e_SnG1mxRKU\" allowfullscreen=\"\"><\/iframe><\/figure>\n\n\n\n<div style=\"height:20px\" aria-hidden=\"true\" class=\"wp-block-spacer\"><\/div>\n\n\n\n<figure class=\"wp-block-gallery columns-2 is-cropped wp-block-gallery-1 is-layout-flex wp-block-gallery-is-layout-flex\"><ul class=\"blocks-gallery-grid\"><li class=\"blocks-gallery-item\"><figure><img loading=\"lazy\" decoding=\"async\" width=\"1024\" height=\"1024\" src=\"https:\/\/bookhouse.cz\/wp-content\/uploads\/2020\/07\/cover_CD-OtaPavel-Pov\u00eddky-1024x1024.jpg\" alt=\"\" data-id=\"1980\" data-full-url=\"https:\/\/bookhouse.cz\/wp-content\/uploads\/2020\/07\/cover_CD-OtaPavel-Pov\u00eddky.jpg\" data-link=\"https:\/\/bookhouse.cz\/?attachment_id=1980\" class=\"wp-image-1980\" srcset=\"https:\/\/bookhouse.cz\/wp-content\/uploads\/2020\/07\/cover_CD-OtaPavel-Pov\u00eddky-1024x1024.jpg 1024w, https:\/\/bookhouse.cz\/wp-content\/uploads\/2020\/07\/cover_CD-OtaPavel-Pov\u00eddky-300x300.jpg 300w, https:\/\/bookhouse.cz\/wp-content\/uploads\/2020\/07\/cover_CD-OtaPavel-Pov\u00eddky-150x150.jpg 150w, https:\/\/bookhouse.cz\/wp-content\/uploads\/2020\/07\/cover_CD-OtaPavel-Pov\u00eddky-768x768.jpg 768w, https:\/\/bookhouse.cz\/wp-content\/uploads\/2020\/07\/cover_CD-OtaPavel-Pov\u00eddky-80x80.jpg 80w, https:\/\/bookhouse.cz\/wp-content\/uploads\/2020\/07\/cover_CD-OtaPavel-Pov\u00eddky-320x320.jpg 320w, https:\/\/bookhouse.cz\/wp-content\/uploads\/2020\/07\/cover_CD-OtaPavel-Pov\u00eddky.jpg 1500w\" sizes=\"(max-width: 1024px) 100vw, 1024px\" \/><\/figure><\/li><li class=\"blocks-gallery-item\"><figure><img loading=\"lazy\" decoding=\"async\" width=\"984\" height=\"1024\" src=\"https:\/\/bookhouse.cz\/wp-content\/uploads\/2020\/07\/OtaPavel_Audiokniha_2020-984x1024.jpg\" alt=\"\" data-id=\"1983\" data-full-url=\"https:\/\/bookhouse.cz\/wp-content\/uploads\/2020\/07\/OtaPavel_Audiokniha_2020-scaled.jpg\" data-link=\"https:\/\/bookhouse.cz\/?attachment_id=1983\" class=\"wp-image-1983\" srcset=\"https:\/\/bookhouse.cz\/wp-content\/uploads\/2020\/07\/OtaPavel_Audiokniha_2020-984x1024.jpg 984w, https:\/\/bookhouse.cz\/wp-content\/uploads\/2020\/07\/OtaPavel_Audiokniha_2020-288x300.jpg 288w, https:\/\/bookhouse.cz\/wp-content\/uploads\/2020\/07\/OtaPavel_Audiokniha_2020-768x799.jpg 768w, https:\/\/bookhouse.cz\/wp-content\/uploads\/2020\/07\/OtaPavel_Audiokniha_2020-1477x1536.jpg 1477w, https:\/\/bookhouse.cz\/wp-content\/uploads\/2020\/07\/OtaPavel_Audiokniha_2020-1969x2048.jpg 1969w\" sizes=\"(max-width: 984px) 100vw, 984px\" \/><figcaption class=\"blocks-gallery-item__caption\">dav<\/figcaption><\/figure><\/li><li class=\"blocks-gallery-item\"><figure><img loading=\"lazy\" decoding=\"async\" width=\"1024\" height=\"768\" src=\"https:\/\/bookhouse.cz\/wp-content\/uploads\/2020\/07\/IgorOrozovic_audiokniha-1024x768.jpg\" alt=\"\" data-id=\"1981\" data-full-url=\"https:\/\/bookhouse.cz\/wp-content\/uploads\/2020\/07\/IgorOrozovic_audiokniha.jpg\" data-link=\"https:\/\/bookhouse.cz\/?attachment_id=1981\" class=\"wp-image-1981\" srcset=\"https:\/\/bookhouse.cz\/wp-content\/uploads\/2020\/07\/IgorOrozovic_audiokniha-1024x768.jpg 1024w, https:\/\/bookhouse.cz\/wp-content\/uploads\/2020\/07\/IgorOrozovic_audiokniha-300x225.jpg 300w, https:\/\/bookhouse.cz\/wp-content\/uploads\/2020\/07\/IgorOrozovic_audiokniha-768x576.jpg 768w, https:\/\/bookhouse.cz\/wp-content\/uploads\/2020\/07\/IgorOrozovic_audiokniha-1536x1152.jpg 1536w, https:\/\/bookhouse.cz\/wp-content\/uploads\/2020\/07\/IgorOrozovic_audiokniha.jpg 2048w\" sizes=\"(max-width: 1024px) 100vw, 1024px\" \/><\/figure><\/li><li class=\"blocks-gallery-item\"><figure><img loading=\"lazy\" decoding=\"async\" width=\"960\" height=\"960\" src=\"https:\/\/bookhouse.cz\/wp-content\/uploads\/2020\/07\/RaduzMacha.jpg\" alt=\"\" data-id=\"1988\" data-full-url=\"https:\/\/bookhouse.cz\/wp-content\/uploads\/2020\/07\/RaduzMacha.jpg\" data-link=\"https:\/\/bookhouse.cz\/?attachment_id=1988\" class=\"wp-image-1988\" srcset=\"https:\/\/bookhouse.cz\/wp-content\/uploads\/2020\/07\/RaduzMacha.jpg 960w, https:\/\/bookhouse.cz\/wp-content\/uploads\/2020\/07\/RaduzMacha-300x300.jpg 300w, https:\/\/bookhouse.cz\/wp-content\/uploads\/2020\/07\/RaduzMacha-150x150.jpg 150w, https:\/\/bookhouse.cz\/wp-content\/uploads\/2020\/07\/RaduzMacha-768x768.jpg 768w, https:\/\/bookhouse.cz\/wp-content\/uploads\/2020\/07\/RaduzMacha-80x80.jpg 80w, https:\/\/bookhouse.cz\/wp-content\/uploads\/2020\/07\/RaduzMacha-320x320.jpg 320w\" sizes=\"(max-width: 960px) 100vw, 960px\" \/><\/figure><\/li><li class=\"blocks-gallery-item\"><figure><img loading=\"lazy\" decoding=\"async\" width=\"1024\" height=\"762\" src=\"https:\/\/bookhouse.cz\/wp-content\/uploads\/2020\/07\/OtaPavel_PavelV\u00e1cha-1024x762.jpg\" alt=\"\" data-id=\"1984\" data-full-url=\"https:\/\/bookhouse.cz\/wp-content\/uploads\/2020\/07\/OtaPavel_PavelV\u00e1cha.jpg\" data-link=\"https:\/\/bookhouse.cz\/?attachment_id=1984\" class=\"wp-image-1984\" srcset=\"https:\/\/bookhouse.cz\/wp-content\/uploads\/2020\/07\/OtaPavel_PavelV\u00e1cha-1024x762.jpg 1024w, https:\/\/bookhouse.cz\/wp-content\/uploads\/2020\/07\/OtaPavel_PavelV\u00e1cha-300x223.jpg 300w, https:\/\/bookhouse.cz\/wp-content\/uploads\/2020\/07\/OtaPavel_PavelV\u00e1cha-768x572.jpg 768w, https:\/\/bookhouse.cz\/wp-content\/uploads\/2020\/07\/OtaPavel_PavelV\u00e1cha.jpg 1208w\" sizes=\"(max-width: 1024px) 100vw, 1024px\" \/><\/figure><\/li><li class=\"blocks-gallery-item\"><figure><img loading=\"lazy\" decoding=\"async\" width=\"945\" height=\"946\" src=\"https:\/\/bookhouse.cz\/wp-content\/uploads\/2020\/07\/OtaPavel-spisovatel_photo-Pavel-V\u00e1cha.jpg\" alt=\"\" data-id=\"1986\" data-full-url=\"https:\/\/bookhouse.cz\/wp-content\/uploads\/2020\/07\/OtaPavel-spisovatel_photo-Pavel-V\u00e1cha.jpg\" data-link=\"https:\/\/bookhouse.cz\/?attachment_id=1986\" class=\"wp-image-1986\" srcset=\"https:\/\/bookhouse.cz\/wp-content\/uploads\/2020\/07\/OtaPavel-spisovatel_photo-Pavel-V\u00e1cha.jpg 945w, https:\/\/bookhouse.cz\/wp-content\/uploads\/2020\/07\/OtaPavel-spisovatel_photo-Pavel-V\u00e1cha-300x300.jpg 300w, https:\/\/bookhouse.cz\/wp-content\/uploads\/2020\/07\/OtaPavel-spisovatel_photo-Pavel-V\u00e1cha-150x150.jpg 150w, https:\/\/bookhouse.cz\/wp-content\/uploads\/2020\/07\/OtaPavel-spisovatel_photo-Pavel-V\u00e1cha-768x769.jpg 768w, https:\/\/bookhouse.cz\/wp-content\/uploads\/2020\/07\/OtaPavel-spisovatel_photo-Pavel-V\u00e1cha-80x80.jpg 80w, https:\/\/bookhouse.cz\/wp-content\/uploads\/2020\/07\/OtaPavel-spisovatel_photo-Pavel-V\u00e1cha-320x320.jpg 320w\" sizes=\"(max-width: 945px) 100vw, 945px\" \/><\/figure><\/li><li class=\"blocks-gallery-item\"><figure><img loading=\"lazy\" decoding=\"async\" width=\"945\" height=\"946\" src=\"https:\/\/bookhouse.cz\/wp-content\/uploads\/2020\/07\/OtaPavel-fotografie-c-PavelV\u00e1cha.jpg\" alt=\"\" data-id=\"1985\" data-full-url=\"https:\/\/bookhouse.cz\/wp-content\/uploads\/2020\/07\/OtaPavel-fotografie-c-PavelV\u00e1cha.jpg\" data-link=\"https:\/\/bookhouse.cz\/?attachment_id=1985\" class=\"wp-image-1985\" srcset=\"https:\/\/bookhouse.cz\/wp-content\/uploads\/2020\/07\/OtaPavel-fotografie-c-PavelV\u00e1cha.jpg 945w, https:\/\/bookhouse.cz\/wp-content\/uploads\/2020\/07\/OtaPavel-fotografie-c-PavelV\u00e1cha-300x300.jpg 300w, https:\/\/bookhouse.cz\/wp-content\/uploads\/2020\/07\/OtaPavel-fotografie-c-PavelV\u00e1cha-150x150.jpg 150w, https:\/\/bookhouse.cz\/wp-content\/uploads\/2020\/07\/OtaPavel-fotografie-c-PavelV\u00e1cha-768x769.jpg 768w, https:\/\/bookhouse.cz\/wp-content\/uploads\/2020\/07\/OtaPavel-fotografie-c-PavelV\u00e1cha-80x80.jpg 80w, https:\/\/bookhouse.cz\/wp-content\/uploads\/2020\/07\/OtaPavel-fotografie-c-PavelV\u00e1cha-320x320.jpg 320w\" sizes=\"(max-width: 945px) 100vw, 945px\" \/><\/figure><\/li><li class=\"blocks-gallery-item\"><figure><img loading=\"lazy\" decoding=\"async\" width=\"778\" height=\"1024\" src=\"https:\/\/bookhouse.cz\/wp-content\/uploads\/2020\/07\/povidky-z-supliku-1.jpg\" alt=\"\" data-id=\"1987\" data-full-url=\"https:\/\/bookhouse.cz\/wp-content\/uploads\/2020\/07\/povidky-z-supliku-1.jpg\" data-link=\"https:\/\/bookhouse.cz\/?attachment_id=1987\" class=\"wp-image-1987\" srcset=\"https:\/\/bookhouse.cz\/wp-content\/uploads\/2020\/07\/povidky-z-supliku-1.jpg 778w, https:\/\/bookhouse.cz\/wp-content\/uploads\/2020\/07\/povidky-z-supliku-1-228x300.jpg 228w, https:\/\/bookhouse.cz\/wp-content\/uploads\/2020\/07\/povidky-z-supliku-1-768x1011.jpg 768w\" sizes=\"(max-width: 778px) 100vw, 778px\" \/><\/figure><\/li><\/ul><\/figure>\n","protected":false},"excerpt":{"rendered":"<p>Ve \u010dtvrtek 2. \u010dervence 2020, by oslavil devades\u00e1t\u00e9 narozeniny jeden z nejv\u00fdznamn\u011bj\u0161\u00edch \u010desk\u00fdch spisovatel\u016f dvac\u00e1t\u00e9ho stolet\u00ed Ota Pavel, kter\u00fd p\u0159ed\u010dasn\u011b zem\u0159el v\u00a0roce 1973 ve v\u011bku nedo\u017eit\u00fdch \u010dty\u0159iceti t\u0159\u00ed let. K\u00a0v\u00fdro\u010d\u00ed narozen\u00ed slavn\u00e9ho spisovatele vyd\u00e1v\u00e1&#46;&#46;&#46;<\/p>\n","protected":false},"author":3,"featured_media":1980,"comment_status":"closed","ping_status":"closed","sticky":false,"template":"","format":"standard","meta":{"_monsterinsights_skip_tracking":false,"_monsterinsights_sitenote_active":false,"_monsterinsights_sitenote_note":"","_monsterinsights_sitenote_category":0,"footnotes":""},"categories":[8,3],"tags":[],"yoast_head":"<!-- This site is optimized with the Yoast SEO plugin v21.5 - https:\/\/yoast.com\/wordpress\/plugins\/seo\/ -->\n<title>Nov\u00e1 audiokniha Ota Pavel \u2013 Pov\u00eddky | vydan\u00e1 u p\u0159\u00edle\u017eitosti 90. v\u00fdro\u010d\u00ed narozen\u00ed obl\u00edben\u00e9ho spisovatele - BOOKHOUSE.cz<\/title>\n<meta name=\"robots\" content=\"index, follow, max-snippet:-1, max-image-preview:large, max-video-preview:-1\" \/>\n<link rel=\"canonical\" href=\"https:\/\/bookhouse.cz\/index.php\/2020\/07\/14\/nova-audiokniha-ota-pavel-povidky-vydana-u-prilezitosti-90-vyroci-narozeni-oblibeneho-spisovatele\/\" \/>\n<meta property=\"og:locale\" content=\"cs_CZ\" \/>\n<meta property=\"og:type\" content=\"article\" \/>\n<meta property=\"og:title\" content=\"Nov\u00e1 audiokniha Ota Pavel \u2013 Pov\u00eddky | vydan\u00e1 u p\u0159\u00edle\u017eitosti 90. v\u00fdro\u010d\u00ed narozen\u00ed obl\u00edben\u00e9ho spisovatele - BOOKHOUSE.cz\" \/>\n<meta property=\"og:description\" content=\"Ve \u010dtvrtek 2. \u010dervence 2020, by oslavil devades\u00e1t\u00e9 narozeniny jeden z nejv\u00fdznamn\u011bj\u0161\u00edch \u010desk\u00fdch spisovatel\u016f dvac\u00e1t\u00e9ho stolet\u00ed Ota Pavel, kter\u00fd p\u0159ed\u010dasn\u011b zem\u0159el v\u00a0roce 1973 ve v\u011bku nedo\u017eit\u00fdch \u010dty\u0159iceti t\u0159\u00ed let. K\u00a0v\u00fdro\u010d\u00ed narozen\u00ed slavn\u00e9ho spisovatele vyd\u00e1v\u00e1&#046;&#046;&#046;\" \/>\n<meta property=\"og:url\" content=\"https:\/\/bookhouse.cz\/index.php\/2020\/07\/14\/nova-audiokniha-ota-pavel-povidky-vydana-u-prilezitosti-90-vyroci-narozeni-oblibeneho-spisovatele\/\" \/>\n<meta property=\"og:site_name\" content=\"BOOKHOUSE.cz\" \/>\n<meta property=\"article:publisher\" content=\"https:\/\/www.facebook.com\/bookhousecz\" \/>\n<meta property=\"article:published_time\" content=\"2020-07-13T22:01:00+00:00\" \/>\n<meta property=\"article:modified_time\" content=\"2020-07-11T21:06:28+00:00\" \/>\n<meta property=\"og:image\" content=\"https:\/\/bookhouse.cz\/wp-content\/uploads\/2020\/07\/cover_CD-OtaPavel-Pov\u00eddky.jpg\" \/>\n\t<meta property=\"og:image:width\" content=\"1500\" \/>\n\t<meta property=\"og:image:height\" content=\"1500\" \/>\n\t<meta property=\"og:image:type\" content=\"image\/jpeg\" \/>\n<meta name=\"author\" content=\"Jolana Hol\u00e1\u0148ov\u00e1\" \/>\n<meta name=\"twitter:card\" content=\"summary_large_image\" \/>\n<meta name=\"twitter:label1\" content=\"Napsal(a)\" \/>\n\t<meta name=\"twitter:data1\" content=\"Jolana Hol\u00e1\u0148ov\u00e1\" \/>\n\t<meta name=\"twitter:label2\" content=\"Odhadovan\u00e1 doba \u010dten\u00ed\" \/>\n\t<meta name=\"twitter:data2\" content=\"2 minuty\" \/>\n<script type=\"application\/ld+json\" class=\"yoast-schema-graph\">{\"@context\":\"https:\/\/schema.org\",\"@graph\":[{\"@type\":\"Article\",\"@id\":\"https:\/\/bookhouse.cz\/index.php\/2020\/07\/14\/nova-audiokniha-ota-pavel-povidky-vydana-u-prilezitosti-90-vyroci-narozeni-oblibeneho-spisovatele\/#article\",\"isPartOf\":{\"@id\":\"https:\/\/bookhouse.cz\/index.php\/2020\/07\/14\/nova-audiokniha-ota-pavel-povidky-vydana-u-prilezitosti-90-vyroci-narozeni-oblibeneho-spisovatele\/\"},\"author\":{\"name\":\"Jolana Hol\u00e1\u0148ov\u00e1\",\"@id\":\"https:\/\/bookhouse.cz\/#\/schema\/person\/92706019a8c9280785ef6e38ea35e04c\"},\"headline\":\"Nov\u00e1 audiokniha Ota Pavel \u2013 Pov\u00eddky | vydan\u00e1 u p\u0159\u00edle\u017eitosti 90. v\u00fdro\u010d\u00ed narozen\u00ed obl\u00edben\u00e9ho spisovatele\",\"datePublished\":\"2020-07-13T22:01:00+00:00\",\"dateModified\":\"2020-07-11T21:06:28+00:00\",\"mainEntityOfPage\":{\"@id\":\"https:\/\/bookhouse.cz\/index.php\/2020\/07\/14\/nova-audiokniha-ota-pavel-povidky-vydana-u-prilezitosti-90-vyroci-narozeni-oblibeneho-spisovatele\/\"},\"wordCount\":407,\"publisher\":{\"@id\":\"https:\/\/bookhouse.cz\/#organization\"},\"articleSection\":[\"AUDIOKNIHY\",\"NEWS\"],\"inLanguage\":\"cs\"},{\"@type\":\"WebPage\",\"@id\":\"https:\/\/bookhouse.cz\/index.php\/2020\/07\/14\/nova-audiokniha-ota-pavel-povidky-vydana-u-prilezitosti-90-vyroci-narozeni-oblibeneho-spisovatele\/\",\"url\":\"https:\/\/bookhouse.cz\/index.php\/2020\/07\/14\/nova-audiokniha-ota-pavel-povidky-vydana-u-prilezitosti-90-vyroci-narozeni-oblibeneho-spisovatele\/\",\"name\":\"Nov\u00e1 audiokniha Ota Pavel \u2013 Pov\u00eddky | vydan\u00e1 u p\u0159\u00edle\u017eitosti 90. v\u00fdro\u010d\u00ed narozen\u00ed obl\u00edben\u00e9ho spisovatele - BOOKHOUSE.cz\",\"isPartOf\":{\"@id\":\"https:\/\/bookhouse.cz\/#website\"},\"datePublished\":\"2020-07-13T22:01:00+00:00\",\"dateModified\":\"2020-07-11T21:06:28+00:00\",\"breadcrumb\":{\"@id\":\"https:\/\/bookhouse.cz\/index.php\/2020\/07\/14\/nova-audiokniha-ota-pavel-povidky-vydana-u-prilezitosti-90-vyroci-narozeni-oblibeneho-spisovatele\/#breadcrumb\"},\"inLanguage\":\"cs\",\"potentialAction\":[{\"@type\":\"ReadAction\",\"target\":[\"https:\/\/bookhouse.cz\/index.php\/2020\/07\/14\/nova-audiokniha-ota-pavel-povidky-vydana-u-prilezitosti-90-vyroci-narozeni-oblibeneho-spisovatele\/\"]}]},{\"@type\":\"BreadcrumbList\",\"@id\":\"https:\/\/bookhouse.cz\/index.php\/2020\/07\/14\/nova-audiokniha-ota-pavel-povidky-vydana-u-prilezitosti-90-vyroci-narozeni-oblibeneho-spisovatele\/#breadcrumb\",\"itemListElement\":[{\"@type\":\"ListItem\",\"position\":1,\"name\":\"Dom\u016f\",\"item\":\"https:\/\/bookhouse.cz\/\"},{\"@type\":\"ListItem\",\"position\":2,\"name\":\"Nov\u00e1 audiokniha Ota Pavel \u2013 Pov\u00eddky | vydan\u00e1 u p\u0159\u00edle\u017eitosti 90. v\u00fdro\u010d\u00ed narozen\u00ed obl\u00edben\u00e9ho spisovatele\"}]},{\"@type\":\"WebSite\",\"@id\":\"https:\/\/bookhouse.cz\/#website\",\"url\":\"https:\/\/bookhouse.cz\/\",\"name\":\"BOOKHOUSE.cz\",\"description\":\"Port\u00e1l o kni\u017en\u00edch novink\u00e1ch.\",\"publisher\":{\"@id\":\"https:\/\/bookhouse.cz\/#organization\"},\"potentialAction\":[{\"@type\":\"SearchAction\",\"target\":{\"@type\":\"EntryPoint\",\"urlTemplate\":\"https:\/\/bookhouse.cz\/?s={search_term_string}\"},\"query-input\":\"required name=search_term_string\"}],\"inLanguage\":\"cs\"},{\"@type\":\"Organization\",\"@id\":\"https:\/\/bookhouse.cz\/#organization\",\"name\":\"BOOKHOUSE.cz\",\"url\":\"https:\/\/bookhouse.cz\/\",\"logo\":{\"@type\":\"ImageObject\",\"inLanguage\":\"cs\",\"@id\":\"https:\/\/bookhouse.cz\/#\/schema\/logo\/image\/\",\"url\":\"https:\/\/bookhouse.cz\/wp-content\/uploads\/2024\/12\/cropped-Logo_BookHouse.jpg\",\"contentUrl\":\"https:\/\/bookhouse.cz\/wp-content\/uploads\/2024\/12\/cropped-Logo_BookHouse.jpg\",\"width\":938,\"height\":513,\"caption\":\"BOOKHOUSE.cz\"},\"image\":{\"@id\":\"https:\/\/bookhouse.cz\/#\/schema\/logo\/image\/\"},\"sameAs\":[\"https:\/\/www.facebook.com\/bookhousecz\",\"https:\/\/www.instagram.com\/bookhousecz\"]},{\"@type\":\"Person\",\"@id\":\"https:\/\/bookhouse.cz\/#\/schema\/person\/92706019a8c9280785ef6e38ea35e04c\",\"name\":\"Jolana Hol\u00e1\u0148ov\u00e1\",\"image\":{\"@type\":\"ImageObject\",\"inLanguage\":\"cs\",\"@id\":\"https:\/\/bookhouse.cz\/#\/schema\/person\/image\/\",\"url\":\"https:\/\/secure.gravatar.com\/avatar\/5863c504ed89cd419ff3a5e812c722ff?s=96&d=mm&r=g\",\"contentUrl\":\"https:\/\/secure.gravatar.com\/avatar\/5863c504ed89cd419ff3a5e812c722ff?s=96&d=mm&r=g\",\"caption\":\"Jolana Hol\u00e1\u0148ov\u00e1\"},\"sameAs\":[\"http:\/\/www.bookhouse.cz\"],\"url\":\"https:\/\/bookhouse.cz\/index.php\/author\/jolhol\/\"}]}<\/script>\n<!-- \/ Yoast SEO plugin. -->","yoast_head_json":{"title":"Nov\u00e1 audiokniha Ota Pavel \u2013 Pov\u00eddky | vydan\u00e1 u p\u0159\u00edle\u017eitosti 90. v\u00fdro\u010d\u00ed narozen\u00ed obl\u00edben\u00e9ho spisovatele - BOOKHOUSE.cz","robots":{"index":"index","follow":"follow","max-snippet":"max-snippet:-1","max-image-preview":"max-image-preview:large","max-video-preview":"max-video-preview:-1"},"canonical":"https:\/\/bookhouse.cz\/index.php\/2020\/07\/14\/nova-audiokniha-ota-pavel-povidky-vydana-u-prilezitosti-90-vyroci-narozeni-oblibeneho-spisovatele\/","og_locale":"cs_CZ","og_type":"article","og_title":"Nov\u00e1 audiokniha Ota Pavel \u2013 Pov\u00eddky | vydan\u00e1 u p\u0159\u00edle\u017eitosti 90. v\u00fdro\u010d\u00ed narozen\u00ed obl\u00edben\u00e9ho spisovatele - BOOKHOUSE.cz","og_description":"Ve \u010dtvrtek 2. \u010dervence 2020, by oslavil devades\u00e1t\u00e9 narozeniny jeden z nejv\u00fdznamn\u011bj\u0161\u00edch \u010desk\u00fdch spisovatel\u016f dvac\u00e1t\u00e9ho stolet\u00ed Ota Pavel, kter\u00fd p\u0159ed\u010dasn\u011b zem\u0159el v\u00a0roce 1973 ve v\u011bku nedo\u017eit\u00fdch \u010dty\u0159iceti t\u0159\u00ed let. K\u00a0v\u00fdro\u010d\u00ed narozen\u00ed slavn\u00e9ho spisovatele vyd\u00e1v\u00e1&#46;&#46;&#46;","og_url":"https:\/\/bookhouse.cz\/index.php\/2020\/07\/14\/nova-audiokniha-ota-pavel-povidky-vydana-u-prilezitosti-90-vyroci-narozeni-oblibeneho-spisovatele\/","og_site_name":"BOOKHOUSE.cz","article_publisher":"https:\/\/www.facebook.com\/bookhousecz","article_published_time":"2020-07-13T22:01:00+00:00","article_modified_time":"2020-07-11T21:06:28+00:00","og_image":[{"width":1500,"height":1500,"url":"https:\/\/bookhouse.cz\/wp-content\/uploads\/2020\/07\/cover_CD-OtaPavel-Pov\u00eddky.jpg","type":"image\/jpeg"}],"author":"Jolana Hol\u00e1\u0148ov\u00e1","twitter_card":"summary_large_image","twitter_misc":{"Napsal(a)":"Jolana Hol\u00e1\u0148ov\u00e1","Odhadovan\u00e1 doba \u010dten\u00ed":"2 minuty"},"schema":{"@context":"https:\/\/schema.org","@graph":[{"@type":"Article","@id":"https:\/\/bookhouse.cz\/index.php\/2020\/07\/14\/nova-audiokniha-ota-pavel-povidky-vydana-u-prilezitosti-90-vyroci-narozeni-oblibeneho-spisovatele\/#article","isPartOf":{"@id":"https:\/\/bookhouse.cz\/index.php\/2020\/07\/14\/nova-audiokniha-ota-pavel-povidky-vydana-u-prilezitosti-90-vyroci-narozeni-oblibeneho-spisovatele\/"},"author":{"name":"Jolana Hol\u00e1\u0148ov\u00e1","@id":"https:\/\/bookhouse.cz\/#\/schema\/person\/92706019a8c9280785ef6e38ea35e04c"},"headline":"Nov\u00e1 audiokniha Ota Pavel \u2013 Pov\u00eddky | vydan\u00e1 u p\u0159\u00edle\u017eitosti 90. v\u00fdro\u010d\u00ed narozen\u00ed obl\u00edben\u00e9ho spisovatele","datePublished":"2020-07-13T22:01:00+00:00","dateModified":"2020-07-11T21:06:28+00:00","mainEntityOfPage":{"@id":"https:\/\/bookhouse.cz\/index.php\/2020\/07\/14\/nova-audiokniha-ota-pavel-povidky-vydana-u-prilezitosti-90-vyroci-narozeni-oblibeneho-spisovatele\/"},"wordCount":407,"publisher":{"@id":"https:\/\/bookhouse.cz\/#organization"},"articleSection":["AUDIOKNIHY","NEWS"],"inLanguage":"cs"},{"@type":"WebPage","@id":"https:\/\/bookhouse.cz\/index.php\/2020\/07\/14\/nova-audiokniha-ota-pavel-povidky-vydana-u-prilezitosti-90-vyroci-narozeni-oblibeneho-spisovatele\/","url":"https:\/\/bookhouse.cz\/index.php\/2020\/07\/14\/nova-audiokniha-ota-pavel-povidky-vydana-u-prilezitosti-90-vyroci-narozeni-oblibeneho-spisovatele\/","name":"Nov\u00e1 audiokniha Ota Pavel \u2013 Pov\u00eddky | vydan\u00e1 u p\u0159\u00edle\u017eitosti 90. v\u00fdro\u010d\u00ed narozen\u00ed obl\u00edben\u00e9ho spisovatele - BOOKHOUSE.cz","isPartOf":{"@id":"https:\/\/bookhouse.cz\/#website"},"datePublished":"2020-07-13T22:01:00+00:00","dateModified":"2020-07-11T21:06:28+00:00","breadcrumb":{"@id":"https:\/\/bookhouse.cz\/index.php\/2020\/07\/14\/nova-audiokniha-ota-pavel-povidky-vydana-u-prilezitosti-90-vyroci-narozeni-oblibeneho-spisovatele\/#breadcrumb"},"inLanguage":"cs","potentialAction":[{"@type":"ReadAction","target":["https:\/\/bookhouse.cz\/index.php\/2020\/07\/14\/nova-audiokniha-ota-pavel-povidky-vydana-u-prilezitosti-90-vyroci-narozeni-oblibeneho-spisovatele\/"]}]},{"@type":"BreadcrumbList","@id":"https:\/\/bookhouse.cz\/index.php\/2020\/07\/14\/nova-audiokniha-ota-pavel-povidky-vydana-u-prilezitosti-90-vyroci-narozeni-oblibeneho-spisovatele\/#breadcrumb","itemListElement":[{"@type":"ListItem","position":1,"name":"Dom\u016f","item":"https:\/\/bookhouse.cz\/"},{"@type":"ListItem","position":2,"name":"Nov\u00e1 audiokniha Ota Pavel \u2013 Pov\u00eddky | vydan\u00e1 u p\u0159\u00edle\u017eitosti 90. v\u00fdro\u010d\u00ed narozen\u00ed obl\u00edben\u00e9ho spisovatele"}]},{"@type":"WebSite","@id":"https:\/\/bookhouse.cz\/#website","url":"https:\/\/bookhouse.cz\/","name":"BOOKHOUSE.cz","description":"Port\u00e1l o kni\u017en\u00edch novink\u00e1ch.","publisher":{"@id":"https:\/\/bookhouse.cz\/#organization"},"potentialAction":[{"@type":"SearchAction","target":{"@type":"EntryPoint","urlTemplate":"https:\/\/bookhouse.cz\/?s={search_term_string}"},"query-input":"required name=search_term_string"}],"inLanguage":"cs"},{"@type":"Organization","@id":"https:\/\/bookhouse.cz\/#organization","name":"BOOKHOUSE.cz","url":"https:\/\/bookhouse.cz\/","logo":{"@type":"ImageObject","inLanguage":"cs","@id":"https:\/\/bookhouse.cz\/#\/schema\/logo\/image\/","url":"https:\/\/bookhouse.cz\/wp-content\/uploads\/2024\/12\/cropped-Logo_BookHouse.jpg","contentUrl":"https:\/\/bookhouse.cz\/wp-content\/uploads\/2024\/12\/cropped-Logo_BookHouse.jpg","width":938,"height":513,"caption":"BOOKHOUSE.cz"},"image":{"@id":"https:\/\/bookhouse.cz\/#\/schema\/logo\/image\/"},"sameAs":["https:\/\/www.facebook.com\/bookhousecz","https:\/\/www.instagram.com\/bookhousecz"]},{"@type":"Person","@id":"https:\/\/bookhouse.cz\/#\/schema\/person\/92706019a8c9280785ef6e38ea35e04c","name":"Jolana Hol\u00e1\u0148ov\u00e1","image":{"@type":"ImageObject","inLanguage":"cs","@id":"https:\/\/bookhouse.cz\/#\/schema\/person\/image\/","url":"https:\/\/secure.gravatar.com\/avatar\/5863c504ed89cd419ff3a5e812c722ff?s=96&d=mm&r=g","contentUrl":"https:\/\/secure.gravatar.com\/avatar\/5863c504ed89cd419ff3a5e812c722ff?s=96&d=mm&r=g","caption":"Jolana Hol\u00e1\u0148ov\u00e1"},"sameAs":["http:\/\/www.bookhouse.cz"],"url":"https:\/\/bookhouse.cz\/index.php\/author\/jolhol\/"}]}},"_links":{"self":[{"href":"https:\/\/bookhouse.cz\/index.php\/wp-json\/wp\/v2\/posts\/1979"}],"collection":[{"href":"https:\/\/bookhouse.cz\/index.php\/wp-json\/wp\/v2\/posts"}],"about":[{"href":"https:\/\/bookhouse.cz\/index.php\/wp-json\/wp\/v2\/types\/post"}],"author":[{"embeddable":true,"href":"https:\/\/bookhouse.cz\/index.php\/wp-json\/wp\/v2\/users\/3"}],"replies":[{"embeddable":true,"href":"https:\/\/bookhouse.cz\/index.php\/wp-json\/wp\/v2\/comments?post=1979"}],"version-history":[{"count":1,"href":"https:\/\/bookhouse.cz\/index.php\/wp-json\/wp\/v2\/posts\/1979\/revisions"}],"predecessor-version":[{"id":1989,"href":"https:\/\/bookhouse.cz\/index.php\/wp-json\/wp\/v2\/posts\/1979\/revisions\/1989"}],"wp:featuredmedia":[{"embeddable":true,"href":"https:\/\/bookhouse.cz\/index.php\/wp-json\/wp\/v2\/media\/1980"}],"wp:attachment":[{"href":"https:\/\/bookhouse.cz\/index.php\/wp-json\/wp\/v2\/media?parent=1979"}],"wp:term":[{"taxonomy":"category","embeddable":true,"href":"https:\/\/bookhouse.cz\/index.php\/wp-json\/wp\/v2\/categories?post=1979"},{"taxonomy":"post_tag","embeddable":true,"href":"https:\/\/bookhouse.cz\/index.php\/wp-json\/wp\/v2\/tags?post=1979"}],"curies":[{"name":"wp","href":"https:\/\/api.w.org\/{rel}","templated":true}]}}