{"id":140,"date":"2019-05-31T10:01:13","date_gmt":"2019-05-31T08:01:13","guid":{"rendered":"http:\/\/bookhouse.cz\/?p=140"},"modified":"2019-05-31T15:50:59","modified_gmt":"2019-05-31T13:50:59","slug":"jidelnicek-kojencu-a-malych-deti","status":"publish","type":"post","link":"https:\/\/bookhouse.cz\/index.php\/2019\/05\/31\/jidelnicek-kojencu-a-malych-deti\/","title":{"rendered":"J\u00eddeln\u00ed\u010dek kojenc\u016f a mal\u00fdch d\u011bt\u00ed"},"content":{"rendered":"\n<p><em>4., aktualizovan\u00e9 vyd\u00e1n\u00ed<\/em><em><\/em><\/p>\n\n\n\n<p><strong>Kniha, podle kter\u00e9 lze opravdu zdrav\u011b va\u0159it pro nejmen\u0161\u00ed d\u011bti! Zku\u0161en\u00fd pediatr a autor \u0159ady publikac\u00ed o p\u00e9\u010di o mal\u00e9 d\u011bti poskytuje d\u016fle\u017eit\u00e1, a p\u0159edev\u0161\u00edm praktick\u00e1 doporu\u010den\u00ed pro p\u0159\u00edpravu racion\u00e1ln\u00ed d\u011btsk\u00e9 stravy. Nechyb\u00ed bohat\u00fd recept\u00e1\u0159 pokrm\u016f.<\/strong><\/p>\n\n\n\n<p>Vyhled\u00e1van\u00e1 p\u0159\u00edru\u010dka o v\u00fd\u017eiv\u011b mal\u00fdch d\u011bt\u00ed vych\u00e1z\u00ed ji\u017e ve \u010dtvrt\u00e9m vyd\u00e1n\u00ed. Najdete v n\u00ed pravidla zdrav\u00e9 d\u011btsk\u00e9 stravy, recept\u00e1\u0159 j\u00eddel pro kojence a batolata, informace o kojen\u00ed, praktick\u00e9 pediatrick\u00e9 rady, j\u00eddeln\u00ed\u010dek pro ob\u00e9zn\u00ed d\u011bti, origin\u00e1ln\u00ed recepty vegetari\u00e1nsk\u00fdch j\u00eddel a nejnov\u011bj\u0161\u00ed poznatky o potravinov\u00fdch alergi\u00edch. Jist\u011b tak\u00e9 ocen\u00edte, \u017ee autor p\u0159istupuje k problematice v\u00fd\u017eivy prakticky a s nadhledem.<\/p>\n\n\n\n<div class=\"wp-block-image\"><figure class=\"aligncenter\"><img loading=\"lazy\" decoding=\"async\" width=\"591\" height=\"850\" src=\"http:\/\/bookhouse.cz\/wp-content\/uploads\/2019\/05\/747378.jpg\" alt=\"\" class=\"wp-image-141\" srcset=\"https:\/\/bookhouse.cz\/wp-content\/uploads\/2019\/05\/747378.jpg 591w, https:\/\/bookhouse.cz\/wp-content\/uploads\/2019\/05\/747378-209x300.jpg 209w\" sizes=\"(max-width: 591px) 100vw, 591px\" \/><\/figure><\/div>\n\n\n\n<p><strong>J\u00eddeln\u00ed\u010dek\nkojenc\u016f a mal\u00fdch d\u011bt\u00ed<\/strong><\/p>\n\n\n\n<p><em>Martin Gregora, Dana\nZ\u00e1kosteleck\u00e1 <\/em><\/p>\n\n\n\n<p>216 stran, 239 K\u010d<\/p>\n\n\n\n<p>Knihu vydalo <strong>nakladatelstv\u00ed Grada<\/strong>. Knihu zakoup\u00edte na <strong><a href=\"https:\/\/www.grada.cz\/jidelnicek-kojencu-a-malych-deti-(3)-10187\/\">www.grada.cz<\/a><\/strong><br><\/p>\n","protected":false},"excerpt":{"rendered":"<p>4., aktualizovan\u00e9 vyd\u00e1n\u00ed Kniha, podle kter\u00e9 lze opravdu zdrav\u011b va\u0159it pro nejmen\u0161\u00ed d\u011bti! Zku\u0161en\u00fd pediatr a autor \u0159ady publikac\u00ed o p\u00e9\u010di o mal\u00e9 d\u011bti poskytuje d\u016fle\u017eit\u00e1, a p\u0159edev\u0161\u00edm praktick\u00e1 doporu\u010den\u00ed pro p\u0159\u00edpravu racion\u00e1ln\u00ed d\u011btsk\u00e9&#46;&#46;&#46;<\/p>\n","protected":false},"author":2,"featured_media":141,"comment_status":"closed","ping_status":"closed","sticky":false,"template":"","format":"standard","meta":{"_monsterinsights_skip_tracking":false,"_monsterinsights_sitenote_active":false,"_monsterinsights_sitenote_note":"","_monsterinsights_sitenote_category":0,"footnotes":""},"categories":[7,4],"tags":[],"yoast_head":"<!-- This site is optimized with the Yoast SEO plugin v21.5 - https:\/\/yoast.com\/wordpress\/plugins\/seo\/ -->\n<title>J\u00eddeln\u00ed\u010dek kojenc\u016f a mal\u00fdch d\u011bt\u00ed - BOOKHOUSE.cz<\/title>\n<meta name=\"robots\" content=\"index, follow, max-snippet:-1, max-image-preview:large, max-video-preview:-1\" \/>\n<link rel=\"canonical\" href=\"https:\/\/bookhouse.cz\/index.php\/2019\/05\/31\/jidelnicek-kojencu-a-malych-deti\/\" \/>\n<meta property=\"og:locale\" content=\"cs_CZ\" \/>\n<meta property=\"og:type\" content=\"article\" \/>\n<meta property=\"og:title\" content=\"J\u00eddeln\u00ed\u010dek kojenc\u016f a mal\u00fdch d\u011bt\u00ed - BOOKHOUSE.cz\" \/>\n<meta property=\"og:description\" content=\"4., aktualizovan\u00e9 vyd\u00e1n\u00ed Kniha, podle kter\u00e9 lze opravdu zdrav\u011b va\u0159it pro nejmen\u0161\u00ed d\u011bti! Zku\u0161en\u00fd pediatr a autor \u0159ady publikac\u00ed o p\u00e9\u010di o mal\u00e9 d\u011bti poskytuje d\u016fle\u017eit\u00e1, a p\u0159edev\u0161\u00edm praktick\u00e1 doporu\u010den\u00ed pro p\u0159\u00edpravu racion\u00e1ln\u00ed d\u011btsk\u00e9&#046;&#046;&#046;\" \/>\n<meta property=\"og:url\" content=\"https:\/\/bookhouse.cz\/index.php\/2019\/05\/31\/jidelnicek-kojencu-a-malych-deti\/\" \/>\n<meta property=\"og:site_name\" content=\"BOOKHOUSE.cz\" \/>\n<meta property=\"article:publisher\" content=\"https:\/\/www.facebook.com\/bookhousecz\" \/>\n<meta property=\"article:published_time\" content=\"2019-05-31T08:01:13+00:00\" \/>\n<meta property=\"article:modified_time\" content=\"2019-05-31T13:50:59+00:00\" \/>\n<meta property=\"og:image\" content=\"https:\/\/bookhouse.cz\/wp-content\/uploads\/2019\/05\/747378.jpg\" \/>\n\t<meta property=\"og:image:width\" content=\"591\" \/>\n\t<meta property=\"og:image:height\" content=\"850\" \/>\n\t<meta property=\"og:image:type\" content=\"image\/jpeg\" \/>\n<meta name=\"author\" content=\"Marcela Karafizievov\u00e1\" \/>\n<meta name=\"twitter:card\" content=\"summary_large_image\" \/>\n<meta name=\"twitter:label1\" content=\"Napsal(a)\" \/>\n\t<meta name=\"twitter:data1\" content=\"Marcela Karafizievov\u00e1\" \/>\n\t<meta name=\"twitter:label2\" content=\"Odhadovan\u00e1 doba \u010dten\u00ed\" \/>\n\t<meta name=\"twitter:data2\" content=\"1 minuta\" \/>\n<script type=\"application\/ld+json\" class=\"yoast-schema-graph\">{\"@context\":\"https:\/\/schema.org\",\"@graph\":[{\"@type\":\"Article\",\"@id\":\"https:\/\/bookhouse.cz\/index.php\/2019\/05\/31\/jidelnicek-kojencu-a-malych-deti\/#article\",\"isPartOf\":{\"@id\":\"https:\/\/bookhouse.cz\/index.php\/2019\/05\/31\/jidelnicek-kojencu-a-malych-deti\/\"},\"author\":{\"name\":\"Marcela Karafizievov\u00e1\",\"@id\":\"https:\/\/bookhouse.cz\/#\/schema\/person\/e3eaa7ea5e1f652d9579708ed2d1c74f\"},\"headline\":\"J\u00eddeln\u00ed\u010dek kojenc\u016f a mal\u00fdch d\u011bt\u00ed\",\"datePublished\":\"2019-05-31T08:01:13+00:00\",\"dateModified\":\"2019-05-31T13:50:59+00:00\",\"mainEntityOfPage\":{\"@id\":\"https:\/\/bookhouse.cz\/index.php\/2019\/05\/31\/jidelnicek-kojencu-a-malych-deti\/\"},\"wordCount\":170,\"publisher\":{\"@id\":\"https:\/\/bookhouse.cz\/#organization\"},\"articleSection\":[\"D\u011aTI a ML\u00c1DE\u017d\",\"KUCHA\u0158KY\"],\"inLanguage\":\"cs\"},{\"@type\":\"WebPage\",\"@id\":\"https:\/\/bookhouse.cz\/index.php\/2019\/05\/31\/jidelnicek-kojencu-a-malych-deti\/\",\"url\":\"https:\/\/bookhouse.cz\/index.php\/2019\/05\/31\/jidelnicek-kojencu-a-malych-deti\/\",\"name\":\"J\u00eddeln\u00ed\u010dek kojenc\u016f a mal\u00fdch d\u011bt\u00ed - BOOKHOUSE.cz\",\"isPartOf\":{\"@id\":\"https:\/\/bookhouse.cz\/#website\"},\"datePublished\":\"2019-05-31T08:01:13+00:00\",\"dateModified\":\"2019-05-31T13:50:59+00:00\",\"breadcrumb\":{\"@id\":\"https:\/\/bookhouse.cz\/index.php\/2019\/05\/31\/jidelnicek-kojencu-a-malych-deti\/#breadcrumb\"},\"inLanguage\":\"cs\",\"potentialAction\":[{\"@type\":\"ReadAction\",\"target\":[\"https:\/\/bookhouse.cz\/index.php\/2019\/05\/31\/jidelnicek-kojencu-a-malych-deti\/\"]}]},{\"@type\":\"BreadcrumbList\",\"@id\":\"https:\/\/bookhouse.cz\/index.php\/2019\/05\/31\/jidelnicek-kojencu-a-malych-deti\/#breadcrumb\",\"itemListElement\":[{\"@type\":\"ListItem\",\"position\":1,\"name\":\"Dom\u016f\",\"item\":\"https:\/\/bookhouse.cz\/\"},{\"@type\":\"ListItem\",\"position\":2,\"name\":\"J\u00eddeln\u00ed\u010dek kojenc\u016f a mal\u00fdch d\u011bt\u00ed\"}]},{\"@type\":\"WebSite\",\"@id\":\"https:\/\/bookhouse.cz\/#website\",\"url\":\"https:\/\/bookhouse.cz\/\",\"name\":\"BOOKHOUSE.cz\",\"description\":\"Port\u00e1l o kni\u017en\u00edch novink\u00e1ch.\",\"publisher\":{\"@id\":\"https:\/\/bookhouse.cz\/#organization\"},\"potentialAction\":[{\"@type\":\"SearchAction\",\"target\":{\"@type\":\"EntryPoint\",\"urlTemplate\":\"https:\/\/bookhouse.cz\/?s={search_term_string}\"},\"query-input\":\"required name=search_term_string\"}],\"inLanguage\":\"cs\"},{\"@type\":\"Organization\",\"@id\":\"https:\/\/bookhouse.cz\/#organization\",\"name\":\"BOOKHOUSE.cz\",\"url\":\"https:\/\/bookhouse.cz\/\",\"logo\":{\"@type\":\"ImageObject\",\"inLanguage\":\"cs\",\"@id\":\"https:\/\/bookhouse.cz\/#\/schema\/logo\/image\/\",\"url\":\"https:\/\/bookhouse.cz\/wp-content\/uploads\/2024\/12\/cropped-Logo_BookHouse.jpg\",\"contentUrl\":\"https:\/\/bookhouse.cz\/wp-content\/uploads\/2024\/12\/cropped-Logo_BookHouse.jpg\",\"width\":938,\"height\":513,\"caption\":\"BOOKHOUSE.cz\"},\"image\":{\"@id\":\"https:\/\/bookhouse.cz\/#\/schema\/logo\/image\/\"},\"sameAs\":[\"https:\/\/www.facebook.com\/bookhousecz\",\"https:\/\/www.instagram.com\/bookhousecz\"]},{\"@type\":\"Person\",\"@id\":\"https:\/\/bookhouse.cz\/#\/schema\/person\/e3eaa7ea5e1f652d9579708ed2d1c74f\",\"name\":\"Marcela Karafizievov\u00e1\",\"image\":{\"@type\":\"ImageObject\",\"inLanguage\":\"cs\",\"@id\":\"https:\/\/bookhouse.cz\/#\/schema\/person\/image\/\",\"url\":\"https:\/\/secure.gravatar.com\/avatar\/86aca18630a6b1ccf0c51deb240bf9cb?s=96&d=mm&r=g\",\"contentUrl\":\"https:\/\/secure.gravatar.com\/avatar\/86aca18630a6b1ccf0c51deb240bf9cb?s=96&d=mm&r=g\",\"caption\":\"Marcela Karafizievov\u00e1\"},\"sameAs\":[\"http:\/\/www.bookhouse.cz\"],\"url\":\"https:\/\/bookhouse.cz\/index.php\/author\/markar\/\"}]}<\/script>\n<!-- \/ Yoast SEO plugin. -->","yoast_head_json":{"title":"J\u00eddeln\u00ed\u010dek kojenc\u016f a mal\u00fdch d\u011bt\u00ed - BOOKHOUSE.cz","robots":{"index":"index","follow":"follow","max-snippet":"max-snippet:-1","max-image-preview":"max-image-preview:large","max-video-preview":"max-video-preview:-1"},"canonical":"https:\/\/bookhouse.cz\/index.php\/2019\/05\/31\/jidelnicek-kojencu-a-malych-deti\/","og_locale":"cs_CZ","og_type":"article","og_title":"J\u00eddeln\u00ed\u010dek kojenc\u016f a mal\u00fdch d\u011bt\u00ed - BOOKHOUSE.cz","og_description":"4., aktualizovan\u00e9 vyd\u00e1n\u00ed Kniha, podle kter\u00e9 lze opravdu zdrav\u011b va\u0159it pro nejmen\u0161\u00ed d\u011bti! Zku\u0161en\u00fd pediatr a autor \u0159ady publikac\u00ed o p\u00e9\u010di o mal\u00e9 d\u011bti poskytuje d\u016fle\u017eit\u00e1, a p\u0159edev\u0161\u00edm praktick\u00e1 doporu\u010den\u00ed pro p\u0159\u00edpravu racion\u00e1ln\u00ed d\u011btsk\u00e9&#46;&#46;&#46;","og_url":"https:\/\/bookhouse.cz\/index.php\/2019\/05\/31\/jidelnicek-kojencu-a-malych-deti\/","og_site_name":"BOOKHOUSE.cz","article_publisher":"https:\/\/www.facebook.com\/bookhousecz","article_published_time":"2019-05-31T08:01:13+00:00","article_modified_time":"2019-05-31T13:50:59+00:00","og_image":[{"width":591,"height":850,"url":"https:\/\/bookhouse.cz\/wp-content\/uploads\/2019\/05\/747378.jpg","type":"image\/jpeg"}],"author":"Marcela Karafizievov\u00e1","twitter_card":"summary_large_image","twitter_misc":{"Napsal(a)":"Marcela Karafizievov\u00e1","Odhadovan\u00e1 doba \u010dten\u00ed":"1 minuta"},"schema":{"@context":"https:\/\/schema.org","@graph":[{"@type":"Article","@id":"https:\/\/bookhouse.cz\/index.php\/2019\/05\/31\/jidelnicek-kojencu-a-malych-deti\/#article","isPartOf":{"@id":"https:\/\/bookhouse.cz\/index.php\/2019\/05\/31\/jidelnicek-kojencu-a-malych-deti\/"},"author":{"name":"Marcela Karafizievov\u00e1","@id":"https:\/\/bookhouse.cz\/#\/schema\/person\/e3eaa7ea5e1f652d9579708ed2d1c74f"},"headline":"J\u00eddeln\u00ed\u010dek kojenc\u016f a mal\u00fdch d\u011bt\u00ed","datePublished":"2019-05-31T08:01:13+00:00","dateModified":"2019-05-31T13:50:59+00:00","mainEntityOfPage":{"@id":"https:\/\/bookhouse.cz\/index.php\/2019\/05\/31\/jidelnicek-kojencu-a-malych-deti\/"},"wordCount":170,"publisher":{"@id":"https:\/\/bookhouse.cz\/#organization"},"articleSection":["D\u011aTI a ML\u00c1DE\u017d","KUCHA\u0158KY"],"inLanguage":"cs"},{"@type":"WebPage","@id":"https:\/\/bookhouse.cz\/index.php\/2019\/05\/31\/jidelnicek-kojencu-a-malych-deti\/","url":"https:\/\/bookhouse.cz\/index.php\/2019\/05\/31\/jidelnicek-kojencu-a-malych-deti\/","name":"J\u00eddeln\u00ed\u010dek kojenc\u016f a mal\u00fdch d\u011bt\u00ed - BOOKHOUSE.cz","isPartOf":{"@id":"https:\/\/bookhouse.cz\/#website"},"datePublished":"2019-05-31T08:01:13+00:00","dateModified":"2019-05-31T13:50:59+00:00","breadcrumb":{"@id":"https:\/\/bookhouse.cz\/index.php\/2019\/05\/31\/jidelnicek-kojencu-a-malych-deti\/#breadcrumb"},"inLanguage":"cs","potentialAction":[{"@type":"ReadAction","target":["https:\/\/bookhouse.cz\/index.php\/2019\/05\/31\/jidelnicek-kojencu-a-malych-deti\/"]}]},{"@type":"BreadcrumbList","@id":"https:\/\/bookhouse.cz\/index.php\/2019\/05\/31\/jidelnicek-kojencu-a-malych-deti\/#breadcrumb","itemListElement":[{"@type":"ListItem","position":1,"name":"Dom\u016f","item":"https:\/\/bookhouse.cz\/"},{"@type":"ListItem","position":2,"name":"J\u00eddeln\u00ed\u010dek kojenc\u016f a mal\u00fdch d\u011bt\u00ed"}]},{"@type":"WebSite","@id":"https:\/\/bookhouse.cz\/#website","url":"https:\/\/bookhouse.cz\/","name":"BOOKHOUSE.cz","description":"Port\u00e1l o kni\u017en\u00edch novink\u00e1ch.","publisher":{"@id":"https:\/\/bookhouse.cz\/#organization"},"potentialAction":[{"@type":"SearchAction","target":{"@type":"EntryPoint","urlTemplate":"https:\/\/bookhouse.cz\/?s={search_term_string}"},"query-input":"required name=search_term_string"}],"inLanguage":"cs"},{"@type":"Organization","@id":"https:\/\/bookhouse.cz\/#organization","name":"BOOKHOUSE.cz","url":"https:\/\/bookhouse.cz\/","logo":{"@type":"ImageObject","inLanguage":"cs","@id":"https:\/\/bookhouse.cz\/#\/schema\/logo\/image\/","url":"https:\/\/bookhouse.cz\/wp-content\/uploads\/2024\/12\/cropped-Logo_BookHouse.jpg","contentUrl":"https:\/\/bookhouse.cz\/wp-content\/uploads\/2024\/12\/cropped-Logo_BookHouse.jpg","width":938,"height":513,"caption":"BOOKHOUSE.cz"},"image":{"@id":"https:\/\/bookhouse.cz\/#\/schema\/logo\/image\/"},"sameAs":["https:\/\/www.facebook.com\/bookhousecz","https:\/\/www.instagram.com\/bookhousecz"]},{"@type":"Person","@id":"https:\/\/bookhouse.cz\/#\/schema\/person\/e3eaa7ea5e1f652d9579708ed2d1c74f","name":"Marcela Karafizievov\u00e1","image":{"@type":"ImageObject","inLanguage":"cs","@id":"https:\/\/bookhouse.cz\/#\/schema\/person\/image\/","url":"https:\/\/secure.gravatar.com\/avatar\/86aca18630a6b1ccf0c51deb240bf9cb?s=96&d=mm&r=g","contentUrl":"https:\/\/secure.gravatar.com\/avatar\/86aca18630a6b1ccf0c51deb240bf9cb?s=96&d=mm&r=g","caption":"Marcela Karafizievov\u00e1"},"sameAs":["http:\/\/www.bookhouse.cz"],"url":"https:\/\/bookhouse.cz\/index.php\/author\/markar\/"}]}},"_links":{"self":[{"href":"https:\/\/bookhouse.cz\/index.php\/wp-json\/wp\/v2\/posts\/140"}],"collection":[{"href":"https:\/\/bookhouse.cz\/index.php\/wp-json\/wp\/v2\/posts"}],"about":[{"href":"https:\/\/bookhouse.cz\/index.php\/wp-json\/wp\/v2\/types\/post"}],"author":[{"embeddable":true,"href":"https:\/\/bookhouse.cz\/index.php\/wp-json\/wp\/v2\/users\/2"}],"replies":[{"embeddable":true,"href":"https:\/\/bookhouse.cz\/index.php\/wp-json\/wp\/v2\/comments?post=140"}],"version-history":[{"count":2,"href":"https:\/\/bookhouse.cz\/index.php\/wp-json\/wp\/v2\/posts\/140\/revisions"}],"predecessor-version":[{"id":166,"href":"https:\/\/bookhouse.cz\/index.php\/wp-json\/wp\/v2\/posts\/140\/revisions\/166"}],"wp:featuredmedia":[{"embeddable":true,"href":"https:\/\/bookhouse.cz\/index.php\/wp-json\/wp\/v2\/media\/141"}],"wp:attachment":[{"href":"https:\/\/bookhouse.cz\/index.php\/wp-json\/wp\/v2\/media?parent=140"}],"wp:term":[{"taxonomy":"category","embeddable":true,"href":"https:\/\/bookhouse.cz\/index.php\/wp-json\/wp\/v2\/categories?post=140"},{"taxonomy":"post_tag","embeddable":true,"href":"https:\/\/bookhouse.cz\/index.php\/wp-json\/wp\/v2\/tags?post=140"}],"curies":[{"name":"wp","href":"https:\/\/api.w.org\/{rel}","templated":true}]}}